{"id":76859,"date":"2024-07-23T08:53:35","date_gmt":"2024-07-23T08:53:35","guid":{"rendered":"https:\/\/www.ull.es\/portal\/noticias\/?p=76859"},"modified":"2024-07-23T08:53:35","modified_gmt":"2024-07-23T08:53:35","slug":"garcia-tagua-en-la-universidad-de-verano-de-adeje-no-existen-los-alimentos-milagro","status":"publish","type":"post","link":"https:\/\/www.ull.es\/portal\/noticias\/2024\/garcia-tagua-en-la-universidad-de-verano-de-adeje-no-existen-los-alimentos-milagro\/","title":{"rendered":"Garc\u00eda Tagua, en la Universidad de Verano de Adeje: \u201cNo existen los alimentos milagro\u201d"},"content":{"rendered":"<p>El especialista del \u00c1rea de Medicina Preventiva y Salud P\u00fablica de la Universidad de La Laguna, <a href=\"https:\/\/portalciencia.ull.es\/investigadores\/82552\/detalle\" target=\"_blank\" rel=\"noopener\">V\u00edctor Garc\u00eda Tagua<\/a>, dirige en la <a href=\"https:\/\/www.ull.es\/cultura\/cursos-extension-universitaria\/universidad-de-verano-de-adeje\/\" target=\"_blank\" rel=\"noopener\">Universidad de Verano de Adeje<\/a> un curso que pretende dar pautas sobre c\u00f3mo dise\u00f1ar una dieta adecuada desde una perspectiva muy pr\u00e1ctica.\u00a0El curso se centra en explicar los principales fundamentos de los llamados \u201calimentos funcionales\u201d, que son aquellos con determinadas propiedades saludables pero que, en muchas ocasiones, son exageradas por la publicidad. Un ejemplo son las bebidas l\u00e1cteas con determinados fermentos que, en su d\u00eda, se asegur\u00f3 que beneficiaban al sistema inmunitario. \u201cEl envase lleva un asterisco que informa de que lo que realmente ayuda es la vitamina B6 que lleva a\u00f1adida\u201d, explica el experto, quien aclara que dicha vitamina se puede conseguir en mayores proporciones en otros muchos alimentos naturales. \u201cTe est\u00e1n vendiendo una cosa que, realmente, con un pl\u00e1tano tendr\u00edas tres veces m\u00e1s la sustancia que te fortalece las defensas\u201d, a\u00f1adi\u00f3 el ponente.<\/p>\n<p>Otro elemento que se abordar\u00e1 en el curso \u201cNutriCiencia: conoce los fundamentos de una dieta saludable\u201d es la correcta lectura de las etiquetas, que pueden resultar confusas pero aportan informaci\u00f3n muy valiosa sobre la verdadera naturaleza de los productos que est\u00e1n en los supermercados. De hecho, va a ser una de las partes m\u00e1s pr\u00e1cticas de este seminario, en la que se solicitar\u00e1 al alumnado que busquen ejemplos concretos esta tarde en sus casas para ser abordados en la sesi\u00f3n del pr\u00f3ximo martes 23 de julio.<\/p>\n<p>Garc\u00eda Tagua se detiene, en este punto, a explicarle problema que ha habido con el recientemente introducido Nutriscore, que ha llegado a dar informaci\u00f3n tan confusa como darle a la un refresco de cola light una calificaci\u00f3n de B y al aceite de oliva, una D, cuando es bien sabido que el segundo de esos productos es m\u00e1s saludable que el primero. \u201cYa se ha reformulado el sistema para que no d\u00e9 esos equ\u00edvocos y se puedan ofrecer mejores puntuaciones. Pero tenemos que saber c\u00f3mo utilizarlo, porque una buena puntuaci\u00f3n no quiere decir necesariamente que sea saludable, sino que dentro de las opciones que existen, es la mejor.<\/p>\n<p>Pero tampoco ser\u00eda bueno basar la dieta solo en productos con puntuaci\u00f3n A. Hay que aprender a entenderlo y utilizarlo\u201d. Sobre cu\u00e1l es la dieta m\u00e1s saludable, el experto relativiza porque no todas las personas son iguales y no todas tienen las mismas necesidades nutricionales: no es lo mismo alguien que hace deporte diario que alguien con un modo de vida sedentario, por lo que su alimentaci\u00f3n debe ser diferente. Por ello, aboga por una personalizaci\u00f3n de la dieta y, sobre todo, supervisada por profesionales que controlen todos los cambios experimentados. \u201cHay que tener cuidado con la dieta y hacerla siempre con seguimiento de profesionales de la salud, y no hacerla porque s\u00ed o porque ha salido en TitkTok\u201d.<\/p>\n<p>A\u00fan as\u00ed, Garc\u00eda Tagua s\u00ed se atreve a dar una pauta clara: \u201ccomprar cosas que no tengan etiqueta. Es decir, productos frescos que prepares t\u00fa mismo\u201d. Reconoce que el estilo de vida contempor\u00e1neo muchas veces hace m\u00e1s c\u00f3modo recurrir a alimentos procesados que se calientan en un minuto en el microondas. Pero esa comida industrial es abundante en az\u00facares, grasas, sales y otros productos que estimulan el mecanismo de recompensa del cerebro y provocan la necesidad de seguir comiendo. \u201cCocinar no es perder el tiempo, es invertir tiempo en nuestra salud\u201d.<\/p>\n<div id=\"attachment_76861\" style=\"width: 310px\" class=\"wp-caption alignleft\"><a href=\"https:\/\/www.ull.es\/portal\/noticias\/wp-content\/uploads\/sites\/13\/2024\/07\/Hugo-Gustillo.jpg\" target=\"_blank\" rel=\"noopener\"><img aria-describedby=\"caption-attachment-76861\" decoding=\"async\" loading=\"lazy\" class=\"size-medium wp-image-76861\" src=\"https:\/\/www.ull.es\/portal\/noticias\/wp-content\/uploads\/sites\/13\/2024\/07\/Hugo-Gustillo-300x200.jpg\" alt=\"\" width=\"300\" height=\"200\" srcset=\"https:\/\/www.ull.es\/portal\/noticias\/wp-content\/uploads\/sites\/13\/2024\/07\/Hugo-Gustillo-300x200.jpg 300w, https:\/\/www.ull.es\/portal\/noticias\/wp-content\/uploads\/sites\/13\/2024\/07\/Hugo-Gustillo-1024x683.jpg 1024w, https:\/\/www.ull.es\/portal\/noticias\/wp-content\/uploads\/sites\/13\/2024\/07\/Hugo-Gustillo-768x512.jpg 768w, https:\/\/www.ull.es\/portal\/noticias\/wp-content\/uploads\/sites\/13\/2024\/07\/Hugo-Gustillo-1536x1024.jpg 1536w, https:\/\/www.ull.es\/portal\/noticias\/wp-content\/uploads\/sites\/13\/2024\/07\/Hugo-Gustillo-375x250.jpg 375w, https:\/\/www.ull.es\/portal\/noticias\/wp-content\/uploads\/sites\/13\/2024\/07\/Hugo-Gustillo-750x500.jpg 750w, https:\/\/www.ull.es\/portal\/noticias\/wp-content\/uploads\/sites\/13\/2024\/07\/Hugo-Gustillo-1140x760.jpg 1140w, https:\/\/www.ull.es\/portal\/noticias\/wp-content\/uploads\/sites\/13\/2024\/07\/Hugo-Gustillo.jpg 1800w\" sizes=\"(max-width: 300px) 100vw, 300px\" \/><\/a><p id=\"caption-attachment-76861\" class=\"wp-caption-text\">Hugo Bustillo.<\/p><\/div>\n<p><strong>Deporte como herramienta del desarrollo integral<\/strong><\/p>\n<p>Otro de los cursos de la Universidad de Verano de Adeje que se ha centrado en el bienestar y la salud es \u201cDeporte como herramienta para el desarrollo integral de las personas\u201d, coordinado por Hugo Bustillo, fisioterapeuta y licenciado en Educaci\u00f3n F\u00edsica que ha estado muchos a\u00f1os vinculado al deporte base como coordinador de la escuela de baloncesto de Adeje.<\/p>\n<p>El seminario de tres d\u00edas de duraci\u00f3n est\u00e1 dirigido a entrenadores, monitores deportivos y gestores p\u00fablicos de actividades f\u00edsicas, con el objetivo de transmitirles un modelo de actividad que no est\u00e9 tan centrado en los resultados y la competici\u00f3n. El experto reflexiona que para el gran p\u00fablico, el deporte est\u00e1 mediatizado por las im\u00e1genes de triunfo y competitividad que llegan desde los grandes eventos profesionales. Pone por ejemplo la reciente victoria de la selecci\u00f3n espa\u00f1ola de\u00a0f\u00fatbol en la Eurocopa, que ha provocado una euforia general pero que es \u201calgo ef\u00edmero, dura poco, dentro de dos semanas se olvidar\u00e1 porque ocurren muchas cosas en el mundo\u201d.<\/p>\n<p>De hecho, recuerda que cada vez hay mas deportistas profesionales que rompen su silencio para explicar que no todo son luces en ese mundo, y muchos padecen trastornos mentales como depresi\u00f3n o ansiedad derivados de la presi\u00f3n que experimentan.<\/p>\n<p>Por ello, la idea del curso es establecer una l\u00ednea de trabajo en donde el deporte sea una herramienta para el bienestar f\u00edsico y mental. \u201cA trav\u00e9s del deporte hay gente que consigue salir adelante en la vida, que puede superar dificultades f\u00edsicas y sentirse gratificado, puede salir de una depresi\u00f3n y tambi\u00e9n conseguir ciertos valores sociales como el compromiso y la pertenencia a un grupo. El deporte tiene un sentido mucho m\u00e1s amplio de lo que vemos en un peri\u00f3dico\u201d.<\/p>\n<p>Bustillo reconoce que la actividad deportiva en ocasiones \u201cpuede ser una droga\u201d y para muchas personas se convierte en \u201cun medicamento m\u00e1s sano que cualquier pastilla\u201d porque produce efectos a nivel de endorfinas, dopamina y cortisol. \u201cTodos esos son \u2018chutes\u2019 que te da el cuerpo para sentirte mejor. Y mucha gente lo necesita para bajar la ansiedad y el estr\u00e9s que vive en su d\u00eda a d\u00eda\u201d.<\/p>\n<p>&nbsp;<\/p>\n","protected":false},"excerpt":{"rendered":"<p>El especialista del \u00c1rea de Medicina Preventiva y Salud P\u00fablica de la Universidad de La Laguna, V\u00edctor Garc\u00eda Tagua, dirige&#8230;<\/p>\n","protected":false},"author":23,"featured_media":76860,"comment_status":"closed","ping_status":"closed","sticky":false,"template":"","format":"standard","meta":{"inline_featured_image":false,"footnotes":""},"categories":[344,345,2765],"tags":[],"acf":[],"yoast_head":"<!-- This site is optimized with the Yoast SEO plugin v21.3 - https:\/\/yoast.com\/wordpress\/plugins\/seo\/ -->\n<title>Garc\u00eda Tagua, en la Universidad de Verano de Adeje: \u201cNo existen los alimentos milagro\u201d - ULL - Noticias<\/title>\n<meta name=\"robots\" content=\"index, follow, max-snippet:-1, max-image-preview:large, max-video-preview:-1\" \/>\n<link rel=\"canonical\" href=\"https:\/\/www.ull.es\/portal\/noticias\/2024\/garcia-tagua-en-la-universidad-de-verano-de-adeje-no-existen-los-alimentos-milagro\/\" \/>\n<meta property=\"og:locale\" content=\"es_ES\" \/>\n<meta property=\"og:type\" content=\"article\" \/>\n<meta property=\"og:title\" content=\"Garc\u00eda Tagua, en la Universidad de Verano de Adeje: \u201cNo existen los alimentos milagro\u201d - ULL - Noticias\" \/>\n<meta property=\"og:description\" content=\"El especialista del \u00c1rea de Medicina Preventiva y Salud P\u00fablica de la Universidad de La Laguna, V\u00edctor Garc\u00eda Tagua, dirige...\" \/>\n<meta property=\"og:url\" content=\"https:\/\/www.ull.es\/portal\/noticias\/2024\/garcia-tagua-en-la-universidad-de-verano-de-adeje-no-existen-los-alimentos-milagro\/\" \/>\n<meta property=\"og:site_name\" content=\"ULL - Noticias\" \/>\n<meta property=\"article:publisher\" content=\"https:\/\/www.facebook.com\/universidaddelalaguna\/\" \/>\n<meta property=\"article:published_time\" content=\"2024-07-23T08:53:35+00:00\" \/>\n<meta property=\"og:image\" content=\"https:\/\/www.ull.es\/portal\/noticias\/wp-content\/uploads\/sites\/13\/2024\/07\/Victor-Garcia.jpg\" \/>\n\t<meta property=\"og:image:width\" content=\"1800\" \/>\n\t<meta property=\"og:image:height\" content=\"1200\" \/>\n\t<meta property=\"og:image:type\" content=\"image\/jpeg\" \/>\n<meta name=\"author\" content=\"gaprsa\" \/>\n<meta name=\"twitter:card\" content=\"summary_large_image\" \/>\n<meta name=\"twitter:creator\" content=\"@CanalULL\" \/>\n<meta name=\"twitter:site\" content=\"@CanalULL\" \/>\n<meta name=\"twitter:label1\" content=\"Escrito por\" \/>\n\t<meta name=\"twitter:data1\" content=\"gaprsa\" \/>\n\t<meta name=\"twitter:label2\" content=\"Tiempo de lectura\" \/>\n\t<meta name=\"twitter:data2\" content=\"5 minutos\" \/>\n<script type=\"application\/ld+json\" class=\"yoast-schema-graph\">{\"@context\":\"https:\/\/schema.org\",\"@graph\":[{\"@type\":\"WebPage\",\"@id\":\"https:\/\/www.ull.es\/portal\/noticias\/2024\/garcia-tagua-en-la-universidad-de-verano-de-adeje-no-existen-los-alimentos-milagro\/\",\"url\":\"https:\/\/www.ull.es\/portal\/noticias\/2024\/garcia-tagua-en-la-universidad-de-verano-de-adeje-no-existen-los-alimentos-milagro\/\",\"name\":\"Garc\u00eda Tagua, en la Universidad de Verano de Adeje: \u201cNo existen los alimentos milagro\u201d - ULL - Noticias\",\"isPartOf\":{\"@id\":\"https:\/\/www.ull.es\/portal\/noticias\/#website\"},\"datePublished\":\"2024-07-23T08:53:35+00:00\",\"dateModified\":\"2024-07-23T08:53:35+00:00\",\"author\":{\"@id\":\"https:\/\/www.ull.es\/portal\/noticias\/#\/schema\/person\/b2b1a89d43ffa609e591f7df8ef3e817\"},\"breadcrumb\":{\"@id\":\"https:\/\/www.ull.es\/portal\/noticias\/2024\/garcia-tagua-en-la-universidad-de-verano-de-adeje-no-existen-los-alimentos-milagro\/#breadcrumb\"},\"inLanguage\":\"es\",\"potentialAction\":[{\"@type\":\"ReadAction\",\"target\":[\"https:\/\/www.ull.es\/portal\/noticias\/2024\/garcia-tagua-en-la-universidad-de-verano-de-adeje-no-existen-los-alimentos-milagro\/\"]}]},{\"@type\":\"BreadcrumbList\",\"@id\":\"https:\/\/www.ull.es\/portal\/noticias\/2024\/garcia-tagua-en-la-universidad-de-verano-de-adeje-no-existen-los-alimentos-milagro\/#breadcrumb\",\"itemListElement\":[{\"@type\":\"ListItem\",\"position\":1,\"name\":\"Portada\",\"item\":\"https:\/\/www.ull.es\/portal\/noticias\/\"},{\"@type\":\"ListItem\",\"position\":2,\"name\":\"Garc\u00eda Tagua, en la Universidad de Verano de Adeje: \u201cNo existen los alimentos milagro\u201d\"}]},{\"@type\":\"WebSite\",\"@id\":\"https:\/\/www.ull.es\/portal\/noticias\/#website\",\"url\":\"https:\/\/www.ull.es\/portal\/noticias\/\",\"name\":\"ULL - Noticias\",\"description\":\"\",\"potentialAction\":[{\"@type\":\"SearchAction\",\"target\":{\"@type\":\"EntryPoint\",\"urlTemplate\":\"https:\/\/www.ull.es\/portal\/noticias\/?s={search_term_string}\"},\"query-input\":\"required name=search_term_string\"}],\"inLanguage\":\"es\"},{\"@type\":\"Person\",\"@id\":\"https:\/\/www.ull.es\/portal\/noticias\/#\/schema\/person\/b2b1a89d43ffa609e591f7df8ef3e817\",\"name\":\"gaprsa\",\"image\":{\"@type\":\"ImageObject\",\"inLanguage\":\"es\",\"@id\":\"https:\/\/www.ull.es\/portal\/noticias\/#\/schema\/person\/image\/\",\"url\":\"https:\/\/secure.gravatar.com\/avatar\/443820550921091458b4823867723b3d?s=96&d=mm&r=g\",\"contentUrl\":\"https:\/\/secure.gravatar.com\/avatar\/443820550921091458b4823867723b3d?s=96&d=mm&r=g\",\"caption\":\"gaprsa\"},\"url\":\"https:\/\/www.ull.es\/portal\/noticias\/author\/gaprsa\/\"}]}<\/script>\n<!-- \/ Yoast SEO plugin. -->","yoast_head_json":{"title":"Garc\u00eda Tagua, en la Universidad de Verano de Adeje: \u201cNo existen los alimentos milagro\u201d - ULL - Noticias","robots":{"index":"index","follow":"follow","max-snippet":"max-snippet:-1","max-image-preview":"max-image-preview:large","max-video-preview":"max-video-preview:-1"},"canonical":"https:\/\/www.ull.es\/portal\/noticias\/2024\/garcia-tagua-en-la-universidad-de-verano-de-adeje-no-existen-los-alimentos-milagro\/","og_locale":"es_ES","og_type":"article","og_title":"Garc\u00eda Tagua, en la Universidad de Verano de Adeje: \u201cNo existen los alimentos milagro\u201d - ULL - Noticias","og_description":"El especialista del \u00c1rea de Medicina Preventiva y Salud P\u00fablica de la Universidad de La Laguna, V\u00edctor Garc\u00eda Tagua, dirige...","og_url":"https:\/\/www.ull.es\/portal\/noticias\/2024\/garcia-tagua-en-la-universidad-de-verano-de-adeje-no-existen-los-alimentos-milagro\/","og_site_name":"ULL - Noticias","article_publisher":"https:\/\/www.facebook.com\/universidaddelalaguna\/","article_published_time":"2024-07-23T08:53:35+00:00","og_image":[{"width":1800,"height":1200,"url":"https:\/\/www.ull.es\/portal\/noticias\/wp-content\/uploads\/sites\/13\/2024\/07\/Victor-Garcia.jpg","type":"image\/jpeg"}],"author":"gaprsa","twitter_card":"summary_large_image","twitter_creator":"@CanalULL","twitter_site":"@CanalULL","twitter_misc":{"Escrito por":"gaprsa","Tiempo de lectura":"5 minutos"},"schema":{"@context":"https:\/\/schema.org","@graph":[{"@type":"WebPage","@id":"https:\/\/www.ull.es\/portal\/noticias\/2024\/garcia-tagua-en-la-universidad-de-verano-de-adeje-no-existen-los-alimentos-milagro\/","url":"https:\/\/www.ull.es\/portal\/noticias\/2024\/garcia-tagua-en-la-universidad-de-verano-de-adeje-no-existen-los-alimentos-milagro\/","name":"Garc\u00eda Tagua, en la Universidad de Verano de Adeje: \u201cNo existen los alimentos milagro\u201d - ULL - Noticias","isPartOf":{"@id":"https:\/\/www.ull.es\/portal\/noticias\/#website"},"datePublished":"2024-07-23T08:53:35+00:00","dateModified":"2024-07-23T08:53:35+00:00","author":{"@id":"https:\/\/www.ull.es\/portal\/noticias\/#\/schema\/person\/b2b1a89d43ffa609e591f7df8ef3e817"},"breadcrumb":{"@id":"https:\/\/www.ull.es\/portal\/noticias\/2024\/garcia-tagua-en-la-universidad-de-verano-de-adeje-no-existen-los-alimentos-milagro\/#breadcrumb"},"inLanguage":"es","potentialAction":[{"@type":"ReadAction","target":["https:\/\/www.ull.es\/portal\/noticias\/2024\/garcia-tagua-en-la-universidad-de-verano-de-adeje-no-existen-los-alimentos-milagro\/"]}]},{"@type":"BreadcrumbList","@id":"https:\/\/www.ull.es\/portal\/noticias\/2024\/garcia-tagua-en-la-universidad-de-verano-de-adeje-no-existen-los-alimentos-milagro\/#breadcrumb","itemListElement":[{"@type":"ListItem","position":1,"name":"Portada","item":"https:\/\/www.ull.es\/portal\/noticias\/"},{"@type":"ListItem","position":2,"name":"Garc\u00eda Tagua, en la Universidad de Verano de Adeje: \u201cNo existen los alimentos milagro\u201d"}]},{"@type":"WebSite","@id":"https:\/\/www.ull.es\/portal\/noticias\/#website","url":"https:\/\/www.ull.es\/portal\/noticias\/","name":"ULL - Noticias","description":"","potentialAction":[{"@type":"SearchAction","target":{"@type":"EntryPoint","urlTemplate":"https:\/\/www.ull.es\/portal\/noticias\/?s={search_term_string}"},"query-input":"required name=search_term_string"}],"inLanguage":"es"},{"@type":"Person","@id":"https:\/\/www.ull.es\/portal\/noticias\/#\/schema\/person\/b2b1a89d43ffa609e591f7df8ef3e817","name":"gaprsa","image":{"@type":"ImageObject","inLanguage":"es","@id":"https:\/\/www.ull.es\/portal\/noticias\/#\/schema\/person\/image\/","url":"https:\/\/secure.gravatar.com\/avatar\/443820550921091458b4823867723b3d?s=96&d=mm&r=g","contentUrl":"https:\/\/secure.gravatar.com\/avatar\/443820550921091458b4823867723b3d?s=96&d=mm&r=g","caption":"gaprsa"},"url":"https:\/\/www.ull.es\/portal\/noticias\/author\/gaprsa\/"}]}},"primary_category":{"id":345,"name":"Destacado","slug":"destacado","link":"https:\/\/www.ull.es\/portal\/noticias\/category\/destacado\/"},"featured_image_thumbnail_url":"https:\/\/www.ull.es\/portal\/noticias\/wp-content\/uploads\/sites\/13\/2024\/07\/Victor-Garcia-300x200.jpg","_links":{"self":[{"href":"https:\/\/www.ull.es\/portal\/noticias\/wp-json\/wp\/v2\/posts\/76859"}],"collection":[{"href":"https:\/\/www.ull.es\/portal\/noticias\/wp-json\/wp\/v2\/posts"}],"about":[{"href":"https:\/\/www.ull.es\/portal\/noticias\/wp-json\/wp\/v2\/types\/post"}],"author":[{"embeddable":true,"href":"https:\/\/www.ull.es\/portal\/noticias\/wp-json\/wp\/v2\/users\/23"}],"replies":[{"embeddable":true,"href":"https:\/\/www.ull.es\/portal\/noticias\/wp-json\/wp\/v2\/comments?post=76859"}],"version-history":[{"count":1,"href":"https:\/\/www.ull.es\/portal\/noticias\/wp-json\/wp\/v2\/posts\/76859\/revisions"}],"predecessor-version":[{"id":76862,"href":"https:\/\/www.ull.es\/portal\/noticias\/wp-json\/wp\/v2\/posts\/76859\/revisions\/76862"}],"wp:featuredmedia":[{"embeddable":true,"href":"https:\/\/www.ull.es\/portal\/noticias\/wp-json\/wp\/v2\/media\/76860"}],"wp:attachment":[{"href":"https:\/\/www.ull.es\/portal\/noticias\/wp-json\/wp\/v2\/media?parent=76859"}],"wp:term":[{"taxonomy":"category","embeddable":true,"href":"https:\/\/www.ull.es\/portal\/noticias\/wp-json\/wp\/v2\/categories?post=76859"},{"taxonomy":"post_tag","embeddable":true,"href":"https:\/\/www.ull.es\/portal\/noticias\/wp-json\/wp\/v2\/tags?post=76859"}],"curies":[{"name":"wp","href":"https:\/\/api.w.org\/{rel}","templated":true}]}}