{"id":76910,"date":"2024-07-24T11:34:35","date_gmt":"2024-07-24T11:34:35","guid":{"rendered":"https:\/\/www.ull.es\/portal\/noticias\/?p=76910"},"modified":"2024-07-24T11:44:01","modified_gmt":"2024-07-24T11:44:01","slug":"la-ull-recibira-a-226-personas-beneficiarias-del-programa-de-alojamiento-de-verano-para-el-personal-de-gestion-de-las-universidades","status":"publish","type":"post","link":"https:\/\/www.ull.es\/portal\/noticias\/2024\/la-ull-recibira-a-226-personas-beneficiarias-del-programa-de-alojamiento-de-verano-para-el-personal-de-gestion-de-las-universidades\/","title":{"rendered":"La ULL recibir\u00e1 a 226 personas beneficiarias del programa de alojamiento de verano para el personal de gesti\u00f3n de las universidades"},"content":{"rendered":"<p>El Intercambio de Alojamientos Universitarios para el Personal T\u00e9cnico, de Gesti\u00f3n y de Administraci\u00f3n y Servicios (PTGAS) es una iniciativa social surgida entre y para este colectivo, consistente en la utilizaci\u00f3n de los colegios mayores, residencias universitarias o alojamientos diversos, que las universidades facilitan gratuitamente, para el disfrute de parte de las vacaciones de este grupo profesional.<\/p>\n<p>La movilidad derivada del Programa de Intercambio de Alojamientos Universitarios para el PTGAS comenzar\u00e1 la \u00faltima semana de este mes de julio. Se trata de una iniciativa plenamente consolidada, no en vano este a\u00f1o cursa su cuadrag\u00e9simo primera edici\u00f3n, en la que alrededor de 220 personas saldr\u00e1n desde la Universidad de La Laguna, de entre el personal que trabaja en ella y sus familias o acompa\u00f1antes.<\/p>\n<div id=\"attachment_76913\" style=\"width: 270px\" class=\"wp-caption alignleft\"><a href=\"https:\/\/www.ull.es\/portal\/noticias\/wp-content\/uploads\/sites\/13\/2024\/07\/san_fernando.jpg\" target=\"_blank\" rel=\"noopener\"><img aria-describedby=\"caption-attachment-76913\" decoding=\"async\" loading=\"lazy\" class=\"size-full wp-image-76913\" src=\"https:\/\/www.ull.es\/portal\/noticias\/wp-content\/uploads\/sites\/13\/2024\/07\/san_fernando.jpg\" alt=\"\" width=\"260\" height=\"165\" \/><\/a><p id=\"caption-attachment-76913\" class=\"wp-caption-text\">El Colegio Mayor San Fernando ser\u00e1 la sede en la ULL del programa de alojamiento.<\/p><\/div>\n<p>El destino mayoritario ser\u00e1 la Universidad de A Coru\u00f1a, con unas 27 personas. Le sigue la Universidad de Santiago de Compostela con 24, la de Zaragoza con 22, Valencia con 21 y Granada con 18. Los destinos menos solicitados en esta ocasi\u00f3n han sido Murcia, M\u00e1laga, Vigo y Castilla La Mancha.<\/p>\n<p>En sentido contrario, el Colegio Mayor San Fernando ser\u00e1 la sede en la Universidad de La Laguna de las 226 personas beneficiarias del programa, procedentes del personal de gesti\u00f3n de las universidades de Granada, Santiago de Compostela, Valencia y Zaragoza, mayoritariamente.<\/p>\n<p>Esta acci\u00f3n de car\u00e1cter social est\u00e1 pensada para aliviar la carga econ\u00f3mica familiar de las personas que forman parte de este colectivo, de tal forma que puedan viajar a otras ciudades espa\u00f1olas ahorr\u00e1ndose el precio del alojamiento, realizando una suerte de trueque de plazas interuniversitario que permite el uso de los alojamientos compartidos entre las universidades participantes durante el periodo vacacional, cuando estos espacios se vac\u00edan de estudiantes.<\/p>\n<p>El prop\u00f3sito es que el colectivo de PTGAS disfrute de parte de sus vacaciones a un coste m\u00e1s asequible, se acerque a la cultura de cada lugar y tenga el placer de conocer a otros profesionales del colectivo residente en los mismos alojamientos, con quienes coincidir\u00e1n durante los siete d\u00edas que dura cada turno del intercambio.<\/p>\n","protected":false},"excerpt":{"rendered":"<p>El Intercambio de Alojamientos Universitarios para el Personal T\u00e9cnico, de Gesti\u00f3n y de Administraci\u00f3n y Servicios (PTGAS) es una iniciativa&#8230;<\/p>\n","protected":false},"author":23,"featured_media":76912,"comment_status":"closed","ping_status":"closed","sticky":false,"template":"","format":"standard","meta":{"inline_featured_image":false,"footnotes":""},"categories":[345,348,2765],"tags":[],"acf":[],"yoast_head":"<!-- This site is optimized with the Yoast SEO plugin v21.3 - https:\/\/yoast.com\/wordpress\/plugins\/seo\/ -->\n<title>La ULL recibir\u00e1 a 226 personas beneficiarias del programa de alojamiento de verano para el personal de gesti\u00f3n de las universidades - ULL - Noticias<\/title>\n<meta name=\"robots\" content=\"index, follow, max-snippet:-1, max-image-preview:large, max-video-preview:-1\" \/>\n<link rel=\"canonical\" href=\"https:\/\/www.ull.es\/portal\/noticias\/2024\/la-ull-recibira-a-226-personas-beneficiarias-del-programa-de-alojamiento-de-verano-para-el-personal-de-gestion-de-las-universidades\/\" \/>\n<meta property=\"og:locale\" content=\"es_ES\" \/>\n<meta property=\"og:type\" content=\"article\" \/>\n<meta property=\"og:title\" content=\"La ULL recibir\u00e1 a 226 personas beneficiarias del programa de alojamiento de verano para el personal de gesti\u00f3n de las universidades - ULL - Noticias\" \/>\n<meta property=\"og:description\" content=\"El Intercambio de Alojamientos Universitarios para el Personal T\u00e9cnico, de Gesti\u00f3n y de Administraci\u00f3n y Servicios (PTGAS) es una iniciativa...\" \/>\n<meta property=\"og:url\" content=\"https:\/\/www.ull.es\/portal\/noticias\/2024\/la-ull-recibira-a-226-personas-beneficiarias-del-programa-de-alojamiento-de-verano-para-el-personal-de-gestion-de-las-universidades\/\" \/>\n<meta property=\"og:site_name\" content=\"ULL - Noticias\" \/>\n<meta property=\"article:publisher\" content=\"https:\/\/www.facebook.com\/universidaddelalaguna\/\" \/>\n<meta property=\"article:published_time\" content=\"2024-07-24T11:34:35+00:00\" \/>\n<meta property=\"article:modified_time\" content=\"2024-07-24T11:44:01+00:00\" \/>\n<meta property=\"og:image\" content=\"https:\/\/www.ull.es\/portal\/noticias\/wp-content\/uploads\/sites\/13\/2024\/07\/edificio-central-ull.jpg\" \/>\n\t<meta property=\"og:image:width\" content=\"1024\" \/>\n\t<meta property=\"og:image:height\" content=\"682\" \/>\n\t<meta property=\"og:image:type\" content=\"image\/jpeg\" \/>\n<meta name=\"author\" content=\"gaprsa\" \/>\n<meta name=\"twitter:card\" content=\"summary_large_image\" \/>\n<meta name=\"twitter:creator\" content=\"@CanalULL\" \/>\n<meta name=\"twitter:site\" content=\"@CanalULL\" \/>\n<meta name=\"twitter:label1\" content=\"Escrito por\" \/>\n\t<meta name=\"twitter:data1\" content=\"gaprsa\" \/>\n\t<meta name=\"twitter:label2\" content=\"Tiempo de lectura\" \/>\n\t<meta name=\"twitter:data2\" content=\"2 minutos\" \/>\n<script type=\"application\/ld+json\" class=\"yoast-schema-graph\">{\"@context\":\"https:\/\/schema.org\",\"@graph\":[{\"@type\":\"WebPage\",\"@id\":\"https:\/\/www.ull.es\/portal\/noticias\/2024\/la-ull-recibira-a-226-personas-beneficiarias-del-programa-de-alojamiento-de-verano-para-el-personal-de-gestion-de-las-universidades\/\",\"url\":\"https:\/\/www.ull.es\/portal\/noticias\/2024\/la-ull-recibira-a-226-personas-beneficiarias-del-programa-de-alojamiento-de-verano-para-el-personal-de-gestion-de-las-universidades\/\",\"name\":\"La ULL recibir\u00e1 a 226 personas beneficiarias del programa de alojamiento de verano para el personal de gesti\u00f3n de las universidades - ULL - Noticias\",\"isPartOf\":{\"@id\":\"https:\/\/www.ull.es\/portal\/noticias\/#website\"},\"datePublished\":\"2024-07-24T11:34:35+00:00\",\"dateModified\":\"2024-07-24T11:44:01+00:00\",\"author\":{\"@id\":\"https:\/\/www.ull.es\/portal\/noticias\/#\/schema\/person\/b2b1a89d43ffa609e591f7df8ef3e817\"},\"breadcrumb\":{\"@id\":\"https:\/\/www.ull.es\/portal\/noticias\/2024\/la-ull-recibira-a-226-personas-beneficiarias-del-programa-de-alojamiento-de-verano-para-el-personal-de-gestion-de-las-universidades\/#breadcrumb\"},\"inLanguage\":\"es\",\"potentialAction\":[{\"@type\":\"ReadAction\",\"target\":[\"https:\/\/www.ull.es\/portal\/noticias\/2024\/la-ull-recibira-a-226-personas-beneficiarias-del-programa-de-alojamiento-de-verano-para-el-personal-de-gestion-de-las-universidades\/\"]}]},{\"@type\":\"BreadcrumbList\",\"@id\":\"https:\/\/www.ull.es\/portal\/noticias\/2024\/la-ull-recibira-a-226-personas-beneficiarias-del-programa-de-alojamiento-de-verano-para-el-personal-de-gestion-de-las-universidades\/#breadcrumb\",\"itemListElement\":[{\"@type\":\"ListItem\",\"position\":1,\"name\":\"Portada\",\"item\":\"https:\/\/www.ull.es\/portal\/noticias\/\"},{\"@type\":\"ListItem\",\"position\":2,\"name\":\"La ULL recibir\u00e1 a 226 personas beneficiarias del programa de alojamiento de verano para el personal de gesti\u00f3n de las universidades\"}]},{\"@type\":\"WebSite\",\"@id\":\"https:\/\/www.ull.es\/portal\/noticias\/#website\",\"url\":\"https:\/\/www.ull.es\/portal\/noticias\/\",\"name\":\"ULL - Noticias\",\"description\":\"\",\"potentialAction\":[{\"@type\":\"SearchAction\",\"target\":{\"@type\":\"EntryPoint\",\"urlTemplate\":\"https:\/\/www.ull.es\/portal\/noticias\/?s={search_term_string}\"},\"query-input\":\"required name=search_term_string\"}],\"inLanguage\":\"es\"},{\"@type\":\"Person\",\"@id\":\"https:\/\/www.ull.es\/portal\/noticias\/#\/schema\/person\/b2b1a89d43ffa609e591f7df8ef3e817\",\"name\":\"gaprsa\",\"image\":{\"@type\":\"ImageObject\",\"inLanguage\":\"es\",\"@id\":\"https:\/\/www.ull.es\/portal\/noticias\/#\/schema\/person\/image\/\",\"url\":\"https:\/\/secure.gravatar.com\/avatar\/443820550921091458b4823867723b3d?s=96&d=mm&r=g\",\"contentUrl\":\"https:\/\/secure.gravatar.com\/avatar\/443820550921091458b4823867723b3d?s=96&d=mm&r=g\",\"caption\":\"gaprsa\"},\"url\":\"https:\/\/www.ull.es\/portal\/noticias\/author\/gaprsa\/\"}]}<\/script>\n<!-- \/ Yoast SEO plugin. -->","yoast_head_json":{"title":"La ULL recibir\u00e1 a 226 personas beneficiarias del programa de alojamiento de verano para el personal de gesti\u00f3n de las universidades - ULL - Noticias","robots":{"index":"index","follow":"follow","max-snippet":"max-snippet:-1","max-image-preview":"max-image-preview:large","max-video-preview":"max-video-preview:-1"},"canonical":"https:\/\/www.ull.es\/portal\/noticias\/2024\/la-ull-recibira-a-226-personas-beneficiarias-del-programa-de-alojamiento-de-verano-para-el-personal-de-gestion-de-las-universidades\/","og_locale":"es_ES","og_type":"article","og_title":"La ULL recibir\u00e1 a 226 personas beneficiarias del programa de alojamiento de verano para el personal de gesti\u00f3n de las universidades - ULL - Noticias","og_description":"El Intercambio de Alojamientos Universitarios para el Personal T\u00e9cnico, de Gesti\u00f3n y de Administraci\u00f3n y Servicios (PTGAS) es una iniciativa...","og_url":"https:\/\/www.ull.es\/portal\/noticias\/2024\/la-ull-recibira-a-226-personas-beneficiarias-del-programa-de-alojamiento-de-verano-para-el-personal-de-gestion-de-las-universidades\/","og_site_name":"ULL - Noticias","article_publisher":"https:\/\/www.facebook.com\/universidaddelalaguna\/","article_published_time":"2024-07-24T11:34:35+00:00","article_modified_time":"2024-07-24T11:44:01+00:00","og_image":[{"width":1024,"height":682,"url":"https:\/\/www.ull.es\/portal\/noticias\/wp-content\/uploads\/sites\/13\/2024\/07\/edificio-central-ull.jpg","type":"image\/jpeg"}],"author":"gaprsa","twitter_card":"summary_large_image","twitter_creator":"@CanalULL","twitter_site":"@CanalULL","twitter_misc":{"Escrito por":"gaprsa","Tiempo de lectura":"2 minutos"},"schema":{"@context":"https:\/\/schema.org","@graph":[{"@type":"WebPage","@id":"https:\/\/www.ull.es\/portal\/noticias\/2024\/la-ull-recibira-a-226-personas-beneficiarias-del-programa-de-alojamiento-de-verano-para-el-personal-de-gestion-de-las-universidades\/","url":"https:\/\/www.ull.es\/portal\/noticias\/2024\/la-ull-recibira-a-226-personas-beneficiarias-del-programa-de-alojamiento-de-verano-para-el-personal-de-gestion-de-las-universidades\/","name":"La ULL recibir\u00e1 a 226 personas beneficiarias del programa de alojamiento de verano para el personal de gesti\u00f3n de las universidades - ULL - Noticias","isPartOf":{"@id":"https:\/\/www.ull.es\/portal\/noticias\/#website"},"datePublished":"2024-07-24T11:34:35+00:00","dateModified":"2024-07-24T11:44:01+00:00","author":{"@id":"https:\/\/www.ull.es\/portal\/noticias\/#\/schema\/person\/b2b1a89d43ffa609e591f7df8ef3e817"},"breadcrumb":{"@id":"https:\/\/www.ull.es\/portal\/noticias\/2024\/la-ull-recibira-a-226-personas-beneficiarias-del-programa-de-alojamiento-de-verano-para-el-personal-de-gestion-de-las-universidades\/#breadcrumb"},"inLanguage":"es","potentialAction":[{"@type":"ReadAction","target":["https:\/\/www.ull.es\/portal\/noticias\/2024\/la-ull-recibira-a-226-personas-beneficiarias-del-programa-de-alojamiento-de-verano-para-el-personal-de-gestion-de-las-universidades\/"]}]},{"@type":"BreadcrumbList","@id":"https:\/\/www.ull.es\/portal\/noticias\/2024\/la-ull-recibira-a-226-personas-beneficiarias-del-programa-de-alojamiento-de-verano-para-el-personal-de-gestion-de-las-universidades\/#breadcrumb","itemListElement":[{"@type":"ListItem","position":1,"name":"Portada","item":"https:\/\/www.ull.es\/portal\/noticias\/"},{"@type":"ListItem","position":2,"name":"La ULL recibir\u00e1 a 226 personas beneficiarias del programa de alojamiento de verano para el personal de gesti\u00f3n de las universidades"}]},{"@type":"WebSite","@id":"https:\/\/www.ull.es\/portal\/noticias\/#website","url":"https:\/\/www.ull.es\/portal\/noticias\/","name":"ULL - Noticias","description":"","potentialAction":[{"@type":"SearchAction","target":{"@type":"EntryPoint","urlTemplate":"https:\/\/www.ull.es\/portal\/noticias\/?s={search_term_string}"},"query-input":"required name=search_term_string"}],"inLanguage":"es"},{"@type":"Person","@id":"https:\/\/www.ull.es\/portal\/noticias\/#\/schema\/person\/b2b1a89d43ffa609e591f7df8ef3e817","name":"gaprsa","image":{"@type":"ImageObject","inLanguage":"es","@id":"https:\/\/www.ull.es\/portal\/noticias\/#\/schema\/person\/image\/","url":"https:\/\/secure.gravatar.com\/avatar\/443820550921091458b4823867723b3d?s=96&d=mm&r=g","contentUrl":"https:\/\/secure.gravatar.com\/avatar\/443820550921091458b4823867723b3d?s=96&d=mm&r=g","caption":"gaprsa"},"url":"https:\/\/www.ull.es\/portal\/noticias\/author\/gaprsa\/"}]}},"primary_category":{"id":345,"name":"Destacado","slug":"destacado","link":"https:\/\/www.ull.es\/portal\/noticias\/category\/destacado\/"},"featured_image_thumbnail_url":"https:\/\/www.ull.es\/portal\/noticias\/wp-content\/uploads\/sites\/13\/2024\/07\/edificio-central-ull-300x200.jpg","_links":{"self":[{"href":"https:\/\/www.ull.es\/portal\/noticias\/wp-json\/wp\/v2\/posts\/76910"}],"collection":[{"href":"https:\/\/www.ull.es\/portal\/noticias\/wp-json\/wp\/v2\/posts"}],"about":[{"href":"https:\/\/www.ull.es\/portal\/noticias\/wp-json\/wp\/v2\/types\/post"}],"author":[{"embeddable":true,"href":"https:\/\/www.ull.es\/portal\/noticias\/wp-json\/wp\/v2\/users\/23"}],"replies":[{"embeddable":true,"href":"https:\/\/www.ull.es\/portal\/noticias\/wp-json\/wp\/v2\/comments?post=76910"}],"version-history":[{"count":3,"href":"https:\/\/www.ull.es\/portal\/noticias\/wp-json\/wp\/v2\/posts\/76910\/revisions"}],"predecessor-version":[{"id":76915,"href":"https:\/\/www.ull.es\/portal\/noticias\/wp-json\/wp\/v2\/posts\/76910\/revisions\/76915"}],"wp:featuredmedia":[{"embeddable":true,"href":"https:\/\/www.ull.es\/portal\/noticias\/wp-json\/wp\/v2\/media\/76912"}],"wp:attachment":[{"href":"https:\/\/www.ull.es\/portal\/noticias\/wp-json\/wp\/v2\/media?parent=76910"}],"wp:term":[{"taxonomy":"category","embeddable":true,"href":"https:\/\/www.ull.es\/portal\/noticias\/wp-json\/wp\/v2\/categories?post=76910"},{"taxonomy":"post_tag","embeddable":true,"href":"https:\/\/www.ull.es\/portal\/noticias\/wp-json\/wp\/v2\/tags?post=76910"}],"curies":[{"name":"wp","href":"https:\/\/api.w.org\/{rel}","templated":true}]}}