{"id":76923,"date":"2024-07-25T08:54:45","date_gmt":"2024-07-25T08:54:45","guid":{"rendered":"https:\/\/www.ull.es\/portal\/noticias\/?p=76923"},"modified":"2024-07-25T09:31:12","modified_gmt":"2024-07-25T09:31:12","slug":"lanzarote-anuncia-la-celebracion-del-primer-campus-de-las-artes-para-2025","status":"publish","type":"post","link":"https:\/\/www.ull.es\/portal\/noticias\/2024\/lanzarote-anuncia-la-celebracion-del-primer-campus-de-las-artes-para-2025\/","title":{"rendered":"Lanzarote anuncia la celebraci\u00f3n del primer Campus de las Artes para 2025"},"content":{"rendered":"<p>Isidro P\u00e9rez, alcalde de San Bartolom\u00e9, inaugur\u00f3 ayer mi\u00e9rcoles, 24 de julio, la tercera edici\u00f3n del <a href=\"https:\/\/www.instagram.com\/campuslanzarote\/\" target=\"_blank\" rel=\"noopener\">Campus de Escultura, Arte y Naturaleza de Lanzarote<\/a> en la sede de la <a href=\"https:\/\/fundacioncurbelosantana.org\/\" target=\"_blank\" rel=\"noopener\">Fundaci\u00f3n Curbelo Santana<\/a>, actividad que, dirigida por el profesor de Periodismo Jos\u00e9 Luis Zurita, coorganiza la Universidad de La Laguna. En su intervenci\u00f3n, anunci\u00f3 que el Ayuntamiento ya est\u00e1 trabajando con la instituci\u00f3n acad\u00e9mica en la celebraci\u00f3n en julio de 2025 del primer Campus de las Artes de Lanzarote, proyecto que, junto al Campus de Escultura, convertir\u00e1 a San Bartolom\u00e9 en un punto de referencia cultural.<\/p>\n<p>La presidente de la Fundaci\u00f3n, Rufina Santana, agradeci\u00f3 la asistencia a las autoridades, docentes y alumnado presente, ocho de Bellas Artes y tres de Periodismo. Apunt\u00f3 tambi\u00e9n que despu\u00e9s de tres a\u00f1os tienen la ilusi\u00f3n del primer d\u00eda y que seguir\u00e1n luchando para que la iniciativa contin\u00fae siendo un referente art\u00edstico y universitario \u00fanico en Espa\u00f1a<\/p>\n<p>El acto continu\u00f3 con la intervenci\u00f3n de Marta Dom\u00ednguez, directora de Secretariado del Vicerrectorado de Extensi\u00f3n Universitaria de la Universidad de La Laguna, quien afirm\u00f3 que esta iniciativa \u201cimparable\u00bb ser\u00e1 \u201cinolvidable para el alumnado de Bellas Artes y Periodismo\u00bb. Mostr\u00f3 tambi\u00e9n su satisfacci\u00f3n por la pr\u00f3xima celebraci\u00f3n del I Campus de las Artes.<\/p>\n<p>Por su parte, el consejero de Medioambiente, Samuel Mart\u00edn, coment\u00f3 que la uni\u00f3n de las instituciones en estas iniciativas es importante para que contin\u00fae el proyecto. Expres\u00f3, adem\u00e1s, que la Fundaci\u00f3n Curbelo Santana es un espacio \u00fanico. \u00abLa residencia creativa aporta experiencia y conocimientos a j\u00f3venes artistas\u00bb, reconoci\u00f3.<\/p>\n<p>Para finalizar, Itahisa P\u00e9rez, profesora de Bellas Artes y directora acad\u00e9mica del Campus, explic\u00f3 el trabajo del alumnado durante la residencia art\u00edstica: \u00abPlanteamos un proyecto con conciencia en el arte y naturaleza. Transmitimos nuestra energ\u00eda y conocimiento para que aprovechen la experiencia\u00bb.<\/p>\n<p>El Campus de Escultura, que combina la creaci\u00f3n de una pieza escult\u00f3rica con charlas formativas, cuenta este a\u00f1o con la colaboraci\u00f3n de David Vila, profesor de Bellas Artes de la Universidad Miguel Hern\u00e1ndez de Elche.<\/p>\n<p>&nbsp;<\/p>\n","protected":false},"excerpt":{"rendered":"<p>Isidro P\u00e9rez, alcalde de San Bartolom\u00e9, inaugur\u00f3 ayer mi\u00e9rcoles, 24 de julio, la tercera edici\u00f3n del Campus de Escultura, Arte&#8230;<\/p>\n","protected":false},"author":23,"featured_media":76924,"comment_status":"closed","ping_status":"closed","sticky":false,"template":"","format":"standard","meta":{"inline_featured_image":false,"footnotes":""},"categories":[344,345,2765],"tags":[],"acf":[],"yoast_head":"<!-- This site is optimized with the Yoast SEO plugin v21.3 - https:\/\/yoast.com\/wordpress\/plugins\/seo\/ -->\n<title>Lanzarote anuncia la celebraci\u00f3n del primer Campus de las Artes para 2025 - ULL - Noticias<\/title>\n<meta name=\"robots\" content=\"index, follow, max-snippet:-1, max-image-preview:large, max-video-preview:-1\" \/>\n<link rel=\"canonical\" href=\"https:\/\/www.ull.es\/portal\/noticias\/2024\/lanzarote-anuncia-la-celebracion-del-primer-campus-de-las-artes-para-2025\/\" \/>\n<meta property=\"og:locale\" content=\"es_ES\" \/>\n<meta property=\"og:type\" content=\"article\" \/>\n<meta property=\"og:title\" content=\"Lanzarote anuncia la celebraci\u00f3n del primer Campus de las Artes para 2025 - ULL - Noticias\" \/>\n<meta property=\"og:description\" content=\"Isidro P\u00e9rez, alcalde de San Bartolom\u00e9, inaugur\u00f3 ayer mi\u00e9rcoles, 24 de julio, la tercera edici\u00f3n del Campus de Escultura, Arte...\" \/>\n<meta property=\"og:url\" content=\"https:\/\/www.ull.es\/portal\/noticias\/2024\/lanzarote-anuncia-la-celebracion-del-primer-campus-de-las-artes-para-2025\/\" \/>\n<meta property=\"og:site_name\" content=\"ULL - Noticias\" \/>\n<meta property=\"article:publisher\" content=\"https:\/\/www.facebook.com\/universidaddelalaguna\/\" \/>\n<meta property=\"article:published_time\" content=\"2024-07-25T08:54:45+00:00\" \/>\n<meta property=\"article:modified_time\" content=\"2024-07-25T09:31:12+00:00\" \/>\n<meta property=\"og:image\" content=\"https:\/\/www.ull.es\/portal\/noticias\/wp-content\/uploads\/sites\/13\/2024\/07\/Campus-Escultura.jpg\" \/>\n\t<meta property=\"og:image:width\" content=\"1824\" \/>\n\t<meta property=\"og:image:height\" content=\"1368\" \/>\n\t<meta property=\"og:image:type\" content=\"image\/jpeg\" \/>\n<meta name=\"author\" content=\"gaprsa\" \/>\n<meta name=\"twitter:card\" content=\"summary_large_image\" \/>\n<meta name=\"twitter:creator\" content=\"@CanalULL\" \/>\n<meta name=\"twitter:site\" content=\"@CanalULL\" \/>\n<meta name=\"twitter:label1\" content=\"Escrito por\" \/>\n\t<meta name=\"twitter:data1\" content=\"gaprsa\" \/>\n\t<meta name=\"twitter:label2\" content=\"Tiempo de lectura\" \/>\n\t<meta name=\"twitter:data2\" content=\"2 minutos\" \/>\n<script type=\"application\/ld+json\" class=\"yoast-schema-graph\">{\"@context\":\"https:\/\/schema.org\",\"@graph\":[{\"@type\":\"WebPage\",\"@id\":\"https:\/\/www.ull.es\/portal\/noticias\/2024\/lanzarote-anuncia-la-celebracion-del-primer-campus-de-las-artes-para-2025\/\",\"url\":\"https:\/\/www.ull.es\/portal\/noticias\/2024\/lanzarote-anuncia-la-celebracion-del-primer-campus-de-las-artes-para-2025\/\",\"name\":\"Lanzarote anuncia la celebraci\u00f3n del primer Campus de las Artes para 2025 - ULL - Noticias\",\"isPartOf\":{\"@id\":\"https:\/\/www.ull.es\/portal\/noticias\/#website\"},\"datePublished\":\"2024-07-25T08:54:45+00:00\",\"dateModified\":\"2024-07-25T09:31:12+00:00\",\"author\":{\"@id\":\"https:\/\/www.ull.es\/portal\/noticias\/#\/schema\/person\/b2b1a89d43ffa609e591f7df8ef3e817\"},\"breadcrumb\":{\"@id\":\"https:\/\/www.ull.es\/portal\/noticias\/2024\/lanzarote-anuncia-la-celebracion-del-primer-campus-de-las-artes-para-2025\/#breadcrumb\"},\"inLanguage\":\"es\",\"potentialAction\":[{\"@type\":\"ReadAction\",\"target\":[\"https:\/\/www.ull.es\/portal\/noticias\/2024\/lanzarote-anuncia-la-celebracion-del-primer-campus-de-las-artes-para-2025\/\"]}]},{\"@type\":\"BreadcrumbList\",\"@id\":\"https:\/\/www.ull.es\/portal\/noticias\/2024\/lanzarote-anuncia-la-celebracion-del-primer-campus-de-las-artes-para-2025\/#breadcrumb\",\"itemListElement\":[{\"@type\":\"ListItem\",\"position\":1,\"name\":\"Portada\",\"item\":\"https:\/\/www.ull.es\/portal\/noticias\/\"},{\"@type\":\"ListItem\",\"position\":2,\"name\":\"Lanzarote anuncia la celebraci\u00f3n del primer Campus de las Artes para 2025\"}]},{\"@type\":\"WebSite\",\"@id\":\"https:\/\/www.ull.es\/portal\/noticias\/#website\",\"url\":\"https:\/\/www.ull.es\/portal\/noticias\/\",\"name\":\"ULL - Noticias\",\"description\":\"\",\"potentialAction\":[{\"@type\":\"SearchAction\",\"target\":{\"@type\":\"EntryPoint\",\"urlTemplate\":\"https:\/\/www.ull.es\/portal\/noticias\/?s={search_term_string}\"},\"query-input\":\"required name=search_term_string\"}],\"inLanguage\":\"es\"},{\"@type\":\"Person\",\"@id\":\"https:\/\/www.ull.es\/portal\/noticias\/#\/schema\/person\/b2b1a89d43ffa609e591f7df8ef3e817\",\"name\":\"gaprsa\",\"image\":{\"@type\":\"ImageObject\",\"inLanguage\":\"es\",\"@id\":\"https:\/\/www.ull.es\/portal\/noticias\/#\/schema\/person\/image\/\",\"url\":\"https:\/\/secure.gravatar.com\/avatar\/443820550921091458b4823867723b3d?s=96&d=mm&r=g\",\"contentUrl\":\"https:\/\/secure.gravatar.com\/avatar\/443820550921091458b4823867723b3d?s=96&d=mm&r=g\",\"caption\":\"gaprsa\"},\"url\":\"https:\/\/www.ull.es\/portal\/noticias\/author\/gaprsa\/\"}]}<\/script>\n<!-- \/ Yoast SEO plugin. -->","yoast_head_json":{"title":"Lanzarote anuncia la celebraci\u00f3n del primer Campus de las Artes para 2025 - ULL - Noticias","robots":{"index":"index","follow":"follow","max-snippet":"max-snippet:-1","max-image-preview":"max-image-preview:large","max-video-preview":"max-video-preview:-1"},"canonical":"https:\/\/www.ull.es\/portal\/noticias\/2024\/lanzarote-anuncia-la-celebracion-del-primer-campus-de-las-artes-para-2025\/","og_locale":"es_ES","og_type":"article","og_title":"Lanzarote anuncia la celebraci\u00f3n del primer Campus de las Artes para 2025 - ULL - Noticias","og_description":"Isidro P\u00e9rez, alcalde de San Bartolom\u00e9, inaugur\u00f3 ayer mi\u00e9rcoles, 24 de julio, la tercera edici\u00f3n del Campus de Escultura, Arte...","og_url":"https:\/\/www.ull.es\/portal\/noticias\/2024\/lanzarote-anuncia-la-celebracion-del-primer-campus-de-las-artes-para-2025\/","og_site_name":"ULL - Noticias","article_publisher":"https:\/\/www.facebook.com\/universidaddelalaguna\/","article_published_time":"2024-07-25T08:54:45+00:00","article_modified_time":"2024-07-25T09:31:12+00:00","og_image":[{"width":1824,"height":1368,"url":"https:\/\/www.ull.es\/portal\/noticias\/wp-content\/uploads\/sites\/13\/2024\/07\/Campus-Escultura.jpg","type":"image\/jpeg"}],"author":"gaprsa","twitter_card":"summary_large_image","twitter_creator":"@CanalULL","twitter_site":"@CanalULL","twitter_misc":{"Escrito por":"gaprsa","Tiempo de lectura":"2 minutos"},"schema":{"@context":"https:\/\/schema.org","@graph":[{"@type":"WebPage","@id":"https:\/\/www.ull.es\/portal\/noticias\/2024\/lanzarote-anuncia-la-celebracion-del-primer-campus-de-las-artes-para-2025\/","url":"https:\/\/www.ull.es\/portal\/noticias\/2024\/lanzarote-anuncia-la-celebracion-del-primer-campus-de-las-artes-para-2025\/","name":"Lanzarote anuncia la celebraci\u00f3n del primer Campus de las Artes para 2025 - ULL - Noticias","isPartOf":{"@id":"https:\/\/www.ull.es\/portal\/noticias\/#website"},"datePublished":"2024-07-25T08:54:45+00:00","dateModified":"2024-07-25T09:31:12+00:00","author":{"@id":"https:\/\/www.ull.es\/portal\/noticias\/#\/schema\/person\/b2b1a89d43ffa609e591f7df8ef3e817"},"breadcrumb":{"@id":"https:\/\/www.ull.es\/portal\/noticias\/2024\/lanzarote-anuncia-la-celebracion-del-primer-campus-de-las-artes-para-2025\/#breadcrumb"},"inLanguage":"es","potentialAction":[{"@type":"ReadAction","target":["https:\/\/www.ull.es\/portal\/noticias\/2024\/lanzarote-anuncia-la-celebracion-del-primer-campus-de-las-artes-para-2025\/"]}]},{"@type":"BreadcrumbList","@id":"https:\/\/www.ull.es\/portal\/noticias\/2024\/lanzarote-anuncia-la-celebracion-del-primer-campus-de-las-artes-para-2025\/#breadcrumb","itemListElement":[{"@type":"ListItem","position":1,"name":"Portada","item":"https:\/\/www.ull.es\/portal\/noticias\/"},{"@type":"ListItem","position":2,"name":"Lanzarote anuncia la celebraci\u00f3n del primer Campus de las Artes para 2025"}]},{"@type":"WebSite","@id":"https:\/\/www.ull.es\/portal\/noticias\/#website","url":"https:\/\/www.ull.es\/portal\/noticias\/","name":"ULL - Noticias","description":"","potentialAction":[{"@type":"SearchAction","target":{"@type":"EntryPoint","urlTemplate":"https:\/\/www.ull.es\/portal\/noticias\/?s={search_term_string}"},"query-input":"required name=search_term_string"}],"inLanguage":"es"},{"@type":"Person","@id":"https:\/\/www.ull.es\/portal\/noticias\/#\/schema\/person\/b2b1a89d43ffa609e591f7df8ef3e817","name":"gaprsa","image":{"@type":"ImageObject","inLanguage":"es","@id":"https:\/\/www.ull.es\/portal\/noticias\/#\/schema\/person\/image\/","url":"https:\/\/secure.gravatar.com\/avatar\/443820550921091458b4823867723b3d?s=96&d=mm&r=g","contentUrl":"https:\/\/secure.gravatar.com\/avatar\/443820550921091458b4823867723b3d?s=96&d=mm&r=g","caption":"gaprsa"},"url":"https:\/\/www.ull.es\/portal\/noticias\/author\/gaprsa\/"}]}},"primary_category":{"id":345,"name":"Destacado","slug":"destacado","link":"https:\/\/www.ull.es\/portal\/noticias\/category\/destacado\/"},"featured_image_thumbnail_url":"https:\/\/www.ull.es\/portal\/noticias\/wp-content\/uploads\/sites\/13\/2024\/07\/Campus-Escultura-300x225.jpg","_links":{"self":[{"href":"https:\/\/www.ull.es\/portal\/noticias\/wp-json\/wp\/v2\/posts\/76923"}],"collection":[{"href":"https:\/\/www.ull.es\/portal\/noticias\/wp-json\/wp\/v2\/posts"}],"about":[{"href":"https:\/\/www.ull.es\/portal\/noticias\/wp-json\/wp\/v2\/types\/post"}],"author":[{"embeddable":true,"href":"https:\/\/www.ull.es\/portal\/noticias\/wp-json\/wp\/v2\/users\/23"}],"replies":[{"embeddable":true,"href":"https:\/\/www.ull.es\/portal\/noticias\/wp-json\/wp\/v2\/comments?post=76923"}],"version-history":[{"count":2,"href":"https:\/\/www.ull.es\/portal\/noticias\/wp-json\/wp\/v2\/posts\/76923\/revisions"}],"predecessor-version":[{"id":76926,"href":"https:\/\/www.ull.es\/portal\/noticias\/wp-json\/wp\/v2\/posts\/76923\/revisions\/76926"}],"wp:featuredmedia":[{"embeddable":true,"href":"https:\/\/www.ull.es\/portal\/noticias\/wp-json\/wp\/v2\/media\/76924"}],"wp:attachment":[{"href":"https:\/\/www.ull.es\/portal\/noticias\/wp-json\/wp\/v2\/media?parent=76923"}],"wp:term":[{"taxonomy":"category","embeddable":true,"href":"https:\/\/www.ull.es\/portal\/noticias\/wp-json\/wp\/v2\/categories?post=76923"},{"taxonomy":"post_tag","embeddable":true,"href":"https:\/\/www.ull.es\/portal\/noticias\/wp-json\/wp\/v2\/tags?post=76923"}],"curies":[{"name":"wp","href":"https:\/\/api.w.org\/{rel}","templated":true}]}}