{"id":76957,"date":"2024-07-26T08:50:09","date_gmt":"2024-07-26T08:50:09","guid":{"rendered":"https:\/\/www.ull.es\/portal\/noticias\/?p=76957"},"modified":"2024-07-26T09:26:43","modified_gmt":"2024-07-26T09:26:43","slug":"torralvo-en-adeje-hay-mujeres-que-son-diagnosticadas-de-otras-cosas-cuando-lo-que-hay-es-un-trastorno-del-espectro-autista","status":"publish","type":"post","link":"https:\/\/www.ull.es\/portal\/noticias\/2024\/torralvo-en-adeje-hay-mujeres-que-son-diagnosticadas-de-otras-cosas-cuando-lo-que-hay-es-un-trastorno-del-espectro-autista\/","title":{"rendered":"Torralvo, en Adeje: \u201cHay mujeres que son diagnosticadas de otras cosas cuando lo que hay es un trastorno del espectro autista\u201d"},"content":{"rendered":"<p dir=\"ltr\">La psic\u00f3loga Irene Torralvo Su\u00e1rez explica que existen perfiles de mujeres que, cuando acuden a los servicios de salud mental\u00a0 \u201cmuchas veces terminan diagnosticadas de otras cosas cuando lo que sucede es que hay un trastorno del espectro autista\u201d, algo que sucede porque, tal y como ocurre en otros muchos \u00e1mbitos de la salud, las especificidades femeninas no han sido lo suficientemente estudiadas. Esto es lo que ha tratado de solucionar el curso de la <a href=\"https:\/\/www.ull.es\/cultura\/cursos-extension-universitaria\/universidad-de-verano-de-adeje\/\" target=\"_blank\" rel=\"noopener\">Universidad de Verano de Adeje<\/a> \u201cNeuropsicolog\u00eda de las mujeres con TEA\u201d<\/p>\n<p dir=\"ltr\">Torralvo ha impartido junto a la tambi\u00e9n terapeuta Elena Garc\u00eda Cerde\u00f1a la sesi\u00f3n de hoy, jueves 25 de julio, de este curso que dirige el profesor del Departamento de Psicolog\u00eda Cl\u00ednica, Psicobiolog\u00eda y Metodolog\u00eda de la Universidad de La Laguna\u00a0<a href=\"https:\/\/portalciencia.ull.es\/investigadores\/1010510\/detalle\" target=\"_blank\" rel=\"noopener\" data-saferedirecturl=\"https:\/\/www.google.com\/url?q=https:\/\/portalciencia.ull.es\/investigadores\/1010510\/detalle&amp;source=gmail&amp;ust=1722068160826000&amp;usg=AOvVaw2F1rQxip4Att4kYiH7746i\" target=\"_blank\" rel=\"noopener\">Javier J. P\u00e9rez Flores<\/a>, y los tres est\u00e1n vinculados a la\u00a0<a href=\"https:\/\/www.asociacionautismosur.es\/\" target=\"_blank\" rel=\"noopener\" data-saferedirecturl=\"https:\/\/www.google.com\/url?q=https:\/\/www.asociacionautismosur.es\/&amp;source=gmail&amp;ust=1722068160826000&amp;usg=AOvVaw1XwaQ2eePO_wusAuDaWGin\" target=\"_blank\" rel=\"noopener\">Asociaci\u00f3n Autismo Sur<\/a>. Las especialistas explican que hay\u00a0diferencias a nivel biol\u00f3gico, hormonal, cognitivo y conductual entre hombres y mujeres que llevan a que los trastornos del espectro autista (TEA) se manifiesten de manera diferente entre ambos sexos.\u00a0 \u201cLos perfiles que m\u00e1s se conocen son los de hombres y ahora es cuando se est\u00e1 comenzado a conocer los perfiles de mujeres\u201d.<\/p>\n<p dir=\"ltr\">En l\u00edneas generales, las conductas se manifiestan de manera similar en cuanto a frecuencia e intensidad, pero mientras los hombres centran su inter\u00e9s en cuestiones m\u00e1s mec\u00e1nicas, como los coches, trenes y otros aparatos, las mujeres lo hacen m\u00e1s en princesas, animales y el dibujo, es decir, con una connotaci\u00f3n considerada m\u00e1s social que viene determinada a nivel hormonal. Adem\u00e1s, otra caracter\u00edstica diferencial es que las mujeres han desarrollado estrategias para enmascarar estas conductas propias del trastorno.<\/p>\n<p dir=\"ltr\">Las expertas explican que han observado que \u00faltimamente est\u00e1 aumentando el diagn\u00f3stico de personas con TEA que no eran conscientes de presentar este cuadro, y en ocasiones ha surgido cuando llevaban a sus descendientes a terapia. \u201cDurante las sesiones, algunos padres y madres se van sintiendo identificados con las caracter\u00edsticas que muestra su hijo o hija y te dicen muchas veces: \u2018es que yo era igual de peque\u00f1o\u00bb&#8216;. Y a\u00f1ade Torralvo: \u201cNos pasa mucho \u00faltimamente, viene la familia a evaluaci\u00f3n y con cada pregunta las madres se empiezan a dar cuenta de que ellas tambi\u00e9n muestran esos rasgos, a lo mejor en otra medida y en otra frecuencia, pero el mismo tipo de conducta. As\u00ed que muchas veces diagnosticas al hijo o la hija y, al paso de los meses, te viene la madre o el padre tambi\u00e9n\u201d. \u00bfQuiere eso decir que el autismo tiene un componente gen\u00e9tico? \u201cA d\u00eda de hoy se plantea que s\u00ed lo tiene, lo que no se sabe exactamente qu\u00e9 gen\u201d, explica el profesor.<\/p>\n<p dir=\"ltr\">Por supuesto, el diagn\u00f3stico debe ser siempre realizado por profesionales de la salud, porque a veces puede ocurrir lo contrario y que haya personas que crean estar dentro del espectro autista y, simplemente, ocurre que son t\u00edmidas o con habilidades sociales muy pobres. \u201cUn solo indicador o unas pocas conductas no suponen un diagn\u00f3stico, hay que ver la globalidad de la persona en diferentes contextos y aspectos de su desarrollo\u201d.<\/p>\n<p dir=\"ltr\">En todo caso, la detecci\u00f3n precoz es clave y, por ello, las ponentes del curso consideran que es necesario que las personas dedicadas al \u00e1mbito educativo posean m\u00e1s formaci\u00f3n que les permita reconocer a estudiantes con TEA para derivarlos a tiempo al especialista.<\/p>\n<p dir=\"ltr\">Existen ciertos mitos sobre las personas con TEA popularizados por las pel\u00edculas y series de televisi\u00f3n. Por ejemplo, que son personas a las que no les gusta relacionarse con otras, algo que matiza Garc\u00eda Cerde\u00f1a: \u201cHay perfiles que no van a tener inter\u00e9s en la socializaci\u00f3n, pero los hay que s\u00ed, pero tienen dificultades. No es que no les guste. Normalmente es porque no han desarrollado las suficientes actividades sociales, y cuando lo intentan una y otra vez y no lo consiguen, acaban rechaz\u00e1ndolo\u201d.<\/p>\n<p dir=\"ltr\">Otro mito es que las personas autistas tienen capacidades extraordinarias, algo que explica Torralvo: \u201cHay personas que le dedican tanto tiempo a una actividad determinada que saben un mont\u00f3n sobre ese tema. Yo he visto ni\u00f1os que dibujan estupendamente y que tienen una serie de habilidades tremenda, pero no es la generalidad, depende de cada uno de los casos y de las caracter\u00edsticas de la persona.<\/p>\n<p dir=\"ltr\">De cualquier manera, ambas especialistas consideran que para esta poblaci\u00f3n es positivo el tratamiento, pues les puede hacer mejorar en ciertos aspectos: \u201cLa velocidad de los avances depender\u00e1 del grado del individuo. En un grado tres los\u00a0 avances son a largo plazo y te planteas objetivos a seis meses o un a\u00f1o; en perfiles leves, puedes ver avances en tres sesiones. Depende de esa gravedad, pero siempre que se trabaje y la persona est\u00e9 dispuesta, se consiguen avances en diferentes aspectos como socializaci\u00f3n, conductas repetitivas y otras que generan interferencias.<\/p>\n<div id=\"attachment_76959\" style=\"width: 310px\" class=\"wp-caption alignleft\"><a href=\"https:\/\/www.ull.es\/portal\/noticias\/wp-content\/uploads\/sites\/13\/2024\/07\/novela-criminal.jpg\" target=\"_blank\" rel=\"noopener\"><img aria-describedby=\"caption-attachment-76959\" decoding=\"async\" loading=\"lazy\" class=\"wp-image-76959 size-medium\" src=\"https:\/\/www.ull.es\/portal\/noticias\/wp-content\/uploads\/sites\/13\/2024\/07\/novela-criminal-300x199.jpg\" alt=\"\" width=\"300\" height=\"199\" srcset=\"https:\/\/www.ull.es\/portal\/noticias\/wp-content\/uploads\/sites\/13\/2024\/07\/novela-criminal-300x199.jpg 300w, https:\/\/www.ull.es\/portal\/noticias\/wp-content\/uploads\/sites\/13\/2024\/07\/novela-criminal-1024x679.jpg 1024w, https:\/\/www.ull.es\/portal\/noticias\/wp-content\/uploads\/sites\/13\/2024\/07\/novela-criminal-768x509.jpg 768w, https:\/\/www.ull.es\/portal\/noticias\/wp-content\/uploads\/sites\/13\/2024\/07\/novela-criminal-1536x1019.jpg 1536w, https:\/\/www.ull.es\/portal\/noticias\/wp-content\/uploads\/sites\/13\/2024\/07\/novela-criminal-375x249.jpg 375w, https:\/\/www.ull.es\/portal\/noticias\/wp-content\/uploads\/sites\/13\/2024\/07\/novela-criminal-750x498.jpg 750w, https:\/\/www.ull.es\/portal\/noticias\/wp-content\/uploads\/sites\/13\/2024\/07\/novela-criminal-1140x756.jpg 1140w, https:\/\/www.ull.es\/portal\/noticias\/wp-content\/uploads\/sites\/13\/2024\/07\/novela-criminal.jpg 1800w\" sizes=\"(max-width: 300px) 100vw, 300px\" \/><\/a><p id=\"caption-attachment-76959\" class=\"wp-caption-text\">Javier Rivero Grandoso.<\/p><\/div>\n<p dir=\"ltr\"><strong>El auge de la novela criminal<\/strong><\/p>\n<p dir=\"ltr\">Desde que Edgar Allan Poe inaugurara con \u201cLos cr\u00edmenes de la calle Morgue\u201d la novela criminal en el siglo XIX, el g\u00e9nero se ha popularizado hasta vivir un auge inusitado en los \u00faltimos veinte a\u00f1os, incluso en un territorio tan peque\u00f1o como Canarias, donde, seg\u00fan c\u00e1lculos de la<a href=\"https:\/\/www.ull.es\/portal\/aulasycatedrasculturales\/catedra-cultural-antonio-lozano-de-genero-criminal\/\" target=\"_blank\" rel=\"noopener\" data-saferedirecturl=\"https:\/\/www.google.com\/url?q=https:\/\/www.ull.es\/portal\/aulasycatedrasculturales\/catedra-cultural-antonio-lozano-de-genero-criminal\/&amp;source=gmail&amp;ust=1722068160827000&amp;usg=AOvVaw2IqRESrSOYYJRxyeQAE1ow\" target=\"_blank\" rel=\"noopener\">\u00a0C\u00e1tedra Antonio Lozano de G\u00e9nero Criminal<\/a>\u00a0de la Universidad de La Laguna, en ese periodo han surgido en torno a una veintena de autores. Precisamente el director de esa c\u00e1tedra, el profesor del Departamento de Filolog\u00eda Espa\u00f1ola<a href=\"https:\/\/portalciencia.ull.es\/investigadores\/81682\/detalle\" target=\"_blank\" rel=\"noopener\" data-saferedirecturl=\"https:\/\/www.google.com\/url?q=https:\/\/portalciencia.ull.es\/investigadores\/81682\/detalle&amp;source=gmail&amp;ust=1722068160827000&amp;usg=AOvVaw3CvlcscO5ms7TTlgNxnu2h\" target=\"_blank\" rel=\"noopener\">\u00a0Javier Rivero Grandoso<\/a>, ha dirigido en la Universidad de Verano de Adeje un curso focalizado en el relato criminal, en donde se han impartido al alumnado los fundamentos te\u00f3ricos de este g\u00e9nero y se les ha tutorizado en un trabajo final consistente en la redacci\u00f3n de un relato.<\/p>\n<p dir=\"ltr\">Rivero Grandoso fue el encargado el primer d\u00eda de realizar una panor\u00e1mica general sobre esta gran familia gen\u00e9rica que es la novela criminal, dentro de la que se engloban manifestaciones literaria tan dispares como la novela policiaca o de misterio al estilo de Agatha Christie, la novela negra estadounidense de autores como Dashiell Hammett y Raymond Chandler, los thrillers de acci\u00f3n e, incluso, las obras narradas desde el punto de vista del criminal, como las que han practicado Patricia Highsmith y Al\u00e9xis Ravelo, entre otros autores.<\/p>\n<p dir=\"ltr\">El curso tambi\u00e9n ha tenido dos profesores de excepci\u00f3n, ya que la sesi\u00f3n del martes 22 de julio fue impartida por el escritor Jos\u00e9 Luis Correa, autor de la aclamada serie del detective Ricardo Blanco, y la del mi\u00e9rcoles 24, por Mariano Gamb\u00edn, responsable, entre otras, de la serie \u201cIra Dei\u201d. Correa se centr\u00f3 en hablar sobre los momentos previos a la propia escritura, cuando hay que decidir qu\u00e9 se va a escribir y para qui\u00e9n, as\u00ed como el establecimiento de las fases fundamentales del relato criminal. Por su parte, Gamb\u00edn trabaj\u00f3 la importancia de los espacios en la ficci\u00f3n, algo que se aprecia en su propia obra, en la cual urbes como La Laguna o Santa Cruz de Tenerife son muy relevantes.<\/p>\n<p dir=\"ltr\">Por supuesto, el alumnado no ha dudado en aprovechar la oportunidad de tener a dos autores en activo como profesores para preguntarles toda clase de dudas no s\u00f3lo centradas en la t\u00e9cnica, sino tambi\u00e9n en asuntos extraliterarios, como qu\u00e9 hacer cuando se termina un manuscrito, si es preferible optar por la autoedici\u00f3n o buscar una editorial que se haga cargo del material. Obviamente, hab\u00eda muchos seguidores de ambos autores entre el alumnado, pero tambi\u00e9n algunos que los desconoc\u00edan y aprovecharon para acercarse a sus obras antes de iniciar el curso.<\/p>\n<p dir=\"ltr\">El director del curso destaca el dinamismo de las personas matriculadas, pues si bien algunas ven\u00edan del \u00e1mbito de la filolog\u00eda o ten\u00edan afici\u00f3n por la escritura, otras no ten\u00edan especial inter\u00e9s en la creaci\u00f3n y, sin embargo, han respondido muy bien ante los desaf\u00edos que propuso el curso de realizar ejercicios de escritura y finalizarlo elaborando un relato original.<\/p>\n<p dir=\"ltr\">El fil\u00f3logo opina que el origen de este\u00a0boom\u00a0del g\u00e9nero criminal hay que situarlo en el \u00e9xito\u00a0 de la saga \u201cMillennium\u201d de Stieg Larsson, cuya primera consecuencia fue que todas las editoriales se lanzaron a traducir y editar a todos los autores escandinavos o que, sin serlo, \u201csonaran a n\u00f3rdico y fr\u00edo\u201d. Pero sirvi\u00f3 para que tambi\u00e9n comenzaran a publicarse nuevos autores espa\u00f1oles, y algo similar sucedi\u00f3 en otros pa\u00edses. Adem\u00e1s, es un fen\u00f3meno que no solo se ha dado en la literatura, sino tambi\u00e9n en la televisi\u00f3n o el c\u00f3mic, donde las narraciones centradas en cr\u00edmenes se cuentan entre las m\u00e1s populares, tal y como lo demuestran \u201cBreaking Bad\u201d o \u201cLa casa de papel\u201d, entre otras.<\/p>\n<p dir=\"ltr\">En Canarias ha habido autores pioneros que no continuaron el g\u00e9nero o lo retomaron muchos a\u00f1os despu\u00e9s de su primera obra dentro de \u00e9l, como es el caso de Carlos \u00c1lvarez, pero hay tres que pueden situarse en el origen de esa explosi\u00f3n local de g\u00e9nero criminal: Alexis Ravelo, Antonio Lozano y el propio Jos\u00e9 Luis Correa. La popularidad del g\u00e9nero en el Archipi\u00e9lago se ve, no solo por la profusi\u00f3n de creadores, sino de festivales y encuentros relacionados con este g\u00e9nero tan popular y que en los \u00faltimos a\u00f1os ha cobrado m\u00e1s prestigio. \u201cParec\u00eda que iba a ser una moda pasajera y mira, aqu\u00ed sigue\u201d, concluye.<\/p>\n<p dir=\"ltr\">\n","protected":false},"excerpt":{"rendered":"<p>La psic\u00f3loga Irene Torralvo Su\u00e1rez explica que existen perfiles de mujeres que, cuando acuden a los servicios de salud mental\u00a0&#8230;<\/p>\n","protected":false},"author":23,"featured_media":76958,"comment_status":"closed","ping_status":"closed","sticky":false,"template":"","format":"standard","meta":{"inline_featured_image":false,"footnotes":""},"categories":[344,345,2765],"tags":[],"acf":[],"yoast_head":"<!-- This site is optimized with the Yoast SEO plugin v21.3 - https:\/\/yoast.com\/wordpress\/plugins\/seo\/ -->\n<title>Torralvo, en Adeje: \u201cHay mujeres que son diagnosticadas de otras cosas cuando lo que hay es un trastorno del espectro autista\u201d - ULL - Noticias<\/title>\n<meta name=\"robots\" content=\"index, follow, max-snippet:-1, max-image-preview:large, max-video-preview:-1\" \/>\n<link rel=\"canonical\" href=\"https:\/\/www.ull.es\/portal\/noticias\/2024\/torralvo-en-adeje-hay-mujeres-que-son-diagnosticadas-de-otras-cosas-cuando-lo-que-hay-es-un-trastorno-del-espectro-autista\/\" \/>\n<meta property=\"og:locale\" content=\"es_ES\" \/>\n<meta property=\"og:type\" content=\"article\" \/>\n<meta property=\"og:title\" content=\"Torralvo, en Adeje: \u201cHay mujeres que son diagnosticadas de otras cosas cuando lo que hay es un trastorno del espectro autista\u201d - ULL - Noticias\" \/>\n<meta property=\"og:description\" content=\"La psic\u00f3loga Irene Torralvo Su\u00e1rez explica que existen perfiles de mujeres que, cuando acuden a los servicios de salud mental\u00a0...\" \/>\n<meta property=\"og:url\" content=\"https:\/\/www.ull.es\/portal\/noticias\/2024\/torralvo-en-adeje-hay-mujeres-que-son-diagnosticadas-de-otras-cosas-cuando-lo-que-hay-es-un-trastorno-del-espectro-autista\/\" \/>\n<meta property=\"og:site_name\" content=\"ULL - Noticias\" \/>\n<meta property=\"article:publisher\" content=\"https:\/\/www.facebook.com\/universidaddelalaguna\/\" \/>\n<meta property=\"article:published_time\" content=\"2024-07-26T08:50:09+00:00\" \/>\n<meta property=\"article:modified_time\" content=\"2024-07-26T09:26:43+00:00\" \/>\n<meta property=\"og:image\" content=\"https:\/\/www.ull.es\/portal\/noticias\/wp-content\/uploads\/sites\/13\/2024\/07\/torralvo.jpg\" \/>\n\t<meta property=\"og:image:width\" content=\"1882\" \/>\n\t<meta property=\"og:image:height\" content=\"1404\" \/>\n\t<meta property=\"og:image:type\" content=\"image\/jpeg\" \/>\n<meta name=\"author\" content=\"gaprsa\" \/>\n<meta name=\"twitter:card\" content=\"summary_large_image\" \/>\n<meta name=\"twitter:creator\" content=\"@CanalULL\" \/>\n<meta name=\"twitter:site\" content=\"@CanalULL\" \/>\n<meta name=\"twitter:label1\" content=\"Escrito por\" \/>\n\t<meta name=\"twitter:data1\" content=\"gaprsa\" \/>\n\t<meta name=\"twitter:label2\" content=\"Tiempo de lectura\" \/>\n\t<meta name=\"twitter:data2\" content=\"8 minutos\" \/>\n<script type=\"application\/ld+json\" class=\"yoast-schema-graph\">{\"@context\":\"https:\/\/schema.org\",\"@graph\":[{\"@type\":\"WebPage\",\"@id\":\"https:\/\/www.ull.es\/portal\/noticias\/2024\/torralvo-en-adeje-hay-mujeres-que-son-diagnosticadas-de-otras-cosas-cuando-lo-que-hay-es-un-trastorno-del-espectro-autista\/\",\"url\":\"https:\/\/www.ull.es\/portal\/noticias\/2024\/torralvo-en-adeje-hay-mujeres-que-son-diagnosticadas-de-otras-cosas-cuando-lo-que-hay-es-un-trastorno-del-espectro-autista\/\",\"name\":\"Torralvo, en Adeje: \u201cHay mujeres que son diagnosticadas de otras cosas cuando lo que hay es un trastorno del espectro autista\u201d - ULL - Noticias\",\"isPartOf\":{\"@id\":\"https:\/\/www.ull.es\/portal\/noticias\/#website\"},\"datePublished\":\"2024-07-26T08:50:09+00:00\",\"dateModified\":\"2024-07-26T09:26:43+00:00\",\"author\":{\"@id\":\"https:\/\/www.ull.es\/portal\/noticias\/#\/schema\/person\/b2b1a89d43ffa609e591f7df8ef3e817\"},\"breadcrumb\":{\"@id\":\"https:\/\/www.ull.es\/portal\/noticias\/2024\/torralvo-en-adeje-hay-mujeres-que-son-diagnosticadas-de-otras-cosas-cuando-lo-que-hay-es-un-trastorno-del-espectro-autista\/#breadcrumb\"},\"inLanguage\":\"es\",\"potentialAction\":[{\"@type\":\"ReadAction\",\"target\":[\"https:\/\/www.ull.es\/portal\/noticias\/2024\/torralvo-en-adeje-hay-mujeres-que-son-diagnosticadas-de-otras-cosas-cuando-lo-que-hay-es-un-trastorno-del-espectro-autista\/\"]}]},{\"@type\":\"BreadcrumbList\",\"@id\":\"https:\/\/www.ull.es\/portal\/noticias\/2024\/torralvo-en-adeje-hay-mujeres-que-son-diagnosticadas-de-otras-cosas-cuando-lo-que-hay-es-un-trastorno-del-espectro-autista\/#breadcrumb\",\"itemListElement\":[{\"@type\":\"ListItem\",\"position\":1,\"name\":\"Portada\",\"item\":\"https:\/\/www.ull.es\/portal\/noticias\/\"},{\"@type\":\"ListItem\",\"position\":2,\"name\":\"Torralvo, en Adeje: \u201cHay mujeres que son diagnosticadas de otras cosas cuando lo que hay es un trastorno del espectro autista\u201d\"}]},{\"@type\":\"WebSite\",\"@id\":\"https:\/\/www.ull.es\/portal\/noticias\/#website\",\"url\":\"https:\/\/www.ull.es\/portal\/noticias\/\",\"name\":\"ULL - Noticias\",\"description\":\"\",\"potentialAction\":[{\"@type\":\"SearchAction\",\"target\":{\"@type\":\"EntryPoint\",\"urlTemplate\":\"https:\/\/www.ull.es\/portal\/noticias\/?s={search_term_string}\"},\"query-input\":\"required name=search_term_string\"}],\"inLanguage\":\"es\"},{\"@type\":\"Person\",\"@id\":\"https:\/\/www.ull.es\/portal\/noticias\/#\/schema\/person\/b2b1a89d43ffa609e591f7df8ef3e817\",\"name\":\"gaprsa\",\"image\":{\"@type\":\"ImageObject\",\"inLanguage\":\"es\",\"@id\":\"https:\/\/www.ull.es\/portal\/noticias\/#\/schema\/person\/image\/\",\"url\":\"https:\/\/secure.gravatar.com\/avatar\/443820550921091458b4823867723b3d?s=96&d=mm&r=g\",\"contentUrl\":\"https:\/\/secure.gravatar.com\/avatar\/443820550921091458b4823867723b3d?s=96&d=mm&r=g\",\"caption\":\"gaprsa\"},\"url\":\"https:\/\/www.ull.es\/portal\/noticias\/author\/gaprsa\/\"}]}<\/script>\n<!-- \/ Yoast SEO plugin. -->","yoast_head_json":{"title":"Torralvo, en Adeje: \u201cHay mujeres que son diagnosticadas de otras cosas cuando lo que hay es un trastorno del espectro autista\u201d - ULL - Noticias","robots":{"index":"index","follow":"follow","max-snippet":"max-snippet:-1","max-image-preview":"max-image-preview:large","max-video-preview":"max-video-preview:-1"},"canonical":"https:\/\/www.ull.es\/portal\/noticias\/2024\/torralvo-en-adeje-hay-mujeres-que-son-diagnosticadas-de-otras-cosas-cuando-lo-que-hay-es-un-trastorno-del-espectro-autista\/","og_locale":"es_ES","og_type":"article","og_title":"Torralvo, en Adeje: \u201cHay mujeres que son diagnosticadas de otras cosas cuando lo que hay es un trastorno del espectro autista\u201d - ULL - Noticias","og_description":"La psic\u00f3loga Irene Torralvo Su\u00e1rez explica que existen perfiles de mujeres que, cuando acuden a los servicios de salud mental\u00a0...","og_url":"https:\/\/www.ull.es\/portal\/noticias\/2024\/torralvo-en-adeje-hay-mujeres-que-son-diagnosticadas-de-otras-cosas-cuando-lo-que-hay-es-un-trastorno-del-espectro-autista\/","og_site_name":"ULL - Noticias","article_publisher":"https:\/\/www.facebook.com\/universidaddelalaguna\/","article_published_time":"2024-07-26T08:50:09+00:00","article_modified_time":"2024-07-26T09:26:43+00:00","og_image":[{"width":1882,"height":1404,"url":"https:\/\/www.ull.es\/portal\/noticias\/wp-content\/uploads\/sites\/13\/2024\/07\/torralvo.jpg","type":"image\/jpeg"}],"author":"gaprsa","twitter_card":"summary_large_image","twitter_creator":"@CanalULL","twitter_site":"@CanalULL","twitter_misc":{"Escrito por":"gaprsa","Tiempo de lectura":"8 minutos"},"schema":{"@context":"https:\/\/schema.org","@graph":[{"@type":"WebPage","@id":"https:\/\/www.ull.es\/portal\/noticias\/2024\/torralvo-en-adeje-hay-mujeres-que-son-diagnosticadas-de-otras-cosas-cuando-lo-que-hay-es-un-trastorno-del-espectro-autista\/","url":"https:\/\/www.ull.es\/portal\/noticias\/2024\/torralvo-en-adeje-hay-mujeres-que-son-diagnosticadas-de-otras-cosas-cuando-lo-que-hay-es-un-trastorno-del-espectro-autista\/","name":"Torralvo, en Adeje: \u201cHay mujeres que son diagnosticadas de otras cosas cuando lo que hay es un trastorno del espectro autista\u201d - ULL - Noticias","isPartOf":{"@id":"https:\/\/www.ull.es\/portal\/noticias\/#website"},"datePublished":"2024-07-26T08:50:09+00:00","dateModified":"2024-07-26T09:26:43+00:00","author":{"@id":"https:\/\/www.ull.es\/portal\/noticias\/#\/schema\/person\/b2b1a89d43ffa609e591f7df8ef3e817"},"breadcrumb":{"@id":"https:\/\/www.ull.es\/portal\/noticias\/2024\/torralvo-en-adeje-hay-mujeres-que-son-diagnosticadas-de-otras-cosas-cuando-lo-que-hay-es-un-trastorno-del-espectro-autista\/#breadcrumb"},"inLanguage":"es","potentialAction":[{"@type":"ReadAction","target":["https:\/\/www.ull.es\/portal\/noticias\/2024\/torralvo-en-adeje-hay-mujeres-que-son-diagnosticadas-de-otras-cosas-cuando-lo-que-hay-es-un-trastorno-del-espectro-autista\/"]}]},{"@type":"BreadcrumbList","@id":"https:\/\/www.ull.es\/portal\/noticias\/2024\/torralvo-en-adeje-hay-mujeres-que-son-diagnosticadas-de-otras-cosas-cuando-lo-que-hay-es-un-trastorno-del-espectro-autista\/#breadcrumb","itemListElement":[{"@type":"ListItem","position":1,"name":"Portada","item":"https:\/\/www.ull.es\/portal\/noticias\/"},{"@type":"ListItem","position":2,"name":"Torralvo, en Adeje: \u201cHay mujeres que son diagnosticadas de otras cosas cuando lo que hay es un trastorno del espectro autista\u201d"}]},{"@type":"WebSite","@id":"https:\/\/www.ull.es\/portal\/noticias\/#website","url":"https:\/\/www.ull.es\/portal\/noticias\/","name":"ULL - Noticias","description":"","potentialAction":[{"@type":"SearchAction","target":{"@type":"EntryPoint","urlTemplate":"https:\/\/www.ull.es\/portal\/noticias\/?s={search_term_string}"},"query-input":"required name=search_term_string"}],"inLanguage":"es"},{"@type":"Person","@id":"https:\/\/www.ull.es\/portal\/noticias\/#\/schema\/person\/b2b1a89d43ffa609e591f7df8ef3e817","name":"gaprsa","image":{"@type":"ImageObject","inLanguage":"es","@id":"https:\/\/www.ull.es\/portal\/noticias\/#\/schema\/person\/image\/","url":"https:\/\/secure.gravatar.com\/avatar\/443820550921091458b4823867723b3d?s=96&d=mm&r=g","contentUrl":"https:\/\/secure.gravatar.com\/avatar\/443820550921091458b4823867723b3d?s=96&d=mm&r=g","caption":"gaprsa"},"url":"https:\/\/www.ull.es\/portal\/noticias\/author\/gaprsa\/"}]}},"primary_category":{"id":345,"name":"Destacado","slug":"destacado","link":"https:\/\/www.ull.es\/portal\/noticias\/category\/destacado\/"},"featured_image_thumbnail_url":"https:\/\/www.ull.es\/portal\/noticias\/wp-content\/uploads\/sites\/13\/2024\/07\/torralvo-300x224.jpg","_links":{"self":[{"href":"https:\/\/www.ull.es\/portal\/noticias\/wp-json\/wp\/v2\/posts\/76957"}],"collection":[{"href":"https:\/\/www.ull.es\/portal\/noticias\/wp-json\/wp\/v2\/posts"}],"about":[{"href":"https:\/\/www.ull.es\/portal\/noticias\/wp-json\/wp\/v2\/types\/post"}],"author":[{"embeddable":true,"href":"https:\/\/www.ull.es\/portal\/noticias\/wp-json\/wp\/v2\/users\/23"}],"replies":[{"embeddable":true,"href":"https:\/\/www.ull.es\/portal\/noticias\/wp-json\/wp\/v2\/comments?post=76957"}],"version-history":[{"count":1,"href":"https:\/\/www.ull.es\/portal\/noticias\/wp-json\/wp\/v2\/posts\/76957\/revisions"}],"predecessor-version":[{"id":76960,"href":"https:\/\/www.ull.es\/portal\/noticias\/wp-json\/wp\/v2\/posts\/76957\/revisions\/76960"}],"wp:featuredmedia":[{"embeddable":true,"href":"https:\/\/www.ull.es\/portal\/noticias\/wp-json\/wp\/v2\/media\/76958"}],"wp:attachment":[{"href":"https:\/\/www.ull.es\/portal\/noticias\/wp-json\/wp\/v2\/media?parent=76957"}],"wp:term":[{"taxonomy":"category","embeddable":true,"href":"https:\/\/www.ull.es\/portal\/noticias\/wp-json\/wp\/v2\/categories?post=76957"},{"taxonomy":"post_tag","embeddable":true,"href":"https:\/\/www.ull.es\/portal\/noticias\/wp-json\/wp\/v2\/tags?post=76957"}],"curies":[{"name":"wp","href":"https:\/\/api.w.org\/{rel}","templated":true}]}}