{"id":77002,"date":"2024-07-30T11:34:46","date_gmt":"2024-07-30T11:34:46","guid":{"rendered":"https:\/\/www.ull.es\/portal\/noticias\/?p=77002"},"modified":"2024-07-30T11:34:46","modified_gmt":"2024-07-30T11:34:46","slug":"programa-aprendizaje-servicio-ull-cabildo-tenerife-premio-congreso","status":"publish","type":"post","link":"https:\/\/www.ull.es\/portal\/noticias\/2024\/programa-aprendizaje-servicio-ull-cabildo-tenerife-premio-congreso\/","title":{"rendered":"El programa de Aprendizaje-Servicio ULL- Cabildo de Tenerife obtiene un premio en un congreso nacional"},"content":{"rendered":"<p>El <a href=\"https:\/\/www.ull.es\/portal\/aprendizajeservicio\/\" target=\"_blank\" rel=\"noopener\" target=\"_blank\" rel=\"noopener\">programa de Aprendizaje-Servicio<\/a> (ApS) de la Universidad de La Laguna y el Cabildo de Tenerife ha sido galardonado con el premio a la mejor ponencia en la categor\u00eda \u00abEstrategias para incorporar la Sostenibilidad en el Aula\u00bb en el II Congreso Anual sobre Sostenibilidad en el Marco de la Educaci\u00f3n Superior (<a href=\"https:\/\/esdeveniments.uv.es\/115296\/detail\/ii-congreso-anual-sobre-sostenibilidad-en-el-marco-de-la-educacion-superior-casmes24.html\" target=\"_blank\" rel=\"noopener\" target=\"_blank\" rel=\"noopener\">CASMES 2024<\/a>), celebrado del 8 al 9 de julio de 2024 en la Facultad de Econom\u00eda de la Universidad de Valencia.<\/p>\n<p>La ponencia premiada, titulada \u00abPresentaci\u00f3n de los Objetivos de Desarrollo Sostenible a trav\u00e9s del Aprendizaje-Servicio en la Universidad de La Laguna\u00bb, plantea los impactos de sostenibilidad de los proyectos visibilizados por el programa en los \u00faltimos tres cursos acad\u00e9micos. La metodolog\u00eda de ApS a\u00fana la adquisici\u00f3n de competencias con el servicio a la comunidad, aportando soluciones a las problem\u00e1ticas locales en consonancia con los Objetivos Canarios de Desarrollo Sostenible (OCDS).<\/p>\n<p>Durante la presentaci\u00f3n, la directora acad\u00e9mica del programa, Mar\u00eda Gabino Campos, y la doctoranda Aura Padilla Mart\u00ednez, destacaron c\u00f3mo el ApS se ha convertido, poco a poco, en una herramienta fundamental para fomentar el compromiso y la responsabilidad social entre el estudiantado de la Universidad de La Laguna. Los proyectos presentados ejemplificaron c\u00f3mo esta metodolog\u00eda puede ser un motor de cambio para el futuro.<\/p>\n<p>El Congreso CASMES 2024 reuni\u00f3 a expertos y profesionales de diversas disciplinas para abordar tem\u00e1ticas relacionadas con la sostenibilidad en la educaci\u00f3n superior. La participaci\u00f3n del programa ApS ULL-Cabildo en este evento ha permitido visibilizar el trabajo que se desarrolla en la instituci\u00f3n acad\u00e9mica en materia de aprendizaje-servicio y sostenibilidad, y compartir experiencias y buenas pr\u00e1cticas con otras instituciones.<\/p>\n","protected":false},"excerpt":{"rendered":"<p>El programa de Aprendizaje-Servicio (ApS) de la Universidad de La Laguna y el Cabildo de Tenerife ha sido galardonado con&#8230;<\/p>\n","protected":false},"author":21,"featured_media":77003,"comment_status":"closed","ping_status":"closed","sticky":false,"template":"","format":"standard","meta":{"inline_featured_image":false,"footnotes":""},"categories":[8225,345,346,2765],"tags":[3421,7040,11057,11058],"acf":[],"yoast_head":"<!-- This site is optimized with the Yoast SEO plugin v21.3 - https:\/\/yoast.com\/wordpress\/plugins\/seo\/ -->\n<title>El programa Aprendizaje-Servicio ULL, premiado en un congreso<\/title>\n<meta name=\"description\" content=\"Este programa apoyado por el Cabildo de Tenerife fue premiado en el categor\u00eda sobre estrategias para incorporar la Sostenibilidad en el Aula.\" \/>\n<meta name=\"robots\" content=\"index, follow, max-snippet:-1, max-image-preview:large, max-video-preview:-1\" \/>\n<link rel=\"canonical\" href=\"https:\/\/www.ull.es\/portal\/noticias\/2024\/programa-aprendizaje-servicio-ull-cabildo-tenerife-premio-congreso\/\" \/>\n<meta property=\"og:locale\" content=\"es_ES\" \/>\n<meta property=\"og:type\" content=\"article\" \/>\n<meta property=\"og:title\" content=\"El programa Aprendizaje-Servicio ULL, premiado en un congreso\" \/>\n<meta property=\"og:description\" content=\"Este programa apoyado por el Cabildo de Tenerife fue premiado en el categor\u00eda sobre estrategias para incorporar la Sostenibilidad en el Aula.\" \/>\n<meta property=\"og:url\" content=\"https:\/\/www.ull.es\/portal\/noticias\/2024\/programa-aprendizaje-servicio-ull-cabildo-tenerife-premio-congreso\/\" \/>\n<meta property=\"og:site_name\" content=\"ULL - Noticias\" \/>\n<meta property=\"article:publisher\" content=\"https:\/\/www.facebook.com\/universidaddelalaguna\/\" \/>\n<meta property=\"article:published_time\" content=\"2024-07-30T11:34:46+00:00\" \/>\n<meta property=\"og:image\" content=\"https:\/\/www.ull.es\/portal\/noticias\/wp-content\/uploads\/sites\/13\/2024\/07\/Maria-Gabino-Aura-Garcia-ApS.jpg\" \/>\n\t<meta property=\"og:image:width\" content=\"1200\" \/>\n\t<meta property=\"og:image:height\" content=\"800\" \/>\n\t<meta property=\"og:image:type\" content=\"image\/jpeg\" \/>\n<meta name=\"author\" content=\"prensa2\" \/>\n<meta name=\"twitter:card\" content=\"summary_large_image\" \/>\n<meta name=\"twitter:creator\" content=\"@CanalULL\" \/>\n<meta name=\"twitter:site\" content=\"@CanalULL\" \/>\n<meta name=\"twitter:label1\" content=\"Escrito por\" \/>\n\t<meta name=\"twitter:data1\" content=\"prensa2\" \/>\n\t<meta name=\"twitter:label2\" content=\"Tiempo de lectura\" \/>\n\t<meta name=\"twitter:data2\" content=\"2 minutos\" \/>\n<script type=\"application\/ld+json\" class=\"yoast-schema-graph\">{\"@context\":\"https:\/\/schema.org\",\"@graph\":[{\"@type\":\"WebPage\",\"@id\":\"https:\/\/www.ull.es\/portal\/noticias\/2024\/programa-aprendizaje-servicio-ull-cabildo-tenerife-premio-congreso\/\",\"url\":\"https:\/\/www.ull.es\/portal\/noticias\/2024\/programa-aprendizaje-servicio-ull-cabildo-tenerife-premio-congreso\/\",\"name\":\"El programa Aprendizaje-Servicio ULL, premiado en un congreso\",\"isPartOf\":{\"@id\":\"https:\/\/www.ull.es\/portal\/noticias\/#website\"},\"datePublished\":\"2024-07-30T11:34:46+00:00\",\"dateModified\":\"2024-07-30T11:34:46+00:00\",\"author\":{\"@id\":\"https:\/\/www.ull.es\/portal\/noticias\/#\/schema\/person\/c3b2aa857797592927a03740d6664376\"},\"description\":\"Este programa apoyado por el Cabildo de Tenerife fue premiado en el categor\u00eda sobre estrategias para incorporar la Sostenibilidad en el Aula.\",\"breadcrumb\":{\"@id\":\"https:\/\/www.ull.es\/portal\/noticias\/2024\/programa-aprendizaje-servicio-ull-cabildo-tenerife-premio-congreso\/#breadcrumb\"},\"inLanguage\":\"es\",\"potentialAction\":[{\"@type\":\"ReadAction\",\"target\":[\"https:\/\/www.ull.es\/portal\/noticias\/2024\/programa-aprendizaje-servicio-ull-cabildo-tenerife-premio-congreso\/\"]}]},{\"@type\":\"BreadcrumbList\",\"@id\":\"https:\/\/www.ull.es\/portal\/noticias\/2024\/programa-aprendizaje-servicio-ull-cabildo-tenerife-premio-congreso\/#breadcrumb\",\"itemListElement\":[{\"@type\":\"ListItem\",\"position\":1,\"name\":\"Portada\",\"item\":\"https:\/\/www.ull.es\/portal\/noticias\/\"},{\"@type\":\"ListItem\",\"position\":2,\"name\":\"El programa de Aprendizaje-Servicio ULL- Cabildo de Tenerife obtiene un premio en un congreso nacional\"}]},{\"@type\":\"WebSite\",\"@id\":\"https:\/\/www.ull.es\/portal\/noticias\/#website\",\"url\":\"https:\/\/www.ull.es\/portal\/noticias\/\",\"name\":\"ULL - Noticias\",\"description\":\"\",\"potentialAction\":[{\"@type\":\"SearchAction\",\"target\":{\"@type\":\"EntryPoint\",\"urlTemplate\":\"https:\/\/www.ull.es\/portal\/noticias\/?s={search_term_string}\"},\"query-input\":\"required name=search_term_string\"}],\"inLanguage\":\"es\"},{\"@type\":\"Person\",\"@id\":\"https:\/\/www.ull.es\/portal\/noticias\/#\/schema\/person\/c3b2aa857797592927a03740d6664376\",\"name\":\"prensa2\",\"image\":{\"@type\":\"ImageObject\",\"inLanguage\":\"es\",\"@id\":\"https:\/\/www.ull.es\/portal\/noticias\/#\/schema\/person\/image\/\",\"url\":\"https:\/\/secure.gravatar.com\/avatar\/b58f310a5de5feb33d1e026d2493f23c?s=96&d=mm&r=g\",\"contentUrl\":\"https:\/\/secure.gravatar.com\/avatar\/b58f310a5de5feb33d1e026d2493f23c?s=96&d=mm&r=g\",\"caption\":\"prensa2\"},\"url\":\"https:\/\/www.ull.es\/portal\/noticias\/author\/prensa2\/\"}]}<\/script>\n<!-- \/ Yoast SEO plugin. -->","yoast_head_json":{"title":"El programa Aprendizaje-Servicio ULL, premiado en un congreso","description":"Este programa apoyado por el Cabildo de Tenerife fue premiado en el categor\u00eda sobre estrategias para incorporar la Sostenibilidad en el Aula.","robots":{"index":"index","follow":"follow","max-snippet":"max-snippet:-1","max-image-preview":"max-image-preview:large","max-video-preview":"max-video-preview:-1"},"canonical":"https:\/\/www.ull.es\/portal\/noticias\/2024\/programa-aprendizaje-servicio-ull-cabildo-tenerife-premio-congreso\/","og_locale":"es_ES","og_type":"article","og_title":"El programa Aprendizaje-Servicio ULL, premiado en un congreso","og_description":"Este programa apoyado por el Cabildo de Tenerife fue premiado en el categor\u00eda sobre estrategias para incorporar la Sostenibilidad en el Aula.","og_url":"https:\/\/www.ull.es\/portal\/noticias\/2024\/programa-aprendizaje-servicio-ull-cabildo-tenerife-premio-congreso\/","og_site_name":"ULL - Noticias","article_publisher":"https:\/\/www.facebook.com\/universidaddelalaguna\/","article_published_time":"2024-07-30T11:34:46+00:00","og_image":[{"width":1200,"height":800,"url":"https:\/\/www.ull.es\/portal\/noticias\/wp-content\/uploads\/sites\/13\/2024\/07\/Maria-Gabino-Aura-Garcia-ApS.jpg","type":"image\/jpeg"}],"author":"prensa2","twitter_card":"summary_large_image","twitter_creator":"@CanalULL","twitter_site":"@CanalULL","twitter_misc":{"Escrito por":"prensa2","Tiempo de lectura":"2 minutos"},"schema":{"@context":"https:\/\/schema.org","@graph":[{"@type":"WebPage","@id":"https:\/\/www.ull.es\/portal\/noticias\/2024\/programa-aprendizaje-servicio-ull-cabildo-tenerife-premio-congreso\/","url":"https:\/\/www.ull.es\/portal\/noticias\/2024\/programa-aprendizaje-servicio-ull-cabildo-tenerife-premio-congreso\/","name":"El programa Aprendizaje-Servicio ULL, premiado en un congreso","isPartOf":{"@id":"https:\/\/www.ull.es\/portal\/noticias\/#website"},"datePublished":"2024-07-30T11:34:46+00:00","dateModified":"2024-07-30T11:34:46+00:00","author":{"@id":"https:\/\/www.ull.es\/portal\/noticias\/#\/schema\/person\/c3b2aa857797592927a03740d6664376"},"description":"Este programa apoyado por el Cabildo de Tenerife fue premiado en el categor\u00eda sobre estrategias para incorporar la Sostenibilidad en el Aula.","breadcrumb":{"@id":"https:\/\/www.ull.es\/portal\/noticias\/2024\/programa-aprendizaje-servicio-ull-cabildo-tenerife-premio-congreso\/#breadcrumb"},"inLanguage":"es","potentialAction":[{"@type":"ReadAction","target":["https:\/\/www.ull.es\/portal\/noticias\/2024\/programa-aprendizaje-servicio-ull-cabildo-tenerife-premio-congreso\/"]}]},{"@type":"BreadcrumbList","@id":"https:\/\/www.ull.es\/portal\/noticias\/2024\/programa-aprendizaje-servicio-ull-cabildo-tenerife-premio-congreso\/#breadcrumb","itemListElement":[{"@type":"ListItem","position":1,"name":"Portada","item":"https:\/\/www.ull.es\/portal\/noticias\/"},{"@type":"ListItem","position":2,"name":"El programa de Aprendizaje-Servicio ULL- Cabildo de Tenerife obtiene un premio en un congreso nacional"}]},{"@type":"WebSite","@id":"https:\/\/www.ull.es\/portal\/noticias\/#website","url":"https:\/\/www.ull.es\/portal\/noticias\/","name":"ULL - Noticias","description":"","potentialAction":[{"@type":"SearchAction","target":{"@type":"EntryPoint","urlTemplate":"https:\/\/www.ull.es\/portal\/noticias\/?s={search_term_string}"},"query-input":"required name=search_term_string"}],"inLanguage":"es"},{"@type":"Person","@id":"https:\/\/www.ull.es\/portal\/noticias\/#\/schema\/person\/c3b2aa857797592927a03740d6664376","name":"prensa2","image":{"@type":"ImageObject","inLanguage":"es","@id":"https:\/\/www.ull.es\/portal\/noticias\/#\/schema\/person\/image\/","url":"https:\/\/secure.gravatar.com\/avatar\/b58f310a5de5feb33d1e026d2493f23c?s=96&d=mm&r=g","contentUrl":"https:\/\/secure.gravatar.com\/avatar\/b58f310a5de5feb33d1e026d2493f23c?s=96&d=mm&r=g","caption":"prensa2"},"url":"https:\/\/www.ull.es\/portal\/noticias\/author\/prensa2\/"}]}},"primary_category":{"id":345,"name":"Destacado","slug":"destacado","link":"https:\/\/www.ull.es\/portal\/noticias\/category\/destacado\/"},"featured_image_thumbnail_url":"https:\/\/www.ull.es\/portal\/noticias\/wp-content\/uploads\/sites\/13\/2024\/07\/Maria-Gabino-Aura-Garcia-ApS-300x200.jpg","_links":{"self":[{"href":"https:\/\/www.ull.es\/portal\/noticias\/wp-json\/wp\/v2\/posts\/77002"}],"collection":[{"href":"https:\/\/www.ull.es\/portal\/noticias\/wp-json\/wp\/v2\/posts"}],"about":[{"href":"https:\/\/www.ull.es\/portal\/noticias\/wp-json\/wp\/v2\/types\/post"}],"author":[{"embeddable":true,"href":"https:\/\/www.ull.es\/portal\/noticias\/wp-json\/wp\/v2\/users\/21"}],"replies":[{"embeddable":true,"href":"https:\/\/www.ull.es\/portal\/noticias\/wp-json\/wp\/v2\/comments?post=77002"}],"version-history":[{"count":1,"href":"https:\/\/www.ull.es\/portal\/noticias\/wp-json\/wp\/v2\/posts\/77002\/revisions"}],"predecessor-version":[{"id":77004,"href":"https:\/\/www.ull.es\/portal\/noticias\/wp-json\/wp\/v2\/posts\/77002\/revisions\/77004"}],"wp:featuredmedia":[{"embeddable":true,"href":"https:\/\/www.ull.es\/portal\/noticias\/wp-json\/wp\/v2\/media\/77003"}],"wp:attachment":[{"href":"https:\/\/www.ull.es\/portal\/noticias\/wp-json\/wp\/v2\/media?parent=77002"}],"wp:term":[{"taxonomy":"category","embeddable":true,"href":"https:\/\/www.ull.es\/portal\/noticias\/wp-json\/wp\/v2\/categories?post=77002"},{"taxonomy":"post_tag","embeddable":true,"href":"https:\/\/www.ull.es\/portal\/noticias\/wp-json\/wp\/v2\/tags?post=77002"}],"curies":[{"name":"wp","href":"https:\/\/api.w.org\/{rel}","templated":true}]}}