{"id":77087,"date":"2024-08-05T07:59:50","date_gmt":"2024-08-05T07:59:50","guid":{"rendered":"https:\/\/www.ull.es\/portal\/noticias\/?p=77087"},"modified":"2024-08-05T09:12:58","modified_gmt":"2024-08-05T09:12:58","slug":"ull-ulpgc-colaboraran-nueva-convocatoria-proyectos-innovacion-educativa","status":"publish","type":"post","link":"https:\/\/www.ull.es\/portal\/noticias\/2024\/ull-ulpgc-colaboraran-nueva-convocatoria-proyectos-innovacion-educativa\/","title":{"rendered":"La ULL y la ULPGC colaborar\u00e1n en una nueva convocatoria de proyectos de innovaci\u00f3n educativa"},"content":{"rendered":"<p>La Universidad de Las Palmas de Gran Canaria ha resuelto la convocatoria de <a id=\"m_-1673641783101221716m_-7386332156639331748OWA5065dc68-9b1d-9495-cd76-eea5fb678db8\" href=\"https:\/\/www.ulpgc.es\/innovacion-educativa\/convocatoria-2024\" target=\"_blank\" rel=\"noopener noreferrer\" data-saferedirecturl=\"https:\/\/www.google.com\/url?q=https:\/\/www.ulpgc.es\/innovacion-educativa\/convocatoria-2024&amp;source=gmail&amp;ust=1722929611397000&amp;usg=AOvVaw3hnPRALKmwGze8c5OKsPFH\" target=\"_blank\" rel=\"noopener\">Proyectos de Innovaci\u00f3n Educativa 2024<\/a>\u00a0financiando con casi 40.000 euros\u00a0a un total de\u00a018 nuevos proyectos, que, por primera vez en su historia, est\u00e1n desarrollados y coordinados por profesorado y personal investigador de la ULPGC y de la Universidad de La Laguna, con el fin de favorecer la calidad de las ense\u00f1anzas oficiales de las universidades p\u00fablicas canarias.<\/p>\n<p>Estos 18 nuevos proyectos se suman a los 60 que se pusieron en marcha en las convocatorias pos pandemia, de los a\u00f1os 2021, 2022 y 2023, lo que ha supuesto que la ULPGC haya destinado en estos \u00faltimos a\u00f1os m\u00e1s de 150.000 euros al desarrollo de proyectos que prestan especial atenci\u00f3n al dise\u00f1o, desarrollo y evaluaci\u00f3n de pr\u00e1cticas docentes innovadoras que favorecen el aprendizaje del alumnado.<\/p>\n<p>\u201cLa uni\u00f3n de la ULPGC y la ULL en el planteamiento de proyectos interuniversitarios es una muestra m\u00e1s de la buena sinton\u00eda y colaboraci\u00f3n que se est\u00e1 llevando a cabo entre las dos universidades p\u00fablicas canarias y supone una nueva modalidad de proyectos que ha tenido gran acogida por parte del profesorado y del personal investigador de ambas universidades. No en vano, esta ha sido la convocatoria m\u00e1s competitiva de los \u00faltimos a\u00f1os, con una tasa de aceptaci\u00f3n del 52.94%, financiando 18 de las 34 propuestas recibidas\u201d, explica el Director de Innovaci\u00f3n Educativa y Formaci\u00f3n del Profesorado de la ULPGC,\u00a0Eduardo Quevedo.<\/p>\n<p>Los 18 proyectos aprobados en esta convocatoria, por orden de puntuaci\u00f3n, han sido los siguientes:<\/p>\n<div>1. CHALLENGINE<\/div>\n<div>2. PI\u00c9LAGO: Proyecto de innovaci\u00f3n educativa Laboratorios de Aprendizaje Grupal Orientado.<\/div>\n<div>3. Aprendizaje colaborativo y TFG: un t\u00e1ndem perfecto.<\/div>\n<div>4. AI-RUBRIC: Co-creaci\u00f3n de r\u00fabricas de evaluaci\u00f3n con IA para la ense\u00f1anza\/aprendizaje de ingl\u00e9s como lengua extranjera (EFL).<\/div>\n<div>5. El Dise\u00f1o como impulsor de la transformaci\u00f3n econ\u00f3mica, social y medioambiental en Canarias (TransformaDise\u00f1o).<\/div>\n<div>6. MICRO-PROBLEM: Uso conjunto de micro-learning y aprendizaje basado en problemas para reducir el abandono en los estudios de ingenier\u00eda.<\/div>\n<div>7. Uso de estrategias de divulgaci\u00f3n cient\u00edfico\/t\u00e9cnica como herramienta de mejora de aprendizaje.<\/div>\n<div>8. Aplicaci\u00f3n de la Inteligencia Artificial Generativa para el aprendizaje en asignaturas de gesti\u00f3n de empresas.<\/div>\n<div>9. Aplicar la palabra para atravesar jurisdicciones: la mejora de la expresi\u00f3n escrita y oral para juristas en un mundo globalizado.<\/div>\n<div>10. El aprendizaje-servicio universitario desde la actividad f\u00edsica y el deporte y su aplicaci\u00f3n en contextos de justicia juvenil. Una propuesta para la inclusi\u00f3n social.<\/div>\n<div>11. Del aula al barrio por la convivencia ciudadana intercultural.<\/div>\n<div>12. Aplicaci\u00f3n de metodolog\u00edas interactivas y de aprendizaje colaborativo para la ense\u00f1anza de Microeconom\u00eda y Macroeconom\u00eda.<\/div>\n<div>13. La inteligencia artificial como herramienta complementaria para el desarrollo de las soft skills en asignaturas el \u00e1rea de organizaci\u00f3n de empresas.<\/div>\n<div>14. Implementaci\u00f3n del Enfoque One Health en Ciencias de la Salud y de la Vida:\u00a0 Integraci\u00f3n Interdisciplinaria y Desarrollo de Competencias Transversales.<\/div>\n<div>15. Laboratorio de Innovaci\u00f3n Social Feminista. Aprendizaje basado en Proyectos para la transformaci\u00f3n social.<\/div>\n<div>16. Est\u00edmulo del talento matem\u00e1tico a trav\u00e9s del pensamiento computacional: un enfoque basado en el aprendizaje-servicio\u00bb.<\/div>\n<div>17. Mejora del aprendizaje colaborativo en entornos de laboratorio mediante el uso de gemelo digital (Unilab).<\/div>\n<div>18. Mejora de la motivaci\u00f3n del alumnado a trav\u00e9s del uso de Inteligencia Artificial Generativa.<\/div>\n<p>Asimismo, el Director de Innovaci\u00f3n Educativa y Formaci\u00f3n del Profesorado destaca que el hecho de que las convocatorias de Proyectos de Innovaci\u00f3n Educativa se conciban en la ULPGC como una convocatoria para proyectos competitivos, con financiaci\u00f3n asociada, ha favorecido el importante crecimiento de Grupos de Innovaci\u00f3n Educativa en la Universidad grancanaria durante los \u00faltimos tres a\u00f1os; pr\u00e1cticamente duplic\u00e1ndose, pasando de 31 a 61 grupos, fomentando la participaci\u00f3n de profesorado y personal investigador de todas las \u00e1reas de conocimiento.<\/p>\n<p>(Nota y foto cedidas por la ULPGC)<\/p>\n","protected":false},"excerpt":{"rendered":"<p>La Universidad de Las Palmas de Gran Canaria ha resuelto la convocatoria de Proyectos de Innovaci\u00f3n Educativa 2024\u00a0financiando con casi&#8230;<\/p>\n","protected":false},"author":21,"featured_media":77088,"comment_status":"closed","ping_status":"closed","sticky":false,"template":"","format":"standard","meta":{"inline_featured_image":false,"footnotes":""},"categories":[345,350,2765],"tags":[3886,9803,2538],"acf":[],"yoast_head":"<!-- This site is optimized with the Yoast SEO plugin v21.3 - https:\/\/yoast.com\/wordpress\/plugins\/seo\/ -->\n<title>ULL y ULPGC colaborar\u00e1n en proyectos de innovaci\u00f3n educativa<\/title>\n<meta name=\"description\" content=\"En esta convocatoria, la universidad palmense abre la posibilidad a que puedan concurrir en los proyectos investigadores del centro tinerfe\u00f1o.\" \/>\n<meta name=\"robots\" content=\"index, follow, max-snippet:-1, max-image-preview:large, max-video-preview:-1\" \/>\n<link rel=\"canonical\" href=\"https:\/\/www.ull.es\/portal\/noticias\/2024\/ull-ulpgc-colaboraran-nueva-convocatoria-proyectos-innovacion-educativa\/\" \/>\n<meta property=\"og:locale\" content=\"es_ES\" \/>\n<meta property=\"og:type\" content=\"article\" \/>\n<meta property=\"og:title\" content=\"ULL y ULPGC colaborar\u00e1n en proyectos de innovaci\u00f3n educativa\" \/>\n<meta property=\"og:description\" content=\"En esta convocatoria, la universidad palmense abre la posibilidad a que puedan concurrir en los proyectos investigadores del centro tinerfe\u00f1o.\" \/>\n<meta property=\"og:url\" content=\"https:\/\/www.ull.es\/portal\/noticias\/2024\/ull-ulpgc-colaboraran-nueva-convocatoria-proyectos-innovacion-educativa\/\" \/>\n<meta property=\"og:site_name\" content=\"ULL - Noticias\" \/>\n<meta property=\"article:publisher\" content=\"https:\/\/www.facebook.com\/universidaddelalaguna\/\" \/>\n<meta property=\"article:published_time\" content=\"2024-08-05T07:59:50+00:00\" \/>\n<meta property=\"article:modified_time\" content=\"2024-08-05T09:12:58+00:00\" \/>\n<meta property=\"og:image\" content=\"https:\/\/www.ull.es\/portal\/noticias\/wp-content\/uploads\/sites\/13\/2024\/08\/jornadas_coordinadores_grupos_innovacion_educativa.jpg\" \/>\n\t<meta property=\"og:image:width\" content=\"1200\" \/>\n\t<meta property=\"og:image:height\" content=\"800\" \/>\n\t<meta property=\"og:image:type\" content=\"image\/jpeg\" \/>\n<meta name=\"author\" content=\"prensa2\" \/>\n<meta name=\"twitter:card\" content=\"summary_large_image\" \/>\n<meta name=\"twitter:creator\" content=\"@CanalULL\" \/>\n<meta name=\"twitter:site\" content=\"@CanalULL\" \/>\n<meta name=\"twitter:label1\" content=\"Escrito por\" \/>\n\t<meta name=\"twitter:data1\" content=\"prensa2\" \/>\n\t<meta name=\"twitter:label2\" content=\"Tiempo de lectura\" \/>\n\t<meta name=\"twitter:data2\" content=\"3 minutos\" \/>\n<script type=\"application\/ld+json\" class=\"yoast-schema-graph\">{\"@context\":\"https:\/\/schema.org\",\"@graph\":[{\"@type\":\"WebPage\",\"@id\":\"https:\/\/www.ull.es\/portal\/noticias\/2024\/ull-ulpgc-colaboraran-nueva-convocatoria-proyectos-innovacion-educativa\/\",\"url\":\"https:\/\/www.ull.es\/portal\/noticias\/2024\/ull-ulpgc-colaboraran-nueva-convocatoria-proyectos-innovacion-educativa\/\",\"name\":\"ULL y ULPGC colaborar\u00e1n en proyectos de innovaci\u00f3n educativa\",\"isPartOf\":{\"@id\":\"https:\/\/www.ull.es\/portal\/noticias\/#website\"},\"datePublished\":\"2024-08-05T07:59:50+00:00\",\"dateModified\":\"2024-08-05T09:12:58+00:00\",\"author\":{\"@id\":\"https:\/\/www.ull.es\/portal\/noticias\/#\/schema\/person\/c3b2aa857797592927a03740d6664376\"},\"description\":\"En esta convocatoria, la universidad palmense abre la posibilidad a que puedan concurrir en los proyectos investigadores del centro tinerfe\u00f1o.\",\"breadcrumb\":{\"@id\":\"https:\/\/www.ull.es\/portal\/noticias\/2024\/ull-ulpgc-colaboraran-nueva-convocatoria-proyectos-innovacion-educativa\/#breadcrumb\"},\"inLanguage\":\"es\",\"potentialAction\":[{\"@type\":\"ReadAction\",\"target\":[\"https:\/\/www.ull.es\/portal\/noticias\/2024\/ull-ulpgc-colaboraran-nueva-convocatoria-proyectos-innovacion-educativa\/\"]}]},{\"@type\":\"BreadcrumbList\",\"@id\":\"https:\/\/www.ull.es\/portal\/noticias\/2024\/ull-ulpgc-colaboraran-nueva-convocatoria-proyectos-innovacion-educativa\/#breadcrumb\",\"itemListElement\":[{\"@type\":\"ListItem\",\"position\":1,\"name\":\"Portada\",\"item\":\"https:\/\/www.ull.es\/portal\/noticias\/\"},{\"@type\":\"ListItem\",\"position\":2,\"name\":\"La ULL y la ULPGC colaborar\u00e1n en una nueva convocatoria de proyectos de innovaci\u00f3n educativa\"}]},{\"@type\":\"WebSite\",\"@id\":\"https:\/\/www.ull.es\/portal\/noticias\/#website\",\"url\":\"https:\/\/www.ull.es\/portal\/noticias\/\",\"name\":\"ULL - Noticias\",\"description\":\"\",\"potentialAction\":[{\"@type\":\"SearchAction\",\"target\":{\"@type\":\"EntryPoint\",\"urlTemplate\":\"https:\/\/www.ull.es\/portal\/noticias\/?s={search_term_string}\"},\"query-input\":\"required name=search_term_string\"}],\"inLanguage\":\"es\"},{\"@type\":\"Person\",\"@id\":\"https:\/\/www.ull.es\/portal\/noticias\/#\/schema\/person\/c3b2aa857797592927a03740d6664376\",\"name\":\"prensa2\",\"image\":{\"@type\":\"ImageObject\",\"inLanguage\":\"es\",\"@id\":\"https:\/\/www.ull.es\/portal\/noticias\/#\/schema\/person\/image\/\",\"url\":\"https:\/\/secure.gravatar.com\/avatar\/b58f310a5de5feb33d1e026d2493f23c?s=96&d=mm&r=g\",\"contentUrl\":\"https:\/\/secure.gravatar.com\/avatar\/b58f310a5de5feb33d1e026d2493f23c?s=96&d=mm&r=g\",\"caption\":\"prensa2\"},\"url\":\"https:\/\/www.ull.es\/portal\/noticias\/author\/prensa2\/\"}]}<\/script>\n<!-- \/ Yoast SEO plugin. -->","yoast_head_json":{"title":"ULL y ULPGC colaborar\u00e1n en proyectos de innovaci\u00f3n educativa","description":"En esta convocatoria, la universidad palmense abre la posibilidad a que puedan concurrir en los proyectos investigadores del centro tinerfe\u00f1o.","robots":{"index":"index","follow":"follow","max-snippet":"max-snippet:-1","max-image-preview":"max-image-preview:large","max-video-preview":"max-video-preview:-1"},"canonical":"https:\/\/www.ull.es\/portal\/noticias\/2024\/ull-ulpgc-colaboraran-nueva-convocatoria-proyectos-innovacion-educativa\/","og_locale":"es_ES","og_type":"article","og_title":"ULL y ULPGC colaborar\u00e1n en proyectos de innovaci\u00f3n educativa","og_description":"En esta convocatoria, la universidad palmense abre la posibilidad a que puedan concurrir en los proyectos investigadores del centro tinerfe\u00f1o.","og_url":"https:\/\/www.ull.es\/portal\/noticias\/2024\/ull-ulpgc-colaboraran-nueva-convocatoria-proyectos-innovacion-educativa\/","og_site_name":"ULL - Noticias","article_publisher":"https:\/\/www.facebook.com\/universidaddelalaguna\/","article_published_time":"2024-08-05T07:59:50+00:00","article_modified_time":"2024-08-05T09:12:58+00:00","og_image":[{"width":1200,"height":800,"url":"https:\/\/www.ull.es\/portal\/noticias\/wp-content\/uploads\/sites\/13\/2024\/08\/jornadas_coordinadores_grupos_innovacion_educativa.jpg","type":"image\/jpeg"}],"author":"prensa2","twitter_card":"summary_large_image","twitter_creator":"@CanalULL","twitter_site":"@CanalULL","twitter_misc":{"Escrito por":"prensa2","Tiempo de lectura":"3 minutos"},"schema":{"@context":"https:\/\/schema.org","@graph":[{"@type":"WebPage","@id":"https:\/\/www.ull.es\/portal\/noticias\/2024\/ull-ulpgc-colaboraran-nueva-convocatoria-proyectos-innovacion-educativa\/","url":"https:\/\/www.ull.es\/portal\/noticias\/2024\/ull-ulpgc-colaboraran-nueva-convocatoria-proyectos-innovacion-educativa\/","name":"ULL y ULPGC colaborar\u00e1n en proyectos de innovaci\u00f3n educativa","isPartOf":{"@id":"https:\/\/www.ull.es\/portal\/noticias\/#website"},"datePublished":"2024-08-05T07:59:50+00:00","dateModified":"2024-08-05T09:12:58+00:00","author":{"@id":"https:\/\/www.ull.es\/portal\/noticias\/#\/schema\/person\/c3b2aa857797592927a03740d6664376"},"description":"En esta convocatoria, la universidad palmense abre la posibilidad a que puedan concurrir en los proyectos investigadores del centro tinerfe\u00f1o.","breadcrumb":{"@id":"https:\/\/www.ull.es\/portal\/noticias\/2024\/ull-ulpgc-colaboraran-nueva-convocatoria-proyectos-innovacion-educativa\/#breadcrumb"},"inLanguage":"es","potentialAction":[{"@type":"ReadAction","target":["https:\/\/www.ull.es\/portal\/noticias\/2024\/ull-ulpgc-colaboraran-nueva-convocatoria-proyectos-innovacion-educativa\/"]}]},{"@type":"BreadcrumbList","@id":"https:\/\/www.ull.es\/portal\/noticias\/2024\/ull-ulpgc-colaboraran-nueva-convocatoria-proyectos-innovacion-educativa\/#breadcrumb","itemListElement":[{"@type":"ListItem","position":1,"name":"Portada","item":"https:\/\/www.ull.es\/portal\/noticias\/"},{"@type":"ListItem","position":2,"name":"La ULL y la ULPGC colaborar\u00e1n en una nueva convocatoria de proyectos de innovaci\u00f3n educativa"}]},{"@type":"WebSite","@id":"https:\/\/www.ull.es\/portal\/noticias\/#website","url":"https:\/\/www.ull.es\/portal\/noticias\/","name":"ULL - Noticias","description":"","potentialAction":[{"@type":"SearchAction","target":{"@type":"EntryPoint","urlTemplate":"https:\/\/www.ull.es\/portal\/noticias\/?s={search_term_string}"},"query-input":"required name=search_term_string"}],"inLanguage":"es"},{"@type":"Person","@id":"https:\/\/www.ull.es\/portal\/noticias\/#\/schema\/person\/c3b2aa857797592927a03740d6664376","name":"prensa2","image":{"@type":"ImageObject","inLanguage":"es","@id":"https:\/\/www.ull.es\/portal\/noticias\/#\/schema\/person\/image\/","url":"https:\/\/secure.gravatar.com\/avatar\/b58f310a5de5feb33d1e026d2493f23c?s=96&d=mm&r=g","contentUrl":"https:\/\/secure.gravatar.com\/avatar\/b58f310a5de5feb33d1e026d2493f23c?s=96&d=mm&r=g","caption":"prensa2"},"url":"https:\/\/www.ull.es\/portal\/noticias\/author\/prensa2\/"}]}},"primary_category":{"id":345,"name":"Destacado","slug":"destacado","link":"https:\/\/www.ull.es\/portal\/noticias\/category\/destacado\/"},"featured_image_thumbnail_url":"https:\/\/www.ull.es\/portal\/noticias\/wp-content\/uploads\/sites\/13\/2024\/08\/jornadas_coordinadores_grupos_innovacion_educativa-300x200.jpg","_links":{"self":[{"href":"https:\/\/www.ull.es\/portal\/noticias\/wp-json\/wp\/v2\/posts\/77087"}],"collection":[{"href":"https:\/\/www.ull.es\/portal\/noticias\/wp-json\/wp\/v2\/posts"}],"about":[{"href":"https:\/\/www.ull.es\/portal\/noticias\/wp-json\/wp\/v2\/types\/post"}],"author":[{"embeddable":true,"href":"https:\/\/www.ull.es\/portal\/noticias\/wp-json\/wp\/v2\/users\/21"}],"replies":[{"embeddable":true,"href":"https:\/\/www.ull.es\/portal\/noticias\/wp-json\/wp\/v2\/comments?post=77087"}],"version-history":[{"count":5,"href":"https:\/\/www.ull.es\/portal\/noticias\/wp-json\/wp\/v2\/posts\/77087\/revisions"}],"predecessor-version":[{"id":77095,"href":"https:\/\/www.ull.es\/portal\/noticias\/wp-json\/wp\/v2\/posts\/77087\/revisions\/77095"}],"wp:featuredmedia":[{"embeddable":true,"href":"https:\/\/www.ull.es\/portal\/noticias\/wp-json\/wp\/v2\/media\/77088"}],"wp:attachment":[{"href":"https:\/\/www.ull.es\/portal\/noticias\/wp-json\/wp\/v2\/media?parent=77087"}],"wp:term":[{"taxonomy":"category","embeddable":true,"href":"https:\/\/www.ull.es\/portal\/noticias\/wp-json\/wp\/v2\/categories?post=77087"},{"taxonomy":"post_tag","embeddable":true,"href":"https:\/\/www.ull.es\/portal\/noticias\/wp-json\/wp\/v2\/tags?post=77087"}],"curies":[{"name":"wp","href":"https:\/\/api.w.org\/{rel}","templated":true}]}}