{"id":77173,"date":"2024-09-02T08:50:57","date_gmt":"2024-09-02T08:50:57","guid":{"rendered":"https:\/\/www.ull.es\/portal\/noticias\/?p=77173"},"modified":"2024-09-02T08:50:57","modified_gmt":"2024-09-02T08:50:57","slug":"la-universidad-de-verano-de-la-gomera-imparte-dos-cursos-formativos-en-el-mes-de-septiembre","status":"publish","type":"post","link":"https:\/\/www.ull.es\/portal\/noticias\/2024\/la-universidad-de-verano-de-la-gomera-imparte-dos-cursos-formativos-en-el-mes-de-septiembre\/","title":{"rendered":"La Universidad de Verano de La Gomera imparte dos cursos formativos en el mes de septiembre"},"content":{"rendered":"<p>La Universidad de Verano de La Gomera retoma su actividad formativa en la isla con la impartici\u00f3n de dos cursos durante el mes de septiembre. As\u00ed, la iniciativa acad\u00e9mica promovida por el Cabildo insular y la Universidad de La Laguna regresa a La Gomera para continuar con el itinerario formativo tras el periodo estival, esta vez, en el Sal\u00f3n de Plenos del Edificio Sede de la Instituci\u00f3n insular.<\/p>\n<p>De esta manera, la formaci\u00f3n sobre\u00a0\u00ab<a href=\"https:\/\/www.ull.es\/portal\/agenda\/evento\/tecnicas-estilos-y-estrategias-de-ensenanza\/\" target=\"_blank\" rel=\"noopener\" target=\"_blank\" rel=\"noopener\">T\u00e9cnicas, estilos y estrategias de ense\u00f1anza<\/a>\u00bb\u00a0ocupar\u00e1 los d\u00edas 4, 5 y 6 de septiembre. El curso pretende dotar al alumnado de informaci\u00f3n y propuestas pr\u00e1cticas transversales que permitan la aplicaci\u00f3n eficaz y eficiente de diferentes estrategias y t\u00e9cnicas espec\u00edficas para la ense\u00f1anza de actividades f\u00edsicas y\/o deportivas, a trav\u00e9s de diferentes din\u00e1micas que se puedan emplear en su d\u00eda a d\u00eda.<\/p>\n<p>El curso de\u00a0\u00ab<a href=\"https:\/\/www.ull.es\/portal\/agenda\/evento\/contaminacion-agroalimentaria\/\" target=\"_blank\" rel=\"noopener\" target=\"_blank\" rel=\"noopener\">Contaminaci\u00f3n agroalimentaria<\/a>\u00bb\u00a0se celebrar\u00e1 los d\u00edas 11, 12 y 13 de septiembre. Las sesiones formativas servir\u00e1n para reconocer la importante de un consumo seguro de alimentos, diferenciar entre calidad y seguridad, los principales contaminantes y las t\u00e9cnicas anal\u00edticas utilizadas para evaluar la seguridad.<\/p>\n<p>La Universidad de La Laguna, a trav\u00e9s del Vicerrectorado de Cultura y Extensi\u00f3n Universitaria, emitir\u00e1 un certificado de asistencia a todas aquellas personas que asistan a un m\u00ednimo del 80% de las horas lectivas presenciales de los cursos. Asimismo, aquellas personas que superen el trabajo aut\u00f3nomo del alumnado, recibir\u00e1n un certificado de asistencia y aprovechamiento, reconocible a su vez por un cr\u00e9dito ECTS.<\/p>\n<p><strong>Matr\u00edcula abierta<\/strong><\/p>\n<p>Contin\u00faa abierta la matr\u00edcula, de car\u00e1cter gratuito, para los dem\u00e1s cursos, que debe formalizarse de forma telem\u00e1tica<a href=\"https:\/\/www.ull.es\/cultura\/cursos-extension-universitaria\/universidad-de-verano-de-la-gomera\/\" target=\"_blank\" rel=\"noopener\" target=\"_blank\" rel=\"noopener\"> en\u00a0este enlace<\/a>.<\/p>\n<p>La Universidad de La Laguna, a trav\u00e9s del Vicerrectorado de Cultura y Extensi\u00f3n Universitaria, emitir\u00e1 un certificado de asistencia a todas aquellas personas que asistan a un m\u00ednimo del 80% de las horas lectivas presenciales de los cursos. Asimismo, aquellas personas que superen el trabajo aut\u00f3nomo del alumnado, recibir\u00e1n un certificado de asistencia y aprovechamiento, reconocible a su vez por un cr\u00e9dito ECTS.<\/p>\n","protected":false},"excerpt":{"rendered":"<p>La Universidad de Verano de La Gomera retoma su actividad formativa en la isla con la impartici\u00f3n de dos cursos&#8230;<\/p>\n","protected":false},"author":67,"featured_media":77174,"comment_status":"closed","ping_status":"closed","sticky":false,"template":"","format":"standard","meta":{"inline_featured_image":false,"footnotes":""},"categories":[345,348,2765],"tags":[2575],"acf":[],"yoast_head":"<!-- This site is optimized with the Yoast SEO plugin v21.3 - https:\/\/yoast.com\/wordpress\/plugins\/seo\/ -->\n<title>La Universidad de Verano de La Gomera imparte dos cursos formativos en el mes de septiembre - ULL - Noticias<\/title>\n<meta name=\"description\" content=\"La iniciativa acad\u00e9mica promovida por el Cabildo insular y la Universidad de La Laguna regresa a La Gomera para continuar con el itinerario formativo tras el periodo estival, esta vez, en el Sal\u00f3n de Plenos del Edificio Sede de la Instituci\u00f3n insular.\" \/>\n<meta name=\"robots\" content=\"index, follow, max-snippet:-1, max-image-preview:large, max-video-preview:-1\" \/>\n<link rel=\"canonical\" href=\"https:\/\/www.ull.es\/portal\/noticias\/2024\/la-universidad-de-verano-de-la-gomera-imparte-dos-cursos-formativos-en-el-mes-de-septiembre\/\" \/>\n<meta property=\"og:locale\" content=\"es_ES\" \/>\n<meta property=\"og:type\" content=\"article\" \/>\n<meta property=\"og:title\" content=\"La Universidad de Verano de La Gomera imparte dos cursos formativos en el mes de septiembre - ULL - Noticias\" \/>\n<meta property=\"og:description\" content=\"La iniciativa acad\u00e9mica promovida por el Cabildo insular y la Universidad de La Laguna regresa a La Gomera para continuar con el itinerario formativo tras el periodo estival, esta vez, en el Sal\u00f3n de Plenos del Edificio Sede de la Instituci\u00f3n insular.\" \/>\n<meta property=\"og:url\" content=\"https:\/\/www.ull.es\/portal\/noticias\/2024\/la-universidad-de-verano-de-la-gomera-imparte-dos-cursos-formativos-en-el-mes-de-septiembre\/\" \/>\n<meta property=\"og:site_name\" content=\"ULL - Noticias\" \/>\n<meta property=\"article:publisher\" content=\"https:\/\/www.facebook.com\/universidaddelalaguna\/\" \/>\n<meta property=\"article:published_time\" content=\"2024-09-02T08:50:57+00:00\" \/>\n<meta property=\"og:image\" content=\"https:\/\/www.ull.es\/portal\/noticias\/wp-content\/uploads\/sites\/13\/2024\/09\/BannerLaGomeraGenerico.png\" \/>\n\t<meta property=\"og:image:width\" content=\"750\" \/>\n\t<meta property=\"og:image:height\" content=\"370\" \/>\n\t<meta property=\"og:image:type\" content=\"image\/png\" \/>\n<meta name=\"author\" content=\"gcom5\" \/>\n<meta name=\"twitter:card\" content=\"summary_large_image\" \/>\n<meta name=\"twitter:creator\" content=\"@CanalULL\" \/>\n<meta name=\"twitter:site\" content=\"@CanalULL\" \/>\n<meta name=\"twitter:label1\" content=\"Escrito por\" \/>\n\t<meta name=\"twitter:data1\" content=\"gcom5\" \/>\n\t<meta name=\"twitter:label2\" content=\"Tiempo de lectura\" \/>\n\t<meta name=\"twitter:data2\" content=\"2 minutos\" \/>\n<script type=\"application\/ld+json\" class=\"yoast-schema-graph\">{\"@context\":\"https:\/\/schema.org\",\"@graph\":[{\"@type\":\"WebPage\",\"@id\":\"https:\/\/www.ull.es\/portal\/noticias\/2024\/la-universidad-de-verano-de-la-gomera-imparte-dos-cursos-formativos-en-el-mes-de-septiembre\/\",\"url\":\"https:\/\/www.ull.es\/portal\/noticias\/2024\/la-universidad-de-verano-de-la-gomera-imparte-dos-cursos-formativos-en-el-mes-de-septiembre\/\",\"name\":\"La Universidad de Verano de La Gomera imparte dos cursos formativos en el mes de septiembre - ULL - Noticias\",\"isPartOf\":{\"@id\":\"https:\/\/www.ull.es\/portal\/noticias\/#website\"},\"datePublished\":\"2024-09-02T08:50:57+00:00\",\"dateModified\":\"2024-09-02T08:50:57+00:00\",\"author\":{\"@id\":\"https:\/\/www.ull.es\/portal\/noticias\/#\/schema\/person\/8027c6c4687adc2c90dc1532715d34df\"},\"description\":\"La iniciativa acad\u00e9mica promovida por el Cabildo insular y la Universidad de La Laguna regresa a La Gomera para continuar con el itinerario formativo tras el periodo estival, esta vez, en el Sal\u00f3n de Plenos del Edificio Sede de la Instituci\u00f3n insular.\",\"breadcrumb\":{\"@id\":\"https:\/\/www.ull.es\/portal\/noticias\/2024\/la-universidad-de-verano-de-la-gomera-imparte-dos-cursos-formativos-en-el-mes-de-septiembre\/#breadcrumb\"},\"inLanguage\":\"es\",\"potentialAction\":[{\"@type\":\"ReadAction\",\"target\":[\"https:\/\/www.ull.es\/portal\/noticias\/2024\/la-universidad-de-verano-de-la-gomera-imparte-dos-cursos-formativos-en-el-mes-de-septiembre\/\"]}]},{\"@type\":\"BreadcrumbList\",\"@id\":\"https:\/\/www.ull.es\/portal\/noticias\/2024\/la-universidad-de-verano-de-la-gomera-imparte-dos-cursos-formativos-en-el-mes-de-septiembre\/#breadcrumb\",\"itemListElement\":[{\"@type\":\"ListItem\",\"position\":1,\"name\":\"Portada\",\"item\":\"https:\/\/www.ull.es\/portal\/noticias\/\"},{\"@type\":\"ListItem\",\"position\":2,\"name\":\"La Universidad de Verano de La Gomera imparte dos cursos formativos en el mes de septiembre\"}]},{\"@type\":\"WebSite\",\"@id\":\"https:\/\/www.ull.es\/portal\/noticias\/#website\",\"url\":\"https:\/\/www.ull.es\/portal\/noticias\/\",\"name\":\"ULL - Noticias\",\"description\":\"\",\"potentialAction\":[{\"@type\":\"SearchAction\",\"target\":{\"@type\":\"EntryPoint\",\"urlTemplate\":\"https:\/\/www.ull.es\/portal\/noticias\/?s={search_term_string}\"},\"query-input\":\"required name=search_term_string\"}],\"inLanguage\":\"es\"},{\"@type\":\"Person\",\"@id\":\"https:\/\/www.ull.es\/portal\/noticias\/#\/schema\/person\/8027c6c4687adc2c90dc1532715d34df\",\"name\":\"gcom5\",\"image\":{\"@type\":\"ImageObject\",\"inLanguage\":\"es\",\"@id\":\"https:\/\/www.ull.es\/portal\/noticias\/#\/schema\/person\/image\/\",\"url\":\"https:\/\/secure.gravatar.com\/avatar\/8b3777f8048001fa57b88338ce5605b9?s=96&d=mm&r=g\",\"contentUrl\":\"https:\/\/secure.gravatar.com\/avatar\/8b3777f8048001fa57b88338ce5605b9?s=96&d=mm&r=g\",\"caption\":\"gcom5\"},\"url\":\"https:\/\/www.ull.es\/portal\/noticias\/author\/gcom5\/\"}]}<\/script>\n<!-- \/ Yoast SEO plugin. -->","yoast_head_json":{"title":"La Universidad de Verano de La Gomera imparte dos cursos formativos en el mes de septiembre - ULL - Noticias","description":"La iniciativa acad\u00e9mica promovida por el Cabildo insular y la Universidad de La Laguna regresa a La Gomera para continuar con el itinerario formativo tras el periodo estival, esta vez, en el Sal\u00f3n de Plenos del Edificio Sede de la Instituci\u00f3n insular.","robots":{"index":"index","follow":"follow","max-snippet":"max-snippet:-1","max-image-preview":"max-image-preview:large","max-video-preview":"max-video-preview:-1"},"canonical":"https:\/\/www.ull.es\/portal\/noticias\/2024\/la-universidad-de-verano-de-la-gomera-imparte-dos-cursos-formativos-en-el-mes-de-septiembre\/","og_locale":"es_ES","og_type":"article","og_title":"La Universidad de Verano de La Gomera imparte dos cursos formativos en el mes de septiembre - ULL - Noticias","og_description":"La iniciativa acad\u00e9mica promovida por el Cabildo insular y la Universidad de La Laguna regresa a La Gomera para continuar con el itinerario formativo tras el periodo estival, esta vez, en el Sal\u00f3n de Plenos del Edificio Sede de la Instituci\u00f3n insular.","og_url":"https:\/\/www.ull.es\/portal\/noticias\/2024\/la-universidad-de-verano-de-la-gomera-imparte-dos-cursos-formativos-en-el-mes-de-septiembre\/","og_site_name":"ULL - Noticias","article_publisher":"https:\/\/www.facebook.com\/universidaddelalaguna\/","article_published_time":"2024-09-02T08:50:57+00:00","og_image":[{"width":750,"height":370,"url":"https:\/\/www.ull.es\/portal\/noticias\/wp-content\/uploads\/sites\/13\/2024\/09\/BannerLaGomeraGenerico.png","type":"image\/png"}],"author":"gcom5","twitter_card":"summary_large_image","twitter_creator":"@CanalULL","twitter_site":"@CanalULL","twitter_misc":{"Escrito por":"gcom5","Tiempo de lectura":"2 minutos"},"schema":{"@context":"https:\/\/schema.org","@graph":[{"@type":"WebPage","@id":"https:\/\/www.ull.es\/portal\/noticias\/2024\/la-universidad-de-verano-de-la-gomera-imparte-dos-cursos-formativos-en-el-mes-de-septiembre\/","url":"https:\/\/www.ull.es\/portal\/noticias\/2024\/la-universidad-de-verano-de-la-gomera-imparte-dos-cursos-formativos-en-el-mes-de-septiembre\/","name":"La Universidad de Verano de La Gomera imparte dos cursos formativos en el mes de septiembre - ULL - Noticias","isPartOf":{"@id":"https:\/\/www.ull.es\/portal\/noticias\/#website"},"datePublished":"2024-09-02T08:50:57+00:00","dateModified":"2024-09-02T08:50:57+00:00","author":{"@id":"https:\/\/www.ull.es\/portal\/noticias\/#\/schema\/person\/8027c6c4687adc2c90dc1532715d34df"},"description":"La iniciativa acad\u00e9mica promovida por el Cabildo insular y la Universidad de La Laguna regresa a La Gomera para continuar con el itinerario formativo tras el periodo estival, esta vez, en el Sal\u00f3n de Plenos del Edificio Sede de la Instituci\u00f3n insular.","breadcrumb":{"@id":"https:\/\/www.ull.es\/portal\/noticias\/2024\/la-universidad-de-verano-de-la-gomera-imparte-dos-cursos-formativos-en-el-mes-de-septiembre\/#breadcrumb"},"inLanguage":"es","potentialAction":[{"@type":"ReadAction","target":["https:\/\/www.ull.es\/portal\/noticias\/2024\/la-universidad-de-verano-de-la-gomera-imparte-dos-cursos-formativos-en-el-mes-de-septiembre\/"]}]},{"@type":"BreadcrumbList","@id":"https:\/\/www.ull.es\/portal\/noticias\/2024\/la-universidad-de-verano-de-la-gomera-imparte-dos-cursos-formativos-en-el-mes-de-septiembre\/#breadcrumb","itemListElement":[{"@type":"ListItem","position":1,"name":"Portada","item":"https:\/\/www.ull.es\/portal\/noticias\/"},{"@type":"ListItem","position":2,"name":"La Universidad de Verano de La Gomera imparte dos cursos formativos en el mes de septiembre"}]},{"@type":"WebSite","@id":"https:\/\/www.ull.es\/portal\/noticias\/#website","url":"https:\/\/www.ull.es\/portal\/noticias\/","name":"ULL - Noticias","description":"","potentialAction":[{"@type":"SearchAction","target":{"@type":"EntryPoint","urlTemplate":"https:\/\/www.ull.es\/portal\/noticias\/?s={search_term_string}"},"query-input":"required name=search_term_string"}],"inLanguage":"es"},{"@type":"Person","@id":"https:\/\/www.ull.es\/portal\/noticias\/#\/schema\/person\/8027c6c4687adc2c90dc1532715d34df","name":"gcom5","image":{"@type":"ImageObject","inLanguage":"es","@id":"https:\/\/www.ull.es\/portal\/noticias\/#\/schema\/person\/image\/","url":"https:\/\/secure.gravatar.com\/avatar\/8b3777f8048001fa57b88338ce5605b9?s=96&d=mm&r=g","contentUrl":"https:\/\/secure.gravatar.com\/avatar\/8b3777f8048001fa57b88338ce5605b9?s=96&d=mm&r=g","caption":"gcom5"},"url":"https:\/\/www.ull.es\/portal\/noticias\/author\/gcom5\/"}]}},"primary_category":{"id":345,"name":"Destacado","slug":"destacado","link":"https:\/\/www.ull.es\/portal\/noticias\/category\/destacado\/"},"featured_image_thumbnail_url":"https:\/\/www.ull.es\/portal\/noticias\/wp-content\/uploads\/sites\/13\/2024\/09\/BannerLaGomeraGenerico-300x148.png","_links":{"self":[{"href":"https:\/\/www.ull.es\/portal\/noticias\/wp-json\/wp\/v2\/posts\/77173"}],"collection":[{"href":"https:\/\/www.ull.es\/portal\/noticias\/wp-json\/wp\/v2\/posts"}],"about":[{"href":"https:\/\/www.ull.es\/portal\/noticias\/wp-json\/wp\/v2\/types\/post"}],"author":[{"embeddable":true,"href":"https:\/\/www.ull.es\/portal\/noticias\/wp-json\/wp\/v2\/users\/67"}],"replies":[{"embeddable":true,"href":"https:\/\/www.ull.es\/portal\/noticias\/wp-json\/wp\/v2\/comments?post=77173"}],"version-history":[{"count":1,"href":"https:\/\/www.ull.es\/portal\/noticias\/wp-json\/wp\/v2\/posts\/77173\/revisions"}],"predecessor-version":[{"id":77175,"href":"https:\/\/www.ull.es\/portal\/noticias\/wp-json\/wp\/v2\/posts\/77173\/revisions\/77175"}],"wp:featuredmedia":[{"embeddable":true,"href":"https:\/\/www.ull.es\/portal\/noticias\/wp-json\/wp\/v2\/media\/77174"}],"wp:attachment":[{"href":"https:\/\/www.ull.es\/portal\/noticias\/wp-json\/wp\/v2\/media?parent=77173"}],"wp:term":[{"taxonomy":"category","embeddable":true,"href":"https:\/\/www.ull.es\/portal\/noticias\/wp-json\/wp\/v2\/categories?post=77173"},{"taxonomy":"post_tag","embeddable":true,"href":"https:\/\/www.ull.es\/portal\/noticias\/wp-json\/wp\/v2\/tags?post=77173"}],"curies":[{"name":"wp","href":"https:\/\/api.w.org\/{rel}","templated":true}]}}