{"id":77188,"date":"2024-09-02T11:41:41","date_gmt":"2024-09-02T11:41:41","guid":{"rendered":"https:\/\/www.ull.es\/portal\/noticias\/?p=77188"},"modified":"2024-09-02T11:41:41","modified_gmt":"2024-09-02T11:41:41","slug":"profesorado-de-la-universidad-de-la-laguna-abunda-en-el-desarrollo-de-la-cultura-local-de-guimar","status":"publish","type":"post","link":"https:\/\/www.ull.es\/portal\/noticias\/2024\/profesorado-de-la-universidad-de-la-laguna-abunda-en-el-desarrollo-de-la-cultura-local-de-guimar\/","title":{"rendered":"Profesorado de la Universidad de La Laguna abunda en el desarrollo de la cultura local de G\u00fc\u00edmar"},"content":{"rendered":"<p>El proyecto Pervivencias se desarrolla entre los d\u00edas 2 y 8 de septiembre en el caser\u00edo del Socorro, en <a href=\"https:\/\/www.guimar.es\/\" target=\"_blank\" rel=\"noopener\">G\u00fc\u00edmar<\/a>. Entre las numerosas actividades que se van a llevar a cabo durante esta semana destaca su programa de inmersi\u00f3n cultural, charlas y talleres para fortalecer los lazos de la comunidad con el territorio y la cultura local.\u00a0La coordinaci\u00f3n del proyecto corre a cargo de los profesores del Departamento de Sociolog\u00eda y Antropolog\u00eda de la Universidad de La Laguna <a href=\"https:\/\/portalciencia.ull.es\/investigadores\/118105\/detalle\" target=\"_blank\" rel=\"noopener\">Silvia C. Zelaya \u00c1lvarez<\/a> y <a href=\"https:\/\/portalciencia.ull.es\/investigadores\/118122\/detalle\" target=\"_blank\" rel=\"noopener\">Roberto Gil Hern\u00e1ndez<\/a>. Este proyecto nace para poner en valor uno de los acontecimientos culturales m\u00e1s singulares de la isla de Tenerife.<\/p>\n<p>Se han concedido seis becas en residencia a personas que tengan inter\u00e9s en investigar lo que sucede alrededor de las Fiestas del Socorro, en G\u00fc\u00edmar, buscando fortalecer los lazos de la comunidad con su territorio y cultura local. Durante una semana, quienes hayan resultado becados convivir\u00e1n con la poblaci\u00f3n local de este n\u00facleo costero.<\/p>\n<p>La iniciativa hace hincapi\u00e9 en el papel fundamental que cumplen los Guanches de G\u00fc\u00edmar en este evento. Entre las actividades previstas se encuentra la realizaci\u00f3n de trabajo etnogr\u00e1fico con la Asociaci\u00f3n Cultural Los Guanches de G\u00fc\u00edmar, que es la gran protagonista del proyecto.<\/p>\n<p>Pervivencias plantea que se documenten todos los actos de preparaci\u00f3n y ejecuci\u00f3n de la Ceremonia Guanche de la Bajada de la Virgen del Socorro. Adem\u00e1s, se llevar\u00e1 a cabo una serie de talleres formativos y charlas-debate abiertas al p\u00fablico en las instalaciones de la Asociaci\u00f3n de Vecinos Brisas del Mar, que se encuentra en el mismo n\u00facleo costero.<\/p>\n<p>En esta semana, a partir de las 17 horas, intervendr\u00e1n personas de consolidada experiencia en el estudio del patrimonio cultural de Canarias, entre los que cabe destacar la presencia de Eyda M. Merediz (profesora de la Universidad de Maryland, Estados Unidos), Manuel J. Lorenzo Perera (profesor jubilado de la Universidad de La Laguna y Premio Canarias de Cultura Popular) y Jos\u00e9 Antonio Ramos Arteaga (profesor de la Universidad de La Laguna).<\/p>\n<p><strong>Programa de charlas-debate<\/strong><\/p>\n<p>Lunes, 2 de septiembre:<\/p>\n<p>&#8211; Charla: \u2018Religiosidad y advocaciones marianas: aproximaci\u00f3n a los exvotos y la<br \/>\nsanaci\u00f3n en el siglo XXI\u2019, por Grecy P\u00e9rez Amores<\/p>\n<p>Martes, 3 de septiembre:<br \/>\n-Charla: \u2018El bucio en la Bajada del Socorro: identidad e historia cultural de un objeto<br \/>\nritual\u2019, por Ram\u00f3n Hern\u00e1ndez Armas<\/p>\n<p>Mi\u00e9rcoles 4 de septiembre:<br \/>\n-Charla: \u2018Guanches. Ayer y hoy\u2019, por Manuel Lorenzo Perera<\/p>\n<p>Jueves, 5 de septiembre:<br \/>\n&#8211; \u2018Religiosidad popular y teatro: \u00bfPor qu\u00e9 no hablan los guanches en la ceremonia?\u2019, por Jos\u00e9 Antonio Ramos Arteaga<\/p>\n<p>Viernes, 6 de septiembre a las 17 horas:<br \/>\n&#8211; Charla: \u2018La Virgen y los Guanches, viejos textos, nuevas rutas\u2019, por Eyda M. Merediz<\/p>\n","protected":false},"excerpt":{"rendered":"<p>El proyecto Pervivencias se desarrolla entre los d\u00edas 2 y 8 de septiembre en el caser\u00edo del Socorro, en G\u00fc\u00edmar&#8230;.<\/p>\n","protected":false},"author":23,"featured_media":77190,"comment_status":"closed","ping_status":"closed","sticky":false,"template":"","format":"standard","meta":{"inline_featured_image":false,"footnotes":""},"categories":[344,345,2765],"tags":[],"acf":[],"yoast_head":"<!-- This site is optimized with the Yoast SEO plugin v21.3 - https:\/\/yoast.com\/wordpress\/plugins\/seo\/ -->\n<title>Profesorado de la Universidad de La Laguna abunda en el desarrollo de la cultura local de G\u00fc\u00edmar - ULL - Noticias<\/title>\n<meta name=\"robots\" content=\"index, follow, max-snippet:-1, max-image-preview:large, max-video-preview:-1\" \/>\n<link rel=\"canonical\" href=\"https:\/\/www.ull.es\/portal\/noticias\/2024\/profesorado-de-la-universidad-de-la-laguna-abunda-en-el-desarrollo-de-la-cultura-local-de-guimar\/\" \/>\n<meta property=\"og:locale\" content=\"es_ES\" \/>\n<meta property=\"og:type\" content=\"article\" \/>\n<meta property=\"og:title\" content=\"Profesorado de la Universidad de La Laguna abunda en el desarrollo de la cultura local de G\u00fc\u00edmar - ULL - Noticias\" \/>\n<meta property=\"og:description\" content=\"El proyecto Pervivencias se desarrolla entre los d\u00edas 2 y 8 de septiembre en el caser\u00edo del Socorro, en G\u00fc\u00edmar....\" \/>\n<meta property=\"og:url\" content=\"https:\/\/www.ull.es\/portal\/noticias\/2024\/profesorado-de-la-universidad-de-la-laguna-abunda-en-el-desarrollo-de-la-cultura-local-de-guimar\/\" \/>\n<meta property=\"og:site_name\" content=\"ULL - Noticias\" \/>\n<meta property=\"article:publisher\" content=\"https:\/\/www.facebook.com\/universidaddelalaguna\/\" \/>\n<meta property=\"article:published_time\" content=\"2024-09-02T11:41:41+00:00\" \/>\n<meta property=\"og:image\" content=\"https:\/\/www.ull.es\/portal\/noticias\/wp-content\/uploads\/sites\/13\/2024\/09\/Cartel-Pervivencias-horizontal-1.jpg\" \/>\n\t<meta property=\"og:image:width\" content=\"1800\" \/>\n\t<meta property=\"og:image:height\" content=\"1273\" \/>\n\t<meta property=\"og:image:type\" content=\"image\/jpeg\" \/>\n<meta name=\"author\" content=\"gaprsa\" \/>\n<meta name=\"twitter:card\" content=\"summary_large_image\" \/>\n<meta name=\"twitter:creator\" content=\"@CanalULL\" \/>\n<meta name=\"twitter:site\" content=\"@CanalULL\" \/>\n<meta name=\"twitter:label1\" content=\"Escrito por\" \/>\n\t<meta name=\"twitter:data1\" content=\"gaprsa\" \/>\n\t<meta name=\"twitter:label2\" content=\"Tiempo de lectura\" \/>\n\t<meta name=\"twitter:data2\" content=\"3 minutos\" \/>\n<script type=\"application\/ld+json\" class=\"yoast-schema-graph\">{\"@context\":\"https:\/\/schema.org\",\"@graph\":[{\"@type\":\"WebPage\",\"@id\":\"https:\/\/www.ull.es\/portal\/noticias\/2024\/profesorado-de-la-universidad-de-la-laguna-abunda-en-el-desarrollo-de-la-cultura-local-de-guimar\/\",\"url\":\"https:\/\/www.ull.es\/portal\/noticias\/2024\/profesorado-de-la-universidad-de-la-laguna-abunda-en-el-desarrollo-de-la-cultura-local-de-guimar\/\",\"name\":\"Profesorado de la Universidad de La Laguna abunda en el desarrollo de la cultura local de G\u00fc\u00edmar - ULL - Noticias\",\"isPartOf\":{\"@id\":\"https:\/\/www.ull.es\/portal\/noticias\/#website\"},\"datePublished\":\"2024-09-02T11:41:41+00:00\",\"dateModified\":\"2024-09-02T11:41:41+00:00\",\"author\":{\"@id\":\"https:\/\/www.ull.es\/portal\/noticias\/#\/schema\/person\/b2b1a89d43ffa609e591f7df8ef3e817\"},\"breadcrumb\":{\"@id\":\"https:\/\/www.ull.es\/portal\/noticias\/2024\/profesorado-de-la-universidad-de-la-laguna-abunda-en-el-desarrollo-de-la-cultura-local-de-guimar\/#breadcrumb\"},\"inLanguage\":\"es\",\"potentialAction\":[{\"@type\":\"ReadAction\",\"target\":[\"https:\/\/www.ull.es\/portal\/noticias\/2024\/profesorado-de-la-universidad-de-la-laguna-abunda-en-el-desarrollo-de-la-cultura-local-de-guimar\/\"]}]},{\"@type\":\"BreadcrumbList\",\"@id\":\"https:\/\/www.ull.es\/portal\/noticias\/2024\/profesorado-de-la-universidad-de-la-laguna-abunda-en-el-desarrollo-de-la-cultura-local-de-guimar\/#breadcrumb\",\"itemListElement\":[{\"@type\":\"ListItem\",\"position\":1,\"name\":\"Portada\",\"item\":\"https:\/\/www.ull.es\/portal\/noticias\/\"},{\"@type\":\"ListItem\",\"position\":2,\"name\":\"Profesorado de la Universidad de La Laguna abunda en el desarrollo de la cultura local de G\u00fc\u00edmar\"}]},{\"@type\":\"WebSite\",\"@id\":\"https:\/\/www.ull.es\/portal\/noticias\/#website\",\"url\":\"https:\/\/www.ull.es\/portal\/noticias\/\",\"name\":\"ULL - Noticias\",\"description\":\"\",\"potentialAction\":[{\"@type\":\"SearchAction\",\"target\":{\"@type\":\"EntryPoint\",\"urlTemplate\":\"https:\/\/www.ull.es\/portal\/noticias\/?s={search_term_string}\"},\"query-input\":\"required name=search_term_string\"}],\"inLanguage\":\"es\"},{\"@type\":\"Person\",\"@id\":\"https:\/\/www.ull.es\/portal\/noticias\/#\/schema\/person\/b2b1a89d43ffa609e591f7df8ef3e817\",\"name\":\"gaprsa\",\"image\":{\"@type\":\"ImageObject\",\"inLanguage\":\"es\",\"@id\":\"https:\/\/www.ull.es\/portal\/noticias\/#\/schema\/person\/image\/\",\"url\":\"https:\/\/secure.gravatar.com\/avatar\/443820550921091458b4823867723b3d?s=96&d=mm&r=g\",\"contentUrl\":\"https:\/\/secure.gravatar.com\/avatar\/443820550921091458b4823867723b3d?s=96&d=mm&r=g\",\"caption\":\"gaprsa\"},\"url\":\"https:\/\/www.ull.es\/portal\/noticias\/author\/gaprsa\/\"}]}<\/script>\n<!-- \/ Yoast SEO plugin. -->","yoast_head_json":{"title":"Profesorado de la Universidad de La Laguna abunda en el desarrollo de la cultura local de G\u00fc\u00edmar - ULL - Noticias","robots":{"index":"index","follow":"follow","max-snippet":"max-snippet:-1","max-image-preview":"max-image-preview:large","max-video-preview":"max-video-preview:-1"},"canonical":"https:\/\/www.ull.es\/portal\/noticias\/2024\/profesorado-de-la-universidad-de-la-laguna-abunda-en-el-desarrollo-de-la-cultura-local-de-guimar\/","og_locale":"es_ES","og_type":"article","og_title":"Profesorado de la Universidad de La Laguna abunda en el desarrollo de la cultura local de G\u00fc\u00edmar - ULL - Noticias","og_description":"El proyecto Pervivencias se desarrolla entre los d\u00edas 2 y 8 de septiembre en el caser\u00edo del Socorro, en G\u00fc\u00edmar....","og_url":"https:\/\/www.ull.es\/portal\/noticias\/2024\/profesorado-de-la-universidad-de-la-laguna-abunda-en-el-desarrollo-de-la-cultura-local-de-guimar\/","og_site_name":"ULL - Noticias","article_publisher":"https:\/\/www.facebook.com\/universidaddelalaguna\/","article_published_time":"2024-09-02T11:41:41+00:00","og_image":[{"width":1800,"height":1273,"url":"https:\/\/www.ull.es\/portal\/noticias\/wp-content\/uploads\/sites\/13\/2024\/09\/Cartel-Pervivencias-horizontal-1.jpg","type":"image\/jpeg"}],"author":"gaprsa","twitter_card":"summary_large_image","twitter_creator":"@CanalULL","twitter_site":"@CanalULL","twitter_misc":{"Escrito por":"gaprsa","Tiempo de lectura":"3 minutos"},"schema":{"@context":"https:\/\/schema.org","@graph":[{"@type":"WebPage","@id":"https:\/\/www.ull.es\/portal\/noticias\/2024\/profesorado-de-la-universidad-de-la-laguna-abunda-en-el-desarrollo-de-la-cultura-local-de-guimar\/","url":"https:\/\/www.ull.es\/portal\/noticias\/2024\/profesorado-de-la-universidad-de-la-laguna-abunda-en-el-desarrollo-de-la-cultura-local-de-guimar\/","name":"Profesorado de la Universidad de La Laguna abunda en el desarrollo de la cultura local de G\u00fc\u00edmar - ULL - Noticias","isPartOf":{"@id":"https:\/\/www.ull.es\/portal\/noticias\/#website"},"datePublished":"2024-09-02T11:41:41+00:00","dateModified":"2024-09-02T11:41:41+00:00","author":{"@id":"https:\/\/www.ull.es\/portal\/noticias\/#\/schema\/person\/b2b1a89d43ffa609e591f7df8ef3e817"},"breadcrumb":{"@id":"https:\/\/www.ull.es\/portal\/noticias\/2024\/profesorado-de-la-universidad-de-la-laguna-abunda-en-el-desarrollo-de-la-cultura-local-de-guimar\/#breadcrumb"},"inLanguage":"es","potentialAction":[{"@type":"ReadAction","target":["https:\/\/www.ull.es\/portal\/noticias\/2024\/profesorado-de-la-universidad-de-la-laguna-abunda-en-el-desarrollo-de-la-cultura-local-de-guimar\/"]}]},{"@type":"BreadcrumbList","@id":"https:\/\/www.ull.es\/portal\/noticias\/2024\/profesorado-de-la-universidad-de-la-laguna-abunda-en-el-desarrollo-de-la-cultura-local-de-guimar\/#breadcrumb","itemListElement":[{"@type":"ListItem","position":1,"name":"Portada","item":"https:\/\/www.ull.es\/portal\/noticias\/"},{"@type":"ListItem","position":2,"name":"Profesorado de la Universidad de La Laguna abunda en el desarrollo de la cultura local de G\u00fc\u00edmar"}]},{"@type":"WebSite","@id":"https:\/\/www.ull.es\/portal\/noticias\/#website","url":"https:\/\/www.ull.es\/portal\/noticias\/","name":"ULL - Noticias","description":"","potentialAction":[{"@type":"SearchAction","target":{"@type":"EntryPoint","urlTemplate":"https:\/\/www.ull.es\/portal\/noticias\/?s={search_term_string}"},"query-input":"required name=search_term_string"}],"inLanguage":"es"},{"@type":"Person","@id":"https:\/\/www.ull.es\/portal\/noticias\/#\/schema\/person\/b2b1a89d43ffa609e591f7df8ef3e817","name":"gaprsa","image":{"@type":"ImageObject","inLanguage":"es","@id":"https:\/\/www.ull.es\/portal\/noticias\/#\/schema\/person\/image\/","url":"https:\/\/secure.gravatar.com\/avatar\/443820550921091458b4823867723b3d?s=96&d=mm&r=g","contentUrl":"https:\/\/secure.gravatar.com\/avatar\/443820550921091458b4823867723b3d?s=96&d=mm&r=g","caption":"gaprsa"},"url":"https:\/\/www.ull.es\/portal\/noticias\/author\/gaprsa\/"}]}},"primary_category":{"id":345,"name":"Destacado","slug":"destacado","link":"https:\/\/www.ull.es\/portal\/noticias\/category\/destacado\/"},"featured_image_thumbnail_url":"https:\/\/www.ull.es\/portal\/noticias\/wp-content\/uploads\/sites\/13\/2024\/09\/Cartel-Pervivencias-horizontal-1-300x212.jpg","_links":{"self":[{"href":"https:\/\/www.ull.es\/portal\/noticias\/wp-json\/wp\/v2\/posts\/77188"}],"collection":[{"href":"https:\/\/www.ull.es\/portal\/noticias\/wp-json\/wp\/v2\/posts"}],"about":[{"href":"https:\/\/www.ull.es\/portal\/noticias\/wp-json\/wp\/v2\/types\/post"}],"author":[{"embeddable":true,"href":"https:\/\/www.ull.es\/portal\/noticias\/wp-json\/wp\/v2\/users\/23"}],"replies":[{"embeddable":true,"href":"https:\/\/www.ull.es\/portal\/noticias\/wp-json\/wp\/v2\/comments?post=77188"}],"version-history":[{"count":1,"href":"https:\/\/www.ull.es\/portal\/noticias\/wp-json\/wp\/v2\/posts\/77188\/revisions"}],"predecessor-version":[{"id":77191,"href":"https:\/\/www.ull.es\/portal\/noticias\/wp-json\/wp\/v2\/posts\/77188\/revisions\/77191"}],"wp:featuredmedia":[{"embeddable":true,"href":"https:\/\/www.ull.es\/portal\/noticias\/wp-json\/wp\/v2\/media\/77190"}],"wp:attachment":[{"href":"https:\/\/www.ull.es\/portal\/noticias\/wp-json\/wp\/v2\/media?parent=77188"}],"wp:term":[{"taxonomy":"category","embeddable":true,"href":"https:\/\/www.ull.es\/portal\/noticias\/wp-json\/wp\/v2\/categories?post=77188"},{"taxonomy":"post_tag","embeddable":true,"href":"https:\/\/www.ull.es\/portal\/noticias\/wp-json\/wp\/v2\/tags?post=77188"}],"curies":[{"name":"wp","href":"https:\/\/api.w.org\/{rel}","templated":true}]}}