{"id":77248,"date":"2024-09-05T10:52:11","date_gmt":"2024-09-05T10:52:11","guid":{"rendered":"https:\/\/www.ull.es\/portal\/noticias\/?p=77248"},"modified":"2024-09-05T10:53:04","modified_gmt":"2024-09-05T10:53:04","slug":"la-universidad-de-la-laguna-abre-matricula-de-su-programa-para-personas-mayores-de-50-anos","status":"publish","type":"post","link":"https:\/\/www.ull.es\/portal\/noticias\/2024\/la-universidad-de-la-laguna-abre-matricula-de-su-programa-para-personas-mayores-de-50-anos\/","title":{"rendered":"La Universidad de La Laguna abre matr\u00edcula de su Programa para Personas Mayores de 50 a\u00f1os"},"content":{"rendered":"<p>La Universidad de La Laguna cuenta desde hace a\u00f1os con su Programa de Estudios Universitarios para Personas Mayores y Adultas (EUPAM), que ya ha abierto plazo de matr\u00edcula para el curso 2024\/25, y que se extender\u00e1 hasta el 20 de septiembre. El curso comenzar\u00e1 en octubre en la Facultad de Ciencias Sociales y de la Comunicaci\u00f3n, en el campus de Guajara.<\/p>\n<p>Este programa constituye una iniciativa encaminada a la formaci\u00f3n a lo largo de la vida y al reciclaje de conocimientos en distintos saberes. No se trata por tanto de una formaci\u00f3n oficial, sino de un complemento para personas en edad activa o ya jubiladas que quieren seguir estando al d\u00eda en diversas materias de su inter\u00e9s.<\/p>\n<p>El plan de estudios, organizado en tres a\u00f1os, presenta en este curso nuevas materias, un total de 16, de los \u00e1mbitos de Artes y Humanidades; Ciencias, Ingenier\u00edas y Arquitectura T\u00e9cnica; Ciencias de la Salud y, por \u00faltimo, Ciencias Sociales y Jur\u00eddicas.<\/p>\n<p>El alumnado dispone de la posibilidad de realizar la auto matr\u00edcula o, si lo desea, puede ser inscrito en las oficinas administrativas del programa, ubicadas en las dependencias del Vicerrectorado de Cultura y Extensi\u00f3n Universitaria, en la calle Viana 52. Las directrices de la matr\u00edcula se encuentran en este <a href=\"https:\/\/www.ull.es\/portal\/universidaddemayores\/matricula\/\" target=\"_blank\" rel=\"noopener\">enlace<\/a>.<\/p>\n<p>El programa formativo y las gu\u00edas docentes de las asignaturas pueden consultarse <a href=\"https:\/\/www.ull.es\/portal\/universidaddemayores\/titulaciones\/\" target=\"_blank\" rel=\"noopener\">aqu\u00ed<\/a>. Comprende una oferta total de 48 cr\u00e9ditos (480 horas lectivas) impartidas en horario vespertino y divididas en dos cuatrimestres. Esta formaci\u00f3n da lugar a tres tipos de reconocimiento: Diploma de Arte y Creatividad, Diploma de Cultura Cient\u00edfica y Tecnol\u00f3gica y Diploma de Humanidades y Ciencias Sociales.<\/p>\n<p>Esta iniciativa cuenta lleva aparejada el desarrollo de otro tipo de actividades dentro del programa, como son una liga de debate que tiene lugar todos los meses, veladas musicales, m\u00faltiples salidas de campo o la participaci\u00f3n en la coral Ars Canendi, entre otras.<\/p>\n","protected":false},"excerpt":{"rendered":"<p>La Universidad de La Laguna cuenta desde hace a\u00f1os con su Programa de Estudios Universitarios para Personas Mayores y Adultas&#8230;<\/p>\n","protected":false},"author":23,"featured_media":77250,"comment_status":"closed","ping_status":"closed","sticky":false,"template":"","format":"standard","meta":{"inline_featured_image":false,"footnotes":""},"categories":[345,346,2765],"tags":[],"acf":[],"yoast_head":"<!-- This site is optimized with the Yoast SEO plugin v21.3 - https:\/\/yoast.com\/wordpress\/plugins\/seo\/ -->\n<title>La Universidad de La Laguna abre matr\u00edcula de su Programa para Personas Mayores de 50 a\u00f1os - ULL - Noticias<\/title>\n<meta name=\"robots\" content=\"index, follow, max-snippet:-1, max-image-preview:large, max-video-preview:-1\" \/>\n<link rel=\"canonical\" href=\"https:\/\/www.ull.es\/portal\/noticias\/2024\/la-universidad-de-la-laguna-abre-matricula-de-su-programa-para-personas-mayores-de-50-anos\/\" \/>\n<meta property=\"og:locale\" content=\"es_ES\" \/>\n<meta property=\"og:type\" content=\"article\" \/>\n<meta property=\"og:title\" content=\"La Universidad de La Laguna abre matr\u00edcula de su Programa para Personas Mayores de 50 a\u00f1os - ULL - Noticias\" \/>\n<meta property=\"og:description\" content=\"La Universidad de La Laguna cuenta desde hace a\u00f1os con su Programa de Estudios Universitarios para Personas Mayores y Adultas...\" \/>\n<meta property=\"og:url\" content=\"https:\/\/www.ull.es\/portal\/noticias\/2024\/la-universidad-de-la-laguna-abre-matricula-de-su-programa-para-personas-mayores-de-50-anos\/\" \/>\n<meta property=\"og:site_name\" content=\"ULL - Noticias\" \/>\n<meta property=\"article:publisher\" content=\"https:\/\/www.facebook.com\/universidaddelalaguna\/\" \/>\n<meta property=\"article:published_time\" content=\"2024-09-05T10:52:11+00:00\" \/>\n<meta property=\"article:modified_time\" content=\"2024-09-05T10:53:04+00:00\" \/>\n<meta property=\"og:image\" content=\"https:\/\/www.ull.es\/portal\/noticias\/wp-content\/uploads\/sites\/13\/2024\/09\/mayores-def.jpg\" \/>\n\t<meta property=\"og:image:width\" content=\"1200\" \/>\n\t<meta property=\"og:image:height\" content=\"800\" \/>\n\t<meta property=\"og:image:type\" content=\"image\/jpeg\" \/>\n<meta name=\"author\" content=\"gaprsa\" \/>\n<meta name=\"twitter:card\" content=\"summary_large_image\" \/>\n<meta name=\"twitter:creator\" content=\"@CanalULL\" \/>\n<meta name=\"twitter:site\" content=\"@CanalULL\" \/>\n<meta name=\"twitter:label1\" content=\"Escrito por\" \/>\n\t<meta name=\"twitter:data1\" content=\"gaprsa\" \/>\n\t<meta name=\"twitter:label2\" content=\"Tiempo de lectura\" \/>\n\t<meta name=\"twitter:data2\" content=\"2 minutos\" \/>\n<script type=\"application\/ld+json\" class=\"yoast-schema-graph\">{\"@context\":\"https:\/\/schema.org\",\"@graph\":[{\"@type\":\"WebPage\",\"@id\":\"https:\/\/www.ull.es\/portal\/noticias\/2024\/la-universidad-de-la-laguna-abre-matricula-de-su-programa-para-personas-mayores-de-50-anos\/\",\"url\":\"https:\/\/www.ull.es\/portal\/noticias\/2024\/la-universidad-de-la-laguna-abre-matricula-de-su-programa-para-personas-mayores-de-50-anos\/\",\"name\":\"La Universidad de La Laguna abre matr\u00edcula de su Programa para Personas Mayores de 50 a\u00f1os - ULL - Noticias\",\"isPartOf\":{\"@id\":\"https:\/\/www.ull.es\/portal\/noticias\/#website\"},\"datePublished\":\"2024-09-05T10:52:11+00:00\",\"dateModified\":\"2024-09-05T10:53:04+00:00\",\"author\":{\"@id\":\"https:\/\/www.ull.es\/portal\/noticias\/#\/schema\/person\/b2b1a89d43ffa609e591f7df8ef3e817\"},\"breadcrumb\":{\"@id\":\"https:\/\/www.ull.es\/portal\/noticias\/2024\/la-universidad-de-la-laguna-abre-matricula-de-su-programa-para-personas-mayores-de-50-anos\/#breadcrumb\"},\"inLanguage\":\"es\",\"potentialAction\":[{\"@type\":\"ReadAction\",\"target\":[\"https:\/\/www.ull.es\/portal\/noticias\/2024\/la-universidad-de-la-laguna-abre-matricula-de-su-programa-para-personas-mayores-de-50-anos\/\"]}]},{\"@type\":\"BreadcrumbList\",\"@id\":\"https:\/\/www.ull.es\/portal\/noticias\/2024\/la-universidad-de-la-laguna-abre-matricula-de-su-programa-para-personas-mayores-de-50-anos\/#breadcrumb\",\"itemListElement\":[{\"@type\":\"ListItem\",\"position\":1,\"name\":\"Portada\",\"item\":\"https:\/\/www.ull.es\/portal\/noticias\/\"},{\"@type\":\"ListItem\",\"position\":2,\"name\":\"La Universidad de La Laguna abre matr\u00edcula de su Programa para Personas Mayores de 50 a\u00f1os\"}]},{\"@type\":\"WebSite\",\"@id\":\"https:\/\/www.ull.es\/portal\/noticias\/#website\",\"url\":\"https:\/\/www.ull.es\/portal\/noticias\/\",\"name\":\"ULL - Noticias\",\"description\":\"\",\"potentialAction\":[{\"@type\":\"SearchAction\",\"target\":{\"@type\":\"EntryPoint\",\"urlTemplate\":\"https:\/\/www.ull.es\/portal\/noticias\/?s={search_term_string}\"},\"query-input\":\"required name=search_term_string\"}],\"inLanguage\":\"es\"},{\"@type\":\"Person\",\"@id\":\"https:\/\/www.ull.es\/portal\/noticias\/#\/schema\/person\/b2b1a89d43ffa609e591f7df8ef3e817\",\"name\":\"gaprsa\",\"image\":{\"@type\":\"ImageObject\",\"inLanguage\":\"es\",\"@id\":\"https:\/\/www.ull.es\/portal\/noticias\/#\/schema\/person\/image\/\",\"url\":\"https:\/\/secure.gravatar.com\/avatar\/443820550921091458b4823867723b3d?s=96&d=mm&r=g\",\"contentUrl\":\"https:\/\/secure.gravatar.com\/avatar\/443820550921091458b4823867723b3d?s=96&d=mm&r=g\",\"caption\":\"gaprsa\"},\"url\":\"https:\/\/www.ull.es\/portal\/noticias\/author\/gaprsa\/\"}]}<\/script>\n<!-- \/ Yoast SEO plugin. -->","yoast_head_json":{"title":"La Universidad de La Laguna abre matr\u00edcula de su Programa para Personas Mayores de 50 a\u00f1os - ULL - Noticias","robots":{"index":"index","follow":"follow","max-snippet":"max-snippet:-1","max-image-preview":"max-image-preview:large","max-video-preview":"max-video-preview:-1"},"canonical":"https:\/\/www.ull.es\/portal\/noticias\/2024\/la-universidad-de-la-laguna-abre-matricula-de-su-programa-para-personas-mayores-de-50-anos\/","og_locale":"es_ES","og_type":"article","og_title":"La Universidad de La Laguna abre matr\u00edcula de su Programa para Personas Mayores de 50 a\u00f1os - ULL - Noticias","og_description":"La Universidad de La Laguna cuenta desde hace a\u00f1os con su Programa de Estudios Universitarios para Personas Mayores y Adultas...","og_url":"https:\/\/www.ull.es\/portal\/noticias\/2024\/la-universidad-de-la-laguna-abre-matricula-de-su-programa-para-personas-mayores-de-50-anos\/","og_site_name":"ULL - Noticias","article_publisher":"https:\/\/www.facebook.com\/universidaddelalaguna\/","article_published_time":"2024-09-05T10:52:11+00:00","article_modified_time":"2024-09-05T10:53:04+00:00","og_image":[{"width":1200,"height":800,"url":"https:\/\/www.ull.es\/portal\/noticias\/wp-content\/uploads\/sites\/13\/2024\/09\/mayores-def.jpg","type":"image\/jpeg"}],"author":"gaprsa","twitter_card":"summary_large_image","twitter_creator":"@CanalULL","twitter_site":"@CanalULL","twitter_misc":{"Escrito por":"gaprsa","Tiempo de lectura":"2 minutos"},"schema":{"@context":"https:\/\/schema.org","@graph":[{"@type":"WebPage","@id":"https:\/\/www.ull.es\/portal\/noticias\/2024\/la-universidad-de-la-laguna-abre-matricula-de-su-programa-para-personas-mayores-de-50-anos\/","url":"https:\/\/www.ull.es\/portal\/noticias\/2024\/la-universidad-de-la-laguna-abre-matricula-de-su-programa-para-personas-mayores-de-50-anos\/","name":"La Universidad de La Laguna abre matr\u00edcula de su Programa para Personas Mayores de 50 a\u00f1os - ULL - Noticias","isPartOf":{"@id":"https:\/\/www.ull.es\/portal\/noticias\/#website"},"datePublished":"2024-09-05T10:52:11+00:00","dateModified":"2024-09-05T10:53:04+00:00","author":{"@id":"https:\/\/www.ull.es\/portal\/noticias\/#\/schema\/person\/b2b1a89d43ffa609e591f7df8ef3e817"},"breadcrumb":{"@id":"https:\/\/www.ull.es\/portal\/noticias\/2024\/la-universidad-de-la-laguna-abre-matricula-de-su-programa-para-personas-mayores-de-50-anos\/#breadcrumb"},"inLanguage":"es","potentialAction":[{"@type":"ReadAction","target":["https:\/\/www.ull.es\/portal\/noticias\/2024\/la-universidad-de-la-laguna-abre-matricula-de-su-programa-para-personas-mayores-de-50-anos\/"]}]},{"@type":"BreadcrumbList","@id":"https:\/\/www.ull.es\/portal\/noticias\/2024\/la-universidad-de-la-laguna-abre-matricula-de-su-programa-para-personas-mayores-de-50-anos\/#breadcrumb","itemListElement":[{"@type":"ListItem","position":1,"name":"Portada","item":"https:\/\/www.ull.es\/portal\/noticias\/"},{"@type":"ListItem","position":2,"name":"La Universidad de La Laguna abre matr\u00edcula de su Programa para Personas Mayores de 50 a\u00f1os"}]},{"@type":"WebSite","@id":"https:\/\/www.ull.es\/portal\/noticias\/#website","url":"https:\/\/www.ull.es\/portal\/noticias\/","name":"ULL - Noticias","description":"","potentialAction":[{"@type":"SearchAction","target":{"@type":"EntryPoint","urlTemplate":"https:\/\/www.ull.es\/portal\/noticias\/?s={search_term_string}"},"query-input":"required name=search_term_string"}],"inLanguage":"es"},{"@type":"Person","@id":"https:\/\/www.ull.es\/portal\/noticias\/#\/schema\/person\/b2b1a89d43ffa609e591f7df8ef3e817","name":"gaprsa","image":{"@type":"ImageObject","inLanguage":"es","@id":"https:\/\/www.ull.es\/portal\/noticias\/#\/schema\/person\/image\/","url":"https:\/\/secure.gravatar.com\/avatar\/443820550921091458b4823867723b3d?s=96&d=mm&r=g","contentUrl":"https:\/\/secure.gravatar.com\/avatar\/443820550921091458b4823867723b3d?s=96&d=mm&r=g","caption":"gaprsa"},"url":"https:\/\/www.ull.es\/portal\/noticias\/author\/gaprsa\/"}]}},"primary_category":{"id":345,"name":"Destacado","slug":"destacado","link":"https:\/\/www.ull.es\/portal\/noticias\/category\/destacado\/"},"featured_image_thumbnail_url":"https:\/\/www.ull.es\/portal\/noticias\/wp-content\/uploads\/sites\/13\/2024\/09\/mayores-def-300x200.jpg","_links":{"self":[{"href":"https:\/\/www.ull.es\/portal\/noticias\/wp-json\/wp\/v2\/posts\/77248"}],"collection":[{"href":"https:\/\/www.ull.es\/portal\/noticias\/wp-json\/wp\/v2\/posts"}],"about":[{"href":"https:\/\/www.ull.es\/portal\/noticias\/wp-json\/wp\/v2\/types\/post"}],"author":[{"embeddable":true,"href":"https:\/\/www.ull.es\/portal\/noticias\/wp-json\/wp\/v2\/users\/23"}],"replies":[{"embeddable":true,"href":"https:\/\/www.ull.es\/portal\/noticias\/wp-json\/wp\/v2\/comments?post=77248"}],"version-history":[{"count":2,"href":"https:\/\/www.ull.es\/portal\/noticias\/wp-json\/wp\/v2\/posts\/77248\/revisions"}],"predecessor-version":[{"id":77251,"href":"https:\/\/www.ull.es\/portal\/noticias\/wp-json\/wp\/v2\/posts\/77248\/revisions\/77251"}],"wp:featuredmedia":[{"embeddable":true,"href":"https:\/\/www.ull.es\/portal\/noticias\/wp-json\/wp\/v2\/media\/77250"}],"wp:attachment":[{"href":"https:\/\/www.ull.es\/portal\/noticias\/wp-json\/wp\/v2\/media?parent=77248"}],"wp:term":[{"taxonomy":"category","embeddable":true,"href":"https:\/\/www.ull.es\/portal\/noticias\/wp-json\/wp\/v2\/categories?post=77248"},{"taxonomy":"post_tag","embeddable":true,"href":"https:\/\/www.ull.es\/portal\/noticias\/wp-json\/wp\/v2\/tags?post=77248"}],"curies":[{"name":"wp","href":"https:\/\/api.w.org\/{rel}","templated":true}]}}