{"id":77284,"date":"2024-09-06T13:46:56","date_gmt":"2024-09-06T13:46:56","guid":{"rendered":"https:\/\/www.ull.es\/portal\/noticias\/?p=77284"},"modified":"2024-09-06T13:46:56","modified_gmt":"2024-09-06T13:46:56","slug":"tercera-edicion-curso-humanizar-relacion-sanitario-paciente","status":"publish","type":"post","link":"https:\/\/www.ull.es\/portal\/noticias\/2024\/tercera-edicion-curso-humanizar-relacion-sanitario-paciente\/","title":{"rendered":"Comienza la tercera edici\u00f3n del curso de Fundaci\u00f3n Pizarroso para humanizar la relaci\u00f3n sanitario-paciente"},"content":{"rendered":"<p>La <a href=\"https:\/\/www.fundacionpizarroso.es\/\" target=\"_blank\" rel=\"noopener\" target=\"_blank\" rel=\"noopener\">Fundaci\u00f3n Pizarroso<\/a> lleva m\u00e1s de quince a\u00f1os colaborando con la Universidad de La Laguna a trav\u00e9s de un programa de becas para el alumnado de Ciencias de la Salud. Desde hace tres cursos, adem\u00e1s, imparte un taller dirigido a estudiantes de dicha \u00e1rea que ya tengan cierta experiencia pr\u00e1ctica con pacientes, y que busca darles herramientas para humanizar la relaci\u00f3n entre quienes cursan y quienes padecen una enfermedad, la cual a veces puede ser conflictiva o dolorosa.<\/p>\n<p>El taller \u201cHumanizaci\u00f3n de la atenci\u00f3n a la salud. Mirar la pantalla o mirar al paciente\u201d ha comenzado a impartirse hoy, lunes 6 de septiembre, en la Sala de Grados del Aulario General C\u00e9sar Manrique del Campus de Guajara, y sus sesiones presenciales ser\u00e1n intensivas durante dos d\u00edas m\u00e1s, los s\u00e1bados 7 y 14 de este mismo mes. Adem\u00e1s, habr\u00e1 en torno a 7 horas adicionales de trabajo aut\u00f3nomo que el alumnado invertir\u00e1 en preparar los casos cl\u00ednicos que se debatir\u00e1n a lo largo de las clases in situ.<\/p>\n<p>La presidenta de la Fundaci\u00f3n Pizarroso, Rosa M\u00aa Morell, explica que el prop\u00f3sito de esta formaci\u00f3n es mitigar la deshumanizaci\u00f3n de la sanidad propiciada por el abuso de la tecnolog\u00eda en el trato al paciente: \u201cLos avances de la ciencia hacen que se sepa mucho, pero se mire poco y se escuche menos\u201d. De este modo, el curso propone a su alumnado afrontar situaciones que pueden resultar conflictiva.<\/p>\n<p>Morell explica que quienes eligen una profesi\u00f3n sanitara deben asumir que \u201cvan a sufrir\u201d en alg\u00fan momento, por las tensiones propias del oficio y por el trato continuo con personas enfermas. \u201cPuede darse el conflicto entre alguien que sufre -el enfermo- y alguien que, a lo mejor en ese momento, le cuesta escuchar y acompa\u00f1ar a quien est\u00e1 sufriendo, lo cual puede generarle un conflicto interno y un malestar personal\u201d. Por ello, el taller intenta dar a conocer al futuro personal sanitario que esas situaciones se dan, y tambi\u00e9n que existen recursos para sobrellevarlas.<\/p>\n<p>La vicerrectora de Estudiantes de la Universidad de La Laguna, Rosario Hern\u00e1ndez, valora la larga y estrecha relaci\u00f3n con la fundaci\u00f3n organizadora de este taller. Sobre esta formaci\u00f3n, destaca que aborda contenidos de gran relevancia impartidos por reconocidos profesionales de la comunidad catalana, y que es totalmente gratuita para el alumnado inscrito.<\/p>\n<p>\u201cEs un taller excepcional que merece ser m\u00e1s conocido por los estudiantes. Aprenden much\u00edsimo a trav\u00e9s de la reflexi\u00f3n sobre su propia pr\u00e1ctica y fomenta la colaboraci\u00f3n entre alumnado de Medicina y de Enfermer\u00eda\u201d, algo muy apropiado desde el punto de vista formativo porque se trata de profesiones que deben colaborar estrechamente a diario.<\/p>\n","protected":false},"excerpt":{"rendered":"<p>La Fundaci\u00f3n Pizarroso lleva m\u00e1s de quince a\u00f1os colaborando con la Universidad de La Laguna a trav\u00e9s de un programa&#8230;<\/p>\n","protected":false},"author":21,"featured_media":77285,"comment_status":"closed","ping_status":"closed","sticky":false,"template":"","format":"standard","meta":{"inline_featured_image":false,"footnotes":""},"categories":[345,346,2765],"tags":[819,1339,2443],"acf":[],"yoast_head":"<!-- This site is optimized with the Yoast SEO plugin v21.3 - https:\/\/yoast.com\/wordpress\/plugins\/seo\/ -->\n<title>Comienza el curso para humanizar la relaci\u00f3n sanitario-paciente<\/title>\n<meta name=\"description\" content=\"Se trata de la tercera edici\u00f3n de este taller organizado por Fundaci\u00f3n Pizarrosos, de tres d\u00edas intensivos de duraci\u00f3n y matr\u00edcula gratuita.\" \/>\n<meta name=\"robots\" content=\"index, follow, max-snippet:-1, max-image-preview:large, max-video-preview:-1\" \/>\n<link rel=\"canonical\" href=\"https:\/\/www.ull.es\/portal\/noticias\/2024\/tercera-edicion-curso-humanizar-relacion-sanitario-paciente\/\" \/>\n<meta property=\"og:locale\" content=\"es_ES\" \/>\n<meta property=\"og:type\" content=\"article\" \/>\n<meta property=\"og:title\" content=\"Comienza el curso para humanizar la relaci\u00f3n sanitario-paciente\" \/>\n<meta property=\"og:description\" content=\"Se trata de la tercera edici\u00f3n de este taller organizado por Fundaci\u00f3n Pizarrosos, de tres d\u00edas intensivos de duraci\u00f3n y matr\u00edcula gratuita.\" \/>\n<meta property=\"og:url\" content=\"https:\/\/www.ull.es\/portal\/noticias\/2024\/tercera-edicion-curso-humanizar-relacion-sanitario-paciente\/\" \/>\n<meta property=\"og:site_name\" content=\"ULL - Noticias\" \/>\n<meta property=\"article:publisher\" content=\"https:\/\/www.facebook.com\/universidaddelalaguna\/\" \/>\n<meta property=\"article:published_time\" content=\"2024-09-06T13:46:56+00:00\" \/>\n<meta property=\"og:image\" content=\"https:\/\/www.ull.es\/portal\/noticias\/wp-content\/uploads\/sites\/13\/2024\/09\/curso-1.jpg\" \/>\n\t<meta property=\"og:image:width\" content=\"1200\" \/>\n\t<meta property=\"og:image:height\" content=\"800\" \/>\n\t<meta property=\"og:image:type\" content=\"image\/jpeg\" \/>\n<meta name=\"author\" content=\"prensa2\" \/>\n<meta name=\"twitter:card\" content=\"summary_large_image\" \/>\n<meta name=\"twitter:creator\" content=\"@CanalULL\" \/>\n<meta name=\"twitter:site\" content=\"@CanalULL\" \/>\n<meta name=\"twitter:label1\" content=\"Escrito por\" \/>\n\t<meta name=\"twitter:data1\" content=\"prensa2\" \/>\n\t<meta name=\"twitter:label2\" content=\"Tiempo de lectura\" \/>\n\t<meta name=\"twitter:data2\" content=\"2 minutos\" \/>\n<script type=\"application\/ld+json\" class=\"yoast-schema-graph\">{\"@context\":\"https:\/\/schema.org\",\"@graph\":[{\"@type\":\"WebPage\",\"@id\":\"https:\/\/www.ull.es\/portal\/noticias\/2024\/tercera-edicion-curso-humanizar-relacion-sanitario-paciente\/\",\"url\":\"https:\/\/www.ull.es\/portal\/noticias\/2024\/tercera-edicion-curso-humanizar-relacion-sanitario-paciente\/\",\"name\":\"Comienza el curso para humanizar la relaci\u00f3n sanitario-paciente\",\"isPartOf\":{\"@id\":\"https:\/\/www.ull.es\/portal\/noticias\/#website\"},\"datePublished\":\"2024-09-06T13:46:56+00:00\",\"dateModified\":\"2024-09-06T13:46:56+00:00\",\"author\":{\"@id\":\"https:\/\/www.ull.es\/portal\/noticias\/#\/schema\/person\/c3b2aa857797592927a03740d6664376\"},\"description\":\"Se trata de la tercera edici\u00f3n de este taller organizado por Fundaci\u00f3n Pizarrosos, de tres d\u00edas intensivos de duraci\u00f3n y matr\u00edcula gratuita.\",\"breadcrumb\":{\"@id\":\"https:\/\/www.ull.es\/portal\/noticias\/2024\/tercera-edicion-curso-humanizar-relacion-sanitario-paciente\/#breadcrumb\"},\"inLanguage\":\"es\",\"potentialAction\":[{\"@type\":\"ReadAction\",\"target\":[\"https:\/\/www.ull.es\/portal\/noticias\/2024\/tercera-edicion-curso-humanizar-relacion-sanitario-paciente\/\"]}]},{\"@type\":\"BreadcrumbList\",\"@id\":\"https:\/\/www.ull.es\/portal\/noticias\/2024\/tercera-edicion-curso-humanizar-relacion-sanitario-paciente\/#breadcrumb\",\"itemListElement\":[{\"@type\":\"ListItem\",\"position\":1,\"name\":\"Portada\",\"item\":\"https:\/\/www.ull.es\/portal\/noticias\/\"},{\"@type\":\"ListItem\",\"position\":2,\"name\":\"Comienza la tercera edici\u00f3n del curso de Fundaci\u00f3n Pizarroso para humanizar la relaci\u00f3n sanitario-paciente\"}]},{\"@type\":\"WebSite\",\"@id\":\"https:\/\/www.ull.es\/portal\/noticias\/#website\",\"url\":\"https:\/\/www.ull.es\/portal\/noticias\/\",\"name\":\"ULL - Noticias\",\"description\":\"\",\"potentialAction\":[{\"@type\":\"SearchAction\",\"target\":{\"@type\":\"EntryPoint\",\"urlTemplate\":\"https:\/\/www.ull.es\/portal\/noticias\/?s={search_term_string}\"},\"query-input\":\"required name=search_term_string\"}],\"inLanguage\":\"es\"},{\"@type\":\"Person\",\"@id\":\"https:\/\/www.ull.es\/portal\/noticias\/#\/schema\/person\/c3b2aa857797592927a03740d6664376\",\"name\":\"prensa2\",\"image\":{\"@type\":\"ImageObject\",\"inLanguage\":\"es\",\"@id\":\"https:\/\/www.ull.es\/portal\/noticias\/#\/schema\/person\/image\/\",\"url\":\"https:\/\/secure.gravatar.com\/avatar\/b58f310a5de5feb33d1e026d2493f23c?s=96&d=mm&r=g\",\"contentUrl\":\"https:\/\/secure.gravatar.com\/avatar\/b58f310a5de5feb33d1e026d2493f23c?s=96&d=mm&r=g\",\"caption\":\"prensa2\"},\"url\":\"https:\/\/www.ull.es\/portal\/noticias\/author\/prensa2\/\"}]}<\/script>\n<!-- \/ Yoast SEO plugin. -->","yoast_head_json":{"title":"Comienza el curso para humanizar la relaci\u00f3n sanitario-paciente","description":"Se trata de la tercera edici\u00f3n de este taller organizado por Fundaci\u00f3n Pizarrosos, de tres d\u00edas intensivos de duraci\u00f3n y matr\u00edcula gratuita.","robots":{"index":"index","follow":"follow","max-snippet":"max-snippet:-1","max-image-preview":"max-image-preview:large","max-video-preview":"max-video-preview:-1"},"canonical":"https:\/\/www.ull.es\/portal\/noticias\/2024\/tercera-edicion-curso-humanizar-relacion-sanitario-paciente\/","og_locale":"es_ES","og_type":"article","og_title":"Comienza el curso para humanizar la relaci\u00f3n sanitario-paciente","og_description":"Se trata de la tercera edici\u00f3n de este taller organizado por Fundaci\u00f3n Pizarrosos, de tres d\u00edas intensivos de duraci\u00f3n y matr\u00edcula gratuita.","og_url":"https:\/\/www.ull.es\/portal\/noticias\/2024\/tercera-edicion-curso-humanizar-relacion-sanitario-paciente\/","og_site_name":"ULL - Noticias","article_publisher":"https:\/\/www.facebook.com\/universidaddelalaguna\/","article_published_time":"2024-09-06T13:46:56+00:00","og_image":[{"width":1200,"height":800,"url":"https:\/\/www.ull.es\/portal\/noticias\/wp-content\/uploads\/sites\/13\/2024\/09\/curso-1.jpg","type":"image\/jpeg"}],"author":"prensa2","twitter_card":"summary_large_image","twitter_creator":"@CanalULL","twitter_site":"@CanalULL","twitter_misc":{"Escrito por":"prensa2","Tiempo de lectura":"2 minutos"},"schema":{"@context":"https:\/\/schema.org","@graph":[{"@type":"WebPage","@id":"https:\/\/www.ull.es\/portal\/noticias\/2024\/tercera-edicion-curso-humanizar-relacion-sanitario-paciente\/","url":"https:\/\/www.ull.es\/portal\/noticias\/2024\/tercera-edicion-curso-humanizar-relacion-sanitario-paciente\/","name":"Comienza el curso para humanizar la relaci\u00f3n sanitario-paciente","isPartOf":{"@id":"https:\/\/www.ull.es\/portal\/noticias\/#website"},"datePublished":"2024-09-06T13:46:56+00:00","dateModified":"2024-09-06T13:46:56+00:00","author":{"@id":"https:\/\/www.ull.es\/portal\/noticias\/#\/schema\/person\/c3b2aa857797592927a03740d6664376"},"description":"Se trata de la tercera edici\u00f3n de este taller organizado por Fundaci\u00f3n Pizarrosos, de tres d\u00edas intensivos de duraci\u00f3n y matr\u00edcula gratuita.","breadcrumb":{"@id":"https:\/\/www.ull.es\/portal\/noticias\/2024\/tercera-edicion-curso-humanizar-relacion-sanitario-paciente\/#breadcrumb"},"inLanguage":"es","potentialAction":[{"@type":"ReadAction","target":["https:\/\/www.ull.es\/portal\/noticias\/2024\/tercera-edicion-curso-humanizar-relacion-sanitario-paciente\/"]}]},{"@type":"BreadcrumbList","@id":"https:\/\/www.ull.es\/portal\/noticias\/2024\/tercera-edicion-curso-humanizar-relacion-sanitario-paciente\/#breadcrumb","itemListElement":[{"@type":"ListItem","position":1,"name":"Portada","item":"https:\/\/www.ull.es\/portal\/noticias\/"},{"@type":"ListItem","position":2,"name":"Comienza la tercera edici\u00f3n del curso de Fundaci\u00f3n Pizarroso para humanizar la relaci\u00f3n sanitario-paciente"}]},{"@type":"WebSite","@id":"https:\/\/www.ull.es\/portal\/noticias\/#website","url":"https:\/\/www.ull.es\/portal\/noticias\/","name":"ULL - Noticias","description":"","potentialAction":[{"@type":"SearchAction","target":{"@type":"EntryPoint","urlTemplate":"https:\/\/www.ull.es\/portal\/noticias\/?s={search_term_string}"},"query-input":"required name=search_term_string"}],"inLanguage":"es"},{"@type":"Person","@id":"https:\/\/www.ull.es\/portal\/noticias\/#\/schema\/person\/c3b2aa857797592927a03740d6664376","name":"prensa2","image":{"@type":"ImageObject","inLanguage":"es","@id":"https:\/\/www.ull.es\/portal\/noticias\/#\/schema\/person\/image\/","url":"https:\/\/secure.gravatar.com\/avatar\/b58f310a5de5feb33d1e026d2493f23c?s=96&d=mm&r=g","contentUrl":"https:\/\/secure.gravatar.com\/avatar\/b58f310a5de5feb33d1e026d2493f23c?s=96&d=mm&r=g","caption":"prensa2"},"url":"https:\/\/www.ull.es\/portal\/noticias\/author\/prensa2\/"}]}},"primary_category":{"id":345,"name":"Destacado","slug":"destacado","link":"https:\/\/www.ull.es\/portal\/noticias\/category\/destacado\/"},"featured_image_thumbnail_url":"https:\/\/www.ull.es\/portal\/noticias\/wp-content\/uploads\/sites\/13\/2024\/09\/curso-1-300x200.jpg","_links":{"self":[{"href":"https:\/\/www.ull.es\/portal\/noticias\/wp-json\/wp\/v2\/posts\/77284"}],"collection":[{"href":"https:\/\/www.ull.es\/portal\/noticias\/wp-json\/wp\/v2\/posts"}],"about":[{"href":"https:\/\/www.ull.es\/portal\/noticias\/wp-json\/wp\/v2\/types\/post"}],"author":[{"embeddable":true,"href":"https:\/\/www.ull.es\/portal\/noticias\/wp-json\/wp\/v2\/users\/21"}],"replies":[{"embeddable":true,"href":"https:\/\/www.ull.es\/portal\/noticias\/wp-json\/wp\/v2\/comments?post=77284"}],"version-history":[{"count":1,"href":"https:\/\/www.ull.es\/portal\/noticias\/wp-json\/wp\/v2\/posts\/77284\/revisions"}],"predecessor-version":[{"id":77286,"href":"https:\/\/www.ull.es\/portal\/noticias\/wp-json\/wp\/v2\/posts\/77284\/revisions\/77286"}],"wp:featuredmedia":[{"embeddable":true,"href":"https:\/\/www.ull.es\/portal\/noticias\/wp-json\/wp\/v2\/media\/77285"}],"wp:attachment":[{"href":"https:\/\/www.ull.es\/portal\/noticias\/wp-json\/wp\/v2\/media?parent=77284"}],"wp:term":[{"taxonomy":"category","embeddable":true,"href":"https:\/\/www.ull.es\/portal\/noticias\/wp-json\/wp\/v2\/categories?post=77284"},{"taxonomy":"post_tag","embeddable":true,"href":"https:\/\/www.ull.es\/portal\/noticias\/wp-json\/wp\/v2\/tags?post=77284"}],"curies":[{"name":"wp","href":"https:\/\/api.w.org\/{rel}","templated":true}]}}