{"id":77291,"date":"2024-09-09T14:15:04","date_gmt":"2024-09-09T14:15:04","guid":{"rendered":"https:\/\/www.ull.es\/portal\/noticias\/?p=77291"},"modified":"2024-09-11T10:38:23","modified_gmt":"2024-09-11T10:38:23","slug":"la-sinfonica-vuelve-a-su-casa-de-la-ull-con-un-ciclo-de-conciertos-disenado-para-atraer-al-publico-joven","status":"publish","type":"post","link":"https:\/\/www.ull.es\/portal\/noticias\/2024\/la-sinfonica-vuelve-a-su-casa-de-la-ull-con-un-ciclo-de-conciertos-disenado-para-atraer-al-publico-joven\/","title":{"rendered":"La Sinf\u00f3nica \u00abvuelve a su casa\u00bb de la ULL con un ciclo de  conciertos dise\u00f1ado para atraer al p\u00fablico joven"},"content":{"rendered":"<p>\u201cA fULL con la Sinf\u00f3nica\u201d es un proyecto de difusi\u00f3n de la m\u00fasica cl\u00e1sica entre el p\u00fablico joven que cuenta con el apoyo de la Orquesta Sinf\u00f3nica de Tenerife, la Universidad de La Laguna y la Fundaci\u00f3n DISA. Estas veladas gratuitas para el alumnado universitario a\u00fanan la interpretaci\u00f3n de piezas de m\u00fasica cl\u00e1sica con presentaciones de figuras del mundo de las redes sociales y el streaming, quienes hablan el mismo lenguaje que la audiencia m\u00e1s joven. Su programa ha sido presentado hoy, lunes 9 de septiembre, en una rueda de prensa en la que el rector del centro acad\u00e9mico, Francisco Garc\u00eda, se\u00f1al\u00f3 que esta actividad supone, adem\u00e1s, un \u201cregreso a casa\u201d de la Sinf\u00f3nica al recinto universitario.<\/p>\n<p>Garc\u00eda hizo ese comentario al recordar la hist\u00f3rica relaci\u00f3n existente entre la universidad y la formaci\u00f3n musical hasta su interrupci\u00f3n forzosa en el a\u00f1o 2000 por la remodelaci\u00f3n del Paraninfo. Hasta ese a\u00f1o, la sala universitaria era frecuentemente utilizada como local de ensayos y de grabaciones, as\u00ed como para varios conciertos. Por ello, no es de extra\u00f1ar que la reapertura del escenario tras la remodelaci\u00f3n en 2009 estuviera protagonizada, justamente, por un concierto de la Sinf\u00f3nica.<\/p>\n<p>El rector tambi\u00e9n record\u00f3 que esta actividad entronca con la misi\u00f3n de las universidades p\u00fablicas, que va m\u00e1s all\u00e1 de las aulas y transmite cultura, valores y sensibilidad en relaci\u00f3n con muchas de las problem\u00e1ticas sociales de la actualidad. En este sentido, destac\u00f3 que los presentadores elegidos para hacer de nexo entre la m\u00fasica y el p\u00fablico joven (Lamine Thior, Sara Rubayo y Gonzalo Lahoz), se han significado por causas sociales como la lucha contra el racismo o la igualdad entre hombres y mujeres.<\/p>\n<p>El consejero insular de Cultura y presidente del Patronato Insular de M\u00fasica, Jos\u00e9 Carlos Acha, explic\u00f3 que esta actividad responde a la necesidad de conseguir que haya nuevos p\u00fablicos y que la m\u00fasica sinf\u00f3nica se acerque a la universidad para que su comunidad estudiantil tenga la facilidad de acceder a ella de manera atractiva. Por eso se ha propuesto este programa dise\u00f1ado por el director t\u00e9cnico de la Sinf\u00f3nica, Daniel Broncano, cuyas presentaciones son un valor a\u00f1adido para hacer m\u00e1s atrayente la propuesta para el p\u00fablico joven.<\/p>\n<div id=\"attachment_77295\" style=\"width: 310px\" class=\"wp-caption alignleft\"><a href=\"https:\/\/www.ull.es\/portal\/noticias\/wp-content\/uploads\/sites\/13\/2024\/09\/R-prens-Sinfonica-20.jpg\" target=\"_blank\" rel=\"noopener\"><img aria-describedby=\"caption-attachment-77295\" decoding=\"async\" loading=\"lazy\" class=\"wp-image-77295 size-medium\" src=\"https:\/\/www.ull.es\/portal\/noticias\/wp-content\/uploads\/sites\/13\/2024\/09\/R-prens-Sinfonica-20-300x200.jpg\" alt=\"\" width=\"300\" height=\"200\" srcset=\"https:\/\/www.ull.es\/portal\/noticias\/wp-content\/uploads\/sites\/13\/2024\/09\/R-prens-Sinfonica-20-300x200.jpg 300w, https:\/\/www.ull.es\/portal\/noticias\/wp-content\/uploads\/sites\/13\/2024\/09\/R-prens-Sinfonica-20-1024x682.jpg 1024w, https:\/\/www.ull.es\/portal\/noticias\/wp-content\/uploads\/sites\/13\/2024\/09\/R-prens-Sinfonica-20-768x512.jpg 768w, https:\/\/www.ull.es\/portal\/noticias\/wp-content\/uploads\/sites\/13\/2024\/09\/R-prens-Sinfonica-20-375x250.jpg 375w, https:\/\/www.ull.es\/portal\/noticias\/wp-content\/uploads\/sites\/13\/2024\/09\/R-prens-Sinfonica-20-750x500.jpg 750w, https:\/\/www.ull.es\/portal\/noticias\/wp-content\/uploads\/sites\/13\/2024\/09\/R-prens-Sinfonica-20.jpg 1100w\" sizes=\"(max-width: 300px) 100vw, 300px\" \/><\/a><p id=\"caption-attachment-77295\" class=\"wp-caption-text\">De izquierda a derecha, Daniel Broncano, Sara Mateos, Francisco Garc\u00eda, Jos\u00e9 Carlos Acha e Isabel Le\u00f3n.<\/p><\/div>\n<p>El consejero se detuvo a recordar los tres conciertos que se desarrollar\u00e1n a lo largo del presente curso: el jueves 19 de septiembre, con la presentaci\u00f3n del actor y humorista Lamine Thior y la direcci\u00f3n de V\u00edctor Pablo P\u00e9rez; el 20 de febrero de 2025, presentado por Sara Rubayo (La Gata Verde) y la direcci\u00f3n de Shiyeon Sung; y el 8 de mayo, con Gonzalo Lahoz como anfitri\u00f3n y Johanna Malangr\u00e9 a la batuta.<\/p>\n<p>Por su parte, Sara Mateos, directora de la Fundaci\u00f3n DISA, record\u00f3 que su organizaci\u00f3n posee una tradici\u00f3n de proyectos para trabajar en acercar m\u00fasica cl\u00e1sica a nuevos p\u00fablicos y por eso le hace mucha ilusi\u00f3n \u201cesta primera piedra en la relaci\u00f3n con la Sinf\u00f3nica\u201d. En primer lugar, porque ya existe una estrecha colaboraci\u00f3n con la Universidad de La Laguna y, en segundo lugar, porque el colectivo de j\u00f3venes en edad universitaria est\u00e1 algo abandonado en lo que a iniciativas de promoci\u00f3n de la m\u00fasica cl\u00e1sica se refiere, en su opini\u00f3n. Por eso, cuando Daniel Broncano se acerc\u00f3 a presentarles esta iniciativa, decidieron apoyarla decididamente.<\/p>\n<p><strong>Gratuitos para el alumnado<\/strong><\/p>\n<p>El alumnado de la Universidad de La Laguna podr\u00e1 adquirir de manera gratuita su localidad a trav\u00e9s de la plataforma <a href=\"https:\/\/www.tomaticket.es\/es-es\/entradas-full-con-la-sinfonica-y-lamine-thior-en-tenerife\" target=\"_blank\" rel=\"noopener\" target=\"_blank\" rel=\"noopener\"><strong>Tomaticket<\/strong><\/a>, en la cual tambi\u00e9n podr\u00e1 comprar entradas el esto de colectivos a un precio de de 10 euros. Para disfrutar de esta gratuidad, los y las estudiantes deben seleccionar el descuento en el men\u00fa desplegable que aparecer\u00e1 en la plataforma cuando se llegue al paso de realizar el pago. Adem\u00e1s, en el momento de acceder la recito deber\u00e1n llevar su identificaci\u00f3n universitaria para poder acceder a la sala.<\/p>\n<p><strong>Fechas y programaci\u00f3<\/strong><strong>n<\/strong><\/p>\n<p>La primera cita ser\u00e1 el jueves 19 de septiembre de 2024 a las 20:00, con la presentaci\u00f3n de \u00abPorgy and Bess\u00bb. Lamine Thior, actor y humorista conocido por su activismo contra el racismo, ser\u00e1 el anfitri\u00f3n de la noche. La direcci\u00f3n estar\u00e1 a cargo de V\u00edctor Pablo P\u00e9rez, director honorario de la Sinf\u00f3nica de Tenerife. El programa comenzar\u00e1 con un vibrante homenaje a las bandas sonoras de John Williams, titulado Tribute to the Film Composer John Williams, seguido de la obra maestra de Gershwin, Porgy and Bess, arreglada por R. Bennet. Esta \u00faltima pieza es un reflejo poderoso de la lucha racial en Am\u00e9rica de los a\u00f1os 30.<\/p>\n<p>La segunda velada, programada para el jueves 20 de febrero de 2025 a las 20:00, estar\u00e1 dedicada a \u00abLa S\u00e9ptima de Dvo\u0159\u00e1k\u00bb. Sara Rubayo, historiadora del arte y divulgadora conocida como La Gata Verde en YouTube, ser\u00e1 la anfitriona. La direcci\u00f3n musical estar\u00e1 en manos de la destacada directora coreana Shiyeon Sung. El programa incluye el Preludio y Muerte de Trist\u00e1n e Isolda de Wagner, una pieza que revolucion\u00f3 la m\u00fasica cl\u00e1sica, y la S\u00e9ptima Sinfon\u00eda en re menor, op. 70 de Dvo\u0159\u00e1k, una obra que combina melod\u00edas conmovedoras con una estructura sinf\u00f3nica robusta.<\/p>\n<p>El ciclo culminar\u00e1 el jueves 8 de mayo de 2025 a las 20 con la interpretaci\u00f3n de \u00abLa Grande de Schubert\u00bb. El divulgador musical Gonzalo Lahoz ser\u00e1 el anfitri\u00f3n de esta noche especial, que estar\u00e1<a href=\"https:\/\/www.ull.es\/portal\/noticias\/wp-content\/uploads\/sites\/13\/2024\/09\/R-prens-Sinfonica-09.jpg\" target=\"_blank\" rel=\"noopener\"><img decoding=\"async\" loading=\"lazy\" class=\"alignright size-medium wp-image-77293\" src=\"https:\/\/www.ull.es\/portal\/noticias\/wp-content\/uploads\/sites\/13\/2024\/09\/R-prens-Sinfonica-09-300x200.jpg\" alt=\"\" width=\"300\" height=\"200\" srcset=\"https:\/\/www.ull.es\/portal\/noticias\/wp-content\/uploads\/sites\/13\/2024\/09\/R-prens-Sinfonica-09-300x200.jpg 300w, https:\/\/www.ull.es\/portal\/noticias\/wp-content\/uploads\/sites\/13\/2024\/09\/R-prens-Sinfonica-09-1024x682.jpg 1024w, https:\/\/www.ull.es\/portal\/noticias\/wp-content\/uploads\/sites\/13\/2024\/09\/R-prens-Sinfonica-09-768x512.jpg 768w, https:\/\/www.ull.es\/portal\/noticias\/wp-content\/uploads\/sites\/13\/2024\/09\/R-prens-Sinfonica-09-375x250.jpg 375w, https:\/\/www.ull.es\/portal\/noticias\/wp-content\/uploads\/sites\/13\/2024\/09\/R-prens-Sinfonica-09-750x500.jpg 750w, https:\/\/www.ull.es\/portal\/noticias\/wp-content\/uploads\/sites\/13\/2024\/09\/R-prens-Sinfonica-09.jpg 1100w\" sizes=\"(max-width: 300px) 100vw, 300px\" \/><\/a> dirigida por la talentosa directora alemana Johanna Malangr\u00e9. El programa comenzar\u00e1 con Las constelaciones que m\u00e1s brillan, una obra reciente de Raquel Garc\u00eda-Tom\u00e1s, inspirada en una ilustraci\u00f3n del artista Pere Ginard. La pieza principal de la noche ser\u00e1 la monumental Sinfon\u00eda n\u00ba 9 en do mayor \u00abLa Grande\u00bb de Schubert, una obra c\u00e9lebre por su majestuosa escala y profunda expresividad.<\/p>\n<p>Los estudiantes de la Universidad de La Laguna podr\u00e1n disfrutar de las entradas de manera gratuita, previa reserva. Para el p\u00fablico general, las entradas tendr\u00e1n un costo de 9\u20ac. Esta accesibilidad busca fomentar la participaci\u00f3n y el disfrute de la m\u00fasica cl\u00e1sica entre todos los sectores de la comunidad. Para m\u00e1s informaci\u00f3n y reservas del primero de los conciertos, el 19 de septiembre a las 20:00 horas, visite\u00a0<a href=\"https:\/\/www.tomaticket.es\/es-es\/entradas-full-con-la-sinfonica-y-lamine-thior-en-tenerife\" target=\"_blank\" rel=\"noopener\">este enlace<\/a>\u00a0de la plataforma Tomaticket.<\/p>\n<p>La Orquesta Sinf\u00f3nica de Tenerife, fundada en 1935, es una de las instituciones musicales m\u00e1s prestigiosas de Espa\u00f1a, reconocida por su trayectoria, calidad y esp\u00edritu innovador. Residente en el Auditorio de Tenerife, su amplio programa de conciertos abarca diversos g\u00e9neros y \u00e9pocas. La Sinf\u00f3nica de Tenerife ha colaborado con numerosos artistas de renombre internacional y participa activamente en festivales de m\u00fasica tanto a nivel nacional como internacional.<\/p>\n","protected":false},"excerpt":{"rendered":"<p>\u201cA fULL con la Sinf\u00f3nica\u201d es un proyecto de difusi\u00f3n de la m\u00fasica cl\u00e1sica entre el p\u00fablico joven que cuenta&#8230;<\/p>\n","protected":false},"author":23,"featured_media":77294,"comment_status":"closed","ping_status":"closed","sticky":false,"template":"","format":"standard","meta":{"inline_featured_image":false,"footnotes":""},"categories":[344,345,2765],"tags":[],"acf":[],"yoast_head":"<!-- This site is optimized with the Yoast SEO plugin v21.3 - https:\/\/yoast.com\/wordpress\/plugins\/seo\/ -->\n<title>La Sinf\u00f3nica &quot;vuelve a su casa&quot; de la ULL con un ciclo de conciertos dise\u00f1ado para atraer al p\u00fablico joven - ULL - Noticias<\/title>\n<meta name=\"robots\" content=\"index, follow, max-snippet:-1, max-image-preview:large, max-video-preview:-1\" \/>\n<link rel=\"canonical\" href=\"https:\/\/www.ull.es\/portal\/noticias\/2024\/la-sinfonica-vuelve-a-su-casa-de-la-ull-con-un-ciclo-de-conciertos-disenado-para-atraer-al-publico-joven\/\" \/>\n<meta property=\"og:locale\" content=\"es_ES\" \/>\n<meta property=\"og:type\" content=\"article\" \/>\n<meta property=\"og:title\" content=\"La Sinf\u00f3nica &quot;vuelve a su casa&quot; de la ULL con un ciclo de conciertos dise\u00f1ado para atraer al p\u00fablico joven - ULL - Noticias\" \/>\n<meta property=\"og:description\" content=\"\u201cA fULL con la Sinf\u00f3nica\u201d es un proyecto de difusi\u00f3n de la m\u00fasica cl\u00e1sica entre el p\u00fablico joven que cuenta...\" \/>\n<meta property=\"og:url\" content=\"https:\/\/www.ull.es\/portal\/noticias\/2024\/la-sinfonica-vuelve-a-su-casa-de-la-ull-con-un-ciclo-de-conciertos-disenado-para-atraer-al-publico-joven\/\" \/>\n<meta property=\"og:site_name\" content=\"ULL - Noticias\" \/>\n<meta property=\"article:publisher\" content=\"https:\/\/www.facebook.com\/universidaddelalaguna\/\" \/>\n<meta property=\"article:published_time\" content=\"2024-09-09T14:15:04+00:00\" \/>\n<meta property=\"article:modified_time\" content=\"2024-09-11T10:38:23+00:00\" \/>\n<meta property=\"og:image\" content=\"https:\/\/www.ull.es\/portal\/noticias\/wp-content\/uploads\/sites\/13\/2024\/09\/R-prens-Sinfonica-10.jpg\" \/>\n\t<meta property=\"og:image:width\" content=\"1100\" \/>\n\t<meta property=\"og:image:height\" content=\"734\" \/>\n\t<meta property=\"og:image:type\" content=\"image\/jpeg\" \/>\n<meta name=\"author\" content=\"gaprsa\" \/>\n<meta name=\"twitter:card\" content=\"summary_large_image\" \/>\n<meta name=\"twitter:creator\" content=\"@CanalULL\" \/>\n<meta name=\"twitter:site\" content=\"@CanalULL\" \/>\n<meta name=\"twitter:label1\" content=\"Escrito por\" \/>\n\t<meta name=\"twitter:data1\" content=\"gaprsa\" \/>\n\t<meta name=\"twitter:label2\" content=\"Tiempo de lectura\" \/>\n\t<meta name=\"twitter:data2\" content=\"6 minutos\" \/>\n<script type=\"application\/ld+json\" class=\"yoast-schema-graph\">{\"@context\":\"https:\/\/schema.org\",\"@graph\":[{\"@type\":\"WebPage\",\"@id\":\"https:\/\/www.ull.es\/portal\/noticias\/2024\/la-sinfonica-vuelve-a-su-casa-de-la-ull-con-un-ciclo-de-conciertos-disenado-para-atraer-al-publico-joven\/\",\"url\":\"https:\/\/www.ull.es\/portal\/noticias\/2024\/la-sinfonica-vuelve-a-su-casa-de-la-ull-con-un-ciclo-de-conciertos-disenado-para-atraer-al-publico-joven\/\",\"name\":\"La Sinf\u00f3nica \\\"vuelve a su casa\\\" de la ULL con un ciclo de conciertos dise\u00f1ado para atraer al p\u00fablico joven - ULL - Noticias\",\"isPartOf\":{\"@id\":\"https:\/\/www.ull.es\/portal\/noticias\/#website\"},\"datePublished\":\"2024-09-09T14:15:04+00:00\",\"dateModified\":\"2024-09-11T10:38:23+00:00\",\"author\":{\"@id\":\"https:\/\/www.ull.es\/portal\/noticias\/#\/schema\/person\/b2b1a89d43ffa609e591f7df8ef3e817\"},\"breadcrumb\":{\"@id\":\"https:\/\/www.ull.es\/portal\/noticias\/2024\/la-sinfonica-vuelve-a-su-casa-de-la-ull-con-un-ciclo-de-conciertos-disenado-para-atraer-al-publico-joven\/#breadcrumb\"},\"inLanguage\":\"es\",\"potentialAction\":[{\"@type\":\"ReadAction\",\"target\":[\"https:\/\/www.ull.es\/portal\/noticias\/2024\/la-sinfonica-vuelve-a-su-casa-de-la-ull-con-un-ciclo-de-conciertos-disenado-para-atraer-al-publico-joven\/\"]}]},{\"@type\":\"BreadcrumbList\",\"@id\":\"https:\/\/www.ull.es\/portal\/noticias\/2024\/la-sinfonica-vuelve-a-su-casa-de-la-ull-con-un-ciclo-de-conciertos-disenado-para-atraer-al-publico-joven\/#breadcrumb\",\"itemListElement\":[{\"@type\":\"ListItem\",\"position\":1,\"name\":\"Portada\",\"item\":\"https:\/\/www.ull.es\/portal\/noticias\/\"},{\"@type\":\"ListItem\",\"position\":2,\"name\":\"La Sinf\u00f3nica \u00abvuelve a su casa\u00bb de la ULL con un ciclo de conciertos dise\u00f1ado para atraer al p\u00fablico joven\"}]},{\"@type\":\"WebSite\",\"@id\":\"https:\/\/www.ull.es\/portal\/noticias\/#website\",\"url\":\"https:\/\/www.ull.es\/portal\/noticias\/\",\"name\":\"ULL - Noticias\",\"description\":\"\",\"potentialAction\":[{\"@type\":\"SearchAction\",\"target\":{\"@type\":\"EntryPoint\",\"urlTemplate\":\"https:\/\/www.ull.es\/portal\/noticias\/?s={search_term_string}\"},\"query-input\":\"required name=search_term_string\"}],\"inLanguage\":\"es\"},{\"@type\":\"Person\",\"@id\":\"https:\/\/www.ull.es\/portal\/noticias\/#\/schema\/person\/b2b1a89d43ffa609e591f7df8ef3e817\",\"name\":\"gaprsa\",\"image\":{\"@type\":\"ImageObject\",\"inLanguage\":\"es\",\"@id\":\"https:\/\/www.ull.es\/portal\/noticias\/#\/schema\/person\/image\/\",\"url\":\"https:\/\/secure.gravatar.com\/avatar\/443820550921091458b4823867723b3d?s=96&d=mm&r=g\",\"contentUrl\":\"https:\/\/secure.gravatar.com\/avatar\/443820550921091458b4823867723b3d?s=96&d=mm&r=g\",\"caption\":\"gaprsa\"},\"url\":\"https:\/\/www.ull.es\/portal\/noticias\/author\/gaprsa\/\"}]}<\/script>\n<!-- \/ Yoast SEO plugin. -->","yoast_head_json":{"title":"La Sinf\u00f3nica \"vuelve a su casa\" de la ULL con un ciclo de conciertos dise\u00f1ado para atraer al p\u00fablico joven - ULL - Noticias","robots":{"index":"index","follow":"follow","max-snippet":"max-snippet:-1","max-image-preview":"max-image-preview:large","max-video-preview":"max-video-preview:-1"},"canonical":"https:\/\/www.ull.es\/portal\/noticias\/2024\/la-sinfonica-vuelve-a-su-casa-de-la-ull-con-un-ciclo-de-conciertos-disenado-para-atraer-al-publico-joven\/","og_locale":"es_ES","og_type":"article","og_title":"La Sinf\u00f3nica \"vuelve a su casa\" de la ULL con un ciclo de conciertos dise\u00f1ado para atraer al p\u00fablico joven - ULL - Noticias","og_description":"\u201cA fULL con la Sinf\u00f3nica\u201d es un proyecto de difusi\u00f3n de la m\u00fasica cl\u00e1sica entre el p\u00fablico joven que cuenta...","og_url":"https:\/\/www.ull.es\/portal\/noticias\/2024\/la-sinfonica-vuelve-a-su-casa-de-la-ull-con-un-ciclo-de-conciertos-disenado-para-atraer-al-publico-joven\/","og_site_name":"ULL - Noticias","article_publisher":"https:\/\/www.facebook.com\/universidaddelalaguna\/","article_published_time":"2024-09-09T14:15:04+00:00","article_modified_time":"2024-09-11T10:38:23+00:00","og_image":[{"width":1100,"height":734,"url":"https:\/\/www.ull.es\/portal\/noticias\/wp-content\/uploads\/sites\/13\/2024\/09\/R-prens-Sinfonica-10.jpg","type":"image\/jpeg"}],"author":"gaprsa","twitter_card":"summary_large_image","twitter_creator":"@CanalULL","twitter_site":"@CanalULL","twitter_misc":{"Escrito por":"gaprsa","Tiempo de lectura":"6 minutos"},"schema":{"@context":"https:\/\/schema.org","@graph":[{"@type":"WebPage","@id":"https:\/\/www.ull.es\/portal\/noticias\/2024\/la-sinfonica-vuelve-a-su-casa-de-la-ull-con-un-ciclo-de-conciertos-disenado-para-atraer-al-publico-joven\/","url":"https:\/\/www.ull.es\/portal\/noticias\/2024\/la-sinfonica-vuelve-a-su-casa-de-la-ull-con-un-ciclo-de-conciertos-disenado-para-atraer-al-publico-joven\/","name":"La Sinf\u00f3nica \"vuelve a su casa\" de la ULL con un ciclo de conciertos dise\u00f1ado para atraer al p\u00fablico joven - ULL - Noticias","isPartOf":{"@id":"https:\/\/www.ull.es\/portal\/noticias\/#website"},"datePublished":"2024-09-09T14:15:04+00:00","dateModified":"2024-09-11T10:38:23+00:00","author":{"@id":"https:\/\/www.ull.es\/portal\/noticias\/#\/schema\/person\/b2b1a89d43ffa609e591f7df8ef3e817"},"breadcrumb":{"@id":"https:\/\/www.ull.es\/portal\/noticias\/2024\/la-sinfonica-vuelve-a-su-casa-de-la-ull-con-un-ciclo-de-conciertos-disenado-para-atraer-al-publico-joven\/#breadcrumb"},"inLanguage":"es","potentialAction":[{"@type":"ReadAction","target":["https:\/\/www.ull.es\/portal\/noticias\/2024\/la-sinfonica-vuelve-a-su-casa-de-la-ull-con-un-ciclo-de-conciertos-disenado-para-atraer-al-publico-joven\/"]}]},{"@type":"BreadcrumbList","@id":"https:\/\/www.ull.es\/portal\/noticias\/2024\/la-sinfonica-vuelve-a-su-casa-de-la-ull-con-un-ciclo-de-conciertos-disenado-para-atraer-al-publico-joven\/#breadcrumb","itemListElement":[{"@type":"ListItem","position":1,"name":"Portada","item":"https:\/\/www.ull.es\/portal\/noticias\/"},{"@type":"ListItem","position":2,"name":"La Sinf\u00f3nica \u00abvuelve a su casa\u00bb de la ULL con un ciclo de conciertos dise\u00f1ado para atraer al p\u00fablico joven"}]},{"@type":"WebSite","@id":"https:\/\/www.ull.es\/portal\/noticias\/#website","url":"https:\/\/www.ull.es\/portal\/noticias\/","name":"ULL - Noticias","description":"","potentialAction":[{"@type":"SearchAction","target":{"@type":"EntryPoint","urlTemplate":"https:\/\/www.ull.es\/portal\/noticias\/?s={search_term_string}"},"query-input":"required name=search_term_string"}],"inLanguage":"es"},{"@type":"Person","@id":"https:\/\/www.ull.es\/portal\/noticias\/#\/schema\/person\/b2b1a89d43ffa609e591f7df8ef3e817","name":"gaprsa","image":{"@type":"ImageObject","inLanguage":"es","@id":"https:\/\/www.ull.es\/portal\/noticias\/#\/schema\/person\/image\/","url":"https:\/\/secure.gravatar.com\/avatar\/443820550921091458b4823867723b3d?s=96&d=mm&r=g","contentUrl":"https:\/\/secure.gravatar.com\/avatar\/443820550921091458b4823867723b3d?s=96&d=mm&r=g","caption":"gaprsa"},"url":"https:\/\/www.ull.es\/portal\/noticias\/author\/gaprsa\/"}]}},"primary_category":{"id":345,"name":"Destacado","slug":"destacado","link":"https:\/\/www.ull.es\/portal\/noticias\/category\/destacado\/"},"featured_image_thumbnail_url":"https:\/\/www.ull.es\/portal\/noticias\/wp-content\/uploads\/sites\/13\/2024\/09\/R-prens-Sinfonica-10-300x200.jpg","_links":{"self":[{"href":"https:\/\/www.ull.es\/portal\/noticias\/wp-json\/wp\/v2\/posts\/77291"}],"collection":[{"href":"https:\/\/www.ull.es\/portal\/noticias\/wp-json\/wp\/v2\/posts"}],"about":[{"href":"https:\/\/www.ull.es\/portal\/noticias\/wp-json\/wp\/v2\/types\/post"}],"author":[{"embeddable":true,"href":"https:\/\/www.ull.es\/portal\/noticias\/wp-json\/wp\/v2\/users\/23"}],"replies":[{"embeddable":true,"href":"https:\/\/www.ull.es\/portal\/noticias\/wp-json\/wp\/v2\/comments?post=77291"}],"version-history":[{"count":5,"href":"https:\/\/www.ull.es\/portal\/noticias\/wp-json\/wp\/v2\/posts\/77291\/revisions"}],"predecessor-version":[{"id":77321,"href":"https:\/\/www.ull.es\/portal\/noticias\/wp-json\/wp\/v2\/posts\/77291\/revisions\/77321"}],"wp:featuredmedia":[{"embeddable":true,"href":"https:\/\/www.ull.es\/portal\/noticias\/wp-json\/wp\/v2\/media\/77294"}],"wp:attachment":[{"href":"https:\/\/www.ull.es\/portal\/noticias\/wp-json\/wp\/v2\/media?parent=77291"}],"wp:term":[{"taxonomy":"category","embeddable":true,"href":"https:\/\/www.ull.es\/portal\/noticias\/wp-json\/wp\/v2\/categories?post=77291"},{"taxonomy":"post_tag","embeddable":true,"href":"https:\/\/www.ull.es\/portal\/noticias\/wp-json\/wp\/v2\/tags?post=77291"}],"curies":[{"name":"wp","href":"https:\/\/api.w.org\/{rel}","templated":true}]}}