{"id":77350,"date":"2024-09-12T13:12:34","date_gmt":"2024-09-12T13:12:34","guid":{"rendered":"https:\/\/www.ull.es\/portal\/noticias\/?p=77350"},"modified":"2024-09-12T18:10:19","modified_gmt":"2024-09-12T18:10:19","slug":"la-universidad-de-la-laguna-celebra-su-apertura-de-curso-con-un-concierto-del-coro-polifonico","status":"publish","type":"post","link":"https:\/\/www.ull.es\/portal\/noticias\/2024\/la-universidad-de-la-laguna-celebra-su-apertura-de-curso-con-un-concierto-del-coro-polifonico\/","title":{"rendered":"El Coro Polif\u00f3nico de la Universidad de La Laguna celebra con un concierto su cuadrag\u00e9simo aniversario"},"content":{"rendered":"<p>El <a href=\"https:\/\/www.ull.es\/portal\/coro-polifonico\/\" target=\"_blank\" rel=\"noopener\">Coro Polif\u00f3nico <\/a>de la Universidad de La Laguna cierra ma\u00f1ana 13 de septiembre la celebraci\u00f3n de su 40 aniversario con un concierto en el vest\u00edbulo del Edificio Central, a partir de las 20 horas. Se trata de un espacio interior, que da a la escalinata principal, pero en el que no suele ser habitual este tipo de espect\u00e1culos. En este recital la formaci\u00f3n coral realizar\u00e1 un recorrido por algunas de las obras m\u00e1s emblem\u00e1ticas de esta \u00faltima d\u00e9cada en las que el coro est\u00e1 dirigido por Julio Chinea.\u00a0 Musicales, folklore vasco, tangos y habaneras resonar\u00e1n as\u00ed en el vest\u00edbulo del inmueble universitario.<\/p>\n<p>El Coro Polif\u00f3nico de la Universidad de La Laguna fue fundado en 1983 y es s\u00edmbolo de esa actividad universitaria que es capaz de traspasar las paredes de las aulas. Su significativo palmar\u00e9s de \u00e9xitos en concursos, tanto nacionales como internacionales, y su versatilidad interpretativa se deben fundamentalmente al trabajo constante de sus componentes y al consolidado magisterio de las personas que han estado al frente de su direcci\u00f3n.<\/p>\n<p>El heterog\u00e9neo marco de intereses art\u00edsticos ha llevado al Coro Polif\u00f3nico de la Universidad de La Laguna a afrontar todos los estilos, repertorios, \u00e9pocas de la literatura musical, tanto en su vertiente sinf\u00f3nica como a capella.<\/p>\n<p>Ha sido colaborador regular de la Orquesta Sinf\u00f3nica de Tenerife, co-organizador del Encuentro Coral Ciudad de La Laguna, presencia significativa en la Temporada de \u00d3pera y Zarzuela de Tenerife, pionero en el Concierto Extraordinario de Navidad organizado por la Autoridad Portuaria de Santa Cruz de Tenerife, coro invitado en el Festival Internacional de M\u00fasica de Cine de Tenerife (FIMUCIT\u00c9), am\u00e9n de protagonista de una destacable discograf\u00eda con versiones de referencia y de rescate del patrimonio musical de la polifon\u00eda contempor\u00e1nea de Canarias.<\/p>\n","protected":false},"excerpt":{"rendered":"<p>El Coro Polif\u00f3nico de la Universidad de La Laguna cierra ma\u00f1ana 13 de septiembre la celebraci\u00f3n de su 40 aniversario&#8230;<\/p>\n","protected":false},"author":23,"featured_media":77351,"comment_status":"closed","ping_status":"closed","sticky":false,"template":"","format":"standard","meta":{"inline_featured_image":false,"footnotes":""},"categories":[344,345,2765],"tags":[],"acf":[],"yoast_head":"<!-- This site is optimized with the Yoast SEO plugin v21.3 - https:\/\/yoast.com\/wordpress\/plugins\/seo\/ -->\n<title>El Coro Polif\u00f3nico de la Universidad de La Laguna celebra con un concierto su cuadrag\u00e9simo aniversario - ULL - Noticias<\/title>\n<meta name=\"robots\" content=\"index, follow, max-snippet:-1, max-image-preview:large, max-video-preview:-1\" \/>\n<link rel=\"canonical\" href=\"https:\/\/www.ull.es\/portal\/noticias\/2024\/la-universidad-de-la-laguna-celebra-su-apertura-de-curso-con-un-concierto-del-coro-polifonico\/\" \/>\n<meta property=\"og:locale\" content=\"es_ES\" \/>\n<meta property=\"og:type\" content=\"article\" \/>\n<meta property=\"og:title\" content=\"El Coro Polif\u00f3nico de la Universidad de La Laguna celebra con un concierto su cuadrag\u00e9simo aniversario - ULL - Noticias\" \/>\n<meta property=\"og:description\" content=\"El Coro Polif\u00f3nico de la Universidad de La Laguna cierra ma\u00f1ana 13 de septiembre la celebraci\u00f3n de su 40 aniversario...\" \/>\n<meta property=\"og:url\" content=\"https:\/\/www.ull.es\/portal\/noticias\/2024\/la-universidad-de-la-laguna-celebra-su-apertura-de-curso-con-un-concierto-del-coro-polifonico\/\" \/>\n<meta property=\"og:site_name\" content=\"ULL - Noticias\" \/>\n<meta property=\"article:publisher\" content=\"https:\/\/www.facebook.com\/universidaddelalaguna\/\" \/>\n<meta property=\"article:published_time\" content=\"2024-09-12T13:12:34+00:00\" \/>\n<meta property=\"article:modified_time\" content=\"2024-09-12T18:10:19+00:00\" \/>\n<meta property=\"og:image\" content=\"https:\/\/www.ull.es\/portal\/noticias\/wp-content\/uploads\/sites\/13\/2024\/09\/Concierto-coro-polifonico_ULL.png\" \/>\n\t<meta property=\"og:image:width\" content=\"750\" \/>\n\t<meta property=\"og:image:height\" content=\"370\" \/>\n\t<meta property=\"og:image:type\" content=\"image\/png\" \/>\n<meta name=\"author\" content=\"gaprsa\" \/>\n<meta name=\"twitter:card\" content=\"summary_large_image\" \/>\n<meta name=\"twitter:creator\" content=\"@CanalULL\" \/>\n<meta name=\"twitter:site\" content=\"@CanalULL\" \/>\n<meta name=\"twitter:label1\" content=\"Escrito por\" \/>\n\t<meta name=\"twitter:data1\" content=\"gaprsa\" \/>\n\t<meta name=\"twitter:label2\" content=\"Tiempo de lectura\" \/>\n\t<meta name=\"twitter:data2\" content=\"2 minutos\" \/>\n<script type=\"application\/ld+json\" class=\"yoast-schema-graph\">{\"@context\":\"https:\/\/schema.org\",\"@graph\":[{\"@type\":\"WebPage\",\"@id\":\"https:\/\/www.ull.es\/portal\/noticias\/2024\/la-universidad-de-la-laguna-celebra-su-apertura-de-curso-con-un-concierto-del-coro-polifonico\/\",\"url\":\"https:\/\/www.ull.es\/portal\/noticias\/2024\/la-universidad-de-la-laguna-celebra-su-apertura-de-curso-con-un-concierto-del-coro-polifonico\/\",\"name\":\"El Coro Polif\u00f3nico de la Universidad de La Laguna celebra con un concierto su cuadrag\u00e9simo aniversario - ULL - Noticias\",\"isPartOf\":{\"@id\":\"https:\/\/www.ull.es\/portal\/noticias\/#website\"},\"datePublished\":\"2024-09-12T13:12:34+00:00\",\"dateModified\":\"2024-09-12T18:10:19+00:00\",\"author\":{\"@id\":\"https:\/\/www.ull.es\/portal\/noticias\/#\/schema\/person\/b2b1a89d43ffa609e591f7df8ef3e817\"},\"breadcrumb\":{\"@id\":\"https:\/\/www.ull.es\/portal\/noticias\/2024\/la-universidad-de-la-laguna-celebra-su-apertura-de-curso-con-un-concierto-del-coro-polifonico\/#breadcrumb\"},\"inLanguage\":\"es\",\"potentialAction\":[{\"@type\":\"ReadAction\",\"target\":[\"https:\/\/www.ull.es\/portal\/noticias\/2024\/la-universidad-de-la-laguna-celebra-su-apertura-de-curso-con-un-concierto-del-coro-polifonico\/\"]}]},{\"@type\":\"BreadcrumbList\",\"@id\":\"https:\/\/www.ull.es\/portal\/noticias\/2024\/la-universidad-de-la-laguna-celebra-su-apertura-de-curso-con-un-concierto-del-coro-polifonico\/#breadcrumb\",\"itemListElement\":[{\"@type\":\"ListItem\",\"position\":1,\"name\":\"Portada\",\"item\":\"https:\/\/www.ull.es\/portal\/noticias\/\"},{\"@type\":\"ListItem\",\"position\":2,\"name\":\"El Coro Polif\u00f3nico de la Universidad de La Laguna celebra con un concierto su cuadrag\u00e9simo aniversario\"}]},{\"@type\":\"WebSite\",\"@id\":\"https:\/\/www.ull.es\/portal\/noticias\/#website\",\"url\":\"https:\/\/www.ull.es\/portal\/noticias\/\",\"name\":\"ULL - Noticias\",\"description\":\"\",\"potentialAction\":[{\"@type\":\"SearchAction\",\"target\":{\"@type\":\"EntryPoint\",\"urlTemplate\":\"https:\/\/www.ull.es\/portal\/noticias\/?s={search_term_string}\"},\"query-input\":\"required name=search_term_string\"}],\"inLanguage\":\"es\"},{\"@type\":\"Person\",\"@id\":\"https:\/\/www.ull.es\/portal\/noticias\/#\/schema\/person\/b2b1a89d43ffa609e591f7df8ef3e817\",\"name\":\"gaprsa\",\"image\":{\"@type\":\"ImageObject\",\"inLanguage\":\"es\",\"@id\":\"https:\/\/www.ull.es\/portal\/noticias\/#\/schema\/person\/image\/\",\"url\":\"https:\/\/secure.gravatar.com\/avatar\/443820550921091458b4823867723b3d?s=96&d=mm&r=g\",\"contentUrl\":\"https:\/\/secure.gravatar.com\/avatar\/443820550921091458b4823867723b3d?s=96&d=mm&r=g\",\"caption\":\"gaprsa\"},\"url\":\"https:\/\/www.ull.es\/portal\/noticias\/author\/gaprsa\/\"}]}<\/script>\n<!-- \/ Yoast SEO plugin. -->","yoast_head_json":{"title":"El Coro Polif\u00f3nico de la Universidad de La Laguna celebra con un concierto su cuadrag\u00e9simo aniversario - ULL - Noticias","robots":{"index":"index","follow":"follow","max-snippet":"max-snippet:-1","max-image-preview":"max-image-preview:large","max-video-preview":"max-video-preview:-1"},"canonical":"https:\/\/www.ull.es\/portal\/noticias\/2024\/la-universidad-de-la-laguna-celebra-su-apertura-de-curso-con-un-concierto-del-coro-polifonico\/","og_locale":"es_ES","og_type":"article","og_title":"El Coro Polif\u00f3nico de la Universidad de La Laguna celebra con un concierto su cuadrag\u00e9simo aniversario - ULL - Noticias","og_description":"El Coro Polif\u00f3nico de la Universidad de La Laguna cierra ma\u00f1ana 13 de septiembre la celebraci\u00f3n de su 40 aniversario...","og_url":"https:\/\/www.ull.es\/portal\/noticias\/2024\/la-universidad-de-la-laguna-celebra-su-apertura-de-curso-con-un-concierto-del-coro-polifonico\/","og_site_name":"ULL - Noticias","article_publisher":"https:\/\/www.facebook.com\/universidaddelalaguna\/","article_published_time":"2024-09-12T13:12:34+00:00","article_modified_time":"2024-09-12T18:10:19+00:00","og_image":[{"width":750,"height":370,"url":"https:\/\/www.ull.es\/portal\/noticias\/wp-content\/uploads\/sites\/13\/2024\/09\/Concierto-coro-polifonico_ULL.png","type":"image\/png"}],"author":"gaprsa","twitter_card":"summary_large_image","twitter_creator":"@CanalULL","twitter_site":"@CanalULL","twitter_misc":{"Escrito por":"gaprsa","Tiempo de lectura":"2 minutos"},"schema":{"@context":"https:\/\/schema.org","@graph":[{"@type":"WebPage","@id":"https:\/\/www.ull.es\/portal\/noticias\/2024\/la-universidad-de-la-laguna-celebra-su-apertura-de-curso-con-un-concierto-del-coro-polifonico\/","url":"https:\/\/www.ull.es\/portal\/noticias\/2024\/la-universidad-de-la-laguna-celebra-su-apertura-de-curso-con-un-concierto-del-coro-polifonico\/","name":"El Coro Polif\u00f3nico de la Universidad de La Laguna celebra con un concierto su cuadrag\u00e9simo aniversario - ULL - Noticias","isPartOf":{"@id":"https:\/\/www.ull.es\/portal\/noticias\/#website"},"datePublished":"2024-09-12T13:12:34+00:00","dateModified":"2024-09-12T18:10:19+00:00","author":{"@id":"https:\/\/www.ull.es\/portal\/noticias\/#\/schema\/person\/b2b1a89d43ffa609e591f7df8ef3e817"},"breadcrumb":{"@id":"https:\/\/www.ull.es\/portal\/noticias\/2024\/la-universidad-de-la-laguna-celebra-su-apertura-de-curso-con-un-concierto-del-coro-polifonico\/#breadcrumb"},"inLanguage":"es","potentialAction":[{"@type":"ReadAction","target":["https:\/\/www.ull.es\/portal\/noticias\/2024\/la-universidad-de-la-laguna-celebra-su-apertura-de-curso-con-un-concierto-del-coro-polifonico\/"]}]},{"@type":"BreadcrumbList","@id":"https:\/\/www.ull.es\/portal\/noticias\/2024\/la-universidad-de-la-laguna-celebra-su-apertura-de-curso-con-un-concierto-del-coro-polifonico\/#breadcrumb","itemListElement":[{"@type":"ListItem","position":1,"name":"Portada","item":"https:\/\/www.ull.es\/portal\/noticias\/"},{"@type":"ListItem","position":2,"name":"El Coro Polif\u00f3nico de la Universidad de La Laguna celebra con un concierto su cuadrag\u00e9simo aniversario"}]},{"@type":"WebSite","@id":"https:\/\/www.ull.es\/portal\/noticias\/#website","url":"https:\/\/www.ull.es\/portal\/noticias\/","name":"ULL - Noticias","description":"","potentialAction":[{"@type":"SearchAction","target":{"@type":"EntryPoint","urlTemplate":"https:\/\/www.ull.es\/portal\/noticias\/?s={search_term_string}"},"query-input":"required name=search_term_string"}],"inLanguage":"es"},{"@type":"Person","@id":"https:\/\/www.ull.es\/portal\/noticias\/#\/schema\/person\/b2b1a89d43ffa609e591f7df8ef3e817","name":"gaprsa","image":{"@type":"ImageObject","inLanguage":"es","@id":"https:\/\/www.ull.es\/portal\/noticias\/#\/schema\/person\/image\/","url":"https:\/\/secure.gravatar.com\/avatar\/443820550921091458b4823867723b3d?s=96&d=mm&r=g","contentUrl":"https:\/\/secure.gravatar.com\/avatar\/443820550921091458b4823867723b3d?s=96&d=mm&r=g","caption":"gaprsa"},"url":"https:\/\/www.ull.es\/portal\/noticias\/author\/gaprsa\/"}]}},"primary_category":{"id":345,"name":"Destacado","slug":"destacado","link":"https:\/\/www.ull.es\/portal\/noticias\/category\/destacado\/"},"featured_image_thumbnail_url":"https:\/\/www.ull.es\/portal\/noticias\/wp-content\/uploads\/sites\/13\/2024\/09\/Concierto-coro-polifonico_ULL-300x148.png","_links":{"self":[{"href":"https:\/\/www.ull.es\/portal\/noticias\/wp-json\/wp\/v2\/posts\/77350"}],"collection":[{"href":"https:\/\/www.ull.es\/portal\/noticias\/wp-json\/wp\/v2\/posts"}],"about":[{"href":"https:\/\/www.ull.es\/portal\/noticias\/wp-json\/wp\/v2\/types\/post"}],"author":[{"embeddable":true,"href":"https:\/\/www.ull.es\/portal\/noticias\/wp-json\/wp\/v2\/users\/23"}],"replies":[{"embeddable":true,"href":"https:\/\/www.ull.es\/portal\/noticias\/wp-json\/wp\/v2\/comments?post=77350"}],"version-history":[{"count":4,"href":"https:\/\/www.ull.es\/portal\/noticias\/wp-json\/wp\/v2\/posts\/77350\/revisions"}],"predecessor-version":[{"id":77360,"href":"https:\/\/www.ull.es\/portal\/noticias\/wp-json\/wp\/v2\/posts\/77350\/revisions\/77360"}],"wp:featuredmedia":[{"embeddable":true,"href":"https:\/\/www.ull.es\/portal\/noticias\/wp-json\/wp\/v2\/media\/77351"}],"wp:attachment":[{"href":"https:\/\/www.ull.es\/portal\/noticias\/wp-json\/wp\/v2\/media?parent=77350"}],"wp:term":[{"taxonomy":"category","embeddable":true,"href":"https:\/\/www.ull.es\/portal\/noticias\/wp-json\/wp\/v2\/categories?post=77350"},{"taxonomy":"post_tag","embeddable":true,"href":"https:\/\/www.ull.es\/portal\/noticias\/wp-json\/wp\/v2\/tags?post=77350"}],"curies":[{"name":"wp","href":"https:\/\/api.w.org\/{rel}","templated":true}]}}