{"id":77404,"date":"2024-09-18T10:21:03","date_gmt":"2024-09-18T10:21:03","guid":{"rendered":"https:\/\/www.ull.es\/portal\/noticias\/?p=77404"},"modified":"2024-09-19T07:53:04","modified_gmt":"2024-09-19T07:53:04","slug":"ull-recibe-familia-holandesa-herencia-medicina","status":"publish","type":"post","link":"https:\/\/www.ull.es\/portal\/noticias\/2024\/ull-recibe-familia-holandesa-herencia-medicina\/","title":{"rendered":"La ULL recibe a la familia holandesa donante de una cuantiosa herencia a la Secci\u00f3n de Medicina"},"content":{"rendered":"<p>La Universidad de La Laguna recibi\u00f3 ayer, martes 17 de septiembre, la visita de los hermanos Anja y Robert Verbiest, procedentes de los Pa\u00edses Bajos, para visitar la Secci\u00f3n de Medicina de la Facultad de Ciencias de la Salud y as\u00ed conocer el lugar en donde, gracias a sus tr\u00e1mites, han recalado los 380.000 euros que su abuelastra, Meta Helene Verbiest-Jacobs, dej\u00f3 en herencia en 1988 a los estudios m\u00e9dicos del centro tinerfe\u00f1o. Una donaci\u00f3n que, por una serie de circunstancias, no se hab\u00eda podido materializar hasta hace un a\u00f1o.<\/p>\n<p>Los hermanos Verbiest fueron recibidos por el rector, Francisco Garc\u00eda; la vicerrectora de Cultura y Extensi\u00f3n Universitaria, Isabel Le\u00f3n; el actual decano de la Facultad de Ciencias de la Salud, Jos\u00e9 Lui Pais, y su predecesor en el cargo, Agust\u00edn Casta\u00f1eyra; y el vicedecano de la Secci\u00f3n de Medicina, David Machado.<\/p>\n<p>Los fondos de esta herencia est\u00e1n depositados en las cuentas de la Universidad de La Laguna desde el a\u00f1o pasado, por lo que la de ayer fue una visita protocolaria para agradecer personalmente los desvelos de Anja Verbiest por lograr que la \u00faltima voluntad de la segunda esposa de su abuelo pudiera materializarse pese a una serie de dificultades sobrevenidas. Los hermanos visitaron las dependencias de la Secci\u00f3n de Medicina, sus laboratorios y sus aulas, para conocer d\u00f3nde ser\u00e1 invertido un dinero que, por expresa voluntad de la testadora, solamente se podr\u00e1 utilizar para la docencia y la investigaci\u00f3n.<\/p>\n<p>En ese sentido, el decano Jos\u00e9 Luis Pais se\u00f1ala que en estos momentos no se ha decidido todav\u00eda para que se van a emplear estos fondos, aunque se\u00f1ala que probablemente sirvan para adquirir equipamiento utilizado en proyectos de investigaci\u00f3n. Tambi\u00e9n reflexion\u00f3 que esto es un buen ejemplo de la cultura del mecenazgo privado que existe en el extranjero y que todav\u00eda no es com\u00fan en Espa\u00f1a, en parte por la ausencia de una legislaci\u00f3n propicia para ello.<\/p>\n<div id=\"attachment_77406\" style=\"width: 310px\" class=\"wp-caption alignleft\"><a href=\"https:\/\/www.ull.es\/portal\/noticias\/wp-content\/uploads\/sites\/13\/2024\/09\/3.jpg\" target=\"_blank\" rel=\"noopener\" target=\"_blank\" rel=\"noopener\"><img aria-describedby=\"caption-attachment-77406\" decoding=\"async\" loading=\"lazy\" class=\"wp-image-77406 size-medium\" src=\"https:\/\/www.ull.es\/portal\/noticias\/wp-content\/uploads\/sites\/13\/2024\/09\/3-300x200.jpg\" alt=\"Momento de la reuni\u00f3n en el Rectorado.\" width=\"300\" height=\"200\" srcset=\"https:\/\/www.ull.es\/portal\/noticias\/wp-content\/uploads\/sites\/13\/2024\/09\/3-300x200.jpg 300w, https:\/\/www.ull.es\/portal\/noticias\/wp-content\/uploads\/sites\/13\/2024\/09\/3-1024x683.jpg 1024w, https:\/\/www.ull.es\/portal\/noticias\/wp-content\/uploads\/sites\/13\/2024\/09\/3-768x512.jpg 768w, https:\/\/www.ull.es\/portal\/noticias\/wp-content\/uploads\/sites\/13\/2024\/09\/3-375x250.jpg 375w, https:\/\/www.ull.es\/portal\/noticias\/wp-content\/uploads\/sites\/13\/2024\/09\/3-750x500.jpg 750w, https:\/\/www.ull.es\/portal\/noticias\/wp-content\/uploads\/sites\/13\/2024\/09\/3-1140x760.jpg 1140w, https:\/\/www.ull.es\/portal\/noticias\/wp-content\/uploads\/sites\/13\/2024\/09\/3.jpg 1200w\" sizes=\"(max-width: 300px) 100vw, 300px\" \/><\/a><p id=\"caption-attachment-77406\" class=\"wp-caption-text\">Momento de la reuni\u00f3n en el Rectorado.<\/p><\/div>\n<p><strong>Compleja historia familiar<\/strong><\/p>\n<p>Una complicada historia familiar y alg\u00fan error administrativo explican porqu\u00e9 un legado de 1988 no se haya llegado a formalizar hasta treinta cinco a\u00f1os despu\u00e9s. El origen est\u00e1 en el periodista holand\u00e9s Julius Verbiest, quien residi\u00f3 en el Puerto de la Cruz hasta su muerte y estableci\u00f3 una estrecha relaci\u00f3n con el entonces decano comisario de la reci\u00e9n creada Facultad de Medicina de la Universidad de La Laguna, Miguel Guirao. Este ciudadano de Pa\u00edses Bajos hab\u00eda roto lazos con su anterior esposa y con los hijos que tuvo con ella, y se cas\u00f3 en segundas nupcias con Meta Helene Verbiest-Jacobs, con quien vivi\u00f3 en Tenerife.<\/p>\n<p>Julius falleci\u00f3 en 1970 y su viuda qued\u00f3 agradecida por el trato que se le dispens\u00f3 a su marido en el entonces nuevo hospital universitario. Como no tuvieron descendientes, ella decidi\u00f3 dejar en herencia ese dinero a la Universidad de La Laguna y, m\u00e1s espec\u00edficamente, a la entonces Facultad de Medicina.<\/p>\n<p>Como la relaci\u00f3n con su padre y la segunda esposa de \u00e9ste era inexistente, el hijo de Julius nunca lleg\u00f3 a saber de la herencia. Un error bancario sac\u00f3 a la luz lo sucedi\u00f3 varios a\u00f1os despu\u00e9s: en 2011, la madre de los Verbiest recibi\u00f3 una notificaci\u00f3n de su banco con un saldo de cuenta corriente inusualmente elevado. Se trataba, realmente, del extracto de la cuenta de la fallecida Meta Helene, que le fue enviado a ella porque, casualmente, ambas mujeres compart\u00edan las mismas iniciales -M.H. Verbiest- y la entidad financiera relacion\u00f3 la cuenta de una con la direcci\u00f3n de la otra.<\/p>\n<p>Este inesperado ingreso inici\u00f3 una investigaci\u00f3n por parte de la familia para averiguar el origen de ese dinero y as\u00ed es como averiguaron la existencia de la herencia no ejecutada de 1988. Finalmente, Anja Verbiest logr\u00f3 contactar en el entonces decano de la Facultad de Ciencias de la Salud, Agust\u00edn Casta\u00f1eira, y as\u00ed es como, finalmente, se pudo dar cumplimento a esta generosa \u00faltima voluntad.<\/p>\n","protected":false},"excerpt":{"rendered":"<p>La Universidad de La Laguna recibi\u00f3 ayer, martes 17 de septiembre, la visita de los hermanos Anja y Robert Verbiest,&#8230;<\/p>\n","protected":false},"author":21,"featured_media":77405,"comment_status":"closed","ping_status":"closed","sticky":false,"template":"","format":"standard","meta":{"inline_featured_image":false,"footnotes":""},"categories":[345,4040,348,2765],"tags":[4956,11122,1065,1217,11112,5389,1870,11114],"acf":[],"yoast_head":"<!-- This site is optimized with the Yoast SEO plugin v21.3 - https:\/\/yoast.com\/wordpress\/plugins\/seo\/ -->\n<title>Medicina recibe una importante herencia de una familia holandesa<\/title>\n<meta name=\"description\" content=\"El rector y el decano de Ciencias de la Salud recibieron a los hermanos Verbeist para agradecerles su empe\u00f1o en materializar este donativo.\" \/>\n<meta name=\"robots\" content=\"index, follow, max-snippet:-1, max-image-preview:large, max-video-preview:-1\" \/>\n<link rel=\"canonical\" href=\"https:\/\/www.ull.es\/portal\/noticias\/2024\/ull-recibe-familia-holandesa-herencia-medicina\/\" \/>\n<meta property=\"og:locale\" content=\"es_ES\" \/>\n<meta property=\"og:type\" content=\"article\" \/>\n<meta property=\"og:title\" content=\"Medicina recibe una importante herencia de una familia holandesa\" \/>\n<meta property=\"og:description\" content=\"El rector y el decano de Ciencias de la Salud recibieron a los hermanos Verbeist para agradecerles su empe\u00f1o en materializar este donativo.\" \/>\n<meta property=\"og:url\" content=\"https:\/\/www.ull.es\/portal\/noticias\/2024\/ull-recibe-familia-holandesa-herencia-medicina\/\" \/>\n<meta property=\"og:site_name\" content=\"ULL - Noticias\" \/>\n<meta property=\"article:publisher\" content=\"https:\/\/www.facebook.com\/universidaddelalaguna\/\" \/>\n<meta property=\"article:published_time\" content=\"2024-09-18T10:21:03+00:00\" \/>\n<meta property=\"article:modified_time\" content=\"2024-09-19T07:53:04+00:00\" \/>\n<meta property=\"og:image\" content=\"https:\/\/www.ull.es\/portal\/noticias\/wp-content\/uploads\/sites\/13\/2024\/09\/1.jpg\" \/>\n\t<meta property=\"og:image:width\" content=\"1200\" \/>\n\t<meta property=\"og:image:height\" content=\"800\" \/>\n\t<meta property=\"og:image:type\" content=\"image\/jpeg\" \/>\n<meta name=\"author\" content=\"prensa2\" \/>\n<meta name=\"twitter:card\" content=\"summary_large_image\" \/>\n<meta name=\"twitter:creator\" content=\"@CanalULL\" \/>\n<meta name=\"twitter:site\" content=\"@CanalULL\" \/>\n<meta name=\"twitter:label1\" content=\"Escrito por\" \/>\n\t<meta name=\"twitter:data1\" content=\"prensa2\" \/>\n\t<meta name=\"twitter:label2\" content=\"Tiempo de lectura\" \/>\n\t<meta name=\"twitter:data2\" content=\"4 minutos\" \/>\n<script type=\"application\/ld+json\" class=\"yoast-schema-graph\">{\"@context\":\"https:\/\/schema.org\",\"@graph\":[{\"@type\":\"WebPage\",\"@id\":\"https:\/\/www.ull.es\/portal\/noticias\/2024\/ull-recibe-familia-holandesa-herencia-medicina\/\",\"url\":\"https:\/\/www.ull.es\/portal\/noticias\/2024\/ull-recibe-familia-holandesa-herencia-medicina\/\",\"name\":\"Medicina recibe una importante herencia de una familia holandesa\",\"isPartOf\":{\"@id\":\"https:\/\/www.ull.es\/portal\/noticias\/#website\"},\"datePublished\":\"2024-09-18T10:21:03+00:00\",\"dateModified\":\"2024-09-19T07:53:04+00:00\",\"author\":{\"@id\":\"https:\/\/www.ull.es\/portal\/noticias\/#\/schema\/person\/c3b2aa857797592927a03740d6664376\"},\"description\":\"El rector y el decano de Ciencias de la Salud recibieron a los hermanos Verbeist para agradecerles su empe\u00f1o en materializar este donativo.\",\"breadcrumb\":{\"@id\":\"https:\/\/www.ull.es\/portal\/noticias\/2024\/ull-recibe-familia-holandesa-herencia-medicina\/#breadcrumb\"},\"inLanguage\":\"es\",\"potentialAction\":[{\"@type\":\"ReadAction\",\"target\":[\"https:\/\/www.ull.es\/portal\/noticias\/2024\/ull-recibe-familia-holandesa-herencia-medicina\/\"]}]},{\"@type\":\"BreadcrumbList\",\"@id\":\"https:\/\/www.ull.es\/portal\/noticias\/2024\/ull-recibe-familia-holandesa-herencia-medicina\/#breadcrumb\",\"itemListElement\":[{\"@type\":\"ListItem\",\"position\":1,\"name\":\"Portada\",\"item\":\"https:\/\/www.ull.es\/portal\/noticias\/\"},{\"@type\":\"ListItem\",\"position\":2,\"name\":\"La ULL recibe a la familia holandesa donante de una cuantiosa herencia a la Secci\u00f3n de Medicina\"}]},{\"@type\":\"WebSite\",\"@id\":\"https:\/\/www.ull.es\/portal\/noticias\/#website\",\"url\":\"https:\/\/www.ull.es\/portal\/noticias\/\",\"name\":\"ULL - Noticias\",\"description\":\"\",\"potentialAction\":[{\"@type\":\"SearchAction\",\"target\":{\"@type\":\"EntryPoint\",\"urlTemplate\":\"https:\/\/www.ull.es\/portal\/noticias\/?s={search_term_string}\"},\"query-input\":\"required name=search_term_string\"}],\"inLanguage\":\"es\"},{\"@type\":\"Person\",\"@id\":\"https:\/\/www.ull.es\/portal\/noticias\/#\/schema\/person\/c3b2aa857797592927a03740d6664376\",\"name\":\"prensa2\",\"image\":{\"@type\":\"ImageObject\",\"inLanguage\":\"es\",\"@id\":\"https:\/\/www.ull.es\/portal\/noticias\/#\/schema\/person\/image\/\",\"url\":\"https:\/\/secure.gravatar.com\/avatar\/b58f310a5de5feb33d1e026d2493f23c?s=96&d=mm&r=g\",\"contentUrl\":\"https:\/\/secure.gravatar.com\/avatar\/b58f310a5de5feb33d1e026d2493f23c?s=96&d=mm&r=g\",\"caption\":\"prensa2\"},\"url\":\"https:\/\/www.ull.es\/portal\/noticias\/author\/prensa2\/\"}]}<\/script>\n<!-- \/ Yoast SEO plugin. -->","yoast_head_json":{"title":"Medicina recibe una importante herencia de una familia holandesa","description":"El rector y el decano de Ciencias de la Salud recibieron a los hermanos Verbeist para agradecerles su empe\u00f1o en materializar este donativo.","robots":{"index":"index","follow":"follow","max-snippet":"max-snippet:-1","max-image-preview":"max-image-preview:large","max-video-preview":"max-video-preview:-1"},"canonical":"https:\/\/www.ull.es\/portal\/noticias\/2024\/ull-recibe-familia-holandesa-herencia-medicina\/","og_locale":"es_ES","og_type":"article","og_title":"Medicina recibe una importante herencia de una familia holandesa","og_description":"El rector y el decano de Ciencias de la Salud recibieron a los hermanos Verbeist para agradecerles su empe\u00f1o en materializar este donativo.","og_url":"https:\/\/www.ull.es\/portal\/noticias\/2024\/ull-recibe-familia-holandesa-herencia-medicina\/","og_site_name":"ULL - Noticias","article_publisher":"https:\/\/www.facebook.com\/universidaddelalaguna\/","article_published_time":"2024-09-18T10:21:03+00:00","article_modified_time":"2024-09-19T07:53:04+00:00","og_image":[{"width":1200,"height":800,"url":"https:\/\/www.ull.es\/portal\/noticias\/wp-content\/uploads\/sites\/13\/2024\/09\/1.jpg","type":"image\/jpeg"}],"author":"prensa2","twitter_card":"summary_large_image","twitter_creator":"@CanalULL","twitter_site":"@CanalULL","twitter_misc":{"Escrito por":"prensa2","Tiempo de lectura":"4 minutos"},"schema":{"@context":"https:\/\/schema.org","@graph":[{"@type":"WebPage","@id":"https:\/\/www.ull.es\/portal\/noticias\/2024\/ull-recibe-familia-holandesa-herencia-medicina\/","url":"https:\/\/www.ull.es\/portal\/noticias\/2024\/ull-recibe-familia-holandesa-herencia-medicina\/","name":"Medicina recibe una importante herencia de una familia holandesa","isPartOf":{"@id":"https:\/\/www.ull.es\/portal\/noticias\/#website"},"datePublished":"2024-09-18T10:21:03+00:00","dateModified":"2024-09-19T07:53:04+00:00","author":{"@id":"https:\/\/www.ull.es\/portal\/noticias\/#\/schema\/person\/c3b2aa857797592927a03740d6664376"},"description":"El rector y el decano de Ciencias de la Salud recibieron a los hermanos Verbeist para agradecerles su empe\u00f1o en materializar este donativo.","breadcrumb":{"@id":"https:\/\/www.ull.es\/portal\/noticias\/2024\/ull-recibe-familia-holandesa-herencia-medicina\/#breadcrumb"},"inLanguage":"es","potentialAction":[{"@type":"ReadAction","target":["https:\/\/www.ull.es\/portal\/noticias\/2024\/ull-recibe-familia-holandesa-herencia-medicina\/"]}]},{"@type":"BreadcrumbList","@id":"https:\/\/www.ull.es\/portal\/noticias\/2024\/ull-recibe-familia-holandesa-herencia-medicina\/#breadcrumb","itemListElement":[{"@type":"ListItem","position":1,"name":"Portada","item":"https:\/\/www.ull.es\/portal\/noticias\/"},{"@type":"ListItem","position":2,"name":"La ULL recibe a la familia holandesa donante de una cuantiosa herencia a la Secci\u00f3n de Medicina"}]},{"@type":"WebSite","@id":"https:\/\/www.ull.es\/portal\/noticias\/#website","url":"https:\/\/www.ull.es\/portal\/noticias\/","name":"ULL - Noticias","description":"","potentialAction":[{"@type":"SearchAction","target":{"@type":"EntryPoint","urlTemplate":"https:\/\/www.ull.es\/portal\/noticias\/?s={search_term_string}"},"query-input":"required name=search_term_string"}],"inLanguage":"es"},{"@type":"Person","@id":"https:\/\/www.ull.es\/portal\/noticias\/#\/schema\/person\/c3b2aa857797592927a03740d6664376","name":"prensa2","image":{"@type":"ImageObject","inLanguage":"es","@id":"https:\/\/www.ull.es\/portal\/noticias\/#\/schema\/person\/image\/","url":"https:\/\/secure.gravatar.com\/avatar\/b58f310a5de5feb33d1e026d2493f23c?s=96&d=mm&r=g","contentUrl":"https:\/\/secure.gravatar.com\/avatar\/b58f310a5de5feb33d1e026d2493f23c?s=96&d=mm&r=g","caption":"prensa2"},"url":"https:\/\/www.ull.es\/portal\/noticias\/author\/prensa2\/"}]}},"primary_category":{"id":345,"name":"Destacado","slug":"destacado","link":"https:\/\/www.ull.es\/portal\/noticias\/category\/destacado\/"},"featured_image_thumbnail_url":"https:\/\/www.ull.es\/portal\/noticias\/wp-content\/uploads\/sites\/13\/2024\/09\/1-300x200.jpg","_links":{"self":[{"href":"https:\/\/www.ull.es\/portal\/noticias\/wp-json\/wp\/v2\/posts\/77404"}],"collection":[{"href":"https:\/\/www.ull.es\/portal\/noticias\/wp-json\/wp\/v2\/posts"}],"about":[{"href":"https:\/\/www.ull.es\/portal\/noticias\/wp-json\/wp\/v2\/types\/post"}],"author":[{"embeddable":true,"href":"https:\/\/www.ull.es\/portal\/noticias\/wp-json\/wp\/v2\/users\/21"}],"replies":[{"embeddable":true,"href":"https:\/\/www.ull.es\/portal\/noticias\/wp-json\/wp\/v2\/comments?post=77404"}],"version-history":[{"count":3,"href":"https:\/\/www.ull.es\/portal\/noticias\/wp-json\/wp\/v2\/posts\/77404\/revisions"}],"predecessor-version":[{"id":77424,"href":"https:\/\/www.ull.es\/portal\/noticias\/wp-json\/wp\/v2\/posts\/77404\/revisions\/77424"}],"wp:featuredmedia":[{"embeddable":true,"href":"https:\/\/www.ull.es\/portal\/noticias\/wp-json\/wp\/v2\/media\/77405"}],"wp:attachment":[{"href":"https:\/\/www.ull.es\/portal\/noticias\/wp-json\/wp\/v2\/media?parent=77404"}],"wp:term":[{"taxonomy":"category","embeddable":true,"href":"https:\/\/www.ull.es\/portal\/noticias\/wp-json\/wp\/v2\/categories?post=77404"},{"taxonomy":"post_tag","embeddable":true,"href":"https:\/\/www.ull.es\/portal\/noticias\/wp-json\/wp\/v2\/tags?post=77404"}],"curies":[{"name":"wp","href":"https:\/\/api.w.org\/{rel}","templated":true}]}}