{"id":77446,"date":"2024-09-19T13:04:17","date_gmt":"2024-09-19T13:04:17","guid":{"rendered":"https:\/\/www.ull.es\/portal\/noticias\/?p=77446"},"modified":"2024-09-19T13:04:17","modified_gmt":"2024-09-19T13:04:17","slug":"el-paraninfo-de-la-universidad-de-la-laguna-acoge-la-fusion-de-timple-y-guitarra-de-dalek-duo","status":"publish","type":"post","link":"https:\/\/www.ull.es\/portal\/noticias\/2024\/el-paraninfo-de-la-universidad-de-la-laguna-acoge-la-fusion-de-timple-y-guitarra-de-dalek-duo\/","title":{"rendered":"El Paraninfo de la Universidad de La Laguna acoge la fusi\u00f3n de timple y guitarra de Dalek D\u00fao"},"content":{"rendered":"<p>El Paraninfo de la Universidad de La Laguna acoge ma\u00f1ana viernes 20 de septiembre un concierto de <a href=\"https:\/\/www.luisalejandrogarciaguitar.com\/dalekduo\" target=\"_blank\" rel=\"noopener\">Dalek D\u00fao<\/a>, quien a\u00fana en su propuesta musical tiemple y guitarra, hundiendo sus ra\u00edces en la tradici\u00f3n popular. Las entradas est\u00e1n disponibles al precio de 8 euros en<a href=\"http:\/\/www.tomaticket.es\/recintos\/paraninfo-ull\" target=\"_blank\" rel=\"noopener\">\u00a0Tomaticket.<\/a><\/p>\n<p>David Duque y Luis Alejandro Garc\u00eda, ambos naturales de Tenerife, indagan en la evoluci\u00f3n de sendos instrumentos, proponiendo un viaje que parte de las semejanzas para luego ampliar fronteras. As\u00ed, m\u00fasicas que van desde Bach hasta Piazzolla, pasando por el Padre Soler o Enrique Granados, suenan a trav\u00e9s de las once cuerdas del timple y la guitarra, en un recorrido por el academicismo musical con adaptaciones originales.<\/p>\n<p>En este viaje no pod\u00edan dejar de lado la m\u00fasica popular, que encuentra cabida en el repertorio a trav\u00e9s de Celso Machado. La guinda del proyecto la conforma la m\u00fasica de nueva creaci\u00f3n, reflejada en <em>Sandstorm<\/em>, una composici\u00f3n in\u00e9dita en lenguaje vanguardista encargada a Fran Yanes. De este modo, timple y guitarra recorrer\u00e1n sus senderos populares e hist\u00f3ricos, pero con la aportaci\u00f3n de un nuevo prisma, innovador en este formato.<\/p>\n<p>Formados en los Conservatorios Profesional y Superior de las islas en Guitarra y unidos por una profunda amistad,\u00a0los m\u00fasicos son dos de los j\u00f3venes con mayor\u00a0proyecci\u00f3n internacional. David Duque es actual profesor de timple de la EMMD Villa de La Orotava, y consagra su labor al instrumento canario a trav\u00e9s de la\u00a0transcripci\u00f3n, adaptaci\u00f3n y composici\u00f3n de obras, incluyendo el\u00a0timple en formatos de m\u00fasica de c\u00e1mara.\u00a0Luis Alejandro Garc\u00eda, tambi\u00e9n titulado en Musicolog\u00eda, en cambio, desarrolla una\u00a0brillante trayectoria como solista de guitarra, reconocida con m\u00e1s de\u00a040 premios internacionales.<\/p>\n","protected":false},"excerpt":{"rendered":"<p>El Paraninfo de la Universidad de La Laguna acoge ma\u00f1ana viernes 20 de septiembre un concierto de Dalek D\u00fao, quien&#8230;<\/p>\n","protected":false},"author":23,"featured_media":77448,"comment_status":"closed","ping_status":"closed","sticky":false,"template":"","format":"standard","meta":{"inline_featured_image":false,"footnotes":""},"categories":[344,345,2765],"tags":[],"acf":[],"yoast_head":"<!-- This site is optimized with the Yoast SEO plugin v21.3 - https:\/\/yoast.com\/wordpress\/plugins\/seo\/ -->\n<title>El Paraninfo de la Universidad de La Laguna acoge la fusi\u00f3n de timple y guitarra de Dalek D\u00fao - ULL - Noticias<\/title>\n<meta name=\"robots\" content=\"index, follow, max-snippet:-1, max-image-preview:large, max-video-preview:-1\" \/>\n<link rel=\"canonical\" href=\"https:\/\/www.ull.es\/portal\/noticias\/2024\/el-paraninfo-de-la-universidad-de-la-laguna-acoge-la-fusion-de-timple-y-guitarra-de-dalek-duo\/\" \/>\n<meta property=\"og:locale\" content=\"es_ES\" \/>\n<meta property=\"og:type\" content=\"article\" \/>\n<meta property=\"og:title\" content=\"El Paraninfo de la Universidad de La Laguna acoge la fusi\u00f3n de timple y guitarra de Dalek D\u00fao - ULL - Noticias\" \/>\n<meta property=\"og:description\" content=\"El Paraninfo de la Universidad de La Laguna acoge ma\u00f1ana viernes 20 de septiembre un concierto de Dalek D\u00fao, quien...\" \/>\n<meta property=\"og:url\" content=\"https:\/\/www.ull.es\/portal\/noticias\/2024\/el-paraninfo-de-la-universidad-de-la-laguna-acoge-la-fusion-de-timple-y-guitarra-de-dalek-duo\/\" \/>\n<meta property=\"og:site_name\" content=\"ULL - Noticias\" \/>\n<meta property=\"article:publisher\" content=\"https:\/\/www.facebook.com\/universidaddelalaguna\/\" \/>\n<meta property=\"article:published_time\" content=\"2024-09-19T13:04:17+00:00\" \/>\n<meta property=\"og:image\" content=\"https:\/\/www.ull.es\/portal\/noticias\/wp-content\/uploads\/sites\/13\/2024\/09\/Dalek-Duo-700-\u00d7-350-px.png\" \/>\n\t<meta property=\"og:image:width\" content=\"700\" \/>\n\t<meta property=\"og:image:height\" content=\"350\" \/>\n\t<meta property=\"og:image:type\" content=\"image\/png\" \/>\n<meta name=\"author\" content=\"gaprsa\" \/>\n<meta name=\"twitter:card\" content=\"summary_large_image\" \/>\n<meta name=\"twitter:creator\" content=\"@CanalULL\" \/>\n<meta name=\"twitter:site\" content=\"@CanalULL\" \/>\n<meta name=\"twitter:label1\" content=\"Escrito por\" \/>\n\t<meta name=\"twitter:data1\" content=\"gaprsa\" \/>\n\t<meta name=\"twitter:label2\" content=\"Tiempo de lectura\" \/>\n\t<meta name=\"twitter:data2\" content=\"2 minutos\" \/>\n<script type=\"application\/ld+json\" class=\"yoast-schema-graph\">{\"@context\":\"https:\/\/schema.org\",\"@graph\":[{\"@type\":\"WebPage\",\"@id\":\"https:\/\/www.ull.es\/portal\/noticias\/2024\/el-paraninfo-de-la-universidad-de-la-laguna-acoge-la-fusion-de-timple-y-guitarra-de-dalek-duo\/\",\"url\":\"https:\/\/www.ull.es\/portal\/noticias\/2024\/el-paraninfo-de-la-universidad-de-la-laguna-acoge-la-fusion-de-timple-y-guitarra-de-dalek-duo\/\",\"name\":\"El Paraninfo de la Universidad de La Laguna acoge la fusi\u00f3n de timple y guitarra de Dalek D\u00fao - ULL - Noticias\",\"isPartOf\":{\"@id\":\"https:\/\/www.ull.es\/portal\/noticias\/#website\"},\"datePublished\":\"2024-09-19T13:04:17+00:00\",\"dateModified\":\"2024-09-19T13:04:17+00:00\",\"author\":{\"@id\":\"https:\/\/www.ull.es\/portal\/noticias\/#\/schema\/person\/b2b1a89d43ffa609e591f7df8ef3e817\"},\"breadcrumb\":{\"@id\":\"https:\/\/www.ull.es\/portal\/noticias\/2024\/el-paraninfo-de-la-universidad-de-la-laguna-acoge-la-fusion-de-timple-y-guitarra-de-dalek-duo\/#breadcrumb\"},\"inLanguage\":\"es\",\"potentialAction\":[{\"@type\":\"ReadAction\",\"target\":[\"https:\/\/www.ull.es\/portal\/noticias\/2024\/el-paraninfo-de-la-universidad-de-la-laguna-acoge-la-fusion-de-timple-y-guitarra-de-dalek-duo\/\"]}]},{\"@type\":\"BreadcrumbList\",\"@id\":\"https:\/\/www.ull.es\/portal\/noticias\/2024\/el-paraninfo-de-la-universidad-de-la-laguna-acoge-la-fusion-de-timple-y-guitarra-de-dalek-duo\/#breadcrumb\",\"itemListElement\":[{\"@type\":\"ListItem\",\"position\":1,\"name\":\"Portada\",\"item\":\"https:\/\/www.ull.es\/portal\/noticias\/\"},{\"@type\":\"ListItem\",\"position\":2,\"name\":\"El Paraninfo de la Universidad de La Laguna acoge la fusi\u00f3n de timple y guitarra de Dalek D\u00fao\"}]},{\"@type\":\"WebSite\",\"@id\":\"https:\/\/www.ull.es\/portal\/noticias\/#website\",\"url\":\"https:\/\/www.ull.es\/portal\/noticias\/\",\"name\":\"ULL - Noticias\",\"description\":\"\",\"potentialAction\":[{\"@type\":\"SearchAction\",\"target\":{\"@type\":\"EntryPoint\",\"urlTemplate\":\"https:\/\/www.ull.es\/portal\/noticias\/?s={search_term_string}\"},\"query-input\":\"required name=search_term_string\"}],\"inLanguage\":\"es\"},{\"@type\":\"Person\",\"@id\":\"https:\/\/www.ull.es\/portal\/noticias\/#\/schema\/person\/b2b1a89d43ffa609e591f7df8ef3e817\",\"name\":\"gaprsa\",\"image\":{\"@type\":\"ImageObject\",\"inLanguage\":\"es\",\"@id\":\"https:\/\/www.ull.es\/portal\/noticias\/#\/schema\/person\/image\/\",\"url\":\"https:\/\/secure.gravatar.com\/avatar\/443820550921091458b4823867723b3d?s=96&d=mm&r=g\",\"contentUrl\":\"https:\/\/secure.gravatar.com\/avatar\/443820550921091458b4823867723b3d?s=96&d=mm&r=g\",\"caption\":\"gaprsa\"},\"url\":\"https:\/\/www.ull.es\/portal\/noticias\/author\/gaprsa\/\"}]}<\/script>\n<!-- \/ Yoast SEO plugin. -->","yoast_head_json":{"title":"El Paraninfo de la Universidad de La Laguna acoge la fusi\u00f3n de timple y guitarra de Dalek D\u00fao - ULL - Noticias","robots":{"index":"index","follow":"follow","max-snippet":"max-snippet:-1","max-image-preview":"max-image-preview:large","max-video-preview":"max-video-preview:-1"},"canonical":"https:\/\/www.ull.es\/portal\/noticias\/2024\/el-paraninfo-de-la-universidad-de-la-laguna-acoge-la-fusion-de-timple-y-guitarra-de-dalek-duo\/","og_locale":"es_ES","og_type":"article","og_title":"El Paraninfo de la Universidad de La Laguna acoge la fusi\u00f3n de timple y guitarra de Dalek D\u00fao - ULL - Noticias","og_description":"El Paraninfo de la Universidad de La Laguna acoge ma\u00f1ana viernes 20 de septiembre un concierto de Dalek D\u00fao, quien...","og_url":"https:\/\/www.ull.es\/portal\/noticias\/2024\/el-paraninfo-de-la-universidad-de-la-laguna-acoge-la-fusion-de-timple-y-guitarra-de-dalek-duo\/","og_site_name":"ULL - Noticias","article_publisher":"https:\/\/www.facebook.com\/universidaddelalaguna\/","article_published_time":"2024-09-19T13:04:17+00:00","og_image":[{"width":700,"height":350,"url":"https:\/\/www.ull.es\/portal\/noticias\/wp-content\/uploads\/sites\/13\/2024\/09\/Dalek-Duo-700-\u00d7-350-px.png","type":"image\/png"}],"author":"gaprsa","twitter_card":"summary_large_image","twitter_creator":"@CanalULL","twitter_site":"@CanalULL","twitter_misc":{"Escrito por":"gaprsa","Tiempo de lectura":"2 minutos"},"schema":{"@context":"https:\/\/schema.org","@graph":[{"@type":"WebPage","@id":"https:\/\/www.ull.es\/portal\/noticias\/2024\/el-paraninfo-de-la-universidad-de-la-laguna-acoge-la-fusion-de-timple-y-guitarra-de-dalek-duo\/","url":"https:\/\/www.ull.es\/portal\/noticias\/2024\/el-paraninfo-de-la-universidad-de-la-laguna-acoge-la-fusion-de-timple-y-guitarra-de-dalek-duo\/","name":"El Paraninfo de la Universidad de La Laguna acoge la fusi\u00f3n de timple y guitarra de Dalek D\u00fao - ULL - Noticias","isPartOf":{"@id":"https:\/\/www.ull.es\/portal\/noticias\/#website"},"datePublished":"2024-09-19T13:04:17+00:00","dateModified":"2024-09-19T13:04:17+00:00","author":{"@id":"https:\/\/www.ull.es\/portal\/noticias\/#\/schema\/person\/b2b1a89d43ffa609e591f7df8ef3e817"},"breadcrumb":{"@id":"https:\/\/www.ull.es\/portal\/noticias\/2024\/el-paraninfo-de-la-universidad-de-la-laguna-acoge-la-fusion-de-timple-y-guitarra-de-dalek-duo\/#breadcrumb"},"inLanguage":"es","potentialAction":[{"@type":"ReadAction","target":["https:\/\/www.ull.es\/portal\/noticias\/2024\/el-paraninfo-de-la-universidad-de-la-laguna-acoge-la-fusion-de-timple-y-guitarra-de-dalek-duo\/"]}]},{"@type":"BreadcrumbList","@id":"https:\/\/www.ull.es\/portal\/noticias\/2024\/el-paraninfo-de-la-universidad-de-la-laguna-acoge-la-fusion-de-timple-y-guitarra-de-dalek-duo\/#breadcrumb","itemListElement":[{"@type":"ListItem","position":1,"name":"Portada","item":"https:\/\/www.ull.es\/portal\/noticias\/"},{"@type":"ListItem","position":2,"name":"El Paraninfo de la Universidad de La Laguna acoge la fusi\u00f3n de timple y guitarra de Dalek D\u00fao"}]},{"@type":"WebSite","@id":"https:\/\/www.ull.es\/portal\/noticias\/#website","url":"https:\/\/www.ull.es\/portal\/noticias\/","name":"ULL - Noticias","description":"","potentialAction":[{"@type":"SearchAction","target":{"@type":"EntryPoint","urlTemplate":"https:\/\/www.ull.es\/portal\/noticias\/?s={search_term_string}"},"query-input":"required name=search_term_string"}],"inLanguage":"es"},{"@type":"Person","@id":"https:\/\/www.ull.es\/portal\/noticias\/#\/schema\/person\/b2b1a89d43ffa609e591f7df8ef3e817","name":"gaprsa","image":{"@type":"ImageObject","inLanguage":"es","@id":"https:\/\/www.ull.es\/portal\/noticias\/#\/schema\/person\/image\/","url":"https:\/\/secure.gravatar.com\/avatar\/443820550921091458b4823867723b3d?s=96&d=mm&r=g","contentUrl":"https:\/\/secure.gravatar.com\/avatar\/443820550921091458b4823867723b3d?s=96&d=mm&r=g","caption":"gaprsa"},"url":"https:\/\/www.ull.es\/portal\/noticias\/author\/gaprsa\/"}]}},"primary_category":{"id":345,"name":"Destacado","slug":"destacado","link":"https:\/\/www.ull.es\/portal\/noticias\/category\/destacado\/"},"featured_image_thumbnail_url":"https:\/\/www.ull.es\/portal\/noticias\/wp-content\/uploads\/sites\/13\/2024\/09\/Dalek-Duo-700-\u00d7-350-px-300x150.png","_links":{"self":[{"href":"https:\/\/www.ull.es\/portal\/noticias\/wp-json\/wp\/v2\/posts\/77446"}],"collection":[{"href":"https:\/\/www.ull.es\/portal\/noticias\/wp-json\/wp\/v2\/posts"}],"about":[{"href":"https:\/\/www.ull.es\/portal\/noticias\/wp-json\/wp\/v2\/types\/post"}],"author":[{"embeddable":true,"href":"https:\/\/www.ull.es\/portal\/noticias\/wp-json\/wp\/v2\/users\/23"}],"replies":[{"embeddable":true,"href":"https:\/\/www.ull.es\/portal\/noticias\/wp-json\/wp\/v2\/comments?post=77446"}],"version-history":[{"count":1,"href":"https:\/\/www.ull.es\/portal\/noticias\/wp-json\/wp\/v2\/posts\/77446\/revisions"}],"predecessor-version":[{"id":77447,"href":"https:\/\/www.ull.es\/portal\/noticias\/wp-json\/wp\/v2\/posts\/77446\/revisions\/77447"}],"wp:featuredmedia":[{"embeddable":true,"href":"https:\/\/www.ull.es\/portal\/noticias\/wp-json\/wp\/v2\/media\/77448"}],"wp:attachment":[{"href":"https:\/\/www.ull.es\/portal\/noticias\/wp-json\/wp\/v2\/media?parent=77446"}],"wp:term":[{"taxonomy":"category","embeddable":true,"href":"https:\/\/www.ull.es\/portal\/noticias\/wp-json\/wp\/v2\/categories?post=77446"},{"taxonomy":"post_tag","embeddable":true,"href":"https:\/\/www.ull.es\/portal\/noticias\/wp-json\/wp\/v2\/tags?post=77446"}],"curies":[{"name":"wp","href":"https:\/\/api.w.org\/{rel}","templated":true}]}}