{"id":77454,"date":"2024-09-20T09:52:20","date_gmt":"2024-09-20T09:52:20","guid":{"rendered":"https:\/\/www.ull.es\/portal\/noticias\/?p=77454"},"modified":"2024-09-20T10:23:54","modified_gmt":"2024-09-20T10:23:54","slug":"el-servicio-de-idiomas-de-la-ull-celebra-su-30o-aniversario-con-actividades-gratuitas-abiertas-al-publico","status":"publish","type":"post","link":"https:\/\/www.ull.es\/portal\/noticias\/2024\/el-servicio-de-idiomas-de-la-ull-celebra-su-30o-aniversario-con-actividades-gratuitas-abiertas-al-publico\/","title":{"rendered":"El Servicio de Idiomas de la ULL celebra su 30\u00ba aniversario con actividades gratuitas abiertas al p\u00fablico"},"content":{"rendered":"<p>El <a href=\"https:\/\/fg.ull.es\/idiomas\/\" target=\"_blank\" rel=\"noopener\">Servicio de Idiomas<\/a> de la Universidad de La Laguna cumple 30 a\u00f1os y lo celebra con un extenso <a href=\"https:\/\/fg.ull.es\/idiomas\/aniversario\/\" target=\"_blank\" rel=\"noopener\">programa de actividades gratuitas<\/a>, dirigidas a todos los p\u00fablicos, que comenzar\u00e1n el pr\u00f3ximo lunes 23 de septiembre, y se extender\u00e1n durante todo el curso acad\u00e9mico. Esta iniciativa, que marca tres d\u00e9cadas de compromiso con la ense\u00f1anza de idiomas, refuerza la misi\u00f3n del Servicio de promover el aprendizaje de nuevas lenguas como una herramienta esencial para la comunicaci\u00f3n intercultural y el desarrollo personal y profesional.<\/p>\n<p>Desde su fundaci\u00f3n en el a\u00f1o 1994, el Servicio de Idiomas ha ofrecido formaci\u00f3n en una amplia variedad de lenguas, adapt\u00e1ndose a las necesidades de alumnado y profesionales. A lo largo de los a\u00f1os, ha ayudado a muchas personas a mejorar sus habilidades ling\u00fc\u00edsticas en idiomas clave como ingl\u00e9s, alem\u00e1n, franc\u00e9s, italiano, portugu\u00e9s o chino, entre otros. El aprendizaje de idiomas no solo es fundamental en el \u00e1mbito laboral, sino que tambi\u00e9n facilita la comprensi\u00f3n entre diferentes culturas, algo que siempre ha promovido el Servicio.<\/p>\n<p>El programa conmemorativo incluye talleres dise\u00f1ados para todos los niveles, desde principiantes hasta avanzados, y busca acercar las lenguas de manera pr\u00e1ctica y divertida. Entre las actividades m\u00e1s destacadas se encuentra el taller de pronunciaci\u00f3n en ingl\u00e9s \u201cBienvenidos a SHEEP OR SHIP?\u201d y una introducci\u00f3n a la caligraf\u00eda coreana y japonesa, donde los asistentes podr\u00e1n aprender a escribir su nombre en estos ex\u00f3ticos alfabetos. Durante las semanas siguientes, tambi\u00e9n se celebrar\u00e1n actividades como \u201cViaggio in Italia\u201d, un recorrido virtual por la cultura italiana, o juegos tradicionales coreanos y japoneses que permitir\u00e1n a los participantes sumergirse en las costumbres de las culturas asi\u00e1ticas.<\/p>\n<p>El 26 de septiembre, coincidiendo con el D\u00eda Europeo de las Lenguas, se llevar\u00e1 a cabo un Intercambio de Idiomas, en el que se podr\u00e1 practicar diferentes lenguas en un ambiente relajado y multicultural, acompa\u00f1ado de pastas y bebidas. Este evento se convertir\u00e1 en una oportunidad \u00fanica para conocer gente y poner en pr\u00e1ctica las habilidades idiom\u00e1ticas de forma real.<\/p>\n<p>Este aniversario busca no solo celebrar tres d\u00e9cadas de ense\u00f1anza de idiomas, sino tambi\u00e9n promover el aprendizaje en un entorno din\u00e1mico y accesible. Consulta el programa completo de actividades y c\u00f3mo inscribirte en la <a href=\"https:\/\/fg.ull.es\/idiomas\/aniversario\/\" target=\"_blank\" rel=\"noopener\">web conmemorativa<\/a> del 30 aniversario.<\/p>\n","protected":false},"excerpt":{"rendered":"<p>El Servicio de Idiomas de la Universidad de La Laguna cumple 30 a\u00f1os y lo celebra con un extenso programa&#8230;<\/p>\n","protected":false},"author":23,"featured_media":77456,"comment_status":"closed","ping_status":"closed","sticky":false,"template":"","format":"standard","meta":{"inline_featured_image":false,"footnotes":""},"categories":[343,345,348,2765],"tags":[],"acf":[],"yoast_head":"<!-- This site is optimized with the Yoast SEO plugin v21.3 - https:\/\/yoast.com\/wordpress\/plugins\/seo\/ -->\n<title>El Servicio de Idiomas de la ULL celebra su 30\u00ba aniversario con actividades gratuitas abiertas al p\u00fablico - ULL - Noticias<\/title>\n<meta name=\"robots\" content=\"index, follow, max-snippet:-1, max-image-preview:large, max-video-preview:-1\" \/>\n<link rel=\"canonical\" href=\"https:\/\/www.ull.es\/portal\/noticias\/2024\/el-servicio-de-idiomas-de-la-ull-celebra-su-30o-aniversario-con-actividades-gratuitas-abiertas-al-publico\/\" \/>\n<meta property=\"og:locale\" content=\"es_ES\" \/>\n<meta property=\"og:type\" content=\"article\" \/>\n<meta property=\"og:title\" content=\"El Servicio de Idiomas de la ULL celebra su 30\u00ba aniversario con actividades gratuitas abiertas al p\u00fablico - ULL - Noticias\" \/>\n<meta property=\"og:description\" content=\"El Servicio de Idiomas de la Universidad de La Laguna cumple 30 a\u00f1os y lo celebra con un extenso programa...\" \/>\n<meta property=\"og:url\" content=\"https:\/\/www.ull.es\/portal\/noticias\/2024\/el-servicio-de-idiomas-de-la-ull-celebra-su-30o-aniversario-con-actividades-gratuitas-abiertas-al-publico\/\" \/>\n<meta property=\"og:site_name\" content=\"ULL - Noticias\" \/>\n<meta property=\"article:publisher\" content=\"https:\/\/www.facebook.com\/universidaddelalaguna\/\" \/>\n<meta property=\"article:published_time\" content=\"2024-09-20T09:52:20+00:00\" \/>\n<meta property=\"article:modified_time\" content=\"2024-09-20T10:23:54+00:00\" \/>\n<meta property=\"og:image\" content=\"https:\/\/www.ull.es\/portal\/noticias\/wp-content\/uploads\/sites\/13\/2024\/09\/30-aniversario-Servicio-Idiomas-ULL.png\" \/>\n\t<meta property=\"og:image:width\" content=\"1200\" \/>\n\t<meta property=\"og:image:height\" content=\"628\" \/>\n\t<meta property=\"og:image:type\" content=\"image\/png\" \/>\n<meta name=\"author\" content=\"gaprsa\" \/>\n<meta name=\"twitter:card\" content=\"summary_large_image\" \/>\n<meta name=\"twitter:creator\" content=\"@CanalULL\" \/>\n<meta name=\"twitter:site\" content=\"@CanalULL\" \/>\n<meta name=\"twitter:label1\" content=\"Escrito por\" \/>\n\t<meta name=\"twitter:data1\" content=\"gaprsa\" \/>\n\t<meta name=\"twitter:label2\" content=\"Tiempo de lectura\" \/>\n\t<meta name=\"twitter:data2\" content=\"2 minutos\" \/>\n<script type=\"application\/ld+json\" class=\"yoast-schema-graph\">{\"@context\":\"https:\/\/schema.org\",\"@graph\":[{\"@type\":\"WebPage\",\"@id\":\"https:\/\/www.ull.es\/portal\/noticias\/2024\/el-servicio-de-idiomas-de-la-ull-celebra-su-30o-aniversario-con-actividades-gratuitas-abiertas-al-publico\/\",\"url\":\"https:\/\/www.ull.es\/portal\/noticias\/2024\/el-servicio-de-idiomas-de-la-ull-celebra-su-30o-aniversario-con-actividades-gratuitas-abiertas-al-publico\/\",\"name\":\"El Servicio de Idiomas de la ULL celebra su 30\u00ba aniversario con actividades gratuitas abiertas al p\u00fablico - ULL - Noticias\",\"isPartOf\":{\"@id\":\"https:\/\/www.ull.es\/portal\/noticias\/#website\"},\"datePublished\":\"2024-09-20T09:52:20+00:00\",\"dateModified\":\"2024-09-20T10:23:54+00:00\",\"author\":{\"@id\":\"https:\/\/www.ull.es\/portal\/noticias\/#\/schema\/person\/b2b1a89d43ffa609e591f7df8ef3e817\"},\"breadcrumb\":{\"@id\":\"https:\/\/www.ull.es\/portal\/noticias\/2024\/el-servicio-de-idiomas-de-la-ull-celebra-su-30o-aniversario-con-actividades-gratuitas-abiertas-al-publico\/#breadcrumb\"},\"inLanguage\":\"es\",\"potentialAction\":[{\"@type\":\"ReadAction\",\"target\":[\"https:\/\/www.ull.es\/portal\/noticias\/2024\/el-servicio-de-idiomas-de-la-ull-celebra-su-30o-aniversario-con-actividades-gratuitas-abiertas-al-publico\/\"]}]},{\"@type\":\"BreadcrumbList\",\"@id\":\"https:\/\/www.ull.es\/portal\/noticias\/2024\/el-servicio-de-idiomas-de-la-ull-celebra-su-30o-aniversario-con-actividades-gratuitas-abiertas-al-publico\/#breadcrumb\",\"itemListElement\":[{\"@type\":\"ListItem\",\"position\":1,\"name\":\"Portada\",\"item\":\"https:\/\/www.ull.es\/portal\/noticias\/\"},{\"@type\":\"ListItem\",\"position\":2,\"name\":\"El Servicio de Idiomas de la ULL celebra su 30\u00ba aniversario con actividades gratuitas abiertas al p\u00fablico\"}]},{\"@type\":\"WebSite\",\"@id\":\"https:\/\/www.ull.es\/portal\/noticias\/#website\",\"url\":\"https:\/\/www.ull.es\/portal\/noticias\/\",\"name\":\"ULL - Noticias\",\"description\":\"\",\"potentialAction\":[{\"@type\":\"SearchAction\",\"target\":{\"@type\":\"EntryPoint\",\"urlTemplate\":\"https:\/\/www.ull.es\/portal\/noticias\/?s={search_term_string}\"},\"query-input\":\"required name=search_term_string\"}],\"inLanguage\":\"es\"},{\"@type\":\"Person\",\"@id\":\"https:\/\/www.ull.es\/portal\/noticias\/#\/schema\/person\/b2b1a89d43ffa609e591f7df8ef3e817\",\"name\":\"gaprsa\",\"image\":{\"@type\":\"ImageObject\",\"inLanguage\":\"es\",\"@id\":\"https:\/\/www.ull.es\/portal\/noticias\/#\/schema\/person\/image\/\",\"url\":\"https:\/\/secure.gravatar.com\/avatar\/443820550921091458b4823867723b3d?s=96&d=mm&r=g\",\"contentUrl\":\"https:\/\/secure.gravatar.com\/avatar\/443820550921091458b4823867723b3d?s=96&d=mm&r=g\",\"caption\":\"gaprsa\"},\"url\":\"https:\/\/www.ull.es\/portal\/noticias\/author\/gaprsa\/\"}]}<\/script>\n<!-- \/ Yoast SEO plugin. -->","yoast_head_json":{"title":"El Servicio de Idiomas de la ULL celebra su 30\u00ba aniversario con actividades gratuitas abiertas al p\u00fablico - ULL - Noticias","robots":{"index":"index","follow":"follow","max-snippet":"max-snippet:-1","max-image-preview":"max-image-preview:large","max-video-preview":"max-video-preview:-1"},"canonical":"https:\/\/www.ull.es\/portal\/noticias\/2024\/el-servicio-de-idiomas-de-la-ull-celebra-su-30o-aniversario-con-actividades-gratuitas-abiertas-al-publico\/","og_locale":"es_ES","og_type":"article","og_title":"El Servicio de Idiomas de la ULL celebra su 30\u00ba aniversario con actividades gratuitas abiertas al p\u00fablico - ULL - Noticias","og_description":"El Servicio de Idiomas de la Universidad de La Laguna cumple 30 a\u00f1os y lo celebra con un extenso programa...","og_url":"https:\/\/www.ull.es\/portal\/noticias\/2024\/el-servicio-de-idiomas-de-la-ull-celebra-su-30o-aniversario-con-actividades-gratuitas-abiertas-al-publico\/","og_site_name":"ULL - Noticias","article_publisher":"https:\/\/www.facebook.com\/universidaddelalaguna\/","article_published_time":"2024-09-20T09:52:20+00:00","article_modified_time":"2024-09-20T10:23:54+00:00","og_image":[{"width":1200,"height":628,"url":"https:\/\/www.ull.es\/portal\/noticias\/wp-content\/uploads\/sites\/13\/2024\/09\/30-aniversario-Servicio-Idiomas-ULL.png","type":"image\/png"}],"author":"gaprsa","twitter_card":"summary_large_image","twitter_creator":"@CanalULL","twitter_site":"@CanalULL","twitter_misc":{"Escrito por":"gaprsa","Tiempo de lectura":"2 minutos"},"schema":{"@context":"https:\/\/schema.org","@graph":[{"@type":"WebPage","@id":"https:\/\/www.ull.es\/portal\/noticias\/2024\/el-servicio-de-idiomas-de-la-ull-celebra-su-30o-aniversario-con-actividades-gratuitas-abiertas-al-publico\/","url":"https:\/\/www.ull.es\/portal\/noticias\/2024\/el-servicio-de-idiomas-de-la-ull-celebra-su-30o-aniversario-con-actividades-gratuitas-abiertas-al-publico\/","name":"El Servicio de Idiomas de la ULL celebra su 30\u00ba aniversario con actividades gratuitas abiertas al p\u00fablico - ULL - Noticias","isPartOf":{"@id":"https:\/\/www.ull.es\/portal\/noticias\/#website"},"datePublished":"2024-09-20T09:52:20+00:00","dateModified":"2024-09-20T10:23:54+00:00","author":{"@id":"https:\/\/www.ull.es\/portal\/noticias\/#\/schema\/person\/b2b1a89d43ffa609e591f7df8ef3e817"},"breadcrumb":{"@id":"https:\/\/www.ull.es\/portal\/noticias\/2024\/el-servicio-de-idiomas-de-la-ull-celebra-su-30o-aniversario-con-actividades-gratuitas-abiertas-al-publico\/#breadcrumb"},"inLanguage":"es","potentialAction":[{"@type":"ReadAction","target":["https:\/\/www.ull.es\/portal\/noticias\/2024\/el-servicio-de-idiomas-de-la-ull-celebra-su-30o-aniversario-con-actividades-gratuitas-abiertas-al-publico\/"]}]},{"@type":"BreadcrumbList","@id":"https:\/\/www.ull.es\/portal\/noticias\/2024\/el-servicio-de-idiomas-de-la-ull-celebra-su-30o-aniversario-con-actividades-gratuitas-abiertas-al-publico\/#breadcrumb","itemListElement":[{"@type":"ListItem","position":1,"name":"Portada","item":"https:\/\/www.ull.es\/portal\/noticias\/"},{"@type":"ListItem","position":2,"name":"El Servicio de Idiomas de la ULL celebra su 30\u00ba aniversario con actividades gratuitas abiertas al p\u00fablico"}]},{"@type":"WebSite","@id":"https:\/\/www.ull.es\/portal\/noticias\/#website","url":"https:\/\/www.ull.es\/portal\/noticias\/","name":"ULL - Noticias","description":"","potentialAction":[{"@type":"SearchAction","target":{"@type":"EntryPoint","urlTemplate":"https:\/\/www.ull.es\/portal\/noticias\/?s={search_term_string}"},"query-input":"required name=search_term_string"}],"inLanguage":"es"},{"@type":"Person","@id":"https:\/\/www.ull.es\/portal\/noticias\/#\/schema\/person\/b2b1a89d43ffa609e591f7df8ef3e817","name":"gaprsa","image":{"@type":"ImageObject","inLanguage":"es","@id":"https:\/\/www.ull.es\/portal\/noticias\/#\/schema\/person\/image\/","url":"https:\/\/secure.gravatar.com\/avatar\/443820550921091458b4823867723b3d?s=96&d=mm&r=g","contentUrl":"https:\/\/secure.gravatar.com\/avatar\/443820550921091458b4823867723b3d?s=96&d=mm&r=g","caption":"gaprsa"},"url":"https:\/\/www.ull.es\/portal\/noticias\/author\/gaprsa\/"}]}},"primary_category":{"id":345,"name":"Destacado","slug":"destacado","link":"https:\/\/www.ull.es\/portal\/noticias\/category\/destacado\/"},"featured_image_thumbnail_url":"https:\/\/www.ull.es\/portal\/noticias\/wp-content\/uploads\/sites\/13\/2024\/09\/30-aniversario-Servicio-Idiomas-ULL-300x157.png","_links":{"self":[{"href":"https:\/\/www.ull.es\/portal\/noticias\/wp-json\/wp\/v2\/posts\/77454"}],"collection":[{"href":"https:\/\/www.ull.es\/portal\/noticias\/wp-json\/wp\/v2\/posts"}],"about":[{"href":"https:\/\/www.ull.es\/portal\/noticias\/wp-json\/wp\/v2\/types\/post"}],"author":[{"embeddable":true,"href":"https:\/\/www.ull.es\/portal\/noticias\/wp-json\/wp\/v2\/users\/23"}],"replies":[{"embeddable":true,"href":"https:\/\/www.ull.es\/portal\/noticias\/wp-json\/wp\/v2\/comments?post=77454"}],"version-history":[{"count":2,"href":"https:\/\/www.ull.es\/portal\/noticias\/wp-json\/wp\/v2\/posts\/77454\/revisions"}],"predecessor-version":[{"id":77469,"href":"https:\/\/www.ull.es\/portal\/noticias\/wp-json\/wp\/v2\/posts\/77454\/revisions\/77469"}],"wp:featuredmedia":[{"embeddable":true,"href":"https:\/\/www.ull.es\/portal\/noticias\/wp-json\/wp\/v2\/media\/77456"}],"wp:attachment":[{"href":"https:\/\/www.ull.es\/portal\/noticias\/wp-json\/wp\/v2\/media?parent=77454"}],"wp:term":[{"taxonomy":"category","embeddable":true,"href":"https:\/\/www.ull.es\/portal\/noticias\/wp-json\/wp\/v2\/categories?post=77454"},{"taxonomy":"post_tag","embeddable":true,"href":"https:\/\/www.ull.es\/portal\/noticias\/wp-json\/wp\/v2\/tags?post=77454"}],"curies":[{"name":"wp","href":"https:\/\/api.w.org\/{rel}","templated":true}]}}