{"id":77461,"date":"2024-09-20T10:03:33","date_gmt":"2024-09-20T10:03:33","guid":{"rendered":"https:\/\/www.ull.es\/portal\/noticias\/?p=77461"},"modified":"2024-09-20T10:21:41","modified_gmt":"2024-09-20T10:21:41","slug":"lleno-absoluto-y-ovacion-a-victor-pablo-perez-en-el-primer-concierto-de-a-full-con-la-sinfonica","status":"publish","type":"post","link":"https:\/\/www.ull.es\/portal\/noticias\/2024\/lleno-absoluto-y-ovacion-a-victor-pablo-perez-en-el-primer-concierto-de-a-full-con-la-sinfonica\/","title":{"rendered":"Lleno absoluto y ovaci\u00f3n a V\u00edctor Pablo P\u00e9rez en el primer concierto de \u2018A fULL con la Sinf\u00f3nica\u2019"},"content":{"rendered":"<p>El ciclo de conciertos \u2018A fULL con la Sinf\u00f3nica\u2019 comenz\u00f3 ayer, jueves 19 de septiembre, de la mejor manera posible: con un lleno absoluto del Paraninfo de la Universidad de La Laguna y una gran ovaci\u00f3n final de varios minutos de duraci\u00f3n, con la que el p\u00fablico no solo agradeci\u00f3 la impecable interpretaci\u00f3n brindada por la Orquesta Sinf\u00f3nica de Tenerife, sino que mostr\u00f3 su cari\u00f1o hacia el director invitado de la velada, V\u00edctor Pablo P\u00e9rez, quien fue la batuta titular de esta agrupaci\u00f3n orquestal durante casi veinte a\u00f1os, entre 1986 y 2005, y es su director honorario.<\/p>\n<p style=\"text-align: center;\"><a href=\"https:\/\/drive.google.com\/drive\/folders\/1zN5VX1DxbZhoWoSqvusytCs9c3b__Xem?usp=sharing\" target=\"_blank\" rel=\"noopener\" target=\"_blank\" rel=\"noopener\"><strong>Galer\u00eda fotogr\u00e1fica<\/strong><\/a><\/p>\n<p>\u201cA fULL con la Sinf\u00f3nica\u201d es un proyecto promovido por la Orquesta Sinf\u00f3nica de Tenerife, el Cabildo Insular de Tenerife, la Fundaci\u00f3n DISA y la propia Universidad de La Laguna, creado con el objetivo de acercar la musca cl\u00e1sica al p\u00fablico joven universitario, que cuenta con varios alicientes para acudir a los tres conciertos de los que constar\u00e1 esta primera edici\u00f3n: entrada gratuita, unos programas musicalmente atractivos interpretados por una de las mejores formaciones sinf\u00f3nicas del panorama nacional, y una presentaci\u00f3n a cargo de reconocidas figuras del mundo de los medios de comunicaci\u00f3n y las redes sociales.<\/p>\n<div id=\"attachment_77463\" style=\"width: 310px\" class=\"wp-caption alignleft\"><a href=\"https:\/\/www.ull.es\/portal\/noticias\/wp-content\/uploads\/sites\/13\/2024\/09\/FULL-con-la-Sinfonica-10.jpg\" target=\"_blank\" rel=\"noopener\"><img aria-describedby=\"caption-attachment-77463\" decoding=\"async\" loading=\"lazy\" class=\"size-medium wp-image-77463\" src=\"https:\/\/www.ull.es\/portal\/noticias\/wp-content\/uploads\/sites\/13\/2024\/09\/FULL-con-la-Sinfonica-10-300x200.jpg\" alt=\"\" width=\"300\" height=\"200\" srcset=\"https:\/\/www.ull.es\/portal\/noticias\/wp-content\/uploads\/sites\/13\/2024\/09\/FULL-con-la-Sinfonica-10-300x200.jpg 300w, https:\/\/www.ull.es\/portal\/noticias\/wp-content\/uploads\/sites\/13\/2024\/09\/FULL-con-la-Sinfonica-10-1024x682.jpg 1024w, https:\/\/www.ull.es\/portal\/noticias\/wp-content\/uploads\/sites\/13\/2024\/09\/FULL-con-la-Sinfonica-10-768x512.jpg 768w, https:\/\/www.ull.es\/portal\/noticias\/wp-content\/uploads\/sites\/13\/2024\/09\/FULL-con-la-Sinfonica-10-375x250.jpg 375w, https:\/\/www.ull.es\/portal\/noticias\/wp-content\/uploads\/sites\/13\/2024\/09\/FULL-con-la-Sinfonica-10-750x500.jpg 750w, https:\/\/www.ull.es\/portal\/noticias\/wp-content\/uploads\/sites\/13\/2024\/09\/FULL-con-la-Sinfonica-10.jpg 1100w\" sizes=\"(max-width: 300px) 100vw, 300px\" \/><\/a><p id=\"caption-attachment-77463\" class=\"wp-caption-text\">El c\u00f3mico Lamine Thior.<\/p><\/div>\n<p>Y dado que una de las obras interpretadas ayer era una suite sinf\u00f3nica con los principales temas de la \u00f3pera de George Gershwin \u201c<em>Porgy and Bess<\/em>\u201d, que aborda el estilo de vida de la comunidad negra de un suburbio de Carolina del Sur en los a\u00f1os 30, el presentador elegido fue Lamine Thior, actor y c\u00f3mico de origen senegal\u00e9s criado en Espa\u00f1a, que ha desarrollado una carrera que combina el humor y la cr\u00edtica social, especialmente la denuncia de las actitudes racistas que \u00e9l mismo ha vivido en muchas ocasiones.<\/p>\n<p>Su entrada en escena fue una buena muestra de esa denuncia de esas muestras de racismo cotidiano que, muscas veces sin malicia, se comenten diariamente: el Thior se\u00f1al\u00f3 que le hab\u00edan colocado un micr\u00f3fono craneal del cual le hab\u00eda dicho que era \u201ccolor carne\u201d; le bast\u00f3 con se\u00f1alar su rostro para remarcar la palmaria diferencia crom\u00e1tica entre el dispositivo y su piel y arrancar la primera carcajada, pero tambi\u00e9n la primera reflexi\u00f3n sobre esa discriminaci\u00f3n. En su intervenci\u00f3n interactu\u00f3 con la propia orquesta haci\u00e9ndose pasar por un heterodoxo director, y tambi\u00e9n relat\u00f3 su vano intento de formar parte de una banda cuando era ni\u00f1o, para poner de manifiesto sus malas aptitudes para la m\u00fasica.<\/p>\n<p>Sobre la obra de Gershwin, se\u00f1al\u00f3 lo revolucionario que fue en su d\u00eda el hecho de que el elenco estuviera compuesto por int\u00e9rpretes negros, y brome\u00f3 sobre lo que hubiera dicho el Twitter de esa \u00e9poca, que obviamente hubieran sido mensajes de palomas mensajeras. En tono m\u00e1s serio, reflexion\u00f3 que este tipo de obras abren camino y tambi\u00e9n agradeci\u00f3 la solidaridad de Canarias con los j\u00f3venes afrodescendientes que llegan a sus costas con el \u00fanico deseo de hallar una paz y tranquilidad similares a la del id\u00edlico verano al que alude al aria m\u00e1s c\u00e9lebre de esta \u00f3pera, \u201c<em>Summertime<\/em>\u201d.<\/p>\n<p>La primera pieza del concierto fue un corto e intenso <em>medley<\/em> de temas de bandas sonoras arreglado por John Williams, \u00e9l mismo un reputado compositor para el cine. As\u00ed, de manera intensa son\u00f3 una sucesi\u00f3n de breves fragmentos encadenados de pel\u00edculas tan c\u00e9lebres como \u201cCasablanca\u201d, \u201cTitanic\u201d, \u201cTibur\u00f3n\u201d, \u201cLo que el viento se llev\u00f3\u201d, \u201cRocky\u201d, \u201cPatton\u201d, \u201cEn busca del arca perdida\u201d, \u201cEl mejor\u201d, \u201cMemorias de \u00c1frica\u201d, \u201cPsicosis\u201d, \u201cCinema Paradiso\u201d y \u201cEl padrino\u201d, entre otras. Un din\u00e1mico arreglo de temas muy conocidos que sirvi\u00f3 como preludio a la segunda pieza del programa, mucho m\u00e1s extensa y compleja.<\/p>\n<p>\u201c<em>Porgy and Bess<\/em>\u201d no s\u00f3lo fue una obra significativa cuando se estren\u00f3 en 1935 por tener un reparto conformado exclusivamente por int\u00e9rpretes negros, sino tambi\u00e9n por un lenguaje musical<\/p>\n<div id=\"attachment_77465\" style=\"width: 310px\" class=\"wp-caption alignright\"><a href=\"https:\/\/www.ull.es\/portal\/noticias\/wp-content\/uploads\/sites\/13\/2024\/09\/FULL-con-la-Sinfonica-28.jpg\" target=\"_blank\" rel=\"noopener\"><img aria-describedby=\"caption-attachment-77465\" decoding=\"async\" loading=\"lazy\" class=\"size-medium wp-image-77465\" src=\"https:\/\/www.ull.es\/portal\/noticias\/wp-content\/uploads\/sites\/13\/2024\/09\/FULL-con-la-Sinfonica-28-300x200.jpg\" alt=\"\" width=\"300\" height=\"200\" srcset=\"https:\/\/www.ull.es\/portal\/noticias\/wp-content\/uploads\/sites\/13\/2024\/09\/FULL-con-la-Sinfonica-28-300x200.jpg 300w, https:\/\/www.ull.es\/portal\/noticias\/wp-content\/uploads\/sites\/13\/2024\/09\/FULL-con-la-Sinfonica-28-1024x682.jpg 1024w, https:\/\/www.ull.es\/portal\/noticias\/wp-content\/uploads\/sites\/13\/2024\/09\/FULL-con-la-Sinfonica-28-768x512.jpg 768w, https:\/\/www.ull.es\/portal\/noticias\/wp-content\/uploads\/sites\/13\/2024\/09\/FULL-con-la-Sinfonica-28-375x250.jpg 375w, https:\/\/www.ull.es\/portal\/noticias\/wp-content\/uploads\/sites\/13\/2024\/09\/FULL-con-la-Sinfonica-28-750x500.jpg 750w, https:\/\/www.ull.es\/portal\/noticias\/wp-content\/uploads\/sites\/13\/2024\/09\/FULL-con-la-Sinfonica-28.jpg 1100w\" sizes=\"(max-width: 300px) 100vw, 300px\" \/><\/a><p id=\"caption-attachment-77465\" class=\"wp-caption-text\">V\u00edctor Pablo P\u00e9rez, agradeciendo la ovaci\u00f3n del p\u00fablico.<\/p><\/div>\n<p>contempor\u00e1neo en el que se introducen los din\u00e1micos ritmos sincopados del jazz y la l\u00e1nguida sensualidad del blues. La versi\u00f3n interpretada anoche era una versi\u00f3n \u00edntegramente sinf\u00f3nica y, por tanto, sin vocalistas, pero a\u00fan as\u00ed logr\u00f3 emocionar al p\u00fablico con sus din\u00e1micos pasajes r\u00edtmicos contrastando con otros de mayor placidez.<\/p>\n<p><strong>Siguientes conciertos<\/strong><\/p>\n<p>\u201cA fULL con la Sinf\u00f3nica volver\u00e1 el jueves 20 de febrero de 2025 a las 20:00, con \u201cLa S\u00e9ptima de Dvo\u0159\u00e1k\u00bb. Sara Rubayo, historiadora del arte y divulgadora conocida como La Gata Verde, ser\u00e1 la anfitriona con la direcci\u00f3n musical de la coreana Shiyeon Sung. El programa incluye el \u201cPreludio y Muerte de Trist\u00e1n e Isolda\u201d de Wagner, una pieza que revolucion\u00f3 la m\u00fasica cl\u00e1sica, y la \u201cS\u00e9ptima Sinfon\u00eda en re menor, op. 70\u201d de Dvo\u0159\u00e1k, una obra que combina melod\u00edas conmovedoras con una estructura sinf\u00f3nica robusta.<\/p>\n<p>El jueves 8 de mayo de 2025 a las 20:00 el divulgador musical Gonzalo Lahoz ser\u00e1 el anfitri\u00f3n y la alemana Johanna Malangr\u00e9 dirigir\u00e1 la orquesta. El programa comenzar\u00e1 con \u201cLas constelaciones que m\u00e1s brillan\u201d, una obra reciente de Raquel Garc\u00eda-Tom\u00e1s, inspirada en una ilustraci\u00f3n del artista Pere Ginard. La pieza principal de la noche ser\u00e1 la monumental \u201cSinfon\u00eda n\u00ba 9 en do mayor \u00abLa Grande\u00bb\u201d de Schubert, obra c\u00e9lebre por su majestuosa escala y profunda expresividad.<\/p>\n","protected":false},"excerpt":{"rendered":"<p>El ciclo de conciertos \u2018A fULL con la Sinf\u00f3nica\u2019 comenz\u00f3 ayer, jueves 19 de septiembre, de la mejor manera posible:&#8230;<\/p>\n","protected":false},"author":23,"featured_media":77464,"comment_status":"closed","ping_status":"closed","sticky":false,"template":"","format":"standard","meta":{"inline_featured_image":false,"footnotes":""},"categories":[344,345,2765],"tags":[],"acf":[],"yoast_head":"<!-- This site is optimized with the Yoast SEO plugin v21.3 - https:\/\/yoast.com\/wordpress\/plugins\/seo\/ -->\n<title>Lleno absoluto y ovaci\u00f3n a V\u00edctor Pablo P\u00e9rez en el primer concierto de \u2018A fULL con la Sinf\u00f3nica\u2019 - ULL - Noticias<\/title>\n<meta name=\"robots\" content=\"index, follow, max-snippet:-1, max-image-preview:large, max-video-preview:-1\" \/>\n<link rel=\"canonical\" href=\"https:\/\/www.ull.es\/portal\/noticias\/2024\/lleno-absoluto-y-ovacion-a-victor-pablo-perez-en-el-primer-concierto-de-a-full-con-la-sinfonica\/\" \/>\n<meta property=\"og:locale\" content=\"es_ES\" \/>\n<meta property=\"og:type\" content=\"article\" \/>\n<meta property=\"og:title\" content=\"Lleno absoluto y ovaci\u00f3n a V\u00edctor Pablo P\u00e9rez en el primer concierto de \u2018A fULL con la Sinf\u00f3nica\u2019 - ULL - Noticias\" \/>\n<meta property=\"og:description\" content=\"El ciclo de conciertos \u2018A fULL con la Sinf\u00f3nica\u2019 comenz\u00f3 ayer, jueves 19 de septiembre, de la mejor manera posible:...\" \/>\n<meta property=\"og:url\" content=\"https:\/\/www.ull.es\/portal\/noticias\/2024\/lleno-absoluto-y-ovacion-a-victor-pablo-perez-en-el-primer-concierto-de-a-full-con-la-sinfonica\/\" \/>\n<meta property=\"og:site_name\" content=\"ULL - Noticias\" \/>\n<meta property=\"article:publisher\" content=\"https:\/\/www.facebook.com\/universidaddelalaguna\/\" \/>\n<meta property=\"article:published_time\" content=\"2024-09-20T10:03:33+00:00\" \/>\n<meta property=\"article:modified_time\" content=\"2024-09-20T10:21:41+00:00\" \/>\n<meta property=\"og:image\" content=\"https:\/\/www.ull.es\/portal\/noticias\/wp-content\/uploads\/sites\/13\/2024\/09\/FULL-con-la-Sinfonica-17.jpg\" \/>\n\t<meta property=\"og:image:width\" content=\"1100\" \/>\n\t<meta property=\"og:image:height\" content=\"733\" \/>\n\t<meta property=\"og:image:type\" content=\"image\/jpeg\" \/>\n<meta name=\"author\" content=\"gaprsa\" \/>\n<meta name=\"twitter:card\" content=\"summary_large_image\" \/>\n<meta name=\"twitter:creator\" content=\"@CanalULL\" \/>\n<meta name=\"twitter:site\" content=\"@CanalULL\" \/>\n<meta name=\"twitter:label1\" content=\"Escrito por\" \/>\n\t<meta name=\"twitter:data1\" content=\"gaprsa\" \/>\n\t<meta name=\"twitter:label2\" content=\"Tiempo de lectura\" \/>\n\t<meta name=\"twitter:data2\" content=\"5 minutos\" \/>\n<script type=\"application\/ld+json\" class=\"yoast-schema-graph\">{\"@context\":\"https:\/\/schema.org\",\"@graph\":[{\"@type\":\"WebPage\",\"@id\":\"https:\/\/www.ull.es\/portal\/noticias\/2024\/lleno-absoluto-y-ovacion-a-victor-pablo-perez-en-el-primer-concierto-de-a-full-con-la-sinfonica\/\",\"url\":\"https:\/\/www.ull.es\/portal\/noticias\/2024\/lleno-absoluto-y-ovacion-a-victor-pablo-perez-en-el-primer-concierto-de-a-full-con-la-sinfonica\/\",\"name\":\"Lleno absoluto y ovaci\u00f3n a V\u00edctor Pablo P\u00e9rez en el primer concierto de \u2018A fULL con la Sinf\u00f3nica\u2019 - ULL - Noticias\",\"isPartOf\":{\"@id\":\"https:\/\/www.ull.es\/portal\/noticias\/#website\"},\"datePublished\":\"2024-09-20T10:03:33+00:00\",\"dateModified\":\"2024-09-20T10:21:41+00:00\",\"author\":{\"@id\":\"https:\/\/www.ull.es\/portal\/noticias\/#\/schema\/person\/b2b1a89d43ffa609e591f7df8ef3e817\"},\"breadcrumb\":{\"@id\":\"https:\/\/www.ull.es\/portal\/noticias\/2024\/lleno-absoluto-y-ovacion-a-victor-pablo-perez-en-el-primer-concierto-de-a-full-con-la-sinfonica\/#breadcrumb\"},\"inLanguage\":\"es\",\"potentialAction\":[{\"@type\":\"ReadAction\",\"target\":[\"https:\/\/www.ull.es\/portal\/noticias\/2024\/lleno-absoluto-y-ovacion-a-victor-pablo-perez-en-el-primer-concierto-de-a-full-con-la-sinfonica\/\"]}]},{\"@type\":\"BreadcrumbList\",\"@id\":\"https:\/\/www.ull.es\/portal\/noticias\/2024\/lleno-absoluto-y-ovacion-a-victor-pablo-perez-en-el-primer-concierto-de-a-full-con-la-sinfonica\/#breadcrumb\",\"itemListElement\":[{\"@type\":\"ListItem\",\"position\":1,\"name\":\"Portada\",\"item\":\"https:\/\/www.ull.es\/portal\/noticias\/\"},{\"@type\":\"ListItem\",\"position\":2,\"name\":\"Lleno absoluto y ovaci\u00f3n a V\u00edctor Pablo P\u00e9rez en el primer concierto de \u2018A fULL con la Sinf\u00f3nica\u2019\"}]},{\"@type\":\"WebSite\",\"@id\":\"https:\/\/www.ull.es\/portal\/noticias\/#website\",\"url\":\"https:\/\/www.ull.es\/portal\/noticias\/\",\"name\":\"ULL - Noticias\",\"description\":\"\",\"potentialAction\":[{\"@type\":\"SearchAction\",\"target\":{\"@type\":\"EntryPoint\",\"urlTemplate\":\"https:\/\/www.ull.es\/portal\/noticias\/?s={search_term_string}\"},\"query-input\":\"required name=search_term_string\"}],\"inLanguage\":\"es\"},{\"@type\":\"Person\",\"@id\":\"https:\/\/www.ull.es\/portal\/noticias\/#\/schema\/person\/b2b1a89d43ffa609e591f7df8ef3e817\",\"name\":\"gaprsa\",\"image\":{\"@type\":\"ImageObject\",\"inLanguage\":\"es\",\"@id\":\"https:\/\/www.ull.es\/portal\/noticias\/#\/schema\/person\/image\/\",\"url\":\"https:\/\/secure.gravatar.com\/avatar\/443820550921091458b4823867723b3d?s=96&d=mm&r=g\",\"contentUrl\":\"https:\/\/secure.gravatar.com\/avatar\/443820550921091458b4823867723b3d?s=96&d=mm&r=g\",\"caption\":\"gaprsa\"},\"url\":\"https:\/\/www.ull.es\/portal\/noticias\/author\/gaprsa\/\"}]}<\/script>\n<!-- \/ Yoast SEO plugin. -->","yoast_head_json":{"title":"Lleno absoluto y ovaci\u00f3n a V\u00edctor Pablo P\u00e9rez en el primer concierto de \u2018A fULL con la Sinf\u00f3nica\u2019 - ULL - Noticias","robots":{"index":"index","follow":"follow","max-snippet":"max-snippet:-1","max-image-preview":"max-image-preview:large","max-video-preview":"max-video-preview:-1"},"canonical":"https:\/\/www.ull.es\/portal\/noticias\/2024\/lleno-absoluto-y-ovacion-a-victor-pablo-perez-en-el-primer-concierto-de-a-full-con-la-sinfonica\/","og_locale":"es_ES","og_type":"article","og_title":"Lleno absoluto y ovaci\u00f3n a V\u00edctor Pablo P\u00e9rez en el primer concierto de \u2018A fULL con la Sinf\u00f3nica\u2019 - ULL - Noticias","og_description":"El ciclo de conciertos \u2018A fULL con la Sinf\u00f3nica\u2019 comenz\u00f3 ayer, jueves 19 de septiembre, de la mejor manera posible:...","og_url":"https:\/\/www.ull.es\/portal\/noticias\/2024\/lleno-absoluto-y-ovacion-a-victor-pablo-perez-en-el-primer-concierto-de-a-full-con-la-sinfonica\/","og_site_name":"ULL - Noticias","article_publisher":"https:\/\/www.facebook.com\/universidaddelalaguna\/","article_published_time":"2024-09-20T10:03:33+00:00","article_modified_time":"2024-09-20T10:21:41+00:00","og_image":[{"width":1100,"height":733,"url":"https:\/\/www.ull.es\/portal\/noticias\/wp-content\/uploads\/sites\/13\/2024\/09\/FULL-con-la-Sinfonica-17.jpg","type":"image\/jpeg"}],"author":"gaprsa","twitter_card":"summary_large_image","twitter_creator":"@CanalULL","twitter_site":"@CanalULL","twitter_misc":{"Escrito por":"gaprsa","Tiempo de lectura":"5 minutos"},"schema":{"@context":"https:\/\/schema.org","@graph":[{"@type":"WebPage","@id":"https:\/\/www.ull.es\/portal\/noticias\/2024\/lleno-absoluto-y-ovacion-a-victor-pablo-perez-en-el-primer-concierto-de-a-full-con-la-sinfonica\/","url":"https:\/\/www.ull.es\/portal\/noticias\/2024\/lleno-absoluto-y-ovacion-a-victor-pablo-perez-en-el-primer-concierto-de-a-full-con-la-sinfonica\/","name":"Lleno absoluto y ovaci\u00f3n a V\u00edctor Pablo P\u00e9rez en el primer concierto de \u2018A fULL con la Sinf\u00f3nica\u2019 - ULL - Noticias","isPartOf":{"@id":"https:\/\/www.ull.es\/portal\/noticias\/#website"},"datePublished":"2024-09-20T10:03:33+00:00","dateModified":"2024-09-20T10:21:41+00:00","author":{"@id":"https:\/\/www.ull.es\/portal\/noticias\/#\/schema\/person\/b2b1a89d43ffa609e591f7df8ef3e817"},"breadcrumb":{"@id":"https:\/\/www.ull.es\/portal\/noticias\/2024\/lleno-absoluto-y-ovacion-a-victor-pablo-perez-en-el-primer-concierto-de-a-full-con-la-sinfonica\/#breadcrumb"},"inLanguage":"es","potentialAction":[{"@type":"ReadAction","target":["https:\/\/www.ull.es\/portal\/noticias\/2024\/lleno-absoluto-y-ovacion-a-victor-pablo-perez-en-el-primer-concierto-de-a-full-con-la-sinfonica\/"]}]},{"@type":"BreadcrumbList","@id":"https:\/\/www.ull.es\/portal\/noticias\/2024\/lleno-absoluto-y-ovacion-a-victor-pablo-perez-en-el-primer-concierto-de-a-full-con-la-sinfonica\/#breadcrumb","itemListElement":[{"@type":"ListItem","position":1,"name":"Portada","item":"https:\/\/www.ull.es\/portal\/noticias\/"},{"@type":"ListItem","position":2,"name":"Lleno absoluto y ovaci\u00f3n a V\u00edctor Pablo P\u00e9rez en el primer concierto de \u2018A fULL con la Sinf\u00f3nica\u2019"}]},{"@type":"WebSite","@id":"https:\/\/www.ull.es\/portal\/noticias\/#website","url":"https:\/\/www.ull.es\/portal\/noticias\/","name":"ULL - Noticias","description":"","potentialAction":[{"@type":"SearchAction","target":{"@type":"EntryPoint","urlTemplate":"https:\/\/www.ull.es\/portal\/noticias\/?s={search_term_string}"},"query-input":"required name=search_term_string"}],"inLanguage":"es"},{"@type":"Person","@id":"https:\/\/www.ull.es\/portal\/noticias\/#\/schema\/person\/b2b1a89d43ffa609e591f7df8ef3e817","name":"gaprsa","image":{"@type":"ImageObject","inLanguage":"es","@id":"https:\/\/www.ull.es\/portal\/noticias\/#\/schema\/person\/image\/","url":"https:\/\/secure.gravatar.com\/avatar\/443820550921091458b4823867723b3d?s=96&d=mm&r=g","contentUrl":"https:\/\/secure.gravatar.com\/avatar\/443820550921091458b4823867723b3d?s=96&d=mm&r=g","caption":"gaprsa"},"url":"https:\/\/www.ull.es\/portal\/noticias\/author\/gaprsa\/"}]}},"primary_category":{"id":345,"name":"Destacado","slug":"destacado","link":"https:\/\/www.ull.es\/portal\/noticias\/category\/destacado\/"},"featured_image_thumbnail_url":"https:\/\/www.ull.es\/portal\/noticias\/wp-content\/uploads\/sites\/13\/2024\/09\/FULL-con-la-Sinfonica-17-300x200.jpg","_links":{"self":[{"href":"https:\/\/www.ull.es\/portal\/noticias\/wp-json\/wp\/v2\/posts\/77461"}],"collection":[{"href":"https:\/\/www.ull.es\/portal\/noticias\/wp-json\/wp\/v2\/posts"}],"about":[{"href":"https:\/\/www.ull.es\/portal\/noticias\/wp-json\/wp\/v2\/types\/post"}],"author":[{"embeddable":true,"href":"https:\/\/www.ull.es\/portal\/noticias\/wp-json\/wp\/v2\/users\/23"}],"replies":[{"embeddable":true,"href":"https:\/\/www.ull.es\/portal\/noticias\/wp-json\/wp\/v2\/comments?post=77461"}],"version-history":[{"count":2,"href":"https:\/\/www.ull.es\/portal\/noticias\/wp-json\/wp\/v2\/posts\/77461\/revisions"}],"predecessor-version":[{"id":77468,"href":"https:\/\/www.ull.es\/portal\/noticias\/wp-json\/wp\/v2\/posts\/77461\/revisions\/77468"}],"wp:featuredmedia":[{"embeddable":true,"href":"https:\/\/www.ull.es\/portal\/noticias\/wp-json\/wp\/v2\/media\/77464"}],"wp:attachment":[{"href":"https:\/\/www.ull.es\/portal\/noticias\/wp-json\/wp\/v2\/media?parent=77461"}],"wp:term":[{"taxonomy":"category","embeddable":true,"href":"https:\/\/www.ull.es\/portal\/noticias\/wp-json\/wp\/v2\/categories?post=77461"},{"taxonomy":"post_tag","embeddable":true,"href":"https:\/\/www.ull.es\/portal\/noticias\/wp-json\/wp\/v2\/tags?post=77461"}],"curies":[{"name":"wp","href":"https:\/\/api.w.org\/{rel}","templated":true}]}}