{"id":77521,"date":"2024-09-23T12:34:38","date_gmt":"2024-09-23T12:34:38","guid":{"rendered":"https:\/\/www.ull.es\/portal\/noticias\/?p=77521"},"modified":"2024-09-23T12:34:38","modified_gmt":"2024-09-23T12:34:38","slug":"campus-america-2024-abordara-en-la-ull-la-innovacion-digital-y-la-internacionalizacion-en-la-educacion-superior","status":"publish","type":"post","link":"https:\/\/www.ull.es\/portal\/noticias\/2024\/campus-america-2024-abordara-en-la-ull-la-innovacion-digital-y-la-internacionalizacion-en-la-educacion-superior\/","title":{"rendered":"Campus Am\u00e9rica 2024 abordar\u00e1 en la ULL la innovaci\u00f3n digital y la internacionalizaci\u00f3n en la educaci\u00f3n superior"},"content":{"rendered":"<p>La Universidad de La Laguna celebra la cuarta edici\u00f3n del programa internacional <a href=\"https:\/\/www.ull.es\/portal\/campusamerica\/\" target=\"_blank\" rel=\"noopener\">Campus Am\u00e9rica<\/a>, que este a\u00f1o tiene a Ecuador como pa\u00eds invitado. Entre el 9 y el 18 de octubre se desarrollar\u00e1n casi una treintena de seminarios con la intervenci\u00f3n de m\u00e1s de 170 ponentes, en los que se abordar\u00e1 la cooperaci\u00f3n internacional en \u00e1mbitos como turismo, arte y patrimonio, g\u00e9nero, salud o los derechos sociales.<\/p>\n<p>El campus incluye en su programa una serie de <a href=\"https:\/\/www.ull.es\/portal\/campusamerica\/programa\/actos-institucionales\/\" target=\"_blank\" rel=\"noopener\">mesas institucionales<\/a> donde expertos y expertas del \u00e1mbito acad\u00e9mico abordar\u00e1n los retos y oportunidades de la innovaci\u00f3n digital y la internacionalizaci\u00f3n en la educaci\u00f3n superior, entre otros asuntos.<\/p>\n<p>Las mesas institucionales arrancar\u00e1n con la relativa a la \u2018Internacionalizaci\u00f3n y cooperaci\u00f3n en el Espacio Iberoamericano\u2019. El presidente de la Comisi\u00f3n Sectorial de la CRUE-Internacionalizaci\u00f3n y Cooperaci\u00f3n, Ricardo Maira, analizar\u00e1 el jueves, 10 de octubre, a las 12:00 horas, los diferentes organismos y entidades que tienen una amplia experiencia en materia de internacionalizaci\u00f3n y cooperaci\u00f3n, y que ofrecen la posibilidad de mejorar la calidad docente. De esta manera, ahondar\u00e1 en los m\u00faltiples beneficios que aportan a la comunidad educativa.<\/p>\n<p>El viernes, 11 de octubre, a las 12 horas, el director general de Juventud del Gobierno de Canarias, Daniel Morales Garc\u00eda, valorar\u00e1 c\u00f3mo la participaci\u00f3n juvenil y el compromiso social puede construir una sociedad m\u00e1s justa y equitativa. En esta sesi\u00f3n tambi\u00e9n participar\u00e1n j\u00f3venes representantes de asociaciones y varios especialistas en asociacionismo y participaci\u00f3n juvenil de la UE y Am\u00e9rica Latina.<\/p>\n<p>La tercera mesa institucional, de las cinco que componen este campus, \u2018Titulaciones Internacionales\u2019, tendr\u00e1 lugar el 15 de octubre a las 12 horas. Estar\u00e1 a cargo del presidente de la Asociaci\u00f3n Universitaria Iberoamericana de Postgrados y rector de la Universidad Pablo Olavide, Francisco Oliva Bl\u00e1zquez. La sesi\u00f3n abordar\u00e1 el papel de las universidades iberoamericanas en la creaci\u00f3n de un espacio de educaci\u00f3n superior compartido, que promueva la cooperaci\u00f3n interuniversitaria. Adem\u00e1s, identificar\u00e1 las oportunidades que las titulaciones internacionales ofrecen y el desarrollo de competencias interculturales y multiling\u00fces, entre otros asuntos.<\/p>\n<p>La transformaci\u00f3n digital en las universidades ser\u00e1 el tema principal de la cuarta mesa de las jornadas formativas. El 16 de octubre, a las 12 horas, el director de la C\u00e1tedra Santander-UA de Transformaci\u00f3n Digital, Fara\u00f3n Llorens Largo, ahondar\u00e1 en el desarrollo tecnol\u00f3gico y la innovaci\u00f3n en las instituciones educativas. En esta sesi\u00f3n distintos expertos compartir\u00e1n estrategias y buenas pr\u00e1cticas institucionales sobre los procesos de transformaci\u00f3n digital.<\/p>\n<p>Y, por \u00faltimo, el pr\u00f3ximo 17 de octubre, tambi\u00e9n a las 12 horas, el codirector de la C\u00e1tedra La Laguna Patrimonio Mundial de la Universidad de La Laguna, Jos\u00e9 Juan Cano Delgado, explorar\u00e1 la intersecci\u00f3n entre el patrimonio cultural y la funci\u00f3n vital de las universidades en la preservaci\u00f3n y promoci\u00f3n de las ciudades declaradas Patrimonio Mundial.<\/p>\n<p><strong>Sobre el Campus Am\u00e9rica<\/strong><\/p>\n<p>La Universidad de La Laguna lleva tres ediciones celebrando el Campus Am\u00e9rica, con el prop\u00f3sito de estrechar v\u00ednculos acad\u00e9micos, culturales y sociales con el continente americano. Bajo el lema \u2018Un mar de conocimiento compartido\u2019, desde su primera edici\u00f3n en 2017, y con car\u00e1cter bienal, ofrece un escenario \u00fanico para el intercambio de experiencias y el fomento de nuevos proyectos entre universidades, entidades y organizaciones no gubernamentales.<\/p>\n<p>Edici\u00f3n tras edici\u00f3n, las relaciones con otras instituciones iberoamericanas se han ido incrementando, con el objeto de fortalecer la transferencia mutua de conocimiento, la firma de nuevos acuerdos de colaboraci\u00f3n y el intercambio de comunidad acad\u00e9mica a uno y otro lado del Atl\u00e1ntico.<\/p>\n","protected":false},"excerpt":{"rendered":"<p>La Universidad de La Laguna celebra la cuarta edici\u00f3n del programa internacional Campus Am\u00e9rica, que este a\u00f1o tiene a Ecuador&#8230;<\/p>\n","protected":false},"author":23,"featured_media":77527,"comment_status":"closed","ping_status":"closed","sticky":false,"template":"","format":"standard","meta":{"inline_featured_image":false,"footnotes":""},"categories":[11115,345,348,349,2765],"tags":[],"acf":[],"yoast_head":"<!-- This site is optimized with the Yoast SEO plugin v21.3 - https:\/\/yoast.com\/wordpress\/plugins\/seo\/ -->\n<title>Campus Am\u00e9rica 2024 abordar\u00e1 en la ULL la innovaci\u00f3n digital y la internacionalizaci\u00f3n en la educaci\u00f3n superior - ULL - Noticias<\/title>\n<meta name=\"robots\" content=\"index, follow, max-snippet:-1, max-image-preview:large, max-video-preview:-1\" \/>\n<link rel=\"canonical\" href=\"https:\/\/www.ull.es\/portal\/noticias\/2024\/campus-america-2024-abordara-en-la-ull-la-innovacion-digital-y-la-internacionalizacion-en-la-educacion-superior\/\" \/>\n<meta property=\"og:locale\" content=\"es_ES\" \/>\n<meta property=\"og:type\" content=\"article\" \/>\n<meta property=\"og:title\" content=\"Campus Am\u00e9rica 2024 abordar\u00e1 en la ULL la innovaci\u00f3n digital y la internacionalizaci\u00f3n en la educaci\u00f3n superior - ULL - Noticias\" \/>\n<meta property=\"og:description\" content=\"La Universidad de La Laguna celebra la cuarta edici\u00f3n del programa internacional Campus Am\u00e9rica, que este a\u00f1o tiene a Ecuador...\" \/>\n<meta property=\"og:url\" content=\"https:\/\/www.ull.es\/portal\/noticias\/2024\/campus-america-2024-abordara-en-la-ull-la-innovacion-digital-y-la-internacionalizacion-en-la-educacion-superior\/\" \/>\n<meta property=\"og:site_name\" content=\"ULL - Noticias\" \/>\n<meta property=\"article:publisher\" content=\"https:\/\/www.facebook.com\/universidaddelalaguna\/\" \/>\n<meta property=\"article:published_time\" content=\"2024-09-23T12:34:38+00:00\" \/>\n<meta property=\"og:image\" content=\"https:\/\/www.ull.es\/portal\/noticias\/wp-content\/uploads\/sites\/13\/2024\/09\/camerica.jpg\" \/>\n\t<meta property=\"og:image:width\" content=\"1200\" \/>\n\t<meta property=\"og:image:height\" content=\"800\" \/>\n\t<meta property=\"og:image:type\" content=\"image\/jpeg\" \/>\n<meta name=\"author\" content=\"gaprsa\" \/>\n<meta name=\"twitter:card\" content=\"summary_large_image\" \/>\n<meta name=\"twitter:creator\" content=\"@CanalULL\" \/>\n<meta name=\"twitter:site\" content=\"@CanalULL\" \/>\n<meta name=\"twitter:label1\" content=\"Escrito por\" \/>\n\t<meta name=\"twitter:data1\" content=\"gaprsa\" \/>\n\t<meta name=\"twitter:label2\" content=\"Tiempo de lectura\" \/>\n\t<meta name=\"twitter:data2\" content=\"3 minutos\" \/>\n<script type=\"application\/ld+json\" class=\"yoast-schema-graph\">{\"@context\":\"https:\/\/schema.org\",\"@graph\":[{\"@type\":\"WebPage\",\"@id\":\"https:\/\/www.ull.es\/portal\/noticias\/2024\/campus-america-2024-abordara-en-la-ull-la-innovacion-digital-y-la-internacionalizacion-en-la-educacion-superior\/\",\"url\":\"https:\/\/www.ull.es\/portal\/noticias\/2024\/campus-america-2024-abordara-en-la-ull-la-innovacion-digital-y-la-internacionalizacion-en-la-educacion-superior\/\",\"name\":\"Campus Am\u00e9rica 2024 abordar\u00e1 en la ULL la innovaci\u00f3n digital y la internacionalizaci\u00f3n en la educaci\u00f3n superior - ULL - Noticias\",\"isPartOf\":{\"@id\":\"https:\/\/www.ull.es\/portal\/noticias\/#website\"},\"datePublished\":\"2024-09-23T12:34:38+00:00\",\"dateModified\":\"2024-09-23T12:34:38+00:00\",\"author\":{\"@id\":\"https:\/\/www.ull.es\/portal\/noticias\/#\/schema\/person\/b2b1a89d43ffa609e591f7df8ef3e817\"},\"breadcrumb\":{\"@id\":\"https:\/\/www.ull.es\/portal\/noticias\/2024\/campus-america-2024-abordara-en-la-ull-la-innovacion-digital-y-la-internacionalizacion-en-la-educacion-superior\/#breadcrumb\"},\"inLanguage\":\"es\",\"potentialAction\":[{\"@type\":\"ReadAction\",\"target\":[\"https:\/\/www.ull.es\/portal\/noticias\/2024\/campus-america-2024-abordara-en-la-ull-la-innovacion-digital-y-la-internacionalizacion-en-la-educacion-superior\/\"]}]},{\"@type\":\"BreadcrumbList\",\"@id\":\"https:\/\/www.ull.es\/portal\/noticias\/2024\/campus-america-2024-abordara-en-la-ull-la-innovacion-digital-y-la-internacionalizacion-en-la-educacion-superior\/#breadcrumb\",\"itemListElement\":[{\"@type\":\"ListItem\",\"position\":1,\"name\":\"Portada\",\"item\":\"https:\/\/www.ull.es\/portal\/noticias\/\"},{\"@type\":\"ListItem\",\"position\":2,\"name\":\"Campus Am\u00e9rica 2024 abordar\u00e1 en la ULL la innovaci\u00f3n digital y la internacionalizaci\u00f3n en la educaci\u00f3n superior\"}]},{\"@type\":\"WebSite\",\"@id\":\"https:\/\/www.ull.es\/portal\/noticias\/#website\",\"url\":\"https:\/\/www.ull.es\/portal\/noticias\/\",\"name\":\"ULL - Noticias\",\"description\":\"\",\"potentialAction\":[{\"@type\":\"SearchAction\",\"target\":{\"@type\":\"EntryPoint\",\"urlTemplate\":\"https:\/\/www.ull.es\/portal\/noticias\/?s={search_term_string}\"},\"query-input\":\"required name=search_term_string\"}],\"inLanguage\":\"es\"},{\"@type\":\"Person\",\"@id\":\"https:\/\/www.ull.es\/portal\/noticias\/#\/schema\/person\/b2b1a89d43ffa609e591f7df8ef3e817\",\"name\":\"gaprsa\",\"image\":{\"@type\":\"ImageObject\",\"inLanguage\":\"es\",\"@id\":\"https:\/\/www.ull.es\/portal\/noticias\/#\/schema\/person\/image\/\",\"url\":\"https:\/\/secure.gravatar.com\/avatar\/443820550921091458b4823867723b3d?s=96&d=mm&r=g\",\"contentUrl\":\"https:\/\/secure.gravatar.com\/avatar\/443820550921091458b4823867723b3d?s=96&d=mm&r=g\",\"caption\":\"gaprsa\"},\"url\":\"https:\/\/www.ull.es\/portal\/noticias\/author\/gaprsa\/\"}]}<\/script>\n<!-- \/ Yoast SEO plugin. -->","yoast_head_json":{"title":"Campus Am\u00e9rica 2024 abordar\u00e1 en la ULL la innovaci\u00f3n digital y la internacionalizaci\u00f3n en la educaci\u00f3n superior - ULL - Noticias","robots":{"index":"index","follow":"follow","max-snippet":"max-snippet:-1","max-image-preview":"max-image-preview:large","max-video-preview":"max-video-preview:-1"},"canonical":"https:\/\/www.ull.es\/portal\/noticias\/2024\/campus-america-2024-abordara-en-la-ull-la-innovacion-digital-y-la-internacionalizacion-en-la-educacion-superior\/","og_locale":"es_ES","og_type":"article","og_title":"Campus Am\u00e9rica 2024 abordar\u00e1 en la ULL la innovaci\u00f3n digital y la internacionalizaci\u00f3n en la educaci\u00f3n superior - ULL - Noticias","og_description":"La Universidad de La Laguna celebra la cuarta edici\u00f3n del programa internacional Campus Am\u00e9rica, que este a\u00f1o tiene a Ecuador...","og_url":"https:\/\/www.ull.es\/portal\/noticias\/2024\/campus-america-2024-abordara-en-la-ull-la-innovacion-digital-y-la-internacionalizacion-en-la-educacion-superior\/","og_site_name":"ULL - Noticias","article_publisher":"https:\/\/www.facebook.com\/universidaddelalaguna\/","article_published_time":"2024-09-23T12:34:38+00:00","og_image":[{"width":1200,"height":800,"url":"https:\/\/www.ull.es\/portal\/noticias\/wp-content\/uploads\/sites\/13\/2024\/09\/camerica.jpg","type":"image\/jpeg"}],"author":"gaprsa","twitter_card":"summary_large_image","twitter_creator":"@CanalULL","twitter_site":"@CanalULL","twitter_misc":{"Escrito por":"gaprsa","Tiempo de lectura":"3 minutos"},"schema":{"@context":"https:\/\/schema.org","@graph":[{"@type":"WebPage","@id":"https:\/\/www.ull.es\/portal\/noticias\/2024\/campus-america-2024-abordara-en-la-ull-la-innovacion-digital-y-la-internacionalizacion-en-la-educacion-superior\/","url":"https:\/\/www.ull.es\/portal\/noticias\/2024\/campus-america-2024-abordara-en-la-ull-la-innovacion-digital-y-la-internacionalizacion-en-la-educacion-superior\/","name":"Campus Am\u00e9rica 2024 abordar\u00e1 en la ULL la innovaci\u00f3n digital y la internacionalizaci\u00f3n en la educaci\u00f3n superior - ULL - Noticias","isPartOf":{"@id":"https:\/\/www.ull.es\/portal\/noticias\/#website"},"datePublished":"2024-09-23T12:34:38+00:00","dateModified":"2024-09-23T12:34:38+00:00","author":{"@id":"https:\/\/www.ull.es\/portal\/noticias\/#\/schema\/person\/b2b1a89d43ffa609e591f7df8ef3e817"},"breadcrumb":{"@id":"https:\/\/www.ull.es\/portal\/noticias\/2024\/campus-america-2024-abordara-en-la-ull-la-innovacion-digital-y-la-internacionalizacion-en-la-educacion-superior\/#breadcrumb"},"inLanguage":"es","potentialAction":[{"@type":"ReadAction","target":["https:\/\/www.ull.es\/portal\/noticias\/2024\/campus-america-2024-abordara-en-la-ull-la-innovacion-digital-y-la-internacionalizacion-en-la-educacion-superior\/"]}]},{"@type":"BreadcrumbList","@id":"https:\/\/www.ull.es\/portal\/noticias\/2024\/campus-america-2024-abordara-en-la-ull-la-innovacion-digital-y-la-internacionalizacion-en-la-educacion-superior\/#breadcrumb","itemListElement":[{"@type":"ListItem","position":1,"name":"Portada","item":"https:\/\/www.ull.es\/portal\/noticias\/"},{"@type":"ListItem","position":2,"name":"Campus Am\u00e9rica 2024 abordar\u00e1 en la ULL la innovaci\u00f3n digital y la internacionalizaci\u00f3n en la educaci\u00f3n superior"}]},{"@type":"WebSite","@id":"https:\/\/www.ull.es\/portal\/noticias\/#website","url":"https:\/\/www.ull.es\/portal\/noticias\/","name":"ULL - Noticias","description":"","potentialAction":[{"@type":"SearchAction","target":{"@type":"EntryPoint","urlTemplate":"https:\/\/www.ull.es\/portal\/noticias\/?s={search_term_string}"},"query-input":"required name=search_term_string"}],"inLanguage":"es"},{"@type":"Person","@id":"https:\/\/www.ull.es\/portal\/noticias\/#\/schema\/person\/b2b1a89d43ffa609e591f7df8ef3e817","name":"gaprsa","image":{"@type":"ImageObject","inLanguage":"es","@id":"https:\/\/www.ull.es\/portal\/noticias\/#\/schema\/person\/image\/","url":"https:\/\/secure.gravatar.com\/avatar\/443820550921091458b4823867723b3d?s=96&d=mm&r=g","contentUrl":"https:\/\/secure.gravatar.com\/avatar\/443820550921091458b4823867723b3d?s=96&d=mm&r=g","caption":"gaprsa"},"url":"https:\/\/www.ull.es\/portal\/noticias\/author\/gaprsa\/"}]}},"primary_category":{"id":345,"name":"Destacado","slug":"destacado","link":"https:\/\/www.ull.es\/portal\/noticias\/category\/destacado\/"},"featured_image_thumbnail_url":"https:\/\/www.ull.es\/portal\/noticias\/wp-content\/uploads\/sites\/13\/2024\/09\/camerica-300x200.jpg","_links":{"self":[{"href":"https:\/\/www.ull.es\/portal\/noticias\/wp-json\/wp\/v2\/posts\/77521"}],"collection":[{"href":"https:\/\/www.ull.es\/portal\/noticias\/wp-json\/wp\/v2\/posts"}],"about":[{"href":"https:\/\/www.ull.es\/portal\/noticias\/wp-json\/wp\/v2\/types\/post"}],"author":[{"embeddable":true,"href":"https:\/\/www.ull.es\/portal\/noticias\/wp-json\/wp\/v2\/users\/23"}],"replies":[{"embeddable":true,"href":"https:\/\/www.ull.es\/portal\/noticias\/wp-json\/wp\/v2\/comments?post=77521"}],"version-history":[{"count":2,"href":"https:\/\/www.ull.es\/portal\/noticias\/wp-json\/wp\/v2\/posts\/77521\/revisions"}],"predecessor-version":[{"id":77528,"href":"https:\/\/www.ull.es\/portal\/noticias\/wp-json\/wp\/v2\/posts\/77521\/revisions\/77528"}],"wp:featuredmedia":[{"embeddable":true,"href":"https:\/\/www.ull.es\/portal\/noticias\/wp-json\/wp\/v2\/media\/77527"}],"wp:attachment":[{"href":"https:\/\/www.ull.es\/portal\/noticias\/wp-json\/wp\/v2\/media?parent=77521"}],"wp:term":[{"taxonomy":"category","embeddable":true,"href":"https:\/\/www.ull.es\/portal\/noticias\/wp-json\/wp\/v2\/categories?post=77521"},{"taxonomy":"post_tag","embeddable":true,"href":"https:\/\/www.ull.es\/portal\/noticias\/wp-json\/wp\/v2\/tags?post=77521"}],"curies":[{"name":"wp","href":"https:\/\/api.w.org\/{rel}","templated":true}]}}