{"id":77601,"date":"2024-09-26T08:25:14","date_gmt":"2024-09-26T08:25:14","guid":{"rendered":"https:\/\/www.ull.es\/portal\/noticias\/?p=77601"},"modified":"2024-09-26T08:25:14","modified_gmt":"2024-09-26T08:25:14","slug":"arranca-el-programa-de-estudios-universitarios-para-personas-adultas-y-mayores-con-300-matriculados","status":"publish","type":"post","link":"https:\/\/www.ull.es\/portal\/noticias\/2024\/arranca-el-programa-de-estudios-universitarios-para-personas-adultas-y-mayores-con-300-matriculados\/","title":{"rendered":"Arranca el programa de Estudios Universitarios para Personas Adultas y Mayores con 300 matriculados"},"content":{"rendered":"<p>La Facultad de Ciencias Sociales y de la Comunicaci\u00f3n ha sido escenario esta semana del acto de bienvenida al alumnado de <a href=\"https:\/\/www.ull.es\/portal\/universidaddemayores\/\" target=\"_blank\" rel=\"noopener\">Estudios Universitarios para Personas Adultas y Mayores<\/a> que este a\u00f1o cuenta con 296 personas matriculadas. Se trata de una propuesta formativa del Vicerrectorado de Cultura y Extensi\u00f3n Universitaria, plenamente asentada en este centro acad\u00e9mico, para favorecer la formaci\u00f3n a lo largo de la vida y la actualizaci\u00f3n de conocimientos.<\/p>\n<p>El acto fue presidido por Isabel K. Le\u00f3n P\u00e9rez, vicerrectora de Cultura y Extensi\u00f3n Universitaria, quien estuvo acompa\u00f1ada de Isabel Castells Molina, directora de Desarrollo Cultural y Biblioteca y de Inmaculada Fern\u00e1ndez Esteban, directora acad\u00e9mica de este programa.<\/p>\n<p>La vicerrectora de Cultura y Extensi\u00f3n Universitaria dio la bienvenida al alumnado que ha depositado su confianza en su formaci\u00f3n adulta en la Universidad de La Laguna. Adem\u00e1s, quiso agradecer el trabajo a las personas que se han encargado durante los \u00faltimos a\u00f1os de la direcci\u00f3n acad\u00e9mica de estos estudios. Este proyecto, que este a\u00f1o cumple su vig\u00e9simo quinto aniversario, celebrar\u00e1 una gala el pr\u00f3ximo 5 de diciembre a la que invit\u00f3 a participar a todo el alumnado.<\/p>\n<p>Por su parte, Isabel Castells se\u00f1al\u00f3 que este alumnado no solo debe participar en las clases y talleres programados, sino que tambi\u00e9n puede disfrutar de las actividades culturales y de extensi\u00f3n universitaria con las que cuenta esta instituci\u00f3n acad\u00e9mica.<\/p>\n<p>Para concluir, Inmaculada Fern\u00e1ndez explic\u00f3 las novedades acad\u00e9micas para este curso, que contar\u00e1 con un total de 16 materias diferentes, ocho en cada cuatrimestre, pertenecientes a cuatro \u00e1mbitos de conocimiento: Artes y Humanidades; Ciencia, Ingenier\u00eda y Arquitectura T\u00e9cnica; Ciencias de la Salud y, por \u00faltimo, Ciencias Sociales y Jur\u00eddicas. Las personas inscritas pueden matricularse de asignaturas de distintas ramas, siempre que se registre como m\u00ednimo de una asignatura de cada \u00e1rea.<\/p>\n","protected":false},"excerpt":{"rendered":"<p>La Facultad de Ciencias Sociales y de la Comunicaci\u00f3n ha sido escenario esta semana del acto de bienvenida al alumnado&#8230;<\/p>\n","protected":false},"author":23,"featured_media":77602,"comment_status":"closed","ping_status":"closed","sticky":false,"template":"","format":"standard","meta":{"inline_featured_image":false,"footnotes":""},"categories":[344,345,346,2765],"tags":[],"acf":[],"yoast_head":"<!-- This site is optimized with the Yoast SEO plugin v21.3 - https:\/\/yoast.com\/wordpress\/plugins\/seo\/ -->\n<title>Arranca el programa de Estudios Universitarios para Personas Adultas y Mayores con 300 matriculados - ULL - Noticias<\/title>\n<meta name=\"robots\" content=\"index, follow, max-snippet:-1, max-image-preview:large, max-video-preview:-1\" \/>\n<link rel=\"canonical\" href=\"https:\/\/www.ull.es\/portal\/noticias\/2024\/arranca-el-programa-de-estudios-universitarios-para-personas-adultas-y-mayores-con-300-matriculados\/\" \/>\n<meta property=\"og:locale\" content=\"es_ES\" \/>\n<meta property=\"og:type\" content=\"article\" \/>\n<meta property=\"og:title\" content=\"Arranca el programa de Estudios Universitarios para Personas Adultas y Mayores con 300 matriculados - ULL - Noticias\" \/>\n<meta property=\"og:description\" content=\"La Facultad de Ciencias Sociales y de la Comunicaci\u00f3n ha sido escenario esta semana del acto de bienvenida al alumnado...\" \/>\n<meta property=\"og:url\" content=\"https:\/\/www.ull.es\/portal\/noticias\/2024\/arranca-el-programa-de-estudios-universitarios-para-personas-adultas-y-mayores-con-300-matriculados\/\" \/>\n<meta property=\"og:site_name\" content=\"ULL - Noticias\" \/>\n<meta property=\"article:publisher\" content=\"https:\/\/www.facebook.com\/universidaddelalaguna\/\" \/>\n<meta property=\"article:published_time\" content=\"2024-09-26T08:25:14+00:00\" \/>\n<meta property=\"og:image\" content=\"https:\/\/www.ull.es\/portal\/noticias\/wp-content\/uploads\/sites\/13\/2024\/09\/escuela-de-mayores.jpg\" \/>\n\t<meta property=\"og:image:width\" content=\"1200\" \/>\n\t<meta property=\"og:image:height\" content=\"800\" \/>\n\t<meta property=\"og:image:type\" content=\"image\/jpeg\" \/>\n<meta name=\"author\" content=\"gaprsa\" \/>\n<meta name=\"twitter:card\" content=\"summary_large_image\" \/>\n<meta name=\"twitter:creator\" content=\"@CanalULL\" \/>\n<meta name=\"twitter:site\" content=\"@CanalULL\" \/>\n<meta name=\"twitter:label1\" content=\"Escrito por\" \/>\n\t<meta name=\"twitter:data1\" content=\"gaprsa\" \/>\n\t<meta name=\"twitter:label2\" content=\"Tiempo de lectura\" \/>\n\t<meta name=\"twitter:data2\" content=\"2 minutos\" \/>\n<script type=\"application\/ld+json\" class=\"yoast-schema-graph\">{\"@context\":\"https:\/\/schema.org\",\"@graph\":[{\"@type\":\"WebPage\",\"@id\":\"https:\/\/www.ull.es\/portal\/noticias\/2024\/arranca-el-programa-de-estudios-universitarios-para-personas-adultas-y-mayores-con-300-matriculados\/\",\"url\":\"https:\/\/www.ull.es\/portal\/noticias\/2024\/arranca-el-programa-de-estudios-universitarios-para-personas-adultas-y-mayores-con-300-matriculados\/\",\"name\":\"Arranca el programa de Estudios Universitarios para Personas Adultas y Mayores con 300 matriculados - ULL - Noticias\",\"isPartOf\":{\"@id\":\"https:\/\/www.ull.es\/portal\/noticias\/#website\"},\"datePublished\":\"2024-09-26T08:25:14+00:00\",\"dateModified\":\"2024-09-26T08:25:14+00:00\",\"author\":{\"@id\":\"https:\/\/www.ull.es\/portal\/noticias\/#\/schema\/person\/b2b1a89d43ffa609e591f7df8ef3e817\"},\"breadcrumb\":{\"@id\":\"https:\/\/www.ull.es\/portal\/noticias\/2024\/arranca-el-programa-de-estudios-universitarios-para-personas-adultas-y-mayores-con-300-matriculados\/#breadcrumb\"},\"inLanguage\":\"es\",\"potentialAction\":[{\"@type\":\"ReadAction\",\"target\":[\"https:\/\/www.ull.es\/portal\/noticias\/2024\/arranca-el-programa-de-estudios-universitarios-para-personas-adultas-y-mayores-con-300-matriculados\/\"]}]},{\"@type\":\"BreadcrumbList\",\"@id\":\"https:\/\/www.ull.es\/portal\/noticias\/2024\/arranca-el-programa-de-estudios-universitarios-para-personas-adultas-y-mayores-con-300-matriculados\/#breadcrumb\",\"itemListElement\":[{\"@type\":\"ListItem\",\"position\":1,\"name\":\"Portada\",\"item\":\"https:\/\/www.ull.es\/portal\/noticias\/\"},{\"@type\":\"ListItem\",\"position\":2,\"name\":\"Arranca el programa de Estudios Universitarios para Personas Adultas y Mayores con 300 matriculados\"}]},{\"@type\":\"WebSite\",\"@id\":\"https:\/\/www.ull.es\/portal\/noticias\/#website\",\"url\":\"https:\/\/www.ull.es\/portal\/noticias\/\",\"name\":\"ULL - Noticias\",\"description\":\"\",\"potentialAction\":[{\"@type\":\"SearchAction\",\"target\":{\"@type\":\"EntryPoint\",\"urlTemplate\":\"https:\/\/www.ull.es\/portal\/noticias\/?s={search_term_string}\"},\"query-input\":\"required name=search_term_string\"}],\"inLanguage\":\"es\"},{\"@type\":\"Person\",\"@id\":\"https:\/\/www.ull.es\/portal\/noticias\/#\/schema\/person\/b2b1a89d43ffa609e591f7df8ef3e817\",\"name\":\"gaprsa\",\"image\":{\"@type\":\"ImageObject\",\"inLanguage\":\"es\",\"@id\":\"https:\/\/www.ull.es\/portal\/noticias\/#\/schema\/person\/image\/\",\"url\":\"https:\/\/secure.gravatar.com\/avatar\/443820550921091458b4823867723b3d?s=96&d=mm&r=g\",\"contentUrl\":\"https:\/\/secure.gravatar.com\/avatar\/443820550921091458b4823867723b3d?s=96&d=mm&r=g\",\"caption\":\"gaprsa\"},\"url\":\"https:\/\/www.ull.es\/portal\/noticias\/author\/gaprsa\/\"}]}<\/script>\n<!-- \/ Yoast SEO plugin. -->","yoast_head_json":{"title":"Arranca el programa de Estudios Universitarios para Personas Adultas y Mayores con 300 matriculados - ULL - Noticias","robots":{"index":"index","follow":"follow","max-snippet":"max-snippet:-1","max-image-preview":"max-image-preview:large","max-video-preview":"max-video-preview:-1"},"canonical":"https:\/\/www.ull.es\/portal\/noticias\/2024\/arranca-el-programa-de-estudios-universitarios-para-personas-adultas-y-mayores-con-300-matriculados\/","og_locale":"es_ES","og_type":"article","og_title":"Arranca el programa de Estudios Universitarios para Personas Adultas y Mayores con 300 matriculados - ULL - Noticias","og_description":"La Facultad de Ciencias Sociales y de la Comunicaci\u00f3n ha sido escenario esta semana del acto de bienvenida al alumnado...","og_url":"https:\/\/www.ull.es\/portal\/noticias\/2024\/arranca-el-programa-de-estudios-universitarios-para-personas-adultas-y-mayores-con-300-matriculados\/","og_site_name":"ULL - Noticias","article_publisher":"https:\/\/www.facebook.com\/universidaddelalaguna\/","article_published_time":"2024-09-26T08:25:14+00:00","og_image":[{"width":1200,"height":800,"url":"https:\/\/www.ull.es\/portal\/noticias\/wp-content\/uploads\/sites\/13\/2024\/09\/escuela-de-mayores.jpg","type":"image\/jpeg"}],"author":"gaprsa","twitter_card":"summary_large_image","twitter_creator":"@CanalULL","twitter_site":"@CanalULL","twitter_misc":{"Escrito por":"gaprsa","Tiempo de lectura":"2 minutos"},"schema":{"@context":"https:\/\/schema.org","@graph":[{"@type":"WebPage","@id":"https:\/\/www.ull.es\/portal\/noticias\/2024\/arranca-el-programa-de-estudios-universitarios-para-personas-adultas-y-mayores-con-300-matriculados\/","url":"https:\/\/www.ull.es\/portal\/noticias\/2024\/arranca-el-programa-de-estudios-universitarios-para-personas-adultas-y-mayores-con-300-matriculados\/","name":"Arranca el programa de Estudios Universitarios para Personas Adultas y Mayores con 300 matriculados - ULL - Noticias","isPartOf":{"@id":"https:\/\/www.ull.es\/portal\/noticias\/#website"},"datePublished":"2024-09-26T08:25:14+00:00","dateModified":"2024-09-26T08:25:14+00:00","author":{"@id":"https:\/\/www.ull.es\/portal\/noticias\/#\/schema\/person\/b2b1a89d43ffa609e591f7df8ef3e817"},"breadcrumb":{"@id":"https:\/\/www.ull.es\/portal\/noticias\/2024\/arranca-el-programa-de-estudios-universitarios-para-personas-adultas-y-mayores-con-300-matriculados\/#breadcrumb"},"inLanguage":"es","potentialAction":[{"@type":"ReadAction","target":["https:\/\/www.ull.es\/portal\/noticias\/2024\/arranca-el-programa-de-estudios-universitarios-para-personas-adultas-y-mayores-con-300-matriculados\/"]}]},{"@type":"BreadcrumbList","@id":"https:\/\/www.ull.es\/portal\/noticias\/2024\/arranca-el-programa-de-estudios-universitarios-para-personas-adultas-y-mayores-con-300-matriculados\/#breadcrumb","itemListElement":[{"@type":"ListItem","position":1,"name":"Portada","item":"https:\/\/www.ull.es\/portal\/noticias\/"},{"@type":"ListItem","position":2,"name":"Arranca el programa de Estudios Universitarios para Personas Adultas y Mayores con 300 matriculados"}]},{"@type":"WebSite","@id":"https:\/\/www.ull.es\/portal\/noticias\/#website","url":"https:\/\/www.ull.es\/portal\/noticias\/","name":"ULL - Noticias","description":"","potentialAction":[{"@type":"SearchAction","target":{"@type":"EntryPoint","urlTemplate":"https:\/\/www.ull.es\/portal\/noticias\/?s={search_term_string}"},"query-input":"required name=search_term_string"}],"inLanguage":"es"},{"@type":"Person","@id":"https:\/\/www.ull.es\/portal\/noticias\/#\/schema\/person\/b2b1a89d43ffa609e591f7df8ef3e817","name":"gaprsa","image":{"@type":"ImageObject","inLanguage":"es","@id":"https:\/\/www.ull.es\/portal\/noticias\/#\/schema\/person\/image\/","url":"https:\/\/secure.gravatar.com\/avatar\/443820550921091458b4823867723b3d?s=96&d=mm&r=g","contentUrl":"https:\/\/secure.gravatar.com\/avatar\/443820550921091458b4823867723b3d?s=96&d=mm&r=g","caption":"gaprsa"},"url":"https:\/\/www.ull.es\/portal\/noticias\/author\/gaprsa\/"}]}},"primary_category":{"id":345,"name":"Destacado","slug":"destacado","link":"https:\/\/www.ull.es\/portal\/noticias\/category\/destacado\/"},"featured_image_thumbnail_url":"https:\/\/www.ull.es\/portal\/noticias\/wp-content\/uploads\/sites\/13\/2024\/09\/escuela-de-mayores-300x200.jpg","_links":{"self":[{"href":"https:\/\/www.ull.es\/portal\/noticias\/wp-json\/wp\/v2\/posts\/77601"}],"collection":[{"href":"https:\/\/www.ull.es\/portal\/noticias\/wp-json\/wp\/v2\/posts"}],"about":[{"href":"https:\/\/www.ull.es\/portal\/noticias\/wp-json\/wp\/v2\/types\/post"}],"author":[{"embeddable":true,"href":"https:\/\/www.ull.es\/portal\/noticias\/wp-json\/wp\/v2\/users\/23"}],"replies":[{"embeddable":true,"href":"https:\/\/www.ull.es\/portal\/noticias\/wp-json\/wp\/v2\/comments?post=77601"}],"version-history":[{"count":1,"href":"https:\/\/www.ull.es\/portal\/noticias\/wp-json\/wp\/v2\/posts\/77601\/revisions"}],"predecessor-version":[{"id":77603,"href":"https:\/\/www.ull.es\/portal\/noticias\/wp-json\/wp\/v2\/posts\/77601\/revisions\/77603"}],"wp:featuredmedia":[{"embeddable":true,"href":"https:\/\/www.ull.es\/portal\/noticias\/wp-json\/wp\/v2\/media\/77602"}],"wp:attachment":[{"href":"https:\/\/www.ull.es\/portal\/noticias\/wp-json\/wp\/v2\/media?parent=77601"}],"wp:term":[{"taxonomy":"category","embeddable":true,"href":"https:\/\/www.ull.es\/portal\/noticias\/wp-json\/wp\/v2\/categories?post=77601"},{"taxonomy":"post_tag","embeddable":true,"href":"https:\/\/www.ull.es\/portal\/noticias\/wp-json\/wp\/v2\/tags?post=77601"}],"curies":[{"name":"wp","href":"https:\/\/api.w.org\/{rel}","templated":true}]}}