{"id":77719,"date":"2024-10-01T12:12:47","date_gmt":"2024-10-01T12:12:47","guid":{"rendered":"https:\/\/www.ull.es\/portal\/noticias\/?p=77719"},"modified":"2024-10-07T11:39:49","modified_gmt":"2024-10-07T11:39:49","slug":"el-consejo-de-gobierno-de-la-ull-aprueba-cinco-nuevos-reglamentos-relativos-a-la-organizacion-de-la-docencia","status":"publish","type":"post","link":"https:\/\/www.ull.es\/portal\/noticias\/2024\/el-consejo-de-gobierno-de-la-ull-aprueba-cinco-nuevos-reglamentos-relativos-a-la-organizacion-de-la-docencia\/","title":{"rendered":"El Consejo de Gobierno de la ULL aprueba cinco nuevos reglamentos relativos a la organizaci\u00f3n de la docencia"},"content":{"rendered":"<p>El Consejo de Gobierno de la Universidad de La Laguna ha celebrado hoy 1 de octubre una sesi\u00f3n ordinaria para tratar distintos asuntos, la mayor\u00eda centrados en la actualizaci\u00f3n de diferente normativa acad\u00e9mica.\u00a0El vicerrector de Docencia, Jos\u00e9 Manuel Garc\u00eda Fraga, fue el encargado de defender estos documentos normativos. Present\u00f3 en primer lugar el Reglamento de reconocimiento y transferencia de cr\u00e9ditos, que es una fusi\u00f3n de dos anteriores. De hecho, exist\u00edan varias ediciones precedentes y ha resultado conveniente elaborarlo de nuevo.<\/p>\n<p>Garc\u00eda Fraga explic\u00f3 que se reconocen todas las titulaciones en el mismo \u00e1mbito de conocimiento, se regula el reconocimiento por experiencia profesional -que no puede ser mayor del 15%- y se adec\u00faan los reconocimientos procedentes de la Formaci\u00f3n Profesional, y el reconocimiento por estudios universitarios no oficiales, que tambi\u00e9n llega al tope del 15%. Igualmente se incorporan los reconocimientos por idiomas, incorporando los niveles C1 y C2, y el participar en la organizaci\u00f3n de actividades culturales, no su asistencia, entre otras modificaciones.<\/p>\n<p>El Reglamento de acreditaci\u00f3n, verificaci\u00f3n, modificaci\u00f3n y extinci\u00f3n de planes de estudio fue igualmente expuesto por el vicerrector. Se\u00f1al\u00f3 que est\u00e1 basado en instrucciones previas que ahora se regulan en un solo texto. Se pautan los requisitos que deben establecerse para la puesta en marcha de los t\u00edtulos de grado, c\u00f3mo han de modificarse o, en su caso, extinguirse.<\/p>\n<div id=\"attachment_77721\" style=\"width: 310px\" class=\"wp-caption alignleft\"><a href=\"https:\/\/www.ull.es\/portal\/noticias\/wp-content\/uploads\/sites\/13\/2024\/10\/Cons-Gobierno-1-10-01.jpg\" target=\"_blank\" rel=\"noopener\"><img aria-describedby=\"caption-attachment-77721\" decoding=\"async\" loading=\"lazy\" class=\"size-medium wp-image-77721\" src=\"https:\/\/www.ull.es\/portal\/noticias\/wp-content\/uploads\/sites\/13\/2024\/10\/Cons-Gobierno-1-10-01-300x200.jpg\" alt=\"\" width=\"300\" height=\"200\" srcset=\"https:\/\/www.ull.es\/portal\/noticias\/wp-content\/uploads\/sites\/13\/2024\/10\/Cons-Gobierno-1-10-01-300x200.jpg 300w, https:\/\/www.ull.es\/portal\/noticias\/wp-content\/uploads\/sites\/13\/2024\/10\/Cons-Gobierno-1-10-01-1024x683.jpg 1024w, https:\/\/www.ull.es\/portal\/noticias\/wp-content\/uploads\/sites\/13\/2024\/10\/Cons-Gobierno-1-10-01-768x512.jpg 768w, https:\/\/www.ull.es\/portal\/noticias\/wp-content\/uploads\/sites\/13\/2024\/10\/Cons-Gobierno-1-10-01-375x250.jpg 375w, https:\/\/www.ull.es\/portal\/noticias\/wp-content\/uploads\/sites\/13\/2024\/10\/Cons-Gobierno-1-10-01-750x500.jpg 750w, https:\/\/www.ull.es\/portal\/noticias\/wp-content\/uploads\/sites\/13\/2024\/10\/Cons-Gobierno-1-10-01-1140x760.jpg 1140w, https:\/\/www.ull.es\/portal\/noticias\/wp-content\/uploads\/sites\/13\/2024\/10\/Cons-Gobierno-1-10-01.jpg 1200w\" sizes=\"(max-width: 300px) 100vw, 300px\" \/><\/a><p id=\"caption-attachment-77721\" class=\"wp-caption-text\">Jos\u00e9 Manuel Garc\u00eda Fraga, vicerrector de Docencia, en el transcurso de la sesi\u00f3n.<\/p><\/div>\n<p>El vicerrector de Docencia present\u00f3 tambi\u00e9n otro documento que regula los programas de itinerarios acad\u00e9micos sucesivos, pensados para el \u00e1mbito de la Ingenier\u00eda y la Arquitectura, en la idea de crear programas que vinculen un t\u00edtulo de Grado y un t\u00edtulo de M\u00e1ster Universitario orientado a la especializaci\u00f3n profesional, manteniendo su diferenciaci\u00f3n e independencia estructural. Ambos t\u00edtulos deben pertenecer al mismo \u00e1mbito acad\u00e9mico y profesional.<\/p>\n<p>Por su parte, el Reglamento de programas de ense\u00f1anzas de grado con itinerario abierto plantea la posibilidad de flexibilizar la formaci\u00f3n inicial del estudiante que inicia sus estudios, cursando asignaturas de dos o m\u00e1s t\u00edtulos universitarios oficiales de Grado del mismo \u00e1mbito o \u00e1mbitos de conocimiento afines. Tambi\u00e9n indic\u00f3 que deber\u00e1n tener una carga crediticia de entre 60 y 120 cr\u00e9ditos para los t\u00edtulos de Grado, distribuidos uniformemente entre cuatrimestres. Dichos cr\u00e9ditos corresponder\u00e1n a asignaturas de formaci\u00f3n b\u00e1sica de las ense\u00f1anzas universitarias del programa. El texto apunta que los cr\u00e9ditos se deber\u00e1n cursar en los dos primeros cursos del Grado, con el objeto de que al finalizar este programa cada estudiante pueda continuar sus estudios en uno de los t\u00edtulos universitarios oficiales.<\/p>\n<p>Por \u00faltimo, Garc\u00eda Fraga hizo referencia al Reglamento de simultaneidad de dobles titulaciones de grado con itinerario espec\u00edfico, que conduzca a la obtenci\u00f3n de cada uno de los t\u00edtulos que lo forman. Esta normativa no se aplicar\u00e1 a personas egresadas de cualquiera de las titulaciones que componen el programa acad\u00e9mico de doble grado, ni tampoco a estudiantes que sean titulados o tituladas en algunas de las titulaciones en extinci\u00f3n. Asimismo, se excluyen los programas conjuntos de t\u00edtulos propios.<\/p>\n<p><strong>Plan de modernizaci\u00f3n administrativa<\/strong><\/p>\n<p>En la sesi\u00f3n de esta ma\u00f1ana, celebrada presencialmente en la Facultad de Derecho, pero emitida igualmente en directo, la gerenta de la instituci\u00f3n acad\u00e9mica, Teresa Covisa, present\u00f3 al \u00f3rgano colegiado el Plan de Modernizaci\u00f3n Administrativa de la Universidad de La Laguna, cuyo prop\u00f3sito es ofrecer una instituci\u00f3n m\u00e1s moderna, transparente y eficaz. El plan est\u00e1 dividido en seis l\u00edneas de trabajo que engloban en su totalidad casi una cincuentena de proyectos, que se han planteado de forma participativa a trav\u00e9s de diversas reuniones con distintos agentes de la universidad. Covisa destac\u00f3 que se trata de un proyecto abierto, que comienza ahora con el desarrollo de las actuaciones y que se extender\u00e1 hasta 2029.<\/p>\n<p>La mejora de la calidad de los servicios p\u00fablicos (recuperaci\u00f3n de las cartas de servicios y sellos de calidad, atenci\u00f3n a usuarios), universidad abierta (presencia en Internet y redes, transparencia y rendici\u00f3n de cuentas, est\u00e1ndares abiertos, innovaci\u00f3n p\u00fablica), simplificaci\u00f3n (revisi\u00f3n del cat\u00e1logo de procedimientos, simplificaci\u00f3n de procesos, lenguaje claro, contabilidad anal\u00edtica y control interno, entre otros), universidad digital (mejora de la usabilidad de la sede electr\u00f3nica, infraestructura y comunicaci\u00f3n digital, infraestructura del dato \u00fanico y la ciberseguridad), estrategia de recursos humanos (adaptaci\u00f3n de las estructuras organizativas, gesti\u00f3n interna de la provisi\u00f3n de puestos de trabajo, articulaci\u00f3n del horario flexible, teletrabajo, expediente digital personal, competencias directivas) y cooperaci\u00f3n interadministrativa (colaboraci\u00f3n con otras administraciones) son los ejes principales de este documento.<\/p>\n<p>El Consejo de Gobierno conoci\u00f3 asimismo el nombramiento de la nueva direcci\u00f3n de secretariado de Cooperaci\u00f3n con \u00c1frica y Latinoam\u00e9rica, que correr\u00e1 a cargo de Alba Rodr\u00edguez Garc\u00eda, de Filolog\u00eda Francesa, en sustituci\u00f3n de Carmen Ascanio.<\/p>\n","protected":false},"excerpt":{"rendered":"<p>El Consejo de Gobierno de la Universidad de La Laguna ha celebrado hoy 1 de octubre una sesi\u00f3n ordinaria para&#8230;<\/p>\n","protected":false},"author":23,"featured_media":77722,"comment_status":"closed","ping_status":"closed","sticky":false,"template":"","format":"standard","meta":{"inline_featured_image":false,"footnotes":""},"categories":[345,347,2765],"tags":[],"acf":[],"yoast_head":"<!-- This site is optimized with the Yoast SEO plugin v21.3 - https:\/\/yoast.com\/wordpress\/plugins\/seo\/ -->\n<title>El Consejo de Gobierno de la ULL aprueba cinco nuevos reglamentos relativos a la organizaci\u00f3n de la docencia - ULL - Noticias<\/title>\n<meta name=\"robots\" content=\"index, follow, max-snippet:-1, max-image-preview:large, max-video-preview:-1\" \/>\n<link rel=\"canonical\" href=\"https:\/\/www.ull.es\/portal\/noticias\/2024\/el-consejo-de-gobierno-de-la-ull-aprueba-cinco-nuevos-reglamentos-relativos-a-la-organizacion-de-la-docencia\/\" \/>\n<meta property=\"og:locale\" content=\"es_ES\" \/>\n<meta property=\"og:type\" content=\"article\" \/>\n<meta property=\"og:title\" content=\"El Consejo de Gobierno de la ULL aprueba cinco nuevos reglamentos relativos a la organizaci\u00f3n de la docencia - ULL - Noticias\" \/>\n<meta property=\"og:description\" content=\"El Consejo de Gobierno de la Universidad de La Laguna ha celebrado hoy 1 de octubre una sesi\u00f3n ordinaria para...\" \/>\n<meta property=\"og:url\" content=\"https:\/\/www.ull.es\/portal\/noticias\/2024\/el-consejo-de-gobierno-de-la-ull-aprueba-cinco-nuevos-reglamentos-relativos-a-la-organizacion-de-la-docencia\/\" \/>\n<meta property=\"og:site_name\" content=\"ULL - Noticias\" \/>\n<meta property=\"article:publisher\" content=\"https:\/\/www.facebook.com\/universidaddelalaguna\/\" \/>\n<meta property=\"article:published_time\" content=\"2024-10-01T12:12:47+00:00\" \/>\n<meta property=\"article:modified_time\" content=\"2024-10-07T11:39:49+00:00\" \/>\n<meta property=\"og:image\" content=\"https:\/\/www.ull.es\/portal\/noticias\/wp-content\/uploads\/sites\/13\/2024\/10\/Cons-Gobierno-1-10-13.jpg\" \/>\n\t<meta property=\"og:image:width\" content=\"1200\" \/>\n\t<meta property=\"og:image:height\" content=\"800\" \/>\n\t<meta property=\"og:image:type\" content=\"image\/jpeg\" \/>\n<meta name=\"author\" content=\"gaprsa\" \/>\n<meta name=\"twitter:card\" content=\"summary_large_image\" \/>\n<meta name=\"twitter:creator\" content=\"@CanalULL\" \/>\n<meta name=\"twitter:site\" content=\"@CanalULL\" \/>\n<meta name=\"twitter:label1\" content=\"Escrito por\" \/>\n\t<meta name=\"twitter:data1\" content=\"gaprsa\" \/>\n\t<meta name=\"twitter:label2\" content=\"Tiempo de lectura\" \/>\n\t<meta name=\"twitter:data2\" content=\"4 minutos\" \/>\n<script type=\"application\/ld+json\" class=\"yoast-schema-graph\">{\"@context\":\"https:\/\/schema.org\",\"@graph\":[{\"@type\":\"WebPage\",\"@id\":\"https:\/\/www.ull.es\/portal\/noticias\/2024\/el-consejo-de-gobierno-de-la-ull-aprueba-cinco-nuevos-reglamentos-relativos-a-la-organizacion-de-la-docencia\/\",\"url\":\"https:\/\/www.ull.es\/portal\/noticias\/2024\/el-consejo-de-gobierno-de-la-ull-aprueba-cinco-nuevos-reglamentos-relativos-a-la-organizacion-de-la-docencia\/\",\"name\":\"El Consejo de Gobierno de la ULL aprueba cinco nuevos reglamentos relativos a la organizaci\u00f3n de la docencia - ULL - Noticias\",\"isPartOf\":{\"@id\":\"https:\/\/www.ull.es\/portal\/noticias\/#website\"},\"datePublished\":\"2024-10-01T12:12:47+00:00\",\"dateModified\":\"2024-10-07T11:39:49+00:00\",\"author\":{\"@id\":\"https:\/\/www.ull.es\/portal\/noticias\/#\/schema\/person\/b2b1a89d43ffa609e591f7df8ef3e817\"},\"breadcrumb\":{\"@id\":\"https:\/\/www.ull.es\/portal\/noticias\/2024\/el-consejo-de-gobierno-de-la-ull-aprueba-cinco-nuevos-reglamentos-relativos-a-la-organizacion-de-la-docencia\/#breadcrumb\"},\"inLanguage\":\"es\",\"potentialAction\":[{\"@type\":\"ReadAction\",\"target\":[\"https:\/\/www.ull.es\/portal\/noticias\/2024\/el-consejo-de-gobierno-de-la-ull-aprueba-cinco-nuevos-reglamentos-relativos-a-la-organizacion-de-la-docencia\/\"]}]},{\"@type\":\"BreadcrumbList\",\"@id\":\"https:\/\/www.ull.es\/portal\/noticias\/2024\/el-consejo-de-gobierno-de-la-ull-aprueba-cinco-nuevos-reglamentos-relativos-a-la-organizacion-de-la-docencia\/#breadcrumb\",\"itemListElement\":[{\"@type\":\"ListItem\",\"position\":1,\"name\":\"Portada\",\"item\":\"https:\/\/www.ull.es\/portal\/noticias\/\"},{\"@type\":\"ListItem\",\"position\":2,\"name\":\"El Consejo de Gobierno de la ULL aprueba cinco nuevos reglamentos relativos a la organizaci\u00f3n de la docencia\"}]},{\"@type\":\"WebSite\",\"@id\":\"https:\/\/www.ull.es\/portal\/noticias\/#website\",\"url\":\"https:\/\/www.ull.es\/portal\/noticias\/\",\"name\":\"ULL - Noticias\",\"description\":\"\",\"potentialAction\":[{\"@type\":\"SearchAction\",\"target\":{\"@type\":\"EntryPoint\",\"urlTemplate\":\"https:\/\/www.ull.es\/portal\/noticias\/?s={search_term_string}\"},\"query-input\":\"required name=search_term_string\"}],\"inLanguage\":\"es\"},{\"@type\":\"Person\",\"@id\":\"https:\/\/www.ull.es\/portal\/noticias\/#\/schema\/person\/b2b1a89d43ffa609e591f7df8ef3e817\",\"name\":\"gaprsa\",\"image\":{\"@type\":\"ImageObject\",\"inLanguage\":\"es\",\"@id\":\"https:\/\/www.ull.es\/portal\/noticias\/#\/schema\/person\/image\/\",\"url\":\"https:\/\/secure.gravatar.com\/avatar\/443820550921091458b4823867723b3d?s=96&d=mm&r=g\",\"contentUrl\":\"https:\/\/secure.gravatar.com\/avatar\/443820550921091458b4823867723b3d?s=96&d=mm&r=g\",\"caption\":\"gaprsa\"},\"url\":\"https:\/\/www.ull.es\/portal\/noticias\/author\/gaprsa\/\"}]}<\/script>\n<!-- \/ Yoast SEO plugin. -->","yoast_head_json":{"title":"El Consejo de Gobierno de la ULL aprueba cinco nuevos reglamentos relativos a la organizaci\u00f3n de la docencia - ULL - Noticias","robots":{"index":"index","follow":"follow","max-snippet":"max-snippet:-1","max-image-preview":"max-image-preview:large","max-video-preview":"max-video-preview:-1"},"canonical":"https:\/\/www.ull.es\/portal\/noticias\/2024\/el-consejo-de-gobierno-de-la-ull-aprueba-cinco-nuevos-reglamentos-relativos-a-la-organizacion-de-la-docencia\/","og_locale":"es_ES","og_type":"article","og_title":"El Consejo de Gobierno de la ULL aprueba cinco nuevos reglamentos relativos a la organizaci\u00f3n de la docencia - ULL - Noticias","og_description":"El Consejo de Gobierno de la Universidad de La Laguna ha celebrado hoy 1 de octubre una sesi\u00f3n ordinaria para...","og_url":"https:\/\/www.ull.es\/portal\/noticias\/2024\/el-consejo-de-gobierno-de-la-ull-aprueba-cinco-nuevos-reglamentos-relativos-a-la-organizacion-de-la-docencia\/","og_site_name":"ULL - Noticias","article_publisher":"https:\/\/www.facebook.com\/universidaddelalaguna\/","article_published_time":"2024-10-01T12:12:47+00:00","article_modified_time":"2024-10-07T11:39:49+00:00","og_image":[{"width":1200,"height":800,"url":"https:\/\/www.ull.es\/portal\/noticias\/wp-content\/uploads\/sites\/13\/2024\/10\/Cons-Gobierno-1-10-13.jpg","type":"image\/jpeg"}],"author":"gaprsa","twitter_card":"summary_large_image","twitter_creator":"@CanalULL","twitter_site":"@CanalULL","twitter_misc":{"Escrito por":"gaprsa","Tiempo de lectura":"4 minutos"},"schema":{"@context":"https:\/\/schema.org","@graph":[{"@type":"WebPage","@id":"https:\/\/www.ull.es\/portal\/noticias\/2024\/el-consejo-de-gobierno-de-la-ull-aprueba-cinco-nuevos-reglamentos-relativos-a-la-organizacion-de-la-docencia\/","url":"https:\/\/www.ull.es\/portal\/noticias\/2024\/el-consejo-de-gobierno-de-la-ull-aprueba-cinco-nuevos-reglamentos-relativos-a-la-organizacion-de-la-docencia\/","name":"El Consejo de Gobierno de la ULL aprueba cinco nuevos reglamentos relativos a la organizaci\u00f3n de la docencia - ULL - Noticias","isPartOf":{"@id":"https:\/\/www.ull.es\/portal\/noticias\/#website"},"datePublished":"2024-10-01T12:12:47+00:00","dateModified":"2024-10-07T11:39:49+00:00","author":{"@id":"https:\/\/www.ull.es\/portal\/noticias\/#\/schema\/person\/b2b1a89d43ffa609e591f7df8ef3e817"},"breadcrumb":{"@id":"https:\/\/www.ull.es\/portal\/noticias\/2024\/el-consejo-de-gobierno-de-la-ull-aprueba-cinco-nuevos-reglamentos-relativos-a-la-organizacion-de-la-docencia\/#breadcrumb"},"inLanguage":"es","potentialAction":[{"@type":"ReadAction","target":["https:\/\/www.ull.es\/portal\/noticias\/2024\/el-consejo-de-gobierno-de-la-ull-aprueba-cinco-nuevos-reglamentos-relativos-a-la-organizacion-de-la-docencia\/"]}]},{"@type":"BreadcrumbList","@id":"https:\/\/www.ull.es\/portal\/noticias\/2024\/el-consejo-de-gobierno-de-la-ull-aprueba-cinco-nuevos-reglamentos-relativos-a-la-organizacion-de-la-docencia\/#breadcrumb","itemListElement":[{"@type":"ListItem","position":1,"name":"Portada","item":"https:\/\/www.ull.es\/portal\/noticias\/"},{"@type":"ListItem","position":2,"name":"El Consejo de Gobierno de la ULL aprueba cinco nuevos reglamentos relativos a la organizaci\u00f3n de la docencia"}]},{"@type":"WebSite","@id":"https:\/\/www.ull.es\/portal\/noticias\/#website","url":"https:\/\/www.ull.es\/portal\/noticias\/","name":"ULL - Noticias","description":"","potentialAction":[{"@type":"SearchAction","target":{"@type":"EntryPoint","urlTemplate":"https:\/\/www.ull.es\/portal\/noticias\/?s={search_term_string}"},"query-input":"required name=search_term_string"}],"inLanguage":"es"},{"@type":"Person","@id":"https:\/\/www.ull.es\/portal\/noticias\/#\/schema\/person\/b2b1a89d43ffa609e591f7df8ef3e817","name":"gaprsa","image":{"@type":"ImageObject","inLanguage":"es","@id":"https:\/\/www.ull.es\/portal\/noticias\/#\/schema\/person\/image\/","url":"https:\/\/secure.gravatar.com\/avatar\/443820550921091458b4823867723b3d?s=96&d=mm&r=g","contentUrl":"https:\/\/secure.gravatar.com\/avatar\/443820550921091458b4823867723b3d?s=96&d=mm&r=g","caption":"gaprsa"},"url":"https:\/\/www.ull.es\/portal\/noticias\/author\/gaprsa\/"}]}},"primary_category":{"id":345,"name":"Destacado","slug":"destacado","link":"https:\/\/www.ull.es\/portal\/noticias\/category\/destacado\/"},"featured_image_thumbnail_url":"https:\/\/www.ull.es\/portal\/noticias\/wp-content\/uploads\/sites\/13\/2024\/10\/Cons-Gobierno-1-10-13-300x200.jpg","_links":{"self":[{"href":"https:\/\/www.ull.es\/portal\/noticias\/wp-json\/wp\/v2\/posts\/77719"}],"collection":[{"href":"https:\/\/www.ull.es\/portal\/noticias\/wp-json\/wp\/v2\/posts"}],"about":[{"href":"https:\/\/www.ull.es\/portal\/noticias\/wp-json\/wp\/v2\/types\/post"}],"author":[{"embeddable":true,"href":"https:\/\/www.ull.es\/portal\/noticias\/wp-json\/wp\/v2\/users\/23"}],"replies":[{"embeddable":true,"href":"https:\/\/www.ull.es\/portal\/noticias\/wp-json\/wp\/v2\/comments?post=77719"}],"version-history":[{"count":3,"href":"https:\/\/www.ull.es\/portal\/noticias\/wp-json\/wp\/v2\/posts\/77719\/revisions"}],"predecessor-version":[{"id":77864,"href":"https:\/\/www.ull.es\/portal\/noticias\/wp-json\/wp\/v2\/posts\/77719\/revisions\/77864"}],"wp:featuredmedia":[{"embeddable":true,"href":"https:\/\/www.ull.es\/portal\/noticias\/wp-json\/wp\/v2\/media\/77722"}],"wp:attachment":[{"href":"https:\/\/www.ull.es\/portal\/noticias\/wp-json\/wp\/v2\/media?parent=77719"}],"wp:term":[{"taxonomy":"category","embeddable":true,"href":"https:\/\/www.ull.es\/portal\/noticias\/wp-json\/wp\/v2\/categories?post=77719"},{"taxonomy":"post_tag","embeddable":true,"href":"https:\/\/www.ull.es\/portal\/noticias\/wp-json\/wp\/v2\/tags?post=77719"}],"curies":[{"name":"wp","href":"https:\/\/api.w.org\/{rel}","templated":true}]}}