{"id":77775,"date":"2024-10-03T10:28:10","date_gmt":"2024-10-03T10:28:10","guid":{"rendered":"https:\/\/www.ull.es\/portal\/noticias\/?p=77775"},"modified":"2024-10-03T11:19:37","modified_gmt":"2024-10-03T11:19:37","slug":"la-falta-de-alojamiento-para-los-estudiantes-universitarios-centra-el-primer-ull-debates-del-curso","status":"publish","type":"post","link":"https:\/\/www.ull.es\/portal\/noticias\/2024\/la-falta-de-alojamiento-para-los-estudiantes-universitarios-centra-el-primer-ull-debates-del-curso\/","title":{"rendered":"La falta de alojamiento para el alumnado universitario centra el primer ULL Debates del curso"},"content":{"rendered":"<p>La Universidad de La Laguna ha reactivado su ciclo <a href=\"https:\/\/www.ull.es\/portal\/agenda\/evento\/ull-debates-acceso-a-la-vivienda-en-canarias-impacto-en-el-desarrollo-academico-y-profesional-de-la-juventud\/\" target=\"_blank\" rel=\"noopener\">ULL-Debates<\/a>, una iniciativa para analizar temas de inter\u00e9s social a trav\u00e9s de la confrontaci\u00f3n de ideas de diversos expertos y expertas y la propuesta de soluciones de mejora. La edici\u00f3n que abri\u00f3 ayer 2 de octubre el nuevo curso acad\u00e9mico se centr\u00f3 en una interesante propuesta: los problemas de alojamiento que sufren los universitarios para encontrar vivienda en la zona metropolitana.<\/p>\n<p>La sesi\u00f3n, moderada por el periodista Chema Blanco, comenz\u00f3 con <a href=\"https:\/\/www.youtube.com\/watch?v=ka77NAbNKWM&amp;t=3s\" target=\"_blank\" rel=\"noopener\" target=\"_blank\" rel=\"noopener\">un video elaborado por el Gabinete de Comunicaci\u00f3n sobre casos de alumnado<\/a> que ha experimentado muchas dificultades para encontrar residencia en la ciudad, con casos de estafa incluidas. As\u00ed varios estudiantes tuvieron que optar por trasladarse a municipios m\u00e1s alejados, con los consiguientes problemas de tr\u00e1fico en los trayectos de ida y vuelta, o alojarse, de forma provisional, en casa de familiares, hasta encontrar otro lugar m\u00e1s \u00f3ptimo. La cinta tambi\u00e9n daba cuenta de estudiantes de otras islas o de la Pen\u00ednsula que finalmente tuvieron que desistir de matricularse en esta universidad, debido a la misma situaci\u00f3n.<\/p>\n<div id=\"attachment_77779\" style=\"width: 310px\" class=\"wp-caption alignright\"><a href=\"https:\/\/www.ull.es\/portal\/noticias\/wp-content\/uploads\/sites\/13\/2024\/10\/ULL-Debates-Vivienda-19.jpg\" target=\"_blank\" rel=\"noopener\"><img aria-describedby=\"caption-attachment-77779\" decoding=\"async\" loading=\"lazy\" class=\"size-medium wp-image-77779\" src=\"https:\/\/www.ull.es\/portal\/noticias\/wp-content\/uploads\/sites\/13\/2024\/10\/ULL-Debates-Vivienda-19-300x201.jpg\" alt=\"\" width=\"300\" height=\"201\" srcset=\"https:\/\/www.ull.es\/portal\/noticias\/wp-content\/uploads\/sites\/13\/2024\/10\/ULL-Debates-Vivienda-19-300x201.jpg 300w, https:\/\/www.ull.es\/portal\/noticias\/wp-content\/uploads\/sites\/13\/2024\/10\/ULL-Debates-Vivienda-19-1024x686.jpg 1024w, https:\/\/www.ull.es\/portal\/noticias\/wp-content\/uploads\/sites\/13\/2024\/10\/ULL-Debates-Vivienda-19-768x515.jpg 768w, https:\/\/www.ull.es\/portal\/noticias\/wp-content\/uploads\/sites\/13\/2024\/10\/ULL-Debates-Vivienda-19-375x251.jpg 375w, https:\/\/www.ull.es\/portal\/noticias\/wp-content\/uploads\/sites\/13\/2024\/10\/ULL-Debates-Vivienda-19-750x503.jpg 750w, https:\/\/www.ull.es\/portal\/noticias\/wp-content\/uploads\/sites\/13\/2024\/10\/ULL-Debates-Vivienda-19-1140x764.jpg 1140w, https:\/\/www.ull.es\/portal\/noticias\/wp-content\/uploads\/sites\/13\/2024\/10\/ULL-Debates-Vivienda-19.jpg 1200w\" sizes=\"(max-width: 300px) 100vw, 300px\" \/><\/a><p id=\"caption-attachment-77779\" class=\"wp-caption-text\">Alejandro Armas, ge\u00f3grafo.<\/p><\/div>\n<p>\u201cDesde el momento en que la vivienda se convierte en un bien especulativo entramos en un problema\u201d, asegur\u00f3 Alejandro Armas, profesor ayudante doctor del Departamento de Geograf\u00eda. De hecho, destac\u00f3 que la b\u00fasqueda de alojamiento se ha convertido en un hecho dram\u00e1tico, agravado por el proceso de incorporaci\u00f3n de la actividad tur\u00edstica a los n\u00facleos urbanos y la gentrificaci\u00f3n de las ciudades, desplazando a los j\u00f3venes que no pueden permitirse los precios de estos alquileres.<\/p>\n<p>As\u00ed lo atestigu\u00f3 el numeroso p\u00fablico joven congregado en la sala de juntas de la Facultad de Econom\u00eda, Empresa y Turismo, quienes comentaron que los grupos de chats en busca de vivienda son muy habituales y desesperantes. Otros sin embargo alabaron la pol\u00edtica social de la universidad en esta materia, que procura alojamiento en sus cuatro colegios y residencias a los estudiantes con menos recursos, para quienes, de otra manera, ser\u00eda imposible que cursasen estudios universitarios.<\/p>\n<p>El ge\u00f3grafo, que se\u00f1al\u00f3 que la producci\u00f3n de vivienda en Canarias se ha basado en crear viviendas vac\u00edas, ofreci\u00f3 en el debate varias posibilidades utilizadas por otras universidades para atajar este problema. Es el caso del servicio de acompa\u00f1amiento jur\u00eddico en la b\u00fasqueda de alojamiento, asegurando ciertas garant\u00edas para los estudiantes, o la opci\u00f3n de compartir alojamiento con personas mayores solas, apunt\u00f3.<\/p>\n<p><strong>Sin soberan\u00eda sobre el suelo<\/strong><\/p>\n<p>Mar\u00eda Tom\u00e9, urbanista que intervino online, fue muy tajante en se\u00f1alar la situaci\u00f3n cr\u00edtica en la que se encuentran los universitarios y universitarias, a los que se le dificulta el acceso a la universidad p\u00fablica por falta de vivienda. Existe un \u201cbombardeo de inversores extranjeros\u201d que est\u00e1n comprando vivienda en Canarias, \u201cfrente a la falta de una pol\u00edtica m\u00e1s valiente\u201d, dijo. \u201cHemos perdido la soberan\u00eda del suelo, que descansa en personas que no residen en las islas\u201d.<\/p>\n<p>Tom\u00e9 apunt\u00f3 que no solo se trata de hacer m\u00e1s vivienda, sino de proponer nuevos modelos de alojamiento para nuevos modelos de sociedad. \u201cEs urgente blindar el suelo de Canarias, tanto el construido como el que no\u201d. La urbanista defendi\u00f3 ser muy cr\u00edticos con los que no suman al bien com\u00fan, y por eso repas\u00f3 las convocatorias nacionales y regionales de manifestaciones para pedir la bajada de los alquileres y nuevas opciones de habitabilidad en las ciudades. \u201cLos j\u00f3venes no podemos financiar el sobresueldo de los que han nacido en familias pudientes y tienen viviendas para especular\u201d, sostuvo, al tiempo que invit\u00f3 a la universidad a que se sume a esta petici\u00f3n de cambio.<\/p>\n<div id=\"attachment_77781\" style=\"width: 310px\" class=\"wp-caption alignleft\"><a href=\"https:\/\/www.ull.es\/portal\/noticias\/wp-content\/uploads\/sites\/13\/2024\/10\/ULL-Debates-Vivienda-20.jpg\" target=\"_blank\" rel=\"noopener\"><img aria-describedby=\"caption-attachment-77781\" decoding=\"async\" loading=\"lazy\" class=\"size-medium wp-image-77781\" src=\"https:\/\/www.ull.es\/portal\/noticias\/wp-content\/uploads\/sites\/13\/2024\/10\/ULL-Debates-Vivienda-20-300x200.jpg\" alt=\"\" width=\"300\" height=\"200\" srcset=\"https:\/\/www.ull.es\/portal\/noticias\/wp-content\/uploads\/sites\/13\/2024\/10\/ULL-Debates-Vivienda-20-300x200.jpg 300w, https:\/\/www.ull.es\/portal\/noticias\/wp-content\/uploads\/sites\/13\/2024\/10\/ULL-Debates-Vivienda-20-1024x683.jpg 1024w, https:\/\/www.ull.es\/portal\/noticias\/wp-content\/uploads\/sites\/13\/2024\/10\/ULL-Debates-Vivienda-20-768x512.jpg 768w, https:\/\/www.ull.es\/portal\/noticias\/wp-content\/uploads\/sites\/13\/2024\/10\/ULL-Debates-Vivienda-20-375x250.jpg 375w, https:\/\/www.ull.es\/portal\/noticias\/wp-content\/uploads\/sites\/13\/2024\/10\/ULL-Debates-Vivienda-20-750x500.jpg 750w, https:\/\/www.ull.es\/portal\/noticias\/wp-content\/uploads\/sites\/13\/2024\/10\/ULL-Debates-Vivienda-20-1140x760.jpg 1140w, https:\/\/www.ull.es\/portal\/noticias\/wp-content\/uploads\/sites\/13\/2024\/10\/ULL-Debates-Vivienda-20.jpg 1200w\" sizes=\"(max-width: 300px) 100vw, 300px\" \/><\/a><p id=\"caption-attachment-77781\" class=\"wp-caption-text\">Concepci\u00f3n Brito, presidenta de la Fecam.<\/p><\/div>\n<p>Concepci\u00f3n Brito, presidenta de la Federaci\u00f3n Canaria de Municipios (Fecam), explic\u00f3 en su intervenci\u00f3n que muchos de los problemas del municipalismo se regulan en el Parlamento, y que la capacidad de actuar desde los pueblos y ciudades es muy corta. A\u00f1adi\u00f3 que la poblaci\u00f3n est\u00e1 concentrada en las dos capitales canarias, adem\u00e1s de Telde (Gran Canaria) y Arona (Tenerife). \u201cEs decir, 46 de los 48 municipios no llegan a los 20.000 habitantes, lo que significa que suelo y territorio donde poder vivir s\u00ed hay\u201d. Con todo, estuvo de acuerdo con que hay que conciliar la construcci\u00f3n de vivienda con otras medidas; \u201cestamos sufriendo una falta de planificaci\u00f3n en esta materia en todas las administraciones\u201d.<\/p>\n<p>Dado que no se ha apostado por la vivienda p\u00fablica, las soluciones est\u00e1n en la vivienda ya construida, en medio de un mercado donde el alquiler est\u00e1 muy tensionado, a\u00f1adi\u00f3 Brito. Interpelada por los estudiantes acerca de la capacidad de los municipios de tomar cartas en el asunto, la tambi\u00e9n alcaldesa de Candelaria explic\u00f3 que la falta de normativa impide a los municipios intervenir en el cambio de modelo de vivienda habitual que pasa a tur\u00edstica, \u201cque es una decisi\u00f3n unilateral sobre la que los ayuntamientos no podemos hacer nada. Necesitamos adem\u00e1s herramientas para dotar de<\/p>\n<div id=\"attachment_77780\" style=\"width: 310px\" class=\"wp-caption alignright\"><a href=\"https:\/\/www.ull.es\/portal\/noticias\/wp-content\/uploads\/sites\/13\/2024\/10\/ULL-Debates-Vivienda-24.jpg\" target=\"_blank\" rel=\"noopener\"><img aria-describedby=\"caption-attachment-77780\" decoding=\"async\" loading=\"lazy\" class=\"size-medium wp-image-77780\" src=\"https:\/\/www.ull.es\/portal\/noticias\/wp-content\/uploads\/sites\/13\/2024\/10\/ULL-Debates-Vivienda-24-300x200.jpg\" alt=\"\" width=\"300\" height=\"200\" srcset=\"https:\/\/www.ull.es\/portal\/noticias\/wp-content\/uploads\/sites\/13\/2024\/10\/ULL-Debates-Vivienda-24-300x200.jpg 300w, https:\/\/www.ull.es\/portal\/noticias\/wp-content\/uploads\/sites\/13\/2024\/10\/ULL-Debates-Vivienda-24-1024x683.jpg 1024w, https:\/\/www.ull.es\/portal\/noticias\/wp-content\/uploads\/sites\/13\/2024\/10\/ULL-Debates-Vivienda-24-768x512.jpg 768w, https:\/\/www.ull.es\/portal\/noticias\/wp-content\/uploads\/sites\/13\/2024\/10\/ULL-Debates-Vivienda-24-375x250.jpg 375w, https:\/\/www.ull.es\/portal\/noticias\/wp-content\/uploads\/sites\/13\/2024\/10\/ULL-Debates-Vivienda-24-750x500.jpg 750w, https:\/\/www.ull.es\/portal\/noticias\/wp-content\/uploads\/sites\/13\/2024\/10\/ULL-Debates-Vivienda-24-1140x760.jpg 1140w, https:\/\/www.ull.es\/portal\/noticias\/wp-content\/uploads\/sites\/13\/2024\/10\/ULL-Debates-Vivienda-24.jpg 1200w\" sizes=\"(max-width: 300px) 100vw, 300px\" \/><\/a><p id=\"caption-attachment-77780\" class=\"wp-caption-text\">Rosario Hern\u00e1ndez, vicerrectora de Estudiantes.<\/p><\/div>\n<p>equipamiento y usos p\u00fablicos pertinentes al suelo municipal\u201d.<\/p>\n<p>Rosario Hern\u00e1ndez, vicerrectora de Estudiantes, describi\u00f3 los cuatro centros de alojamiento de los que dispone la Universidad de La Laguna. La capacidad econ\u00f3mica de los solicitantes, la insularidad y el rendimiento acad\u00e9mico son criterios b\u00e1sicos para la adjudicaci\u00f3n de las 550 plazas totales, frente a las m\u00e1s de 1.400 solicitudes recibidas en este curso. Se\u00f1al\u00f3 que se deja siempre una peque\u00f1a reserva de plazas, que se ha cubierto ahora con alumnado de programas extracomunitarios.\u00a0Se trata, como ya se se\u00f1al\u00f3, de un sistema de residencia de marcado car\u00e1cter social que, aunque cumple sobradamente sus funciones, es insuficiente.<\/p>\n<div id=\"attachment_77783\" style=\"width: 310px\" class=\"wp-caption alignleft\"><a href=\"https:\/\/www.ull.es\/portal\/noticias\/wp-content\/uploads\/sites\/13\/2024\/10\/ULL-Debates-Vivienda-28.jpg\" target=\"_blank\" rel=\"noopener\"><img aria-describedby=\"caption-attachment-77783\" decoding=\"async\" loading=\"lazy\" class=\"size-medium wp-image-77783\" src=\"https:\/\/www.ull.es\/portal\/noticias\/wp-content\/uploads\/sites\/13\/2024\/10\/ULL-Debates-Vivienda-28-300x201.jpg\" alt=\"\" width=\"300\" height=\"201\" srcset=\"https:\/\/www.ull.es\/portal\/noticias\/wp-content\/uploads\/sites\/13\/2024\/10\/ULL-Debates-Vivienda-28-300x201.jpg 300w, https:\/\/www.ull.es\/portal\/noticias\/wp-content\/uploads\/sites\/13\/2024\/10\/ULL-Debates-Vivienda-28-1024x685.jpg 1024w, https:\/\/www.ull.es\/portal\/noticias\/wp-content\/uploads\/sites\/13\/2024\/10\/ULL-Debates-Vivienda-28-768x514.jpg 768w, https:\/\/www.ull.es\/portal\/noticias\/wp-content\/uploads\/sites\/13\/2024\/10\/ULL-Debates-Vivienda-28-375x251.jpg 375w, https:\/\/www.ull.es\/portal\/noticias\/wp-content\/uploads\/sites\/13\/2024\/10\/ULL-Debates-Vivienda-28-750x502.jpg 750w, https:\/\/www.ull.es\/portal\/noticias\/wp-content\/uploads\/sites\/13\/2024\/10\/ULL-Debates-Vivienda-28-1140x763.jpg 1140w, https:\/\/www.ull.es\/portal\/noticias\/wp-content\/uploads\/sites\/13\/2024\/10\/ULL-Debates-Vivienda-28.jpg 1200w\" sizes=\"(max-width: 300px) 100vw, 300px\" \/><\/a><p id=\"caption-attachment-77783\" class=\"wp-caption-text\">El\u00edas Falc\u00f3n, presidente del Consejo de Estudiantes.<\/p><\/div>\n<p>Por \u00faltimo, El\u00edas Falc\u00f3n, presidente del Consejo de Estudiantes, apunt\u00f3 que el alquiler ha subido en Canarias en los \u00faltimos 10 a\u00f1os m\u00e1s de un 140%.\u00a0Las ayudas del gobierno regional excluyen a los que no est\u00e1n empadronados en el municipio, \u201ccon lo que deja fuera a la mitad de los estudiantes, que no est\u00e1n dispuestos a perder las ayudas de sus cabildos insulares\u201d. En su opini\u00f3n, la declaraci\u00f3n de zona tensionada no afectar\u00eda a la situaci\u00f3n del alumnado, que seguir\u00eda pagando, de una manera u otra, los altos alquileres, dijo, por lo que el apoyo de los cabildos resulta crucial. \u201cLas administraciones y las universidades tienen que aumentar la oferta p\u00fablica de plazas\u201d, indic\u00f3, y apunt\u00f3 la idea de igualar los precios de la vivienda vacacional con los de los hoteles, para que no resulten tan atractivas las primeras.<\/p>\n<p>&nbsp;<\/p>\n","protected":false},"excerpt":{"rendered":"<p>La Universidad de La Laguna ha reactivado su ciclo ULL-Debates, una iniciativa para analizar temas de inter\u00e9s social a trav\u00e9s&#8230;<\/p>\n","protected":false},"author":23,"featured_media":77778,"comment_status":"closed","ping_status":"closed","sticky":false,"template":"","format":"standard","meta":{"inline_featured_image":false,"footnotes":""},"categories":[343,345,348,2765],"tags":[],"acf":[],"yoast_head":"<!-- This site is optimized with the Yoast SEO plugin v21.3 - https:\/\/yoast.com\/wordpress\/plugins\/seo\/ -->\n<title>La falta de alojamiento para el alumnado universitario centra el primer ULL Debates del curso - ULL - Noticias<\/title>\n<meta name=\"robots\" content=\"index, follow, max-snippet:-1, max-image-preview:large, max-video-preview:-1\" \/>\n<link rel=\"canonical\" href=\"https:\/\/www.ull.es\/portal\/noticias\/2024\/la-falta-de-alojamiento-para-los-estudiantes-universitarios-centra-el-primer-ull-debates-del-curso\/\" \/>\n<meta property=\"og:locale\" content=\"es_ES\" \/>\n<meta property=\"og:type\" content=\"article\" \/>\n<meta property=\"og:title\" content=\"La falta de alojamiento para el alumnado universitario centra el primer ULL Debates del curso - ULL - Noticias\" \/>\n<meta property=\"og:description\" content=\"La Universidad de La Laguna ha reactivado su ciclo ULL-Debates, una iniciativa para analizar temas de inter\u00e9s social a trav\u00e9s...\" \/>\n<meta property=\"og:url\" content=\"https:\/\/www.ull.es\/portal\/noticias\/2024\/la-falta-de-alojamiento-para-los-estudiantes-universitarios-centra-el-primer-ull-debates-del-curso\/\" \/>\n<meta property=\"og:site_name\" content=\"ULL - Noticias\" \/>\n<meta property=\"article:publisher\" content=\"https:\/\/www.facebook.com\/universidaddelalaguna\/\" \/>\n<meta property=\"article:published_time\" content=\"2024-10-03T10:28:10+00:00\" \/>\n<meta property=\"article:modified_time\" content=\"2024-10-03T11:19:37+00:00\" \/>\n<meta property=\"og:image\" content=\"https:\/\/www.ull.es\/portal\/noticias\/wp-content\/uploads\/sites\/13\/2024\/10\/ULL-Debates-Vivienda-17.jpg\" \/>\n\t<meta property=\"og:image:width\" content=\"1200\" \/>\n\t<meta property=\"og:image:height\" content=\"800\" \/>\n\t<meta property=\"og:image:type\" content=\"image\/jpeg\" \/>\n<meta name=\"author\" content=\"gaprsa\" \/>\n<meta name=\"twitter:card\" content=\"summary_large_image\" \/>\n<meta name=\"twitter:creator\" content=\"@CanalULL\" \/>\n<meta name=\"twitter:site\" content=\"@CanalULL\" \/>\n<meta name=\"twitter:label1\" content=\"Escrito por\" \/>\n\t<meta name=\"twitter:data1\" content=\"gaprsa\" \/>\n\t<meta name=\"twitter:label2\" content=\"Tiempo de lectura\" \/>\n\t<meta name=\"twitter:data2\" content=\"6 minutos\" \/>\n<script type=\"application\/ld+json\" class=\"yoast-schema-graph\">{\"@context\":\"https:\/\/schema.org\",\"@graph\":[{\"@type\":\"WebPage\",\"@id\":\"https:\/\/www.ull.es\/portal\/noticias\/2024\/la-falta-de-alojamiento-para-los-estudiantes-universitarios-centra-el-primer-ull-debates-del-curso\/\",\"url\":\"https:\/\/www.ull.es\/portal\/noticias\/2024\/la-falta-de-alojamiento-para-los-estudiantes-universitarios-centra-el-primer-ull-debates-del-curso\/\",\"name\":\"La falta de alojamiento para el alumnado universitario centra el primer ULL Debates del curso - ULL - Noticias\",\"isPartOf\":{\"@id\":\"https:\/\/www.ull.es\/portal\/noticias\/#website\"},\"datePublished\":\"2024-10-03T10:28:10+00:00\",\"dateModified\":\"2024-10-03T11:19:37+00:00\",\"author\":{\"@id\":\"https:\/\/www.ull.es\/portal\/noticias\/#\/schema\/person\/b2b1a89d43ffa609e591f7df8ef3e817\"},\"breadcrumb\":{\"@id\":\"https:\/\/www.ull.es\/portal\/noticias\/2024\/la-falta-de-alojamiento-para-los-estudiantes-universitarios-centra-el-primer-ull-debates-del-curso\/#breadcrumb\"},\"inLanguage\":\"es\",\"potentialAction\":[{\"@type\":\"ReadAction\",\"target\":[\"https:\/\/www.ull.es\/portal\/noticias\/2024\/la-falta-de-alojamiento-para-los-estudiantes-universitarios-centra-el-primer-ull-debates-del-curso\/\"]}]},{\"@type\":\"BreadcrumbList\",\"@id\":\"https:\/\/www.ull.es\/portal\/noticias\/2024\/la-falta-de-alojamiento-para-los-estudiantes-universitarios-centra-el-primer-ull-debates-del-curso\/#breadcrumb\",\"itemListElement\":[{\"@type\":\"ListItem\",\"position\":1,\"name\":\"Portada\",\"item\":\"https:\/\/www.ull.es\/portal\/noticias\/\"},{\"@type\":\"ListItem\",\"position\":2,\"name\":\"La falta de alojamiento para el alumnado universitario centra el primer ULL Debates del curso\"}]},{\"@type\":\"WebSite\",\"@id\":\"https:\/\/www.ull.es\/portal\/noticias\/#website\",\"url\":\"https:\/\/www.ull.es\/portal\/noticias\/\",\"name\":\"ULL - Noticias\",\"description\":\"\",\"potentialAction\":[{\"@type\":\"SearchAction\",\"target\":{\"@type\":\"EntryPoint\",\"urlTemplate\":\"https:\/\/www.ull.es\/portal\/noticias\/?s={search_term_string}\"},\"query-input\":\"required name=search_term_string\"}],\"inLanguage\":\"es\"},{\"@type\":\"Person\",\"@id\":\"https:\/\/www.ull.es\/portal\/noticias\/#\/schema\/person\/b2b1a89d43ffa609e591f7df8ef3e817\",\"name\":\"gaprsa\",\"image\":{\"@type\":\"ImageObject\",\"inLanguage\":\"es\",\"@id\":\"https:\/\/www.ull.es\/portal\/noticias\/#\/schema\/person\/image\/\",\"url\":\"https:\/\/secure.gravatar.com\/avatar\/443820550921091458b4823867723b3d?s=96&d=mm&r=g\",\"contentUrl\":\"https:\/\/secure.gravatar.com\/avatar\/443820550921091458b4823867723b3d?s=96&d=mm&r=g\",\"caption\":\"gaprsa\"},\"url\":\"https:\/\/www.ull.es\/portal\/noticias\/author\/gaprsa\/\"}]}<\/script>\n<!-- \/ Yoast SEO plugin. -->","yoast_head_json":{"title":"La falta de alojamiento para el alumnado universitario centra el primer ULL Debates del curso - ULL - Noticias","robots":{"index":"index","follow":"follow","max-snippet":"max-snippet:-1","max-image-preview":"max-image-preview:large","max-video-preview":"max-video-preview:-1"},"canonical":"https:\/\/www.ull.es\/portal\/noticias\/2024\/la-falta-de-alojamiento-para-los-estudiantes-universitarios-centra-el-primer-ull-debates-del-curso\/","og_locale":"es_ES","og_type":"article","og_title":"La falta de alojamiento para el alumnado universitario centra el primer ULL Debates del curso - ULL - Noticias","og_description":"La Universidad de La Laguna ha reactivado su ciclo ULL-Debates, una iniciativa para analizar temas de inter\u00e9s social a trav\u00e9s...","og_url":"https:\/\/www.ull.es\/portal\/noticias\/2024\/la-falta-de-alojamiento-para-los-estudiantes-universitarios-centra-el-primer-ull-debates-del-curso\/","og_site_name":"ULL - Noticias","article_publisher":"https:\/\/www.facebook.com\/universidaddelalaguna\/","article_published_time":"2024-10-03T10:28:10+00:00","article_modified_time":"2024-10-03T11:19:37+00:00","og_image":[{"width":1200,"height":800,"url":"https:\/\/www.ull.es\/portal\/noticias\/wp-content\/uploads\/sites\/13\/2024\/10\/ULL-Debates-Vivienda-17.jpg","type":"image\/jpeg"}],"author":"gaprsa","twitter_card":"summary_large_image","twitter_creator":"@CanalULL","twitter_site":"@CanalULL","twitter_misc":{"Escrito por":"gaprsa","Tiempo de lectura":"6 minutos"},"schema":{"@context":"https:\/\/schema.org","@graph":[{"@type":"WebPage","@id":"https:\/\/www.ull.es\/portal\/noticias\/2024\/la-falta-de-alojamiento-para-los-estudiantes-universitarios-centra-el-primer-ull-debates-del-curso\/","url":"https:\/\/www.ull.es\/portal\/noticias\/2024\/la-falta-de-alojamiento-para-los-estudiantes-universitarios-centra-el-primer-ull-debates-del-curso\/","name":"La falta de alojamiento para el alumnado universitario centra el primer ULL Debates del curso - ULL - Noticias","isPartOf":{"@id":"https:\/\/www.ull.es\/portal\/noticias\/#website"},"datePublished":"2024-10-03T10:28:10+00:00","dateModified":"2024-10-03T11:19:37+00:00","author":{"@id":"https:\/\/www.ull.es\/portal\/noticias\/#\/schema\/person\/b2b1a89d43ffa609e591f7df8ef3e817"},"breadcrumb":{"@id":"https:\/\/www.ull.es\/portal\/noticias\/2024\/la-falta-de-alojamiento-para-los-estudiantes-universitarios-centra-el-primer-ull-debates-del-curso\/#breadcrumb"},"inLanguage":"es","potentialAction":[{"@type":"ReadAction","target":["https:\/\/www.ull.es\/portal\/noticias\/2024\/la-falta-de-alojamiento-para-los-estudiantes-universitarios-centra-el-primer-ull-debates-del-curso\/"]}]},{"@type":"BreadcrumbList","@id":"https:\/\/www.ull.es\/portal\/noticias\/2024\/la-falta-de-alojamiento-para-los-estudiantes-universitarios-centra-el-primer-ull-debates-del-curso\/#breadcrumb","itemListElement":[{"@type":"ListItem","position":1,"name":"Portada","item":"https:\/\/www.ull.es\/portal\/noticias\/"},{"@type":"ListItem","position":2,"name":"La falta de alojamiento para el alumnado universitario centra el primer ULL Debates del curso"}]},{"@type":"WebSite","@id":"https:\/\/www.ull.es\/portal\/noticias\/#website","url":"https:\/\/www.ull.es\/portal\/noticias\/","name":"ULL - Noticias","description":"","potentialAction":[{"@type":"SearchAction","target":{"@type":"EntryPoint","urlTemplate":"https:\/\/www.ull.es\/portal\/noticias\/?s={search_term_string}"},"query-input":"required name=search_term_string"}],"inLanguage":"es"},{"@type":"Person","@id":"https:\/\/www.ull.es\/portal\/noticias\/#\/schema\/person\/b2b1a89d43ffa609e591f7df8ef3e817","name":"gaprsa","image":{"@type":"ImageObject","inLanguage":"es","@id":"https:\/\/www.ull.es\/portal\/noticias\/#\/schema\/person\/image\/","url":"https:\/\/secure.gravatar.com\/avatar\/443820550921091458b4823867723b3d?s=96&d=mm&r=g","contentUrl":"https:\/\/secure.gravatar.com\/avatar\/443820550921091458b4823867723b3d?s=96&d=mm&r=g","caption":"gaprsa"},"url":"https:\/\/www.ull.es\/portal\/noticias\/author\/gaprsa\/"}]}},"primary_category":{"id":345,"name":"Destacado","slug":"destacado","link":"https:\/\/www.ull.es\/portal\/noticias\/category\/destacado\/"},"featured_image_thumbnail_url":"https:\/\/www.ull.es\/portal\/noticias\/wp-content\/uploads\/sites\/13\/2024\/10\/ULL-Debates-Vivienda-17-300x200.jpg","_links":{"self":[{"href":"https:\/\/www.ull.es\/portal\/noticias\/wp-json\/wp\/v2\/posts\/77775"}],"collection":[{"href":"https:\/\/www.ull.es\/portal\/noticias\/wp-json\/wp\/v2\/posts"}],"about":[{"href":"https:\/\/www.ull.es\/portal\/noticias\/wp-json\/wp\/v2\/types\/post"}],"author":[{"embeddable":true,"href":"https:\/\/www.ull.es\/portal\/noticias\/wp-json\/wp\/v2\/users\/23"}],"replies":[{"embeddable":true,"href":"https:\/\/www.ull.es\/portal\/noticias\/wp-json\/wp\/v2\/comments?post=77775"}],"version-history":[{"count":5,"href":"https:\/\/www.ull.es\/portal\/noticias\/wp-json\/wp\/v2\/posts\/77775\/revisions"}],"predecessor-version":[{"id":77790,"href":"https:\/\/www.ull.es\/portal\/noticias\/wp-json\/wp\/v2\/posts\/77775\/revisions\/77790"}],"wp:featuredmedia":[{"embeddable":true,"href":"https:\/\/www.ull.es\/portal\/noticias\/wp-json\/wp\/v2\/media\/77778"}],"wp:attachment":[{"href":"https:\/\/www.ull.es\/portal\/noticias\/wp-json\/wp\/v2\/media?parent=77775"}],"wp:term":[{"taxonomy":"category","embeddable":true,"href":"https:\/\/www.ull.es\/portal\/noticias\/wp-json\/wp\/v2\/categories?post=77775"},{"taxonomy":"post_tag","embeddable":true,"href":"https:\/\/www.ull.es\/portal\/noticias\/wp-json\/wp\/v2\/tags?post=77775"}],"curies":[{"name":"wp","href":"https:\/\/api.w.org\/{rel}","templated":true}]}}