{"id":77798,"date":"2024-10-03T13:54:49","date_gmt":"2024-10-03T13:54:49","guid":{"rendered":"https:\/\/www.ull.es\/portal\/noticias\/?p=77798"},"modified":"2024-10-04T07:32:04","modified_gmt":"2024-10-04T07:32:04","slug":"la-ull-y-la-ulpgc-abordan-los-retos-de-las-universidades-publicas-canarias-y-perfilan-estrategias-conjuntas","status":"publish","type":"post","link":"https:\/\/www.ull.es\/portal\/noticias\/2024\/la-ull-y-la-ulpgc-abordan-los-retos-de-las-universidades-publicas-canarias-y-perfilan-estrategias-conjuntas\/","title":{"rendered":"La ULL y la ULPGC abordan los retos de las universidades p\u00fablicas canarias y perfilan estrategias conjuntas"},"content":{"rendered":"<p>Los equipos rectorales de la Universidad de Las Palmas de Gran Canaria (ULPGC) y la Universidad de La Laguna (ULL), encabezados por los rectores Llu\u00eds Serra y Francisco Garc\u00eda, se han reunido hoy, 3 de octubre, en la Biblioteca Universitaria del Campus de Tafira, con el objetivo de abordar los principales retos a los que se enfrentan en la actualidad y perfilar algunas de las acciones m\u00e1s estrat\u00e9gicas que necesitan abordar a corto y medio plazo.<\/p>\n<p>Entre los principales temas que han afrontado en esta reuni\u00f3n de coordinaci\u00f3n, los dos equipos rectorales han insistido en la imperiosa necesidad de firmar el contrato-programa con la Consejer\u00eda de Universidades del Gobierno de Canarias, que asegure una financiaci\u00f3n suficiente y estable para las dos universidades p\u00fablicas canarias en los pr\u00f3ximos a\u00f1os, con el fin de establecer las prioridades econ\u00f3micas en materia de infraestructuras, servicios y personal docente. En la reuni\u00f3n mantenida, ambos centros universitarios han coincidido en la necesidad de alcanzar cuanto antes en Canarias el 1% del PIB en los recursos dedicados a las dos universidades p\u00fablicas, tal y como establece la LOSU.<\/p>\n<p>La colaboraci\u00f3n entre ambas organizaciones centr\u00f3 buena parte de la reuni\u00f3n, en la que se plante\u00f3 tambi\u00e9n la oportunidad de elaborar un mapa de titulaciones conjunto que d\u00e9 respuesta a las necesidades del sector productivo y del entorno social del Archipi\u00e9lago y, as\u00ed, favorezca la implantaci\u00f3n de nuevos t\u00edtulos conjuntos de Grados, M\u00e1steres y Doctorados.<\/p>\n<p><a href=\"https:\/\/www.ull.es\/portal\/noticias\/wp-content\/uploads\/sites\/13\/2024\/10\/Reunioin-equipos-ULPGC-ULL-2.jpg\" target=\"_blank\" rel=\"noopener\"><img decoding=\"async\" loading=\"lazy\" class=\"alignleft size-medium wp-image-77800\" src=\"https:\/\/www.ull.es\/portal\/noticias\/wp-content\/uploads\/sites\/13\/2024\/10\/Reunioin-equipos-ULPGC-ULL-2-300x200.jpg\" alt=\"\" width=\"300\" height=\"200\" srcset=\"https:\/\/www.ull.es\/portal\/noticias\/wp-content\/uploads\/sites\/13\/2024\/10\/Reunioin-equipos-ULPGC-ULL-2-300x200.jpg 300w, https:\/\/www.ull.es\/portal\/noticias\/wp-content\/uploads\/sites\/13\/2024\/10\/Reunioin-equipos-ULPGC-ULL-2-1024x683.jpg 1024w, https:\/\/www.ull.es\/portal\/noticias\/wp-content\/uploads\/sites\/13\/2024\/10\/Reunioin-equipos-ULPGC-ULL-2-768x512.jpg 768w, https:\/\/www.ull.es\/portal\/noticias\/wp-content\/uploads\/sites\/13\/2024\/10\/Reunioin-equipos-ULPGC-ULL-2-1536x1024.jpg 1536w, https:\/\/www.ull.es\/portal\/noticias\/wp-content\/uploads\/sites\/13\/2024\/10\/Reunioin-equipos-ULPGC-ULL-2-375x250.jpg 375w, https:\/\/www.ull.es\/portal\/noticias\/wp-content\/uploads\/sites\/13\/2024\/10\/Reunioin-equipos-ULPGC-ULL-2-750x500.jpg 750w, https:\/\/www.ull.es\/portal\/noticias\/wp-content\/uploads\/sites\/13\/2024\/10\/Reunioin-equipos-ULPGC-ULL-2-1140x760.jpg 1140w, https:\/\/www.ull.es\/portal\/noticias\/wp-content\/uploads\/sites\/13\/2024\/10\/Reunioin-equipos-ULPGC-ULL-2.jpg 2048w\" sizes=\"(max-width: 300px) 100vw, 300px\" \/><\/a>Entre otros temas de car\u00e1cter urgente, tambi\u00e9n valoraron la futura reforma del Decreto 168\/2008, por el que se regula el procedimiento, requisitos y criterios de evaluaci\u00f3n para la autorizaci\u00f3n de la implantaci\u00f3n de las ense\u00f1anzas universitarias en Canarias.<\/p>\n<p>Por otro lado, los equipos rectorales se han comprometido a estudiar la creaci\u00f3n de un instituto de investigaci\u00f3n interuniversitario, como centro de excelencia que aglutine la ciencia que se desarrolla en ambas universidades desde un punto de vista interdisciplinar.<\/p>\n<p>Ambas instituciones tambi\u00e9n se mostraron de acuerdo en las graves dificultades que implica llevar a cabo la exigencia de la obligatoriedad de las pr\u00e1cticas de sus estudiantes en empresas, de igual modo que la impartici\u00f3n de un 5% de la docencia en ingl\u00e9s en cada una de las titulaciones. Y, por otro lado, valoraron como exitosa la primera convocatoria conjunta de proyectos de innovaci\u00f3n educativa, que han decidido continuar en pr\u00f3ximos a\u00f1os acad\u00e9micos.<\/p>\n<p>Los equipos de ambas universidades han concretado, en esta reuni\u00f3n, poner en marcha una asociaci\u00f3n, con entidad jur\u00eddica, que sirva para canalizar la defensa de los intereses comunes. Igualmente, han planteado elaborar un plan de actuaci\u00f3n entre ambas universidades para el apoyo a estudiantes tutelados del Gobierno de Canarias que accedan a la universidad; y comenzar a desarrollar iniciativas conjuntas en materia de investigaci\u00f3n y transferencia.<\/p>\n","protected":false},"excerpt":{"rendered":"<p>Los equipos rectorales de la Universidad de Las Palmas de Gran Canaria (ULPGC) y la Universidad de La Laguna (ULL),&#8230;<\/p>\n","protected":false},"author":23,"featured_media":77799,"comment_status":"closed","ping_status":"closed","sticky":false,"template":"","format":"standard","meta":{"inline_featured_image":false,"footnotes":""},"categories":[345,348,2765],"tags":[],"acf":[],"yoast_head":"<!-- This site is optimized with the Yoast SEO plugin v21.3 - https:\/\/yoast.com\/wordpress\/plugins\/seo\/ -->\n<title>La ULL y la ULPGC abordan los retos de las universidades p\u00fablicas canarias y perfilan estrategias conjuntas - ULL - Noticias<\/title>\n<meta name=\"robots\" content=\"index, follow, max-snippet:-1, max-image-preview:large, max-video-preview:-1\" \/>\n<link rel=\"canonical\" href=\"https:\/\/www.ull.es\/portal\/noticias\/2024\/la-ull-y-la-ulpgc-abordan-los-retos-de-las-universidades-publicas-canarias-y-perfilan-estrategias-conjuntas\/\" \/>\n<meta property=\"og:locale\" content=\"es_ES\" \/>\n<meta property=\"og:type\" content=\"article\" \/>\n<meta property=\"og:title\" content=\"La ULL y la ULPGC abordan los retos de las universidades p\u00fablicas canarias y perfilan estrategias conjuntas - ULL - Noticias\" \/>\n<meta property=\"og:description\" content=\"Los equipos rectorales de la Universidad de Las Palmas de Gran Canaria (ULPGC) y la Universidad de La Laguna (ULL),...\" \/>\n<meta property=\"og:url\" content=\"https:\/\/www.ull.es\/portal\/noticias\/2024\/la-ull-y-la-ulpgc-abordan-los-retos-de-las-universidades-publicas-canarias-y-perfilan-estrategias-conjuntas\/\" \/>\n<meta property=\"og:site_name\" content=\"ULL - Noticias\" \/>\n<meta property=\"article:publisher\" content=\"https:\/\/www.facebook.com\/universidaddelalaguna\/\" \/>\n<meta property=\"article:published_time\" content=\"2024-10-03T13:54:49+00:00\" \/>\n<meta property=\"article:modified_time\" content=\"2024-10-04T07:32:04+00:00\" \/>\n<meta property=\"og:image\" content=\"https:\/\/www.ull.es\/portal\/noticias\/wp-content\/uploads\/sites\/13\/2024\/10\/Reunioin-equipos-ULPGC-ULL.jpg\" \/>\n\t<meta property=\"og:image:width\" content=\"2048\" \/>\n\t<meta property=\"og:image:height\" content=\"1365\" \/>\n\t<meta property=\"og:image:type\" content=\"image\/jpeg\" \/>\n<meta name=\"author\" content=\"gaprsa\" \/>\n<meta name=\"twitter:card\" content=\"summary_large_image\" \/>\n<meta name=\"twitter:creator\" content=\"@CanalULL\" \/>\n<meta name=\"twitter:site\" content=\"@CanalULL\" \/>\n<meta name=\"twitter:label1\" content=\"Escrito por\" \/>\n\t<meta name=\"twitter:data1\" content=\"gaprsa\" \/>\n\t<meta name=\"twitter:label2\" content=\"Tiempo de lectura\" \/>\n\t<meta name=\"twitter:data2\" content=\"3 minutos\" \/>\n<script type=\"application\/ld+json\" class=\"yoast-schema-graph\">{\"@context\":\"https:\/\/schema.org\",\"@graph\":[{\"@type\":\"WebPage\",\"@id\":\"https:\/\/www.ull.es\/portal\/noticias\/2024\/la-ull-y-la-ulpgc-abordan-los-retos-de-las-universidades-publicas-canarias-y-perfilan-estrategias-conjuntas\/\",\"url\":\"https:\/\/www.ull.es\/portal\/noticias\/2024\/la-ull-y-la-ulpgc-abordan-los-retos-de-las-universidades-publicas-canarias-y-perfilan-estrategias-conjuntas\/\",\"name\":\"La ULL y la ULPGC abordan los retos de las universidades p\u00fablicas canarias y perfilan estrategias conjuntas - ULL - Noticias\",\"isPartOf\":{\"@id\":\"https:\/\/www.ull.es\/portal\/noticias\/#website\"},\"datePublished\":\"2024-10-03T13:54:49+00:00\",\"dateModified\":\"2024-10-04T07:32:04+00:00\",\"author\":{\"@id\":\"https:\/\/www.ull.es\/portal\/noticias\/#\/schema\/person\/b2b1a89d43ffa609e591f7df8ef3e817\"},\"breadcrumb\":{\"@id\":\"https:\/\/www.ull.es\/portal\/noticias\/2024\/la-ull-y-la-ulpgc-abordan-los-retos-de-las-universidades-publicas-canarias-y-perfilan-estrategias-conjuntas\/#breadcrumb\"},\"inLanguage\":\"es\",\"potentialAction\":[{\"@type\":\"ReadAction\",\"target\":[\"https:\/\/www.ull.es\/portal\/noticias\/2024\/la-ull-y-la-ulpgc-abordan-los-retos-de-las-universidades-publicas-canarias-y-perfilan-estrategias-conjuntas\/\"]}]},{\"@type\":\"BreadcrumbList\",\"@id\":\"https:\/\/www.ull.es\/portal\/noticias\/2024\/la-ull-y-la-ulpgc-abordan-los-retos-de-las-universidades-publicas-canarias-y-perfilan-estrategias-conjuntas\/#breadcrumb\",\"itemListElement\":[{\"@type\":\"ListItem\",\"position\":1,\"name\":\"Portada\",\"item\":\"https:\/\/www.ull.es\/portal\/noticias\/\"},{\"@type\":\"ListItem\",\"position\":2,\"name\":\"La ULL y la ULPGC abordan los retos de las universidades p\u00fablicas canarias y perfilan estrategias conjuntas\"}]},{\"@type\":\"WebSite\",\"@id\":\"https:\/\/www.ull.es\/portal\/noticias\/#website\",\"url\":\"https:\/\/www.ull.es\/portal\/noticias\/\",\"name\":\"ULL - Noticias\",\"description\":\"\",\"potentialAction\":[{\"@type\":\"SearchAction\",\"target\":{\"@type\":\"EntryPoint\",\"urlTemplate\":\"https:\/\/www.ull.es\/portal\/noticias\/?s={search_term_string}\"},\"query-input\":\"required name=search_term_string\"}],\"inLanguage\":\"es\"},{\"@type\":\"Person\",\"@id\":\"https:\/\/www.ull.es\/portal\/noticias\/#\/schema\/person\/b2b1a89d43ffa609e591f7df8ef3e817\",\"name\":\"gaprsa\",\"image\":{\"@type\":\"ImageObject\",\"inLanguage\":\"es\",\"@id\":\"https:\/\/www.ull.es\/portal\/noticias\/#\/schema\/person\/image\/\",\"url\":\"https:\/\/secure.gravatar.com\/avatar\/443820550921091458b4823867723b3d?s=96&d=mm&r=g\",\"contentUrl\":\"https:\/\/secure.gravatar.com\/avatar\/443820550921091458b4823867723b3d?s=96&d=mm&r=g\",\"caption\":\"gaprsa\"},\"url\":\"https:\/\/www.ull.es\/portal\/noticias\/author\/gaprsa\/\"}]}<\/script>\n<!-- \/ Yoast SEO plugin. -->","yoast_head_json":{"title":"La ULL y la ULPGC abordan los retos de las universidades p\u00fablicas canarias y perfilan estrategias conjuntas - ULL - Noticias","robots":{"index":"index","follow":"follow","max-snippet":"max-snippet:-1","max-image-preview":"max-image-preview:large","max-video-preview":"max-video-preview:-1"},"canonical":"https:\/\/www.ull.es\/portal\/noticias\/2024\/la-ull-y-la-ulpgc-abordan-los-retos-de-las-universidades-publicas-canarias-y-perfilan-estrategias-conjuntas\/","og_locale":"es_ES","og_type":"article","og_title":"La ULL y la ULPGC abordan los retos de las universidades p\u00fablicas canarias y perfilan estrategias conjuntas - ULL - Noticias","og_description":"Los equipos rectorales de la Universidad de Las Palmas de Gran Canaria (ULPGC) y la Universidad de La Laguna (ULL),...","og_url":"https:\/\/www.ull.es\/portal\/noticias\/2024\/la-ull-y-la-ulpgc-abordan-los-retos-de-las-universidades-publicas-canarias-y-perfilan-estrategias-conjuntas\/","og_site_name":"ULL - Noticias","article_publisher":"https:\/\/www.facebook.com\/universidaddelalaguna\/","article_published_time":"2024-10-03T13:54:49+00:00","article_modified_time":"2024-10-04T07:32:04+00:00","og_image":[{"width":2048,"height":1365,"url":"https:\/\/www.ull.es\/portal\/noticias\/wp-content\/uploads\/sites\/13\/2024\/10\/Reunioin-equipos-ULPGC-ULL.jpg","type":"image\/jpeg"}],"author":"gaprsa","twitter_card":"summary_large_image","twitter_creator":"@CanalULL","twitter_site":"@CanalULL","twitter_misc":{"Escrito por":"gaprsa","Tiempo de lectura":"3 minutos"},"schema":{"@context":"https:\/\/schema.org","@graph":[{"@type":"WebPage","@id":"https:\/\/www.ull.es\/portal\/noticias\/2024\/la-ull-y-la-ulpgc-abordan-los-retos-de-las-universidades-publicas-canarias-y-perfilan-estrategias-conjuntas\/","url":"https:\/\/www.ull.es\/portal\/noticias\/2024\/la-ull-y-la-ulpgc-abordan-los-retos-de-las-universidades-publicas-canarias-y-perfilan-estrategias-conjuntas\/","name":"La ULL y la ULPGC abordan los retos de las universidades p\u00fablicas canarias y perfilan estrategias conjuntas - ULL - Noticias","isPartOf":{"@id":"https:\/\/www.ull.es\/portal\/noticias\/#website"},"datePublished":"2024-10-03T13:54:49+00:00","dateModified":"2024-10-04T07:32:04+00:00","author":{"@id":"https:\/\/www.ull.es\/portal\/noticias\/#\/schema\/person\/b2b1a89d43ffa609e591f7df8ef3e817"},"breadcrumb":{"@id":"https:\/\/www.ull.es\/portal\/noticias\/2024\/la-ull-y-la-ulpgc-abordan-los-retos-de-las-universidades-publicas-canarias-y-perfilan-estrategias-conjuntas\/#breadcrumb"},"inLanguage":"es","potentialAction":[{"@type":"ReadAction","target":["https:\/\/www.ull.es\/portal\/noticias\/2024\/la-ull-y-la-ulpgc-abordan-los-retos-de-las-universidades-publicas-canarias-y-perfilan-estrategias-conjuntas\/"]}]},{"@type":"BreadcrumbList","@id":"https:\/\/www.ull.es\/portal\/noticias\/2024\/la-ull-y-la-ulpgc-abordan-los-retos-de-las-universidades-publicas-canarias-y-perfilan-estrategias-conjuntas\/#breadcrumb","itemListElement":[{"@type":"ListItem","position":1,"name":"Portada","item":"https:\/\/www.ull.es\/portal\/noticias\/"},{"@type":"ListItem","position":2,"name":"La ULL y la ULPGC abordan los retos de las universidades p\u00fablicas canarias y perfilan estrategias conjuntas"}]},{"@type":"WebSite","@id":"https:\/\/www.ull.es\/portal\/noticias\/#website","url":"https:\/\/www.ull.es\/portal\/noticias\/","name":"ULL - Noticias","description":"","potentialAction":[{"@type":"SearchAction","target":{"@type":"EntryPoint","urlTemplate":"https:\/\/www.ull.es\/portal\/noticias\/?s={search_term_string}"},"query-input":"required name=search_term_string"}],"inLanguage":"es"},{"@type":"Person","@id":"https:\/\/www.ull.es\/portal\/noticias\/#\/schema\/person\/b2b1a89d43ffa609e591f7df8ef3e817","name":"gaprsa","image":{"@type":"ImageObject","inLanguage":"es","@id":"https:\/\/www.ull.es\/portal\/noticias\/#\/schema\/person\/image\/","url":"https:\/\/secure.gravatar.com\/avatar\/443820550921091458b4823867723b3d?s=96&d=mm&r=g","contentUrl":"https:\/\/secure.gravatar.com\/avatar\/443820550921091458b4823867723b3d?s=96&d=mm&r=g","caption":"gaprsa"},"url":"https:\/\/www.ull.es\/portal\/noticias\/author\/gaprsa\/"}]}},"primary_category":{"id":345,"name":"Destacado","slug":"destacado","link":"https:\/\/www.ull.es\/portal\/noticias\/category\/destacado\/"},"featured_image_thumbnail_url":"https:\/\/www.ull.es\/portal\/noticias\/wp-content\/uploads\/sites\/13\/2024\/10\/Reunioin-equipos-ULPGC-ULL-300x200.jpg","_links":{"self":[{"href":"https:\/\/www.ull.es\/portal\/noticias\/wp-json\/wp\/v2\/posts\/77798"}],"collection":[{"href":"https:\/\/www.ull.es\/portal\/noticias\/wp-json\/wp\/v2\/posts"}],"about":[{"href":"https:\/\/www.ull.es\/portal\/noticias\/wp-json\/wp\/v2\/types\/post"}],"author":[{"embeddable":true,"href":"https:\/\/www.ull.es\/portal\/noticias\/wp-json\/wp\/v2\/users\/23"}],"replies":[{"embeddable":true,"href":"https:\/\/www.ull.es\/portal\/noticias\/wp-json\/wp\/v2\/comments?post=77798"}],"version-history":[{"count":3,"href":"https:\/\/www.ull.es\/portal\/noticias\/wp-json\/wp\/v2\/posts\/77798\/revisions"}],"predecessor-version":[{"id":77803,"href":"https:\/\/www.ull.es\/portal\/noticias\/wp-json\/wp\/v2\/posts\/77798\/revisions\/77803"}],"wp:featuredmedia":[{"embeddable":true,"href":"https:\/\/www.ull.es\/portal\/noticias\/wp-json\/wp\/v2\/media\/77799"}],"wp:attachment":[{"href":"https:\/\/www.ull.es\/portal\/noticias\/wp-json\/wp\/v2\/media?parent=77798"}],"wp:term":[{"taxonomy":"category","embeddable":true,"href":"https:\/\/www.ull.es\/portal\/noticias\/wp-json\/wp\/v2\/categories?post=77798"},{"taxonomy":"post_tag","embeddable":true,"href":"https:\/\/www.ull.es\/portal\/noticias\/wp-json\/wp\/v2\/tags?post=77798"}],"curies":[{"name":"wp","href":"https:\/\/api.w.org\/{rel}","templated":true}]}}