{"id":77867,"date":"2024-10-07T12:41:34","date_gmt":"2024-10-07T12:41:34","guid":{"rendered":"https:\/\/www.ull.es\/portal\/noticias\/?p=77867"},"modified":"2024-10-07T12:41:34","modified_gmt":"2024-10-07T12:41:34","slug":"programa-cultural-campus-america-2024-arranca-con-exposicion-rosy-revelo","status":"publish","type":"post","link":"https:\/\/www.ull.es\/portal\/noticias\/2024\/programa-cultural-campus-america-2024-arranca-con-exposicion-rosy-revelo\/","title":{"rendered":"El programa cultural de Campus Am\u00e9rica 2024 arranca con una exposici\u00f3n de artista ecuatoriana Rosy Revelo"},"content":{"rendered":"<p><a href=\"https:\/\/www.ull.es\/portal\/campusamerica\/\" target=\"_blank\" rel=\"noopener\" target=\"_blank\" rel=\"noopener\">Campus Am\u00e9rica<\/a> arrancar\u00e1 oficialmente el mi\u00e9rcoles 9 de octubre con su inauguraci\u00f3n formal. Pero su actividad arranca desde ma\u00f1ana, martes 8, con la inauguraci\u00f3n de la exposici\u00f3n \u201c<a href=\"https:\/\/www.ull.es\/portal\/agenda\/evento\/exposicion-linea-ecuatorial-latido-universal\/\" target=\"_blank\" rel=\"noopener\" target=\"_blank\" rel=\"noopener\">L\u00ednea ecuatorial, latido universal<\/a>\u201d, dedicada a la obra de la artista pl\u00e1stica <a href=\"https:\/\/rosyrevelo.com\/\" target=\"_blank\" rel=\"noopener\" target=\"_blank\" rel=\"noopener\">Rosy Revelo<\/a>, oriunda de Ecuador, pa\u00eds al que est\u00e1 dedicada la edici\u00f3n 2024 de este ambicioso evento acad\u00e9mico y cultural auspiciado por la Universidad de La Laguna.<\/p>\n<p>La muestra ser\u00e1 inaugurada ma\u00f1ana, martes 8 de octubre a las 18:00 horas en la Sala a de Arte Paraninfo Pablo Gonz\u00e1lez Vera, ubicada en el Edifico Central de la universidad. Asistir\u00e1n al acto la vicerrectora de Internacionalizaci\u00f3n y cooperaci\u00f3n, Inmaculada Gonz\u00e1lez; la vicerrectora de Cultura y Extensi\u00f3n Universitaria, Isabel Le\u00f3n; y la propia artista, Rosy Revelo.<\/p>\n<p>La exposici\u00f3n permanecer\u00e1 abierta hasta el viernes 18 de octubre y podr\u00e1 visitarse de lunes a viernes en horario de 17:00 a 20:00 horas. Consta de un centenar de obras de diferentes formatos y t\u00e9cnicas diversas, que van desde la pintura sobre soportes variados (lienzo, cartulina, aluminio y algod\u00f3n) hasta el grabado y la instalaci\u00f3n. En el plano tem\u00e1tico, aborda asuntos como la memoria, la identidad, la diversidad y las simbolog\u00edas desde una perspectiva contempor\u00e1nea. Una obra que ofrece una ventana \u00fanica para visibilizar la riqueza cultural de Ecuador, un pa\u00eds en la mitad del mundo, caracterizado por su diversidad y pluriculturalidad.<\/p>\n<p><strong>Rosy Revelo<\/strong><\/p>\n<p>Artista pl\u00e1stica residente en Ecuador, doctora en Est\u00e9tica, Valores y Cultura en Investigaci\u00f3n y Creaci\u00f3n en Arte por la Universidad del Pa\u00eds Vasco. Es licenciada en Artes por la Universidad Central del Ecuador y trabaj\u00f3 en docencia en la Universidad Cat\u00f3lica Ecuador y en gesti\u00f3n tanto p\u00fablica como privada. Es miembro de Fundaci\u00f3n Estamper\u00eda Quite\u00f1a y ha realizado 33 exposiciones individuales y participado en 86 colectivas en 30 pa\u00edses.<\/p>\n<p>Su l\u00ednea de trabajo aborda la valoraci\u00f3n del cuerpo humano desde la perspectiva de la sororidad y tambi\u00e9n el concepto de presencia, atendiendo a la huella que dejan las personas en su paso por el mundo. Todo ello estableciendo una profunda conexi\u00f3n con la Madre Tierra (Gaia). Desde el punto de vista t\u00e9cnico, reivindica lo mat\u00e9rico, pero tambi\u00e9n el dibujo y la l\u00ednea.<\/p>\n<p>Ha obtenido diversos galardones a lo largo de su carrera: Premio Mundial Triennal Chamalieres de Estampa y Grabado Original (Francia); Premio Acqui de la Biennalle Internazionale per L`Incisione Grabado (Italia); I Bienal Internacional de Gravura Santos (Brasil); Primer Premio della II Bienal Arte No Visual Guayaquil (Ecuador); Primer Premio Medalla de Oro del Sal\u00f3n Nacional Municipio de Quito; Premio \u201cSello de Transparencia\u201d de la Alcald\u00eda Metropolitana de Quito.<\/p>\n","protected":false},"excerpt":{"rendered":"<p>Campus Am\u00e9rica arrancar\u00e1 oficialmente el mi\u00e9rcoles 9 de octubre con su inauguraci\u00f3n formal. Pero su actividad arranca desde ma\u00f1ana, martes&#8230;<\/p>\n","protected":false},"author":21,"featured_media":77868,"comment_status":"closed","ping_status":"closed","sticky":false,"template":"","format":"standard","meta":{"inline_featured_image":false,"footnotes":""},"categories":[11115,344,345,2765],"tags":[542,11123,1085,1201,11161,2311],"acf":[],"yoast_head":"<!-- This site is optimized with the Yoast SEO plugin v21.3 - https:\/\/yoast.com\/wordpress\/plugins\/seo\/ -->\n<title>Rosy Revelo abre el programa cultural de Campus Am\u00e9rica<\/title>\n<meta name=\"description\" content=\"Revelo es una artista pl\u00e1stica ecuatoriana con obra centrada en la mujer y la naturaleza. Su muestra se inaugura el 8 de octubre a las 18:00.\" \/>\n<meta name=\"robots\" content=\"index, follow, max-snippet:-1, max-image-preview:large, max-video-preview:-1\" \/>\n<link rel=\"canonical\" href=\"https:\/\/www.ull.es\/portal\/noticias\/2024\/programa-cultural-campus-america-2024-arranca-con-exposicion-rosy-revelo\/\" \/>\n<meta property=\"og:locale\" content=\"es_ES\" \/>\n<meta property=\"og:type\" content=\"article\" \/>\n<meta property=\"og:title\" content=\"Rosy Revelo abre el programa cultural de Campus Am\u00e9rica\" \/>\n<meta property=\"og:description\" content=\"Revelo es una artista pl\u00e1stica ecuatoriana con obra centrada en la mujer y la naturaleza. Su muestra se inaugura el 8 de octubre a las 18:00.\" \/>\n<meta property=\"og:url\" content=\"https:\/\/www.ull.es\/portal\/noticias\/2024\/programa-cultural-campus-america-2024-arranca-con-exposicion-rosy-revelo\/\" \/>\n<meta property=\"og:site_name\" content=\"ULL - Noticias\" \/>\n<meta property=\"article:publisher\" content=\"https:\/\/www.facebook.com\/universidaddelalaguna\/\" \/>\n<meta property=\"article:published_time\" content=\"2024-10-07T12:41:34+00:00\" \/>\n<meta property=\"og:image\" content=\"https:\/\/www.ull.es\/portal\/noticias\/wp-content\/uploads\/sites\/13\/2024\/10\/Arte-y-Patrimonio_Exposicion-pintura-ecuatoriana.png\" \/>\n\t<meta property=\"og:image:width\" content=\"750\" \/>\n\t<meta property=\"og:image:height\" content=\"370\" \/>\n\t<meta property=\"og:image:type\" content=\"image\/png\" \/>\n<meta name=\"author\" content=\"prensa2\" \/>\n<meta name=\"twitter:card\" content=\"summary_large_image\" \/>\n<meta name=\"twitter:creator\" content=\"@CanalULL\" \/>\n<meta name=\"twitter:site\" content=\"@CanalULL\" \/>\n<meta name=\"twitter:label1\" content=\"Escrito por\" \/>\n\t<meta name=\"twitter:data1\" content=\"prensa2\" \/>\n\t<meta name=\"twitter:label2\" content=\"Tiempo de lectura\" \/>\n\t<meta name=\"twitter:data2\" content=\"2 minutos\" \/>\n<script type=\"application\/ld+json\" class=\"yoast-schema-graph\">{\"@context\":\"https:\/\/schema.org\",\"@graph\":[{\"@type\":\"WebPage\",\"@id\":\"https:\/\/www.ull.es\/portal\/noticias\/2024\/programa-cultural-campus-america-2024-arranca-con-exposicion-rosy-revelo\/\",\"url\":\"https:\/\/www.ull.es\/portal\/noticias\/2024\/programa-cultural-campus-america-2024-arranca-con-exposicion-rosy-revelo\/\",\"name\":\"Rosy Revelo abre el programa cultural de Campus Am\u00e9rica\",\"isPartOf\":{\"@id\":\"https:\/\/www.ull.es\/portal\/noticias\/#website\"},\"datePublished\":\"2024-10-07T12:41:34+00:00\",\"dateModified\":\"2024-10-07T12:41:34+00:00\",\"author\":{\"@id\":\"https:\/\/www.ull.es\/portal\/noticias\/#\/schema\/person\/c3b2aa857797592927a03740d6664376\"},\"description\":\"Revelo es una artista pl\u00e1stica ecuatoriana con obra centrada en la mujer y la naturaleza. Su muestra se inaugura el 8 de octubre a las 18:00.\",\"breadcrumb\":{\"@id\":\"https:\/\/www.ull.es\/portal\/noticias\/2024\/programa-cultural-campus-america-2024-arranca-con-exposicion-rosy-revelo\/#breadcrumb\"},\"inLanguage\":\"es\",\"potentialAction\":[{\"@type\":\"ReadAction\",\"target\":[\"https:\/\/www.ull.es\/portal\/noticias\/2024\/programa-cultural-campus-america-2024-arranca-con-exposicion-rosy-revelo\/\"]}]},{\"@type\":\"BreadcrumbList\",\"@id\":\"https:\/\/www.ull.es\/portal\/noticias\/2024\/programa-cultural-campus-america-2024-arranca-con-exposicion-rosy-revelo\/#breadcrumb\",\"itemListElement\":[{\"@type\":\"ListItem\",\"position\":1,\"name\":\"Portada\",\"item\":\"https:\/\/www.ull.es\/portal\/noticias\/\"},{\"@type\":\"ListItem\",\"position\":2,\"name\":\"El programa cultural de Campus Am\u00e9rica 2024 arranca con una exposici\u00f3n de artista ecuatoriana Rosy Revelo\"}]},{\"@type\":\"WebSite\",\"@id\":\"https:\/\/www.ull.es\/portal\/noticias\/#website\",\"url\":\"https:\/\/www.ull.es\/portal\/noticias\/\",\"name\":\"ULL - Noticias\",\"description\":\"\",\"potentialAction\":[{\"@type\":\"SearchAction\",\"target\":{\"@type\":\"EntryPoint\",\"urlTemplate\":\"https:\/\/www.ull.es\/portal\/noticias\/?s={search_term_string}\"},\"query-input\":\"required name=search_term_string\"}],\"inLanguage\":\"es\"},{\"@type\":\"Person\",\"@id\":\"https:\/\/www.ull.es\/portal\/noticias\/#\/schema\/person\/c3b2aa857797592927a03740d6664376\",\"name\":\"prensa2\",\"image\":{\"@type\":\"ImageObject\",\"inLanguage\":\"es\",\"@id\":\"https:\/\/www.ull.es\/portal\/noticias\/#\/schema\/person\/image\/\",\"url\":\"https:\/\/secure.gravatar.com\/avatar\/b58f310a5de5feb33d1e026d2493f23c?s=96&d=mm&r=g\",\"contentUrl\":\"https:\/\/secure.gravatar.com\/avatar\/b58f310a5de5feb33d1e026d2493f23c?s=96&d=mm&r=g\",\"caption\":\"prensa2\"},\"url\":\"https:\/\/www.ull.es\/portal\/noticias\/author\/prensa2\/\"}]}<\/script>\n<!-- \/ Yoast SEO plugin. -->","yoast_head_json":{"title":"Rosy Revelo abre el programa cultural de Campus Am\u00e9rica","description":"Revelo es una artista pl\u00e1stica ecuatoriana con obra centrada en la mujer y la naturaleza. Su muestra se inaugura el 8 de octubre a las 18:00.","robots":{"index":"index","follow":"follow","max-snippet":"max-snippet:-1","max-image-preview":"max-image-preview:large","max-video-preview":"max-video-preview:-1"},"canonical":"https:\/\/www.ull.es\/portal\/noticias\/2024\/programa-cultural-campus-america-2024-arranca-con-exposicion-rosy-revelo\/","og_locale":"es_ES","og_type":"article","og_title":"Rosy Revelo abre el programa cultural de Campus Am\u00e9rica","og_description":"Revelo es una artista pl\u00e1stica ecuatoriana con obra centrada en la mujer y la naturaleza. Su muestra se inaugura el 8 de octubre a las 18:00.","og_url":"https:\/\/www.ull.es\/portal\/noticias\/2024\/programa-cultural-campus-america-2024-arranca-con-exposicion-rosy-revelo\/","og_site_name":"ULL - Noticias","article_publisher":"https:\/\/www.facebook.com\/universidaddelalaguna\/","article_published_time":"2024-10-07T12:41:34+00:00","og_image":[{"width":750,"height":370,"url":"https:\/\/www.ull.es\/portal\/noticias\/wp-content\/uploads\/sites\/13\/2024\/10\/Arte-y-Patrimonio_Exposicion-pintura-ecuatoriana.png","type":"image\/png"}],"author":"prensa2","twitter_card":"summary_large_image","twitter_creator":"@CanalULL","twitter_site":"@CanalULL","twitter_misc":{"Escrito por":"prensa2","Tiempo de lectura":"2 minutos"},"schema":{"@context":"https:\/\/schema.org","@graph":[{"@type":"WebPage","@id":"https:\/\/www.ull.es\/portal\/noticias\/2024\/programa-cultural-campus-america-2024-arranca-con-exposicion-rosy-revelo\/","url":"https:\/\/www.ull.es\/portal\/noticias\/2024\/programa-cultural-campus-america-2024-arranca-con-exposicion-rosy-revelo\/","name":"Rosy Revelo abre el programa cultural de Campus Am\u00e9rica","isPartOf":{"@id":"https:\/\/www.ull.es\/portal\/noticias\/#website"},"datePublished":"2024-10-07T12:41:34+00:00","dateModified":"2024-10-07T12:41:34+00:00","author":{"@id":"https:\/\/www.ull.es\/portal\/noticias\/#\/schema\/person\/c3b2aa857797592927a03740d6664376"},"description":"Revelo es una artista pl\u00e1stica ecuatoriana con obra centrada en la mujer y la naturaleza. Su muestra se inaugura el 8 de octubre a las 18:00.","breadcrumb":{"@id":"https:\/\/www.ull.es\/portal\/noticias\/2024\/programa-cultural-campus-america-2024-arranca-con-exposicion-rosy-revelo\/#breadcrumb"},"inLanguage":"es","potentialAction":[{"@type":"ReadAction","target":["https:\/\/www.ull.es\/portal\/noticias\/2024\/programa-cultural-campus-america-2024-arranca-con-exposicion-rosy-revelo\/"]}]},{"@type":"BreadcrumbList","@id":"https:\/\/www.ull.es\/portal\/noticias\/2024\/programa-cultural-campus-america-2024-arranca-con-exposicion-rosy-revelo\/#breadcrumb","itemListElement":[{"@type":"ListItem","position":1,"name":"Portada","item":"https:\/\/www.ull.es\/portal\/noticias\/"},{"@type":"ListItem","position":2,"name":"El programa cultural de Campus Am\u00e9rica 2024 arranca con una exposici\u00f3n de artista ecuatoriana Rosy Revelo"}]},{"@type":"WebSite","@id":"https:\/\/www.ull.es\/portal\/noticias\/#website","url":"https:\/\/www.ull.es\/portal\/noticias\/","name":"ULL - Noticias","description":"","potentialAction":[{"@type":"SearchAction","target":{"@type":"EntryPoint","urlTemplate":"https:\/\/www.ull.es\/portal\/noticias\/?s={search_term_string}"},"query-input":"required name=search_term_string"}],"inLanguage":"es"},{"@type":"Person","@id":"https:\/\/www.ull.es\/portal\/noticias\/#\/schema\/person\/c3b2aa857797592927a03740d6664376","name":"prensa2","image":{"@type":"ImageObject","inLanguage":"es","@id":"https:\/\/www.ull.es\/portal\/noticias\/#\/schema\/person\/image\/","url":"https:\/\/secure.gravatar.com\/avatar\/b58f310a5de5feb33d1e026d2493f23c?s=96&d=mm&r=g","contentUrl":"https:\/\/secure.gravatar.com\/avatar\/b58f310a5de5feb33d1e026d2493f23c?s=96&d=mm&r=g","caption":"prensa2"},"url":"https:\/\/www.ull.es\/portal\/noticias\/author\/prensa2\/"}]}},"primary_category":{"id":345,"name":"Destacado","slug":"destacado","link":"https:\/\/www.ull.es\/portal\/noticias\/category\/destacado\/"},"featured_image_thumbnail_url":"https:\/\/www.ull.es\/portal\/noticias\/wp-content\/uploads\/sites\/13\/2024\/10\/Arte-y-Patrimonio_Exposicion-pintura-ecuatoriana-300x148.png","_links":{"self":[{"href":"https:\/\/www.ull.es\/portal\/noticias\/wp-json\/wp\/v2\/posts\/77867"}],"collection":[{"href":"https:\/\/www.ull.es\/portal\/noticias\/wp-json\/wp\/v2\/posts"}],"about":[{"href":"https:\/\/www.ull.es\/portal\/noticias\/wp-json\/wp\/v2\/types\/post"}],"author":[{"embeddable":true,"href":"https:\/\/www.ull.es\/portal\/noticias\/wp-json\/wp\/v2\/users\/21"}],"replies":[{"embeddable":true,"href":"https:\/\/www.ull.es\/portal\/noticias\/wp-json\/wp\/v2\/comments?post=77867"}],"version-history":[{"count":1,"href":"https:\/\/www.ull.es\/portal\/noticias\/wp-json\/wp\/v2\/posts\/77867\/revisions"}],"predecessor-version":[{"id":77869,"href":"https:\/\/www.ull.es\/portal\/noticias\/wp-json\/wp\/v2\/posts\/77867\/revisions\/77869"}],"wp:featuredmedia":[{"embeddable":true,"href":"https:\/\/www.ull.es\/portal\/noticias\/wp-json\/wp\/v2\/media\/77868"}],"wp:attachment":[{"href":"https:\/\/www.ull.es\/portal\/noticias\/wp-json\/wp\/v2\/media?parent=77867"}],"wp:term":[{"taxonomy":"category","embeddable":true,"href":"https:\/\/www.ull.es\/portal\/noticias\/wp-json\/wp\/v2\/categories?post=77867"},{"taxonomy":"post_tag","embeddable":true,"href":"https:\/\/www.ull.es\/portal\/noticias\/wp-json\/wp\/v2\/tags?post=77867"}],"curies":[{"name":"wp","href":"https:\/\/api.w.org\/{rel}","templated":true}]}}