{"id":77964,"date":"2024-10-10T09:08:06","date_gmt":"2024-10-10T09:08:06","guid":{"rendered":"https:\/\/www.ull.es\/portal\/noticias\/?p=77964"},"modified":"2024-12-12T14:21:30","modified_gmt":"2024-12-12T14:21:30","slug":"especialistas-en-migracion-analizan-en-campus-america-el-impacto-de-la-falta-de-recursos-y-el-auge-de-la-xenofobia","status":"publish","type":"post","link":"https:\/\/www.ull.es\/portal\/noticias\/2024\/especialistas-en-migracion-analizan-en-campus-america-el-impacto-de-la-falta-de-recursos-y-el-auge-de-la-xenofobia\/","title":{"rendered":"Especialistas en migraci\u00f3n analizan en Campus Am\u00e9rica el impacto de la falta de recursos y el auge de la xenofobia"},"content":{"rendered":"<p><a href=\"https:\/\/www.ull.es\/portal\/campusamerica\/\" target=\"_blank\" rel=\"noopener\">Campus Am\u00e9rica 2024<\/a> re\u00fane a expertos para analizar los retos y necesidades en materia migratoria. Entre otros aspectos abordan en un <a href=\"https:\/\/www.ull.es\/portal\/agenda\/evento\/el-papel-del-asociacionismo-de-migrantes-en-la-promocion-del-cambio-y-de-la-justicia-social\/\" target=\"_blank\" rel=\"noopener\">seminario<\/a> el impacto de la falta de recursos, el auge de la xenofobia y la necesaria colaboraci\u00f3n entre las asociaciones y la administraci\u00f3n p\u00fablica para garantizar los derechos de los migrantes y la justicia social.<\/p>\n<p>Durante la jornada, celebrada en la Facultad de Derecho, el decano de la Facultad de Ciencias Sociales y de la Comunicaci\u00f3n, Jos\u00e9 Antonio Batista, puso el acento en la poblaci\u00f3n canaria, \u201cque est\u00e1n mostrando una humanidad excepcional en la acogida de migrantes\u201d. Adem\u00e1s, destac\u00f3 la aportaci\u00f3n del asociacionismo en el desarrollo de la justicia social, incidiendo en que \u201clas pol\u00edticas migratorias deber\u00edan centrarse en la integraci\u00f3n y en la acogida\u201d.<\/p>\n<p>Por su parte, la profesora e investigadora especializada en migraciones, Barbara Rostecka, profundiz\u00f3 en c\u00f3mo el trabajo de las asociaciones de migrantes ha servido de herramienta para definir la nueva causa social de la poblaci\u00f3n global y la importancia de estas entidades para reconstruir la democracia en la \u00e9poca de la globalizaci\u00f3n mercantil.<\/p>\n<div id=\"attachment_77966\" style=\"width: 310px\" class=\"wp-caption alignleft\"><a href=\"https:\/\/www.ull.es\/portal\/noticias\/wp-content\/uploads\/sites\/13\/2024\/10\/Campus-America-Daniel-Buraschi.jpg\" target=\"_blank\" rel=\"noopener\"><img aria-describedby=\"caption-attachment-77966\" decoding=\"async\" loading=\"lazy\" class=\"wp-image-77966 size-medium\" src=\"https:\/\/www.ull.es\/portal\/noticias\/wp-content\/uploads\/sites\/13\/2024\/10\/Campus-America-Daniel-Buraschi-300x200.jpg\" alt=\"\" width=\"300\" height=\"200\" srcset=\"https:\/\/www.ull.es\/portal\/noticias\/wp-content\/uploads\/sites\/13\/2024\/10\/Campus-America-Daniel-Buraschi-300x200.jpg 300w, https:\/\/www.ull.es\/portal\/noticias\/wp-content\/uploads\/sites\/13\/2024\/10\/Campus-America-Daniel-Buraschi-1024x683.jpg 1024w, https:\/\/www.ull.es\/portal\/noticias\/wp-content\/uploads\/sites\/13\/2024\/10\/Campus-America-Daniel-Buraschi-768x512.jpg 768w, https:\/\/www.ull.es\/portal\/noticias\/wp-content\/uploads\/sites\/13\/2024\/10\/Campus-America-Daniel-Buraschi-1536x1024.jpg 1536w, https:\/\/www.ull.es\/portal\/noticias\/wp-content\/uploads\/sites\/13\/2024\/10\/Campus-America-Daniel-Buraschi-375x250.jpg 375w, https:\/\/www.ull.es\/portal\/noticias\/wp-content\/uploads\/sites\/13\/2024\/10\/Campus-America-Daniel-Buraschi-750x500.jpg 750w, https:\/\/www.ull.es\/portal\/noticias\/wp-content\/uploads\/sites\/13\/2024\/10\/Campus-America-Daniel-Buraschi-1140x760.jpg 1140w, https:\/\/www.ull.es\/portal\/noticias\/wp-content\/uploads\/sites\/13\/2024\/10\/Campus-America-Daniel-Buraschi.jpg 1800w\" sizes=\"(max-width: 300px) 100vw, 300px\" \/><\/a><p id=\"caption-attachment-77966\" class=\"wp-caption-text\">Daniel Buraschi, Fabian Silva, Marcela M\u00e1spero y Barbara Rostecka.<\/p><\/div>\n<p>El profesor y coordinador del evento, Daniel Buraschi, destac\u00f3 entr\u00f3 los retos la importancia de promover los derechos de las personas migrantes, mantener el contacto directo para crear un puente con la administraci\u00f3n p\u00fablica, participar en las diferentes estrategias pol\u00edticas y realizar acciones de sensibilizaci\u00f3n, desde una perspectiva no solo intercultural, sino antirracista. \u201cLas asociaciones est\u00e1n jugando un papel important\u00edsimo en el acompa\u00f1amiento y en el apoyo jur\u00eddico, psicol\u00f3gico y social de los migrantes\u201d, afirm\u00f3.<\/p>\n<p>La presidenta de la Asociaci\u00f3n Social Solidaridad Venezuela, Marcela M\u00e1spero, afirm\u00f3 que en la actualidad los organismos se enfrentan al auge del racismo y la xenofobia, a la ausencia de reconocimiento de derechos, dispersi\u00f3n y, sobre todo, a la falta de recursos. \u201cLas asociaciones de migrantes est\u00e1n realizando tareas que le corresponde resolver a la administraci\u00f3n, sin garantizar la continuidad de proyectos para la inclusi\u00f3n\u201d, explic\u00f3.<\/p>\n<p>Por \u00faltimo, la presidenta de la Casa Dominicana en Canarias, Paula Pimentel, abord\u00f3 la realidad migratoria en su pa\u00eds y denunci\u00f3 que Rep\u00fablica Dominicana \u201cno es un pa\u00eds libre\u201d y que las migraciones son causadas \u201cporque los pa\u00edses del norte le sacan el jugo a los del sur\u201d.<\/p>\n<p>En esta jornada tambi\u00e9n participaron representantes de otras entidades de la Isla, como la Asociaci\u00f3n Danzarte Canarias, la Casa Domini, la Asociaci\u00f3n de Migrantes Emprendedores, la Comunidad Peruana de Tenerife, la Asociaci\u00f3n Atahualpa de Ecuatorianos, Mosaico Acci\u00f3n Social y el Instituto Intercultural Canario INCAN.<\/p>\n<p><strong>Sobre Campus Am\u00e9rica<\/strong><\/p>\n<p>La Universidad de La Laguna lleva tres ediciones bienales celebrando Campus Am\u00e9rica, con el prop\u00f3sito de estrechar v\u00ednculos acad\u00e9micos, culturales y sociales con el continente americano. Desde su primera edici\u00f3n en 2017, ofrece un escenario \u00fanico para el intercambio de experiencias y el fomento de nuevos proyectos entre universidades, entidades y organizaciones no gubernamentales. Edici\u00f3n tras edici\u00f3n, las relaciones con otras instituciones y la sociedad se han ido incrementando, al objeto de fortalecer la transferencia mutua de conocimientos para el mejor desarrollo de Canarias y Am\u00e9rica.<\/p>\n","protected":false},"excerpt":{"rendered":"<p>Campus Am\u00e9rica 2024 re\u00fane a expertos para analizar los retos y necesidades en materia migratoria. Entre otros aspectos abordan en&#8230;<\/p>\n","protected":false},"author":23,"featured_media":77965,"comment_status":"closed","ping_status":"closed","sticky":false,"template":"","format":"standard","meta":{"inline_featured_image":false,"footnotes":""},"categories":[11115,6223,345,349,2765],"tags":[],"acf":[],"yoast_head":"<!-- This site is optimized with the Yoast SEO plugin v21.3 - https:\/\/yoast.com\/wordpress\/plugins\/seo\/ -->\n<title>Especialistas en migraci\u00f3n analizan en Campus Am\u00e9rica el impacto de la falta de recursos y el auge de la xenofobia - ULL - Noticias<\/title>\n<meta name=\"robots\" content=\"index, follow, max-snippet:-1, max-image-preview:large, max-video-preview:-1\" \/>\n<link rel=\"canonical\" href=\"https:\/\/www.ull.es\/portal\/noticias\/2024\/especialistas-en-migracion-analizan-en-campus-america-el-impacto-de-la-falta-de-recursos-y-el-auge-de-la-xenofobia\/\" \/>\n<meta property=\"og:locale\" content=\"es_ES\" \/>\n<meta property=\"og:type\" content=\"article\" \/>\n<meta property=\"og:title\" content=\"Especialistas en migraci\u00f3n analizan en Campus Am\u00e9rica el impacto de la falta de recursos y el auge de la xenofobia - ULL - Noticias\" \/>\n<meta property=\"og:description\" content=\"Campus Am\u00e9rica 2024 re\u00fane a expertos para analizar los retos y necesidades en materia migratoria. Entre otros aspectos abordan en...\" \/>\n<meta property=\"og:url\" content=\"https:\/\/www.ull.es\/portal\/noticias\/2024\/especialistas-en-migracion-analizan-en-campus-america-el-impacto-de-la-falta-de-recursos-y-el-auge-de-la-xenofobia\/\" \/>\n<meta property=\"og:site_name\" content=\"ULL - Noticias\" \/>\n<meta property=\"article:publisher\" content=\"https:\/\/www.facebook.com\/universidaddelalaguna\/\" \/>\n<meta property=\"article:published_time\" content=\"2024-10-10T09:08:06+00:00\" \/>\n<meta property=\"article:modified_time\" content=\"2024-12-12T14:21:30+00:00\" \/>\n<meta property=\"og:image\" content=\"https:\/\/www.ull.es\/portal\/noticias\/wp-content\/uploads\/sites\/13\/2024\/10\/Campus-America-seminario-asociaciones-migrantes.jpg\" \/>\n\t<meta property=\"og:image:width\" content=\"1800\" \/>\n\t<meta property=\"og:image:height\" content=\"1200\" \/>\n\t<meta property=\"og:image:type\" content=\"image\/jpeg\" \/>\n<meta name=\"author\" content=\"gaprsa\" \/>\n<meta name=\"twitter:card\" content=\"summary_large_image\" \/>\n<meta name=\"twitter:creator\" content=\"@CanalULL\" \/>\n<meta name=\"twitter:site\" content=\"@CanalULL\" \/>\n<meta name=\"twitter:label1\" content=\"Escrito por\" \/>\n\t<meta name=\"twitter:data1\" content=\"gaprsa\" \/>\n\t<meta name=\"twitter:label2\" content=\"Tiempo de lectura\" \/>\n\t<meta name=\"twitter:data2\" content=\"3 minutos\" \/>\n<script type=\"application\/ld+json\" class=\"yoast-schema-graph\">{\"@context\":\"https:\/\/schema.org\",\"@graph\":[{\"@type\":\"WebPage\",\"@id\":\"https:\/\/www.ull.es\/portal\/noticias\/2024\/especialistas-en-migracion-analizan-en-campus-america-el-impacto-de-la-falta-de-recursos-y-el-auge-de-la-xenofobia\/\",\"url\":\"https:\/\/www.ull.es\/portal\/noticias\/2024\/especialistas-en-migracion-analizan-en-campus-america-el-impacto-de-la-falta-de-recursos-y-el-auge-de-la-xenofobia\/\",\"name\":\"Especialistas en migraci\u00f3n analizan en Campus Am\u00e9rica el impacto de la falta de recursos y el auge de la xenofobia - ULL - Noticias\",\"isPartOf\":{\"@id\":\"https:\/\/www.ull.es\/portal\/noticias\/#website\"},\"datePublished\":\"2024-10-10T09:08:06+00:00\",\"dateModified\":\"2024-12-12T14:21:30+00:00\",\"author\":{\"@id\":\"https:\/\/www.ull.es\/portal\/noticias\/#\/schema\/person\/b2b1a89d43ffa609e591f7df8ef3e817\"},\"breadcrumb\":{\"@id\":\"https:\/\/www.ull.es\/portal\/noticias\/2024\/especialistas-en-migracion-analizan-en-campus-america-el-impacto-de-la-falta-de-recursos-y-el-auge-de-la-xenofobia\/#breadcrumb\"},\"inLanguage\":\"es\",\"potentialAction\":[{\"@type\":\"ReadAction\",\"target\":[\"https:\/\/www.ull.es\/portal\/noticias\/2024\/especialistas-en-migracion-analizan-en-campus-america-el-impacto-de-la-falta-de-recursos-y-el-auge-de-la-xenofobia\/\"]}]},{\"@type\":\"BreadcrumbList\",\"@id\":\"https:\/\/www.ull.es\/portal\/noticias\/2024\/especialistas-en-migracion-analizan-en-campus-america-el-impacto-de-la-falta-de-recursos-y-el-auge-de-la-xenofobia\/#breadcrumb\",\"itemListElement\":[{\"@type\":\"ListItem\",\"position\":1,\"name\":\"Portada\",\"item\":\"https:\/\/www.ull.es\/portal\/noticias\/\"},{\"@type\":\"ListItem\",\"position\":2,\"name\":\"Especialistas en migraci\u00f3n analizan en Campus Am\u00e9rica el impacto de la falta de recursos y el auge de la xenofobia\"}]},{\"@type\":\"WebSite\",\"@id\":\"https:\/\/www.ull.es\/portal\/noticias\/#website\",\"url\":\"https:\/\/www.ull.es\/portal\/noticias\/\",\"name\":\"ULL - Noticias\",\"description\":\"\",\"potentialAction\":[{\"@type\":\"SearchAction\",\"target\":{\"@type\":\"EntryPoint\",\"urlTemplate\":\"https:\/\/www.ull.es\/portal\/noticias\/?s={search_term_string}\"},\"query-input\":\"required name=search_term_string\"}],\"inLanguage\":\"es\"},{\"@type\":\"Person\",\"@id\":\"https:\/\/www.ull.es\/portal\/noticias\/#\/schema\/person\/b2b1a89d43ffa609e591f7df8ef3e817\",\"name\":\"gaprsa\",\"image\":{\"@type\":\"ImageObject\",\"inLanguage\":\"es\",\"@id\":\"https:\/\/www.ull.es\/portal\/noticias\/#\/schema\/person\/image\/\",\"url\":\"https:\/\/secure.gravatar.com\/avatar\/443820550921091458b4823867723b3d?s=96&d=mm&r=g\",\"contentUrl\":\"https:\/\/secure.gravatar.com\/avatar\/443820550921091458b4823867723b3d?s=96&d=mm&r=g\",\"caption\":\"gaprsa\"},\"url\":\"https:\/\/www.ull.es\/portal\/noticias\/author\/gaprsa\/\"}]}<\/script>\n<!-- \/ Yoast SEO plugin. -->","yoast_head_json":{"title":"Especialistas en migraci\u00f3n analizan en Campus Am\u00e9rica el impacto de la falta de recursos y el auge de la xenofobia - ULL - Noticias","robots":{"index":"index","follow":"follow","max-snippet":"max-snippet:-1","max-image-preview":"max-image-preview:large","max-video-preview":"max-video-preview:-1"},"canonical":"https:\/\/www.ull.es\/portal\/noticias\/2024\/especialistas-en-migracion-analizan-en-campus-america-el-impacto-de-la-falta-de-recursos-y-el-auge-de-la-xenofobia\/","og_locale":"es_ES","og_type":"article","og_title":"Especialistas en migraci\u00f3n analizan en Campus Am\u00e9rica el impacto de la falta de recursos y el auge de la xenofobia - ULL - Noticias","og_description":"Campus Am\u00e9rica 2024 re\u00fane a expertos para analizar los retos y necesidades en materia migratoria. Entre otros aspectos abordan en...","og_url":"https:\/\/www.ull.es\/portal\/noticias\/2024\/especialistas-en-migracion-analizan-en-campus-america-el-impacto-de-la-falta-de-recursos-y-el-auge-de-la-xenofobia\/","og_site_name":"ULL - Noticias","article_publisher":"https:\/\/www.facebook.com\/universidaddelalaguna\/","article_published_time":"2024-10-10T09:08:06+00:00","article_modified_time":"2024-12-12T14:21:30+00:00","og_image":[{"width":1800,"height":1200,"url":"https:\/\/www.ull.es\/portal\/noticias\/wp-content\/uploads\/sites\/13\/2024\/10\/Campus-America-seminario-asociaciones-migrantes.jpg","type":"image\/jpeg"}],"author":"gaprsa","twitter_card":"summary_large_image","twitter_creator":"@CanalULL","twitter_site":"@CanalULL","twitter_misc":{"Escrito por":"gaprsa","Tiempo de lectura":"3 minutos"},"schema":{"@context":"https:\/\/schema.org","@graph":[{"@type":"WebPage","@id":"https:\/\/www.ull.es\/portal\/noticias\/2024\/especialistas-en-migracion-analizan-en-campus-america-el-impacto-de-la-falta-de-recursos-y-el-auge-de-la-xenofobia\/","url":"https:\/\/www.ull.es\/portal\/noticias\/2024\/especialistas-en-migracion-analizan-en-campus-america-el-impacto-de-la-falta-de-recursos-y-el-auge-de-la-xenofobia\/","name":"Especialistas en migraci\u00f3n analizan en Campus Am\u00e9rica el impacto de la falta de recursos y el auge de la xenofobia - ULL - Noticias","isPartOf":{"@id":"https:\/\/www.ull.es\/portal\/noticias\/#website"},"datePublished":"2024-10-10T09:08:06+00:00","dateModified":"2024-12-12T14:21:30+00:00","author":{"@id":"https:\/\/www.ull.es\/portal\/noticias\/#\/schema\/person\/b2b1a89d43ffa609e591f7df8ef3e817"},"breadcrumb":{"@id":"https:\/\/www.ull.es\/portal\/noticias\/2024\/especialistas-en-migracion-analizan-en-campus-america-el-impacto-de-la-falta-de-recursos-y-el-auge-de-la-xenofobia\/#breadcrumb"},"inLanguage":"es","potentialAction":[{"@type":"ReadAction","target":["https:\/\/www.ull.es\/portal\/noticias\/2024\/especialistas-en-migracion-analizan-en-campus-america-el-impacto-de-la-falta-de-recursos-y-el-auge-de-la-xenofobia\/"]}]},{"@type":"BreadcrumbList","@id":"https:\/\/www.ull.es\/portal\/noticias\/2024\/especialistas-en-migracion-analizan-en-campus-america-el-impacto-de-la-falta-de-recursos-y-el-auge-de-la-xenofobia\/#breadcrumb","itemListElement":[{"@type":"ListItem","position":1,"name":"Portada","item":"https:\/\/www.ull.es\/portal\/noticias\/"},{"@type":"ListItem","position":2,"name":"Especialistas en migraci\u00f3n analizan en Campus Am\u00e9rica el impacto de la falta de recursos y el auge de la xenofobia"}]},{"@type":"WebSite","@id":"https:\/\/www.ull.es\/portal\/noticias\/#website","url":"https:\/\/www.ull.es\/portal\/noticias\/","name":"ULL - Noticias","description":"","potentialAction":[{"@type":"SearchAction","target":{"@type":"EntryPoint","urlTemplate":"https:\/\/www.ull.es\/portal\/noticias\/?s={search_term_string}"},"query-input":"required name=search_term_string"}],"inLanguage":"es"},{"@type":"Person","@id":"https:\/\/www.ull.es\/portal\/noticias\/#\/schema\/person\/b2b1a89d43ffa609e591f7df8ef3e817","name":"gaprsa","image":{"@type":"ImageObject","inLanguage":"es","@id":"https:\/\/www.ull.es\/portal\/noticias\/#\/schema\/person\/image\/","url":"https:\/\/secure.gravatar.com\/avatar\/443820550921091458b4823867723b3d?s=96&d=mm&r=g","contentUrl":"https:\/\/secure.gravatar.com\/avatar\/443820550921091458b4823867723b3d?s=96&d=mm&r=g","caption":"gaprsa"},"url":"https:\/\/www.ull.es\/portal\/noticias\/author\/gaprsa\/"}]}},"primary_category":{"id":345,"name":"Destacado","slug":"destacado","link":"https:\/\/www.ull.es\/portal\/noticias\/category\/destacado\/"},"featured_image_thumbnail_url":"https:\/\/www.ull.es\/portal\/noticias\/wp-content\/uploads\/sites\/13\/2024\/10\/Campus-America-seminario-asociaciones-migrantes-300x200.jpg","_links":{"self":[{"href":"https:\/\/www.ull.es\/portal\/noticias\/wp-json\/wp\/v2\/posts\/77964"}],"collection":[{"href":"https:\/\/www.ull.es\/portal\/noticias\/wp-json\/wp\/v2\/posts"}],"about":[{"href":"https:\/\/www.ull.es\/portal\/noticias\/wp-json\/wp\/v2\/types\/post"}],"author":[{"embeddable":true,"href":"https:\/\/www.ull.es\/portal\/noticias\/wp-json\/wp\/v2\/users\/23"}],"replies":[{"embeddable":true,"href":"https:\/\/www.ull.es\/portal\/noticias\/wp-json\/wp\/v2\/comments?post=77964"}],"version-history":[{"count":5,"href":"https:\/\/www.ull.es\/portal\/noticias\/wp-json\/wp\/v2\/posts\/77964\/revisions"}],"predecessor-version":[{"id":78039,"href":"https:\/\/www.ull.es\/portal\/noticias\/wp-json\/wp\/v2\/posts\/77964\/revisions\/78039"}],"wp:featuredmedia":[{"embeddable":true,"href":"https:\/\/www.ull.es\/portal\/noticias\/wp-json\/wp\/v2\/media\/77965"}],"wp:attachment":[{"href":"https:\/\/www.ull.es\/portal\/noticias\/wp-json\/wp\/v2\/media?parent=77964"}],"wp:term":[{"taxonomy":"category","embeddable":true,"href":"https:\/\/www.ull.es\/portal\/noticias\/wp-json\/wp\/v2\/categories?post=77964"},{"taxonomy":"post_tag","embeddable":true,"href":"https:\/\/www.ull.es\/portal\/noticias\/wp-json\/wp\/v2\/tags?post=77964"}],"curies":[{"name":"wp","href":"https:\/\/api.w.org\/{rel}","templated":true}]}}