{"id":78012,"date":"2024-10-11T13:11:24","date_gmt":"2024-10-11T13:11:24","guid":{"rendered":"https:\/\/www.ull.es\/portal\/noticias\/?p=78012"},"modified":"2024-10-11T13:11:24","modified_gmt":"2024-10-11T13:11:24","slug":"juan-torres-abordo-fracturas-economia-mundial","status":"publish","type":"post","link":"https:\/\/www.ull.es\/portal\/noticias\/2024\/juan-torres-abordo-fracturas-economia-mundial\/","title":{"rendered":"Juan Torres abord\u00f3 las grandes fracturas de la econom\u00eda mundial en un encuentro en la ULL"},"content":{"rendered":"<p>Existen una serie de problemas de car\u00e1cter estructural que afectan al conjunto de la econom\u00eda, como son el cambio clim\u00e1tico, la fragilidad financiera, la globalizaci\u00f3n, la explosi\u00f3n de la deuda y la desigualdad. Juan Torres, catedr\u00e1tico de Econom\u00eda Aplicada de la Universidad de Sevilla, lleva varias d\u00e9cadas diagnostic\u00e1ndolos, y alerta de que son circunstancias entrelazadas que, si se llegan a dar en cierta magnitud conjuntamente, podr\u00edan generar un peligro de colapso en la econom\u00eda mundial. El analista econ\u00f3mico imparti\u00f3 una conferencia en la Universidad de La Laguna ayer, jueves 11 de octubre, en la que trat\u00f3 de alumbrar el complejo horizonte econ\u00f3mico actual, para poder esbozar un mundo mejor para las generaciones venideras.<\/p>\n<p>Francisco Garc\u00eda Rodr\u00edguez, rector de la Universidad de la Laguna, y <a href=\"https:\/\/portalciencia.ull.es\/investigadores\/82323\/detalle\" target=\"_blank\" rel=\"noopener\" target=\"_blank\" rel=\"noopener\">Francisco Amador<\/a>, profesor de la Facultad de Econom\u00eda, Empresa y Turismo, fueron los encargados de presentar al conferenciante. \u201cEs importante que en las universidades p\u00fablicas se generen espacios de debate sobre la situaci\u00f3n econ\u00f3mica actual, en los que se reflexione sobre c\u00f3mo podemos cambiar lo que est\u00e1 pasando\u201d, resalt\u00f3 el rector.<\/p>\n<p>Por su parte, Amador quiso resaltar que Torres es una persona muy comprometida, cr\u00edtica y vital que ha combinado su actividad docente, investigadora y de divulgaci\u00f3n con la publicaci\u00f3n de numerosos libros y art\u00edculos, entre los que destaca \u201cPara que haya futuro\u201d, publicado este a\u00f1o.<\/p>\n<div id=\"attachment_78014\" style=\"width: 310px\" class=\"wp-caption alignleft\"><a href=\"https:\/\/www.ull.es\/portal\/noticias\/wp-content\/uploads\/sites\/13\/2024\/10\/Conf-Juan-Torres-Lopez-01.jpg\" target=\"_blank\" rel=\"noopener\" target=\"_blank\" rel=\"noopener\"><img aria-describedby=\"caption-attachment-78014\" decoding=\"async\" loading=\"lazy\" class=\"wp-image-78014 size-medium\" src=\"https:\/\/www.ull.es\/portal\/noticias\/wp-content\/uploads\/sites\/13\/2024\/10\/Conf-Juan-Torres-Lopez-01-300x200.jpg\" alt=\"Juan Torres,  Francisco Garc\u00eda y Francisco J. Amador al inicio de la conferencia. \" width=\"300\" height=\"200\" srcset=\"https:\/\/www.ull.es\/portal\/noticias\/wp-content\/uploads\/sites\/13\/2024\/10\/Conf-Juan-Torres-Lopez-01-300x200.jpg 300w, https:\/\/www.ull.es\/portal\/noticias\/wp-content\/uploads\/sites\/13\/2024\/10\/Conf-Juan-Torres-Lopez-01-1024x683.jpg 1024w, https:\/\/www.ull.es\/portal\/noticias\/wp-content\/uploads\/sites\/13\/2024\/10\/Conf-Juan-Torres-Lopez-01-768x512.jpg 768w, https:\/\/www.ull.es\/portal\/noticias\/wp-content\/uploads\/sites\/13\/2024\/10\/Conf-Juan-Torres-Lopez-01-375x250.jpg 375w, https:\/\/www.ull.es\/portal\/noticias\/wp-content\/uploads\/sites\/13\/2024\/10\/Conf-Juan-Torres-Lopez-01-750x500.jpg 750w, https:\/\/www.ull.es\/portal\/noticias\/wp-content\/uploads\/sites\/13\/2024\/10\/Conf-Juan-Torres-Lopez-01-1140x760.jpg 1140w, https:\/\/www.ull.es\/portal\/noticias\/wp-content\/uploads\/sites\/13\/2024\/10\/Conf-Juan-Torres-Lopez-01.jpg 1200w\" sizes=\"(max-width: 300px) 100vw, 300px\" \/><\/a><p id=\"caption-attachment-78014\" class=\"wp-caption-text\">Juan Torres, Francisco Garc\u00eda y Francisco J. Amador al inicio de la conferencia.<\/p><\/div>\n<p>Actualmente, existe un riesgo de problema sist\u00e9mico en el mundo capitalista en el que vivimos. Y esto no lo afirma solo Juan Torres, sino que una coalici\u00f3n internacional de 15.000 cient\u00edficos de 160 pa\u00edses ha advertido en un nuevo informe publicado en 2023 que los signos vitales de la Tierra han empeorado. Tambi\u00e9n denuncia que la crisis clim\u00e1tica es tan grave que la vida del planeta est\u00e1 en peligro porque la mitad de la poblaci\u00f3n vivir\u00e1 durante este siglo en zonas no habitables del planeta por el calor extremo y la falta de alimentos. \u201cNo es catastrofismo, sino que estamos al borde de un precipicio, aunque en mi \u00faltimo libro he tratado de demostrar en qu\u00e9 manera el ser humano puede evitar que nos caigamos\u201d, coment\u00f3 el analista.<\/p>\n<p>Para poder impedir la ca\u00edda a ese precipicio, hay que ser conscientes de que existen problemas de especie que necesitan respuestas de especie, no de grupo, naci\u00f3n, continente o empresa. \u201cEsa respuesta de especie, de sentido com\u00fan de los seres humanos, podemos darla porque somos seres morales, como dec\u00eda Darwin, aunque es dif\u00edcil porque tenemos una gran tendencia a crear barreras entre nosotros\u201d, declara y a\u00f1ade: \u201cEstamos viendo tragedias, un pa\u00eds que invade a otro, genocidios, actos de terrorismo\u2026 Todo esto nos puede nublar la vista, pero si miramos a nuestro alrededor, d\u00eda a d\u00eda, vemos que millones de personas sacan adelante el mundo en paz, con cooperaci\u00f3n, con cari\u00f1o. El mundo hoy en d\u00eda es mejor que hace 200 o 300 a\u00f1os\u201d.<\/p>\n<p>Antes de concluir su intervenci\u00f3n, quiso dedicarle unas palabras a la inmigraci\u00f3n y en especial al problema que se est\u00e1 viviendo en Canarias en los \u00faltimos meses con la llegada de numerosas pateras. \u201cHemos creado un infierno en sus pa\u00edses de origen y huyen de \u00e9l como har\u00edamos cualquiera de nosotros, como hicieron nuestros abuelos y nuestros padres que se iban a Alemania o a Suiza porque aqu\u00ed no hab\u00eda trabajo\u201d, expuso.<\/p>\n<p>\u201cAdem\u00e1s\u201d, prosigui\u00f3 Torres sobre este asunto, \u201cla \u00fanica manera de disimular lo que est\u00e1 pasando es con mentiras, con lenguaje populista, demag\u00f3gico, falso, que nos quiere hacer creer que no hay trabajo por culpa del inmigrante, que no hay vivienda por los okupas o que se han suprimido parte de los derechos por las feministas. Lo \u00fanico que se est\u00e1 haciendo en realidad es crear un enemigo que es falso. El ser humano tiene que estar por encima de eso y contin\u00fao creyendo que todo puede mejorar\u201d, concluye.<\/p>\n","protected":false},"excerpt":{"rendered":"<p>Existen una serie de problemas de car\u00e1cter estructural que afectan al conjunto de la econom\u00eda, como son el cambio clim\u00e1tico,&#8230;<\/p>\n","protected":false},"author":21,"featured_media":78013,"comment_status":"closed","ping_status":"closed","sticky":false,"template":"","format":"standard","meta":{"inline_featured_image":false,"footnotes":""},"categories":[345,3906,348,2765],"tags":[3692,1079,1306,11196],"acf":[],"yoast_head":"<!-- This site is optimized with the Yoast SEO plugin v21.3 - https:\/\/yoast.com\/wordpress\/plugins\/seo\/ -->\n<title>Juan Torres abord\u00f3 las fracturas de la econom\u00eda mundial en la ULL<\/title>\n<meta name=\"description\" content=\"El catedr\u00e1tico de la Universidad de Sevilla abord\u00f3 asuntos como el cambio clim\u00e1tico, la fragilidad financiera, la deuda y la globalizaci\u00f3n.\" \/>\n<meta name=\"robots\" content=\"index, follow, max-snippet:-1, max-image-preview:large, max-video-preview:-1\" \/>\n<link rel=\"canonical\" href=\"https:\/\/www.ull.es\/portal\/noticias\/2024\/juan-torres-abordo-fracturas-economia-mundial\/\" \/>\n<meta property=\"og:locale\" content=\"es_ES\" \/>\n<meta property=\"og:type\" content=\"article\" \/>\n<meta property=\"og:title\" content=\"Juan Torres abord\u00f3 las fracturas de la econom\u00eda mundial en la ULL\" \/>\n<meta property=\"og:description\" content=\"El catedr\u00e1tico de la Universidad de Sevilla abord\u00f3 asuntos como el cambio clim\u00e1tico, la fragilidad financiera, la deuda y la globalizaci\u00f3n.\" \/>\n<meta property=\"og:url\" content=\"https:\/\/www.ull.es\/portal\/noticias\/2024\/juan-torres-abordo-fracturas-economia-mundial\/\" \/>\n<meta property=\"og:site_name\" content=\"ULL - Noticias\" \/>\n<meta property=\"article:publisher\" content=\"https:\/\/www.facebook.com\/universidaddelalaguna\/\" \/>\n<meta property=\"article:published_time\" content=\"2024-10-11T13:11:24+00:00\" \/>\n<meta property=\"og:image\" content=\"https:\/\/www.ull.es\/portal\/noticias\/wp-content\/uploads\/sites\/13\/2024\/10\/Conf-Juan-Torres-Lopez.jpg\" \/>\n\t<meta property=\"og:image:width\" content=\"1200\" \/>\n\t<meta property=\"og:image:height\" content=\"800\" \/>\n\t<meta property=\"og:image:type\" content=\"image\/jpeg\" \/>\n<meta name=\"author\" content=\"prensa2\" \/>\n<meta name=\"twitter:card\" content=\"summary_large_image\" \/>\n<meta name=\"twitter:creator\" content=\"@CanalULL\" \/>\n<meta name=\"twitter:site\" content=\"@CanalULL\" \/>\n<meta name=\"twitter:label1\" content=\"Escrito por\" \/>\n\t<meta name=\"twitter:data1\" content=\"prensa2\" \/>\n\t<meta name=\"twitter:label2\" content=\"Tiempo de lectura\" \/>\n\t<meta name=\"twitter:data2\" content=\"4 minutos\" \/>\n<script type=\"application\/ld+json\" class=\"yoast-schema-graph\">{\"@context\":\"https:\/\/schema.org\",\"@graph\":[{\"@type\":\"WebPage\",\"@id\":\"https:\/\/www.ull.es\/portal\/noticias\/2024\/juan-torres-abordo-fracturas-economia-mundial\/\",\"url\":\"https:\/\/www.ull.es\/portal\/noticias\/2024\/juan-torres-abordo-fracturas-economia-mundial\/\",\"name\":\"Juan Torres abord\u00f3 las fracturas de la econom\u00eda mundial en la ULL\",\"isPartOf\":{\"@id\":\"https:\/\/www.ull.es\/portal\/noticias\/#website\"},\"datePublished\":\"2024-10-11T13:11:24+00:00\",\"dateModified\":\"2024-10-11T13:11:24+00:00\",\"author\":{\"@id\":\"https:\/\/www.ull.es\/portal\/noticias\/#\/schema\/person\/c3b2aa857797592927a03740d6664376\"},\"description\":\"El catedr\u00e1tico de la Universidad de Sevilla abord\u00f3 asuntos como el cambio clim\u00e1tico, la fragilidad financiera, la deuda y la globalizaci\u00f3n.\",\"breadcrumb\":{\"@id\":\"https:\/\/www.ull.es\/portal\/noticias\/2024\/juan-torres-abordo-fracturas-economia-mundial\/#breadcrumb\"},\"inLanguage\":\"es\",\"potentialAction\":[{\"@type\":\"ReadAction\",\"target\":[\"https:\/\/www.ull.es\/portal\/noticias\/2024\/juan-torres-abordo-fracturas-economia-mundial\/\"]}]},{\"@type\":\"BreadcrumbList\",\"@id\":\"https:\/\/www.ull.es\/portal\/noticias\/2024\/juan-torres-abordo-fracturas-economia-mundial\/#breadcrumb\",\"itemListElement\":[{\"@type\":\"ListItem\",\"position\":1,\"name\":\"Portada\",\"item\":\"https:\/\/www.ull.es\/portal\/noticias\/\"},{\"@type\":\"ListItem\",\"position\":2,\"name\":\"Juan Torres abord\u00f3 las grandes fracturas de la econom\u00eda mundial en un encuentro en la ULL\"}]},{\"@type\":\"WebSite\",\"@id\":\"https:\/\/www.ull.es\/portal\/noticias\/#website\",\"url\":\"https:\/\/www.ull.es\/portal\/noticias\/\",\"name\":\"ULL - Noticias\",\"description\":\"\",\"potentialAction\":[{\"@type\":\"SearchAction\",\"target\":{\"@type\":\"EntryPoint\",\"urlTemplate\":\"https:\/\/www.ull.es\/portal\/noticias\/?s={search_term_string}\"},\"query-input\":\"required name=search_term_string\"}],\"inLanguage\":\"es\"},{\"@type\":\"Person\",\"@id\":\"https:\/\/www.ull.es\/portal\/noticias\/#\/schema\/person\/c3b2aa857797592927a03740d6664376\",\"name\":\"prensa2\",\"image\":{\"@type\":\"ImageObject\",\"inLanguage\":\"es\",\"@id\":\"https:\/\/www.ull.es\/portal\/noticias\/#\/schema\/person\/image\/\",\"url\":\"https:\/\/secure.gravatar.com\/avatar\/b58f310a5de5feb33d1e026d2493f23c?s=96&d=mm&r=g\",\"contentUrl\":\"https:\/\/secure.gravatar.com\/avatar\/b58f310a5de5feb33d1e026d2493f23c?s=96&d=mm&r=g\",\"caption\":\"prensa2\"},\"url\":\"https:\/\/www.ull.es\/portal\/noticias\/author\/prensa2\/\"}]}<\/script>\n<!-- \/ Yoast SEO plugin. -->","yoast_head_json":{"title":"Juan Torres abord\u00f3 las fracturas de la econom\u00eda mundial en la ULL","description":"El catedr\u00e1tico de la Universidad de Sevilla abord\u00f3 asuntos como el cambio clim\u00e1tico, la fragilidad financiera, la deuda y la globalizaci\u00f3n.","robots":{"index":"index","follow":"follow","max-snippet":"max-snippet:-1","max-image-preview":"max-image-preview:large","max-video-preview":"max-video-preview:-1"},"canonical":"https:\/\/www.ull.es\/portal\/noticias\/2024\/juan-torres-abordo-fracturas-economia-mundial\/","og_locale":"es_ES","og_type":"article","og_title":"Juan Torres abord\u00f3 las fracturas de la econom\u00eda mundial en la ULL","og_description":"El catedr\u00e1tico de la Universidad de Sevilla abord\u00f3 asuntos como el cambio clim\u00e1tico, la fragilidad financiera, la deuda y la globalizaci\u00f3n.","og_url":"https:\/\/www.ull.es\/portal\/noticias\/2024\/juan-torres-abordo-fracturas-economia-mundial\/","og_site_name":"ULL - Noticias","article_publisher":"https:\/\/www.facebook.com\/universidaddelalaguna\/","article_published_time":"2024-10-11T13:11:24+00:00","og_image":[{"width":1200,"height":800,"url":"https:\/\/www.ull.es\/portal\/noticias\/wp-content\/uploads\/sites\/13\/2024\/10\/Conf-Juan-Torres-Lopez.jpg","type":"image\/jpeg"}],"author":"prensa2","twitter_card":"summary_large_image","twitter_creator":"@CanalULL","twitter_site":"@CanalULL","twitter_misc":{"Escrito por":"prensa2","Tiempo de lectura":"4 minutos"},"schema":{"@context":"https:\/\/schema.org","@graph":[{"@type":"WebPage","@id":"https:\/\/www.ull.es\/portal\/noticias\/2024\/juan-torres-abordo-fracturas-economia-mundial\/","url":"https:\/\/www.ull.es\/portal\/noticias\/2024\/juan-torres-abordo-fracturas-economia-mundial\/","name":"Juan Torres abord\u00f3 las fracturas de la econom\u00eda mundial en la ULL","isPartOf":{"@id":"https:\/\/www.ull.es\/portal\/noticias\/#website"},"datePublished":"2024-10-11T13:11:24+00:00","dateModified":"2024-10-11T13:11:24+00:00","author":{"@id":"https:\/\/www.ull.es\/portal\/noticias\/#\/schema\/person\/c3b2aa857797592927a03740d6664376"},"description":"El catedr\u00e1tico de la Universidad de Sevilla abord\u00f3 asuntos como el cambio clim\u00e1tico, la fragilidad financiera, la deuda y la globalizaci\u00f3n.","breadcrumb":{"@id":"https:\/\/www.ull.es\/portal\/noticias\/2024\/juan-torres-abordo-fracturas-economia-mundial\/#breadcrumb"},"inLanguage":"es","potentialAction":[{"@type":"ReadAction","target":["https:\/\/www.ull.es\/portal\/noticias\/2024\/juan-torres-abordo-fracturas-economia-mundial\/"]}]},{"@type":"BreadcrumbList","@id":"https:\/\/www.ull.es\/portal\/noticias\/2024\/juan-torres-abordo-fracturas-economia-mundial\/#breadcrumb","itemListElement":[{"@type":"ListItem","position":1,"name":"Portada","item":"https:\/\/www.ull.es\/portal\/noticias\/"},{"@type":"ListItem","position":2,"name":"Juan Torres abord\u00f3 las grandes fracturas de la econom\u00eda mundial en un encuentro en la ULL"}]},{"@type":"WebSite","@id":"https:\/\/www.ull.es\/portal\/noticias\/#website","url":"https:\/\/www.ull.es\/portal\/noticias\/","name":"ULL - Noticias","description":"","potentialAction":[{"@type":"SearchAction","target":{"@type":"EntryPoint","urlTemplate":"https:\/\/www.ull.es\/portal\/noticias\/?s={search_term_string}"},"query-input":"required name=search_term_string"}],"inLanguage":"es"},{"@type":"Person","@id":"https:\/\/www.ull.es\/portal\/noticias\/#\/schema\/person\/c3b2aa857797592927a03740d6664376","name":"prensa2","image":{"@type":"ImageObject","inLanguage":"es","@id":"https:\/\/www.ull.es\/portal\/noticias\/#\/schema\/person\/image\/","url":"https:\/\/secure.gravatar.com\/avatar\/b58f310a5de5feb33d1e026d2493f23c?s=96&d=mm&r=g","contentUrl":"https:\/\/secure.gravatar.com\/avatar\/b58f310a5de5feb33d1e026d2493f23c?s=96&d=mm&r=g","caption":"prensa2"},"url":"https:\/\/www.ull.es\/portal\/noticias\/author\/prensa2\/"}]}},"primary_category":{"id":345,"name":"Destacado","slug":"destacado","link":"https:\/\/www.ull.es\/portal\/noticias\/category\/destacado\/"},"featured_image_thumbnail_url":"https:\/\/www.ull.es\/portal\/noticias\/wp-content\/uploads\/sites\/13\/2024\/10\/Conf-Juan-Torres-Lopez-300x200.jpg","_links":{"self":[{"href":"https:\/\/www.ull.es\/portal\/noticias\/wp-json\/wp\/v2\/posts\/78012"}],"collection":[{"href":"https:\/\/www.ull.es\/portal\/noticias\/wp-json\/wp\/v2\/posts"}],"about":[{"href":"https:\/\/www.ull.es\/portal\/noticias\/wp-json\/wp\/v2\/types\/post"}],"author":[{"embeddable":true,"href":"https:\/\/www.ull.es\/portal\/noticias\/wp-json\/wp\/v2\/users\/21"}],"replies":[{"embeddable":true,"href":"https:\/\/www.ull.es\/portal\/noticias\/wp-json\/wp\/v2\/comments?post=78012"}],"version-history":[{"count":1,"href":"https:\/\/www.ull.es\/portal\/noticias\/wp-json\/wp\/v2\/posts\/78012\/revisions"}],"predecessor-version":[{"id":78015,"href":"https:\/\/www.ull.es\/portal\/noticias\/wp-json\/wp\/v2\/posts\/78012\/revisions\/78015"}],"wp:featuredmedia":[{"embeddable":true,"href":"https:\/\/www.ull.es\/portal\/noticias\/wp-json\/wp\/v2\/media\/78013"}],"wp:attachment":[{"href":"https:\/\/www.ull.es\/portal\/noticias\/wp-json\/wp\/v2\/media?parent=78012"}],"wp:term":[{"taxonomy":"category","embeddable":true,"href":"https:\/\/www.ull.es\/portal\/noticias\/wp-json\/wp\/v2\/categories?post=78012"},{"taxonomy":"post_tag","embeddable":true,"href":"https:\/\/www.ull.es\/portal\/noticias\/wp-json\/wp\/v2\/tags?post=78012"}],"curies":[{"name":"wp","href":"https:\/\/api.w.org\/{rel}","templated":true}]}}