{"id":78096,"date":"2024-10-15T09:18:14","date_gmt":"2024-10-15T09:18:14","guid":{"rendered":"https:\/\/www.ull.es\/portal\/noticias\/?p=78096"},"modified":"2024-10-15T09:18:14","modified_gmt":"2024-10-15T09:18:14","slug":"catedra-tecnoedu-entregara-24-octubre-iv-premios","status":"publish","type":"post","link":"https:\/\/www.ull.es\/portal\/noticias\/2024\/catedra-tecnoedu-entregara-24-octubre-iv-premios\/","title":{"rendered":"La C\u00e1tedra TECNOEDU entregar\u00e1 el 24 de octubre sus IV Premios a la Innovaci\u00f3n Educativa"},"content":{"rendered":"<p><a href=\"https:\/\/tecnoedu.webs.ull.es\/\" target=\"_blank\" rel=\"noopener\" target=\"_blank\" rel=\"noopener\">La C\u00e1tedra Fundaci\u00f3n MAPFRE Canarias de Tecnolog\u00eda y Educaci\u00f3n<\/a> de la Universidad de La Laguna celebrar\u00e1 el acto de entrega de sus IV Premios TECNOEDU 2024 el jueves 24 de octubre a las 18:00\u202fhoras en el Sal\u00f3n de Actos de la Facultad de Educaci\u00f3n y, adem\u00e1s, podr\u00e1 seguirse en directo mediante <em>streaming<\/em>.<\/p>\n<p>Los Premios TECNOEDU tienen como objetivo reconocer la aplicaci\u00f3n y la innovaci\u00f3n con tecnolog\u00eda educativa en las aulas de las islas, as\u00ed como fomentar los proyectos para la mejora de la ense\u00f1anza y del aprendizaje apoyada con tecnolog\u00edas.<\/p>\n<p>En esta cuarta edici\u00f3n hay 43 candidaturas, repartidas en las tres modalidades del galard\u00f3n: proyectos de innovaci\u00f3n educativa con TIC en el centro educativo; experiencias de innovaci\u00f3n educativa con TIC en el aula; y trabajos de fin de grado y m\u00e1ster (TFG y TFM) sobre tecnolog\u00eda y educaci\u00f3n. En estas tres modalidades han podido participar diferentes centros educativos y docentes de la etapa escolar, y alumnado universitario de Canarias.<\/p>\n<p><strong>Programa<\/strong><\/p>\n<p>El acto comenzar\u00e1 con una inauguraci\u00f3n en la que participar\u00e1n la decana de la Facultad de Educaci\u00f3n, Esperanza Ceballos Vacas; el director de la C\u00e1tedra TECNMOEDU, Manuel Area Moreira; la directora de Secretariado de C\u00e1tedras Institucionales y de Empresa, Marta Dom\u00ednguez; y la directora de la Fundaci\u00f3n MAPFRE Canarias, Esther Martel Gil.<\/p>\n<p>Tras la inauguraci\u00f3n, el acto contar\u00e1 con la conferencia del divulgador educativo David \u00c1lvarez, que lleva como t\u00edtulo \u201cLa Inteligencia Artificial en Educaci\u00f3n: \u00bfmoda pasajera o revoluci\u00f3n educativa?\u201d. \u00c1lvarez es experto en e-Learning y CEO de la empresa Conecta13. Adem\u00e1s, es miembro del grupo de investigaci\u00f3n Conocimiento Abierto para la Acci\u00f3n Social.<\/p>\n<p>Tras la conferencia, el acto se desarrollar\u00e1 dando lugar a la presentaci\u00f3n de las candidaturas finalistas y premiadas y haciendo entrega de los galardones. En esta ocasi\u00f3n, las candidaturas ganadoras contar\u00e1n con una asignaci\u00f3n de 2.000\u202f\u20ac en met\u00e1lico y el reconocimiento como vencedor en la modalidad correspondiente.<\/p>\n","protected":false},"excerpt":{"rendered":"<p>La C\u00e1tedra Fundaci\u00f3n MAPFRE Canarias de Tecnolog\u00eda y Educaci\u00f3n de la Universidad de La Laguna celebrar\u00e1 el acto de entrega&#8230;<\/p>\n","protected":false},"author":21,"featured_media":78097,"comment_status":"closed","ping_status":"closed","sticky":false,"template":"","format":"standard","meta":{"inline_featured_image":false,"footnotes":""},"categories":[345,348,2765],"tags":[10837,3886,1806,6124],"acf":[],"yoast_head":"<!-- This site is optimized with the Yoast SEO plugin v21.3 - https:\/\/yoast.com\/wordpress\/plugins\/seo\/ -->\n<title>La C\u00e1tedra TECNOEDU entregar\u00e1 sus premios el 24 de octubre<\/title>\n<meta name=\"description\" content=\"Los galardones reconocen la innovaci\u00f3n con tecnolog\u00eda educativa en las aulas y fomentan proyectos para la mejora de la formaci\u00f3n con TIC.\" \/>\n<meta name=\"robots\" content=\"index, follow, max-snippet:-1, max-image-preview:large, max-video-preview:-1\" \/>\n<link rel=\"canonical\" href=\"https:\/\/www.ull.es\/portal\/noticias\/2024\/catedra-tecnoedu-entregara-24-octubre-iv-premios\/\" \/>\n<meta property=\"og:locale\" content=\"es_ES\" \/>\n<meta property=\"og:type\" content=\"article\" \/>\n<meta property=\"og:title\" content=\"La C\u00e1tedra TECNOEDU entregar\u00e1 sus premios el 24 de octubre\" \/>\n<meta property=\"og:description\" content=\"Los galardones reconocen la innovaci\u00f3n con tecnolog\u00eda educativa en las aulas y fomentan proyectos para la mejora de la formaci\u00f3n con TIC.\" \/>\n<meta property=\"og:url\" content=\"https:\/\/www.ull.es\/portal\/noticias\/2024\/catedra-tecnoedu-entregara-24-octubre-iv-premios\/\" \/>\n<meta property=\"og:site_name\" content=\"ULL - Noticias\" \/>\n<meta property=\"article:publisher\" content=\"https:\/\/www.facebook.com\/universidaddelalaguna\/\" \/>\n<meta property=\"article:published_time\" content=\"2024-10-15T09:18:14+00:00\" \/>\n<meta property=\"og:image\" content=\"https:\/\/www.ull.es\/portal\/noticias\/wp-content\/uploads\/sites\/13\/2024\/10\/iv-premios-tecnoedu.jpg\" \/>\n\t<meta property=\"og:image:width\" content=\"1200\" \/>\n\t<meta property=\"og:image:height\" content=\"675\" \/>\n\t<meta property=\"og:image:type\" content=\"image\/jpeg\" \/>\n<meta name=\"author\" content=\"prensa2\" \/>\n<meta name=\"twitter:card\" content=\"summary_large_image\" \/>\n<meta name=\"twitter:creator\" content=\"@CanalULL\" \/>\n<meta name=\"twitter:site\" content=\"@CanalULL\" \/>\n<meta name=\"twitter:label1\" content=\"Escrito por\" \/>\n\t<meta name=\"twitter:data1\" content=\"prensa2\" \/>\n\t<meta name=\"twitter:label2\" content=\"Tiempo de lectura\" \/>\n\t<meta name=\"twitter:data2\" content=\"2 minutos\" \/>\n<script type=\"application\/ld+json\" class=\"yoast-schema-graph\">{\"@context\":\"https:\/\/schema.org\",\"@graph\":[{\"@type\":\"WebPage\",\"@id\":\"https:\/\/www.ull.es\/portal\/noticias\/2024\/catedra-tecnoedu-entregara-24-octubre-iv-premios\/\",\"url\":\"https:\/\/www.ull.es\/portal\/noticias\/2024\/catedra-tecnoedu-entregara-24-octubre-iv-premios\/\",\"name\":\"La C\u00e1tedra TECNOEDU entregar\u00e1 sus premios el 24 de octubre\",\"isPartOf\":{\"@id\":\"https:\/\/www.ull.es\/portal\/noticias\/#website\"},\"datePublished\":\"2024-10-15T09:18:14+00:00\",\"dateModified\":\"2024-10-15T09:18:14+00:00\",\"author\":{\"@id\":\"https:\/\/www.ull.es\/portal\/noticias\/#\/schema\/person\/c3b2aa857797592927a03740d6664376\"},\"description\":\"Los galardones reconocen la innovaci\u00f3n con tecnolog\u00eda educativa en las aulas y fomentan proyectos para la mejora de la formaci\u00f3n con TIC.\",\"breadcrumb\":{\"@id\":\"https:\/\/www.ull.es\/portal\/noticias\/2024\/catedra-tecnoedu-entregara-24-octubre-iv-premios\/#breadcrumb\"},\"inLanguage\":\"es\",\"potentialAction\":[{\"@type\":\"ReadAction\",\"target\":[\"https:\/\/www.ull.es\/portal\/noticias\/2024\/catedra-tecnoedu-entregara-24-octubre-iv-premios\/\"]}]},{\"@type\":\"BreadcrumbList\",\"@id\":\"https:\/\/www.ull.es\/portal\/noticias\/2024\/catedra-tecnoedu-entregara-24-octubre-iv-premios\/#breadcrumb\",\"itemListElement\":[{\"@type\":\"ListItem\",\"position\":1,\"name\":\"Portada\",\"item\":\"https:\/\/www.ull.es\/portal\/noticias\/\"},{\"@type\":\"ListItem\",\"position\":2,\"name\":\"La C\u00e1tedra TECNOEDU entregar\u00e1 el 24 de octubre sus IV Premios a la Innovaci\u00f3n Educativa\"}]},{\"@type\":\"WebSite\",\"@id\":\"https:\/\/www.ull.es\/portal\/noticias\/#website\",\"url\":\"https:\/\/www.ull.es\/portal\/noticias\/\",\"name\":\"ULL - Noticias\",\"description\":\"\",\"potentialAction\":[{\"@type\":\"SearchAction\",\"target\":{\"@type\":\"EntryPoint\",\"urlTemplate\":\"https:\/\/www.ull.es\/portal\/noticias\/?s={search_term_string}\"},\"query-input\":\"required name=search_term_string\"}],\"inLanguage\":\"es\"},{\"@type\":\"Person\",\"@id\":\"https:\/\/www.ull.es\/portal\/noticias\/#\/schema\/person\/c3b2aa857797592927a03740d6664376\",\"name\":\"prensa2\",\"image\":{\"@type\":\"ImageObject\",\"inLanguage\":\"es\",\"@id\":\"https:\/\/www.ull.es\/portal\/noticias\/#\/schema\/person\/image\/\",\"url\":\"https:\/\/secure.gravatar.com\/avatar\/b58f310a5de5feb33d1e026d2493f23c?s=96&d=mm&r=g\",\"contentUrl\":\"https:\/\/secure.gravatar.com\/avatar\/b58f310a5de5feb33d1e026d2493f23c?s=96&d=mm&r=g\",\"caption\":\"prensa2\"},\"url\":\"https:\/\/www.ull.es\/portal\/noticias\/author\/prensa2\/\"}]}<\/script>\n<!-- \/ Yoast SEO plugin. -->","yoast_head_json":{"title":"La C\u00e1tedra TECNOEDU entregar\u00e1 sus premios el 24 de octubre","description":"Los galardones reconocen la innovaci\u00f3n con tecnolog\u00eda educativa en las aulas y fomentan proyectos para la mejora de la formaci\u00f3n con TIC.","robots":{"index":"index","follow":"follow","max-snippet":"max-snippet:-1","max-image-preview":"max-image-preview:large","max-video-preview":"max-video-preview:-1"},"canonical":"https:\/\/www.ull.es\/portal\/noticias\/2024\/catedra-tecnoedu-entregara-24-octubre-iv-premios\/","og_locale":"es_ES","og_type":"article","og_title":"La C\u00e1tedra TECNOEDU entregar\u00e1 sus premios el 24 de octubre","og_description":"Los galardones reconocen la innovaci\u00f3n con tecnolog\u00eda educativa en las aulas y fomentan proyectos para la mejora de la formaci\u00f3n con TIC.","og_url":"https:\/\/www.ull.es\/portal\/noticias\/2024\/catedra-tecnoedu-entregara-24-octubre-iv-premios\/","og_site_name":"ULL - Noticias","article_publisher":"https:\/\/www.facebook.com\/universidaddelalaguna\/","article_published_time":"2024-10-15T09:18:14+00:00","og_image":[{"width":1200,"height":675,"url":"https:\/\/www.ull.es\/portal\/noticias\/wp-content\/uploads\/sites\/13\/2024\/10\/iv-premios-tecnoedu.jpg","type":"image\/jpeg"}],"author":"prensa2","twitter_card":"summary_large_image","twitter_creator":"@CanalULL","twitter_site":"@CanalULL","twitter_misc":{"Escrito por":"prensa2","Tiempo de lectura":"2 minutos"},"schema":{"@context":"https:\/\/schema.org","@graph":[{"@type":"WebPage","@id":"https:\/\/www.ull.es\/portal\/noticias\/2024\/catedra-tecnoedu-entregara-24-octubre-iv-premios\/","url":"https:\/\/www.ull.es\/portal\/noticias\/2024\/catedra-tecnoedu-entregara-24-octubre-iv-premios\/","name":"La C\u00e1tedra TECNOEDU entregar\u00e1 sus premios el 24 de octubre","isPartOf":{"@id":"https:\/\/www.ull.es\/portal\/noticias\/#website"},"datePublished":"2024-10-15T09:18:14+00:00","dateModified":"2024-10-15T09:18:14+00:00","author":{"@id":"https:\/\/www.ull.es\/portal\/noticias\/#\/schema\/person\/c3b2aa857797592927a03740d6664376"},"description":"Los galardones reconocen la innovaci\u00f3n con tecnolog\u00eda educativa en las aulas y fomentan proyectos para la mejora de la formaci\u00f3n con TIC.","breadcrumb":{"@id":"https:\/\/www.ull.es\/portal\/noticias\/2024\/catedra-tecnoedu-entregara-24-octubre-iv-premios\/#breadcrumb"},"inLanguage":"es","potentialAction":[{"@type":"ReadAction","target":["https:\/\/www.ull.es\/portal\/noticias\/2024\/catedra-tecnoedu-entregara-24-octubre-iv-premios\/"]}]},{"@type":"BreadcrumbList","@id":"https:\/\/www.ull.es\/portal\/noticias\/2024\/catedra-tecnoedu-entregara-24-octubre-iv-premios\/#breadcrumb","itemListElement":[{"@type":"ListItem","position":1,"name":"Portada","item":"https:\/\/www.ull.es\/portal\/noticias\/"},{"@type":"ListItem","position":2,"name":"La C\u00e1tedra TECNOEDU entregar\u00e1 el 24 de octubre sus IV Premios a la Innovaci\u00f3n Educativa"}]},{"@type":"WebSite","@id":"https:\/\/www.ull.es\/portal\/noticias\/#website","url":"https:\/\/www.ull.es\/portal\/noticias\/","name":"ULL - Noticias","description":"","potentialAction":[{"@type":"SearchAction","target":{"@type":"EntryPoint","urlTemplate":"https:\/\/www.ull.es\/portal\/noticias\/?s={search_term_string}"},"query-input":"required name=search_term_string"}],"inLanguage":"es"},{"@type":"Person","@id":"https:\/\/www.ull.es\/portal\/noticias\/#\/schema\/person\/c3b2aa857797592927a03740d6664376","name":"prensa2","image":{"@type":"ImageObject","inLanguage":"es","@id":"https:\/\/www.ull.es\/portal\/noticias\/#\/schema\/person\/image\/","url":"https:\/\/secure.gravatar.com\/avatar\/b58f310a5de5feb33d1e026d2493f23c?s=96&d=mm&r=g","contentUrl":"https:\/\/secure.gravatar.com\/avatar\/b58f310a5de5feb33d1e026d2493f23c?s=96&d=mm&r=g","caption":"prensa2"},"url":"https:\/\/www.ull.es\/portal\/noticias\/author\/prensa2\/"}]}},"primary_category":{"id":345,"name":"Destacado","slug":"destacado","link":"https:\/\/www.ull.es\/portal\/noticias\/category\/destacado\/"},"featured_image_thumbnail_url":"https:\/\/www.ull.es\/portal\/noticias\/wp-content\/uploads\/sites\/13\/2024\/10\/iv-premios-tecnoedu-300x169.jpg","_links":{"self":[{"href":"https:\/\/www.ull.es\/portal\/noticias\/wp-json\/wp\/v2\/posts\/78096"}],"collection":[{"href":"https:\/\/www.ull.es\/portal\/noticias\/wp-json\/wp\/v2\/posts"}],"about":[{"href":"https:\/\/www.ull.es\/portal\/noticias\/wp-json\/wp\/v2\/types\/post"}],"author":[{"embeddable":true,"href":"https:\/\/www.ull.es\/portal\/noticias\/wp-json\/wp\/v2\/users\/21"}],"replies":[{"embeddable":true,"href":"https:\/\/www.ull.es\/portal\/noticias\/wp-json\/wp\/v2\/comments?post=78096"}],"version-history":[{"count":1,"href":"https:\/\/www.ull.es\/portal\/noticias\/wp-json\/wp\/v2\/posts\/78096\/revisions"}],"predecessor-version":[{"id":78098,"href":"https:\/\/www.ull.es\/portal\/noticias\/wp-json\/wp\/v2\/posts\/78096\/revisions\/78098"}],"wp:featuredmedia":[{"embeddable":true,"href":"https:\/\/www.ull.es\/portal\/noticias\/wp-json\/wp\/v2\/media\/78097"}],"wp:attachment":[{"href":"https:\/\/www.ull.es\/portal\/noticias\/wp-json\/wp\/v2\/media?parent=78096"}],"wp:term":[{"taxonomy":"category","embeddable":true,"href":"https:\/\/www.ull.es\/portal\/noticias\/wp-json\/wp\/v2\/categories?post=78096"},{"taxonomy":"post_tag","embeddable":true,"href":"https:\/\/www.ull.es\/portal\/noticias\/wp-json\/wp\/v2\/tags?post=78096"}],"curies":[{"name":"wp","href":"https:\/\/api.w.org\/{rel}","templated":true}]}}