{"id":78139,"date":"2024-10-15T14:48:01","date_gmt":"2024-10-15T14:48:01","guid":{"rendered":"https:\/\/www.ull.es\/portal\/noticias\/?p=78139"},"modified":"2024-10-15T19:20:09","modified_gmt":"2024-10-15T19:20:09","slug":"el-claustro-rechaza-la-propuesta-de-ley-de-los-consejos-sociales-por-injerencia-en-la-autonomia-universitaria","status":"publish","type":"post","link":"https:\/\/www.ull.es\/portal\/noticias\/2024\/el-claustro-rechaza-la-propuesta-de-ley-de-los-consejos-sociales-por-injerencia-en-la-autonomia-universitaria\/","title":{"rendered":"El Claustro rechaza la propuesta de ley de los consejos sociales por injerencia en la autonom\u00eda universitaria"},"content":{"rendered":"<p>El Claustro de la Universidad de La Laguna ha celebrado hoy 15 de octubre una sesi\u00f3n ordinaria para debatir, entre otros asuntos, su posicionamiento acerca de la propuesta de ley auton\u00f3mica que modifica las funciones de los consejos sociales. Y su respuesta ha sido clara: rechazo frontal a un texto que, en opini\u00f3n de todos los intervinientes, socava la autonom\u00eda universitaria y arroga al \u00f3rgano objeto de modificaci\u00f3n normativa unas competencias que exceden sobremanera lo indicado en la propia Ley Org\u00e1nica del Sistema Universitario (LOSU).<\/p>\n<p>El informe inicial sobre esta materia fue presentado por el secretario general de la instituci\u00f3n acad\u00e9mica, Juan Antonio Garc\u00eda, quien explic\u00f3 que la admisi\u00f3n a tr\u00e1mite de esta propuesta de modificaci\u00f3n de la ley 11\/2003 fue asumida por todos los grupos parlamentarios del parlamento canario, salvo Vox, y que se encuentra en estos momentos en fase de presentaci\u00f3n de enmiendas.<\/p>\n<p>\u201cA nadie se le ocurrir\u00eda que una norma auton\u00f3mica pueda imponer un determinado modo de gobierno a las universidades, porque no tiene competencias para ello\u201d, sentenci\u00f3 el secretario general en su intervenci\u00f3n inicial sobre este asunto. A ello se a\u00f1ade que el Consejo Social no expresa la autonom\u00eda universitaria, de la que solo es titular la propia comunidad universitaria, a\u00f1adi\u00f3.<\/p>\n<p>Entre los aspectos controvertidos del texto que discute ahora el Parlamento regional, es que reconoce una actividad convencional y contractual al Consejo Social, cuestionando la personalidad jur\u00eddica \u00fanica de la universidad, que es quien tiene la capacidad para contratar, precis\u00f3 Garc\u00eda. Adem\u00e1s, en cuanto a gobernanza, mediatiza la posici\u00f3n del Consejo de Gobierno de la universidad, ya que propone que el Consejo Social tenga que informar favorablemente muchas cuestiones antes de su traslado al \u00f3rgano ordinario de gobierno de la instituci\u00f3n universitaria.<\/p>\n<div id=\"attachment_78140\" style=\"width: 310px\" class=\"wp-caption alignleft\"><a href=\"https:\/\/www.ull.es\/portal\/noticias\/wp-content\/uploads\/sites\/13\/2024\/10\/Claustro-15-10-22.jpg\" target=\"_blank\" rel=\"noopener\"><img aria-describedby=\"caption-attachment-78140\" decoding=\"async\" loading=\"lazy\" class=\"size-medium wp-image-78140\" src=\"https:\/\/www.ull.es\/portal\/noticias\/wp-content\/uploads\/sites\/13\/2024\/10\/Claustro-15-10-22-300x200.jpg\" alt=\"\" width=\"300\" height=\"200\" srcset=\"https:\/\/www.ull.es\/portal\/noticias\/wp-content\/uploads\/sites\/13\/2024\/10\/Claustro-15-10-22-300x200.jpg 300w, https:\/\/www.ull.es\/portal\/noticias\/wp-content\/uploads\/sites\/13\/2024\/10\/Claustro-15-10-22-1024x683.jpg 1024w, https:\/\/www.ull.es\/portal\/noticias\/wp-content\/uploads\/sites\/13\/2024\/10\/Claustro-15-10-22-768x512.jpg 768w, https:\/\/www.ull.es\/portal\/noticias\/wp-content\/uploads\/sites\/13\/2024\/10\/Claustro-15-10-22-375x250.jpg 375w, https:\/\/www.ull.es\/portal\/noticias\/wp-content\/uploads\/sites\/13\/2024\/10\/Claustro-15-10-22-750x500.jpg 750w, https:\/\/www.ull.es\/portal\/noticias\/wp-content\/uploads\/sites\/13\/2024\/10\/Claustro-15-10-22-1140x760.jpg 1140w, https:\/\/www.ull.es\/portal\/noticias\/wp-content\/uploads\/sites\/13\/2024\/10\/Claustro-15-10-22.jpg 1200w\" sizes=\"(max-width: 300px) 100vw, 300px\" \/><\/a><p id=\"caption-attachment-78140\" class=\"wp-caption-text\">Imagen de la sesi\u00f3n, que tambi\u00e9n pudo seguirse online.<\/p><\/div>\n<p>Adem\u00e1s, la propuesta legislativa auton\u00f3mica paraliza el procedimiento administrativo hasta que no se produce el pronunciamiento del Consejo Social en muchas materias. Igualmente, a juicio del secretario general, ampl\u00eda de manera excesiva el \u00e1mbito en el que el este \u00f3rgano puede adoptar decisiones, en algunos casos superando lo que recoge la propia LOSU, y atentando contra el Consejo de Gobierno como \u00f3rgano supremo de gobernanza universitaria.<\/p>\n<p>\u201cEl Consejo Social es el \u00f3rgano que aprueba los presupuestos de la universidad, pero en esta propuesta se despliega como tercera parte en la negociaci\u00f3n de muchos instrumentos de car\u00e1cter financiero, involucr\u00e1ndose en la gesti\u00f3n econ\u00f3mica de la universidad, mucho m\u00e1s all\u00e1 de lo que le autoriza la propia ley org\u00e1nica, y ralentizando la toma de decisiones diarias de la propia universidad\u201d, esgrimi\u00f3 el secretario general en su explicaci\u00f3n sobre esta materia.<\/p>\n<p>El texto adem\u00e1s le da competencia en la aprobaci\u00f3n de todos los precios p\u00fablicos de actividades de todo tipo e impone adem\u00e1s un modelo de intervenci\u00f3n que no figura en la LOSU. \u201cDe ser aprobado, el Consejo Social se convertir\u00eda en un \u00f3rgano paralelo a la propia universidad, organizando cursos, proponiendo formaci\u00f3n, etc. Esta propuesta no es que sea un texto de m\u00e1ximos, que lo es, sino que vulnera de manera patente la autonom\u00eda universitaria\u201d, concluy\u00f3.<\/p>\n<p>El propio rector, Francisco Garc\u00eda, indic\u00f3 que \u201cla autonom\u00eda universitaria no es un privilegio, sino un espacio de libertad y de neutralidad frente a los poderes econ\u00f3micos, que se vulnera con esta propuesta de ley, dificultando adem\u00e1s la toma de decisiones dentro de la instituci\u00f3n\u201d. Asimismo, indic\u00f3 que \u201cuna de las dimensiones claves de la autonom\u00eda universitaria es la autonom\u00eda financiera\u201d, aspecto que sigue pendiente en Canarias de la creaci\u00f3n de un contrato programa, que de estabilidad a las dos universidades p\u00fablicas, lo cual vienen adem\u00e1s recogido en la LOSU. En este mismo sentido, tambi\u00e9n la norma universitaria obliga a incrementar la financiaci\u00f3n de las universidades hasta el 1% del PIB, situ\u00e1ndose las universidades canarias en apenas la mitad de ese objetivo.<\/p>\n<p><strong>Un \u2018no\u2019 tajante<\/strong><\/p>\n<p>Los grupos claustrales tuvieron ocasi\u00f3n de intervenir para pronunciarse en este punto, y lo hicieron de forma muy cr\u00edtica con la propuesta de ley, que excede en muchos puntos la autonom\u00eda universitaria. Libertad Estudiantil se\u00f1al\u00f3 que esta propuesta le produce una \u201cpreocupaci\u00f3n profunda\u201d. \u201cNo se nos puede arrebatar nuestro derecho a decidir\u201d, afirmaron, al tiempo que sostuvieron que \u201cla autonom\u00eda universitaria no se negocia\u201d. Los estudiantes se\u00f1alaron que \u201cla universidad no es de los consejos sociales, es de sus estudiantes, de su profesorado y de su personal t\u00e9cnico y de gesti\u00f3n\u201d.<\/p>\n<p>Del mismo tenor fue la opini\u00f3n de la Asociaci\u00f3n Canaria de Estudiantes (ACE), que de nuevo vio la autonom\u00eda universitaria -calificada como legado inquebrantable- amenazada por esta propuesta de ley, \u201cintroduciendo en el gobierno a agentes externos para subyugar los intereses de la universidad a intereses for\u00e1neos\u201d. Este colectivo afirm\u00f3 que es la autonom\u00eda universitaria lo que permite el pensamiento cr\u00edtico y la independencia de la instituci\u00f3n.<\/p>\n<p>Red de Participaci\u00f3n Universitaria, del sector del profesorado, manifest\u00f3 su \u201csorpresa y disgusto\u201d por el hecho de que la propuesta venga presentada por casi todos los grupos parlamentarios, lo que a su juicio demuestra una profunda ignorancia del sistema universitario. \u201cLos consejos sociales no han cumplido con su misi\u00f3n desde que fueron creados, y esta propuesta no va en la l\u00ednea de dotarlos de verdaderas funciones, porque lo que hace es ahondar en la invasi\u00f3n de la autonom\u00eda universitaria\u201d, que no es el objetivo que le corresponde, indicaron, en vez de ahondar en la mejor financiaci\u00f3n de las universidades o su integraci\u00f3n con la sociedad. \u201cNo solo es una amenaza, es una oportunidad perdida para hacer las cosas mejor\u201d.<\/p>\n<p>Por su parte, el grupo claustral de alumnado Nexo tambi\u00e9n se manifest\u00f3 contrario, pidiendo a los parlamentarios que lleven a cabo una \u201cescucha activa\u201d. Renovaci\u00f3n Convergente, del profesorado, se pronunci\u00f3 en el mismo sentido. \u201cSomos universidad y la defenderemos\u201d, dijeron. \u201cSaquen sus manos pol\u00edticas de la universidad y cu\u00eddenla\u201d, a\u00f1adi\u00f3.<\/p>\n<p>Por \u00faltimo, Programa Alternativo para el Profesorado tambi\u00e9n aleg\u00f3 que esta propuesta vulnera la capacidad de la universidad para ejercer el pensamiento cr\u00edtico y la capacidad de innovaci\u00f3n de las instituciones de educaci\u00f3n superior. Se\u00f1al\u00f3 que las universidades que gozan de mayores cotas de independencia tiene mejores resultados de excelencia acad\u00e9mica e investigadora, dado que el autogobierno bien equilibrado genera riqueza social. Este texto se arroga competencias de la ley org\u00e1nica, algo que jur\u00eddicamente es un contrasentido, a\u00f1adieron. \u201cNing\u00fan \u00f3rgano externo a la universidad puede gobernar por ella, por lo que instamos al Parlamento de Canarias a tener en cuenta la opini\u00f3n de las universidades para garantizar la autonom\u00eda universitaria\u201d.<\/p>\n<p><strong>Reforma estatutaria<\/strong><\/p>\n<p>El Claustro de la Universidad de La Laguna tambi\u00e9n conoci\u00f3 en la sesi\u00f3n de hoy un borrador de anteproyecto que actuar\u00eda como punto de partida en la necesaria reforma estatutaria para su adaptaci\u00f3n a la LOSU. Presentado por el secretario general, respondiendo a un encargo de la Comisi\u00f3n de Asuntos Institucionales del propio Claustro, el texto se configur\u00f3 como un documento de m\u00ednimos, para cumplir con la normativa.<\/p>\n<p>Sometida a consideraci\u00f3n esta propuesta, a pesar de que obtuvo un apoyo mayoritario, no fue suficientemente amplio para alcanzar la mayor\u00eda cualificada para acometer ahora el proceso. Por ello, en la medida en que el Claustro celebrar\u00e1 elecciones para renovar su composici\u00f3n en las pr\u00f3ximas fechas, se decidi\u00f3 esperar a la conclusi\u00f3n de ese proceso electoral para acometer esa tarea. Todo ello, teniendo en cuenta que la normativa prev\u00e9 que la ficha l\u00edmite para finalizar dicha reforma se extiende hasta abril de 2026.<\/p>\n","protected":false},"excerpt":{"rendered":"<p>El Claustro de la Universidad de La Laguna ha celebrado hoy 15 de octubre una sesi\u00f3n ordinaria para debatir, entre&#8230;<\/p>\n","protected":false},"author":23,"featured_media":78141,"comment_status":"closed","ping_status":"closed","sticky":false,"template":"","format":"standard","meta":{"inline_featured_image":false,"footnotes":""},"categories":[345,347,2765],"tags":[],"acf":[],"yoast_head":"<!-- This site is optimized with the Yoast SEO plugin v21.3 - https:\/\/yoast.com\/wordpress\/plugins\/seo\/ -->\n<title>El Claustro rechaza la propuesta de ley de los consejos sociales por injerencia en la autonom\u00eda universitaria - ULL - Noticias<\/title>\n<meta name=\"robots\" content=\"index, follow, max-snippet:-1, max-image-preview:large, max-video-preview:-1\" \/>\n<link rel=\"canonical\" href=\"https:\/\/www.ull.es\/portal\/noticias\/2024\/el-claustro-rechaza-la-propuesta-de-ley-de-los-consejos-sociales-por-injerencia-en-la-autonomia-universitaria\/\" \/>\n<meta property=\"og:locale\" content=\"es_ES\" \/>\n<meta property=\"og:type\" content=\"article\" \/>\n<meta property=\"og:title\" content=\"El Claustro rechaza la propuesta de ley de los consejos sociales por injerencia en la autonom\u00eda universitaria - ULL - Noticias\" \/>\n<meta property=\"og:description\" content=\"El Claustro de la Universidad de La Laguna ha celebrado hoy 15 de octubre una sesi\u00f3n ordinaria para debatir, entre...\" \/>\n<meta property=\"og:url\" content=\"https:\/\/www.ull.es\/portal\/noticias\/2024\/el-claustro-rechaza-la-propuesta-de-ley-de-los-consejos-sociales-por-injerencia-en-la-autonomia-universitaria\/\" \/>\n<meta property=\"og:site_name\" content=\"ULL - Noticias\" \/>\n<meta property=\"article:publisher\" content=\"https:\/\/www.facebook.com\/universidaddelalaguna\/\" \/>\n<meta property=\"article:published_time\" content=\"2024-10-15T14:48:01+00:00\" \/>\n<meta property=\"article:modified_time\" content=\"2024-10-15T19:20:09+00:00\" \/>\n<meta property=\"og:image\" content=\"https:\/\/www.ull.es\/portal\/noticias\/wp-content\/uploads\/sites\/13\/2024\/10\/Claustro-15-10-02-1.jpg\" \/>\n\t<meta property=\"og:image:width\" content=\"1200\" \/>\n\t<meta property=\"og:image:height\" content=\"800\" \/>\n\t<meta property=\"og:image:type\" content=\"image\/jpeg\" \/>\n<meta name=\"author\" content=\"gaprsa\" \/>\n<meta name=\"twitter:card\" content=\"summary_large_image\" \/>\n<meta name=\"twitter:creator\" content=\"@CanalULL\" \/>\n<meta name=\"twitter:site\" content=\"@CanalULL\" \/>\n<meta name=\"twitter:label1\" content=\"Escrito por\" \/>\n\t<meta name=\"twitter:data1\" content=\"gaprsa\" \/>\n\t<meta name=\"twitter:label2\" content=\"Tiempo de lectura\" \/>\n\t<meta name=\"twitter:data2\" content=\"6 minutos\" \/>\n<script type=\"application\/ld+json\" class=\"yoast-schema-graph\">{\"@context\":\"https:\/\/schema.org\",\"@graph\":[{\"@type\":\"WebPage\",\"@id\":\"https:\/\/www.ull.es\/portal\/noticias\/2024\/el-claustro-rechaza-la-propuesta-de-ley-de-los-consejos-sociales-por-injerencia-en-la-autonomia-universitaria\/\",\"url\":\"https:\/\/www.ull.es\/portal\/noticias\/2024\/el-claustro-rechaza-la-propuesta-de-ley-de-los-consejos-sociales-por-injerencia-en-la-autonomia-universitaria\/\",\"name\":\"El Claustro rechaza la propuesta de ley de los consejos sociales por injerencia en la autonom\u00eda universitaria - ULL - Noticias\",\"isPartOf\":{\"@id\":\"https:\/\/www.ull.es\/portal\/noticias\/#website\"},\"datePublished\":\"2024-10-15T14:48:01+00:00\",\"dateModified\":\"2024-10-15T19:20:09+00:00\",\"author\":{\"@id\":\"https:\/\/www.ull.es\/portal\/noticias\/#\/schema\/person\/b2b1a89d43ffa609e591f7df8ef3e817\"},\"breadcrumb\":{\"@id\":\"https:\/\/www.ull.es\/portal\/noticias\/2024\/el-claustro-rechaza-la-propuesta-de-ley-de-los-consejos-sociales-por-injerencia-en-la-autonomia-universitaria\/#breadcrumb\"},\"inLanguage\":\"es\",\"potentialAction\":[{\"@type\":\"ReadAction\",\"target\":[\"https:\/\/www.ull.es\/portal\/noticias\/2024\/el-claustro-rechaza-la-propuesta-de-ley-de-los-consejos-sociales-por-injerencia-en-la-autonomia-universitaria\/\"]}]},{\"@type\":\"BreadcrumbList\",\"@id\":\"https:\/\/www.ull.es\/portal\/noticias\/2024\/el-claustro-rechaza-la-propuesta-de-ley-de-los-consejos-sociales-por-injerencia-en-la-autonomia-universitaria\/#breadcrumb\",\"itemListElement\":[{\"@type\":\"ListItem\",\"position\":1,\"name\":\"Portada\",\"item\":\"https:\/\/www.ull.es\/portal\/noticias\/\"},{\"@type\":\"ListItem\",\"position\":2,\"name\":\"El Claustro rechaza la propuesta de ley de los consejos sociales por injerencia en la autonom\u00eda universitaria\"}]},{\"@type\":\"WebSite\",\"@id\":\"https:\/\/www.ull.es\/portal\/noticias\/#website\",\"url\":\"https:\/\/www.ull.es\/portal\/noticias\/\",\"name\":\"ULL - Noticias\",\"description\":\"\",\"potentialAction\":[{\"@type\":\"SearchAction\",\"target\":{\"@type\":\"EntryPoint\",\"urlTemplate\":\"https:\/\/www.ull.es\/portal\/noticias\/?s={search_term_string}\"},\"query-input\":\"required name=search_term_string\"}],\"inLanguage\":\"es\"},{\"@type\":\"Person\",\"@id\":\"https:\/\/www.ull.es\/portal\/noticias\/#\/schema\/person\/b2b1a89d43ffa609e591f7df8ef3e817\",\"name\":\"gaprsa\",\"image\":{\"@type\":\"ImageObject\",\"inLanguage\":\"es\",\"@id\":\"https:\/\/www.ull.es\/portal\/noticias\/#\/schema\/person\/image\/\",\"url\":\"https:\/\/secure.gravatar.com\/avatar\/443820550921091458b4823867723b3d?s=96&d=mm&r=g\",\"contentUrl\":\"https:\/\/secure.gravatar.com\/avatar\/443820550921091458b4823867723b3d?s=96&d=mm&r=g\",\"caption\":\"gaprsa\"},\"url\":\"https:\/\/www.ull.es\/portal\/noticias\/author\/gaprsa\/\"}]}<\/script>\n<!-- \/ Yoast SEO plugin. -->","yoast_head_json":{"title":"El Claustro rechaza la propuesta de ley de los consejos sociales por injerencia en la autonom\u00eda universitaria - ULL - Noticias","robots":{"index":"index","follow":"follow","max-snippet":"max-snippet:-1","max-image-preview":"max-image-preview:large","max-video-preview":"max-video-preview:-1"},"canonical":"https:\/\/www.ull.es\/portal\/noticias\/2024\/el-claustro-rechaza-la-propuesta-de-ley-de-los-consejos-sociales-por-injerencia-en-la-autonomia-universitaria\/","og_locale":"es_ES","og_type":"article","og_title":"El Claustro rechaza la propuesta de ley de los consejos sociales por injerencia en la autonom\u00eda universitaria - ULL - Noticias","og_description":"El Claustro de la Universidad de La Laguna ha celebrado hoy 15 de octubre una sesi\u00f3n ordinaria para debatir, entre...","og_url":"https:\/\/www.ull.es\/portal\/noticias\/2024\/el-claustro-rechaza-la-propuesta-de-ley-de-los-consejos-sociales-por-injerencia-en-la-autonomia-universitaria\/","og_site_name":"ULL - Noticias","article_publisher":"https:\/\/www.facebook.com\/universidaddelalaguna\/","article_published_time":"2024-10-15T14:48:01+00:00","article_modified_time":"2024-10-15T19:20:09+00:00","og_image":[{"width":1200,"height":800,"url":"https:\/\/www.ull.es\/portal\/noticias\/wp-content\/uploads\/sites\/13\/2024\/10\/Claustro-15-10-02-1.jpg","type":"image\/jpeg"}],"author":"gaprsa","twitter_card":"summary_large_image","twitter_creator":"@CanalULL","twitter_site":"@CanalULL","twitter_misc":{"Escrito por":"gaprsa","Tiempo de lectura":"6 minutos"},"schema":{"@context":"https:\/\/schema.org","@graph":[{"@type":"WebPage","@id":"https:\/\/www.ull.es\/portal\/noticias\/2024\/el-claustro-rechaza-la-propuesta-de-ley-de-los-consejos-sociales-por-injerencia-en-la-autonomia-universitaria\/","url":"https:\/\/www.ull.es\/portal\/noticias\/2024\/el-claustro-rechaza-la-propuesta-de-ley-de-los-consejos-sociales-por-injerencia-en-la-autonomia-universitaria\/","name":"El Claustro rechaza la propuesta de ley de los consejos sociales por injerencia en la autonom\u00eda universitaria - ULL - Noticias","isPartOf":{"@id":"https:\/\/www.ull.es\/portal\/noticias\/#website"},"datePublished":"2024-10-15T14:48:01+00:00","dateModified":"2024-10-15T19:20:09+00:00","author":{"@id":"https:\/\/www.ull.es\/portal\/noticias\/#\/schema\/person\/b2b1a89d43ffa609e591f7df8ef3e817"},"breadcrumb":{"@id":"https:\/\/www.ull.es\/portal\/noticias\/2024\/el-claustro-rechaza-la-propuesta-de-ley-de-los-consejos-sociales-por-injerencia-en-la-autonomia-universitaria\/#breadcrumb"},"inLanguage":"es","potentialAction":[{"@type":"ReadAction","target":["https:\/\/www.ull.es\/portal\/noticias\/2024\/el-claustro-rechaza-la-propuesta-de-ley-de-los-consejos-sociales-por-injerencia-en-la-autonomia-universitaria\/"]}]},{"@type":"BreadcrumbList","@id":"https:\/\/www.ull.es\/portal\/noticias\/2024\/el-claustro-rechaza-la-propuesta-de-ley-de-los-consejos-sociales-por-injerencia-en-la-autonomia-universitaria\/#breadcrumb","itemListElement":[{"@type":"ListItem","position":1,"name":"Portada","item":"https:\/\/www.ull.es\/portal\/noticias\/"},{"@type":"ListItem","position":2,"name":"El Claustro rechaza la propuesta de ley de los consejos sociales por injerencia en la autonom\u00eda universitaria"}]},{"@type":"WebSite","@id":"https:\/\/www.ull.es\/portal\/noticias\/#website","url":"https:\/\/www.ull.es\/portal\/noticias\/","name":"ULL - Noticias","description":"","potentialAction":[{"@type":"SearchAction","target":{"@type":"EntryPoint","urlTemplate":"https:\/\/www.ull.es\/portal\/noticias\/?s={search_term_string}"},"query-input":"required name=search_term_string"}],"inLanguage":"es"},{"@type":"Person","@id":"https:\/\/www.ull.es\/portal\/noticias\/#\/schema\/person\/b2b1a89d43ffa609e591f7df8ef3e817","name":"gaprsa","image":{"@type":"ImageObject","inLanguage":"es","@id":"https:\/\/www.ull.es\/portal\/noticias\/#\/schema\/person\/image\/","url":"https:\/\/secure.gravatar.com\/avatar\/443820550921091458b4823867723b3d?s=96&d=mm&r=g","contentUrl":"https:\/\/secure.gravatar.com\/avatar\/443820550921091458b4823867723b3d?s=96&d=mm&r=g","caption":"gaprsa"},"url":"https:\/\/www.ull.es\/portal\/noticias\/author\/gaprsa\/"}]}},"primary_category":{"id":345,"name":"Destacado","slug":"destacado","link":"https:\/\/www.ull.es\/portal\/noticias\/category\/destacado\/"},"featured_image_thumbnail_url":"https:\/\/www.ull.es\/portal\/noticias\/wp-content\/uploads\/sites\/13\/2024\/10\/Claustro-15-10-02-1-300x200.jpg","_links":{"self":[{"href":"https:\/\/www.ull.es\/portal\/noticias\/wp-json\/wp\/v2\/posts\/78139"}],"collection":[{"href":"https:\/\/www.ull.es\/portal\/noticias\/wp-json\/wp\/v2\/posts"}],"about":[{"href":"https:\/\/www.ull.es\/portal\/noticias\/wp-json\/wp\/v2\/types\/post"}],"author":[{"embeddable":true,"href":"https:\/\/www.ull.es\/portal\/noticias\/wp-json\/wp\/v2\/users\/23"}],"replies":[{"embeddable":true,"href":"https:\/\/www.ull.es\/portal\/noticias\/wp-json\/wp\/v2\/comments?post=78139"}],"version-history":[{"count":3,"href":"https:\/\/www.ull.es\/portal\/noticias\/wp-json\/wp\/v2\/posts\/78139\/revisions"}],"predecessor-version":[{"id":78148,"href":"https:\/\/www.ull.es\/portal\/noticias\/wp-json\/wp\/v2\/posts\/78139\/revisions\/78148"}],"wp:featuredmedia":[{"embeddable":true,"href":"https:\/\/www.ull.es\/portal\/noticias\/wp-json\/wp\/v2\/media\/78141"}],"wp:attachment":[{"href":"https:\/\/www.ull.es\/portal\/noticias\/wp-json\/wp\/v2\/media?parent=78139"}],"wp:term":[{"taxonomy":"category","embeddable":true,"href":"https:\/\/www.ull.es\/portal\/noticias\/wp-json\/wp\/v2\/categories?post=78139"},{"taxonomy":"post_tag","embeddable":true,"href":"https:\/\/www.ull.es\/portal\/noticias\/wp-json\/wp\/v2\/tags?post=78139"}],"curies":[{"name":"wp","href":"https:\/\/api.w.org\/{rel}","templated":true}]}}