{"id":78160,"date":"2024-10-16T10:10:57","date_gmt":"2024-10-16T10:10:57","guid":{"rendered":"https:\/\/www.ull.es\/portal\/noticias\/?p=78160"},"modified":"2024-10-16T11:34:13","modified_gmt":"2024-10-16T11:34:13","slug":"cinco-grupos-competiran-en-ull-rock-por-el-xix-premio-de-musica-de-la-universidad-de-la-laguna","status":"publish","type":"post","link":"https:\/\/www.ull.es\/portal\/noticias\/2024\/cinco-grupos-competiran-en-ull-rock-por-el-xix-premio-de-musica-de-la-universidad-de-la-laguna\/","title":{"rendered":"Cinco grupos competir\u00e1n en ULL Rock por el XIX Premio de M\u00fasica de la Universidad de La Laguna"},"content":{"rendered":"<p>La Universidad de La Laguna celebrar\u00e1 el pr\u00f3ximo s\u00e1bado, 19 de octubre, a partir de las 20:30 horas en el Aguere Cultural, el festival <a href=\"https:\/\/www.ull.es\/portal\/agenda\/evento\/ullrock-xix-premio-de-musica-de-la-universidad-de-la-laguna\/\" target=\"_blank\" rel=\"noopener\">ULL Rock<\/a>, que sirve como final del XIX Premio de la M\u00fasica de la instituci\u00f3n acad\u00e9mica. Las bandas Amak\u00f3, Muda, Supergigante, Viva Le PoP y Xebeche ofrecer\u00e1n una actuaci\u00f3n de media hora cada una y a su t\u00e9rmino, el jurado anunciar\u00e1 a la ganadora seg\u00fan lo visto en el escenario. Durante la deliberaci\u00f3n actuar\u00e1 Eric B\u00f6elle, ganador de la edici\u00f3n anterior. La entrada a la velada ser\u00e1 gratuita hasta completar el aforo de la sala<\/p>\n<p>El <a href=\"https:\/\/www.ull.es\/portal\/convocatorias\/convocatoria\/xix-premio-de-musica-de-la-universidad-de-la-laguna-2024\/\" target=\"_blank\" rel=\"noopener\">XIX Premio de M\u00fasica<\/a> de la Universidad de La Laguna est\u00e1 dotado con un primer premio de 1.400 \u20ac y un segundo de 600 \u20ac, y los grupos participantes en la final han sido preseleccionados por el jurado a partir de los temas musicales que remitieron hasta finales de mayo en formato digital como parte de su candidatura.<\/p>\n<p>El jurado est\u00e1 integrado por la music\u00f3loga de la Universidad de La Laguna Sara Arenillas, que lo preside; el cantautor Sito Morales; la cantante Cristina Ru\u00edz y la gestora cultural de la universidad Beatriz Mart\u00edn de la Rosa, en calidad de secretaria, con voz pero sin voto. En su juicio tendr\u00e1 en cuenta cuatro criterios: calidad interpretativa, composiciones propias e in\u00e9ditas, creatividad y originalidad, y puesta en escena.<\/p>\n<p>Pese a su denominaci\u00f3n, ULL Rock y el concurso de m\u00fasica del cual se deriva est\u00e1n abiertos a todos los estilos de m\u00fasica urbana y contempor\u00e1nea, no solamente rock, con la condici\u00f3n de que las personas participantes sean residentes en Tenerife.<\/p>\n<p><strong>Participantes<\/strong><\/p>\n<p><a href=\"https:\/\/www.amakomusic.org\/\" target=\"_blank\" rel=\"noopener\">Amak\u00f3<\/a> nace de la uni\u00f3n de dos m\u00fasicos de largo recorrido: Ellen O y To\u00f1ako Ix\u00e2h. Su obra mezcla g\u00e9neros como el soul, funk, reggae, flamenco y la m\u00fasica \u00e9tnica. Con una idea en com\u00fan sobre la conciencia, transformaci\u00f3n y evoluci\u00f3n, comprenden la m\u00fasica como una entidad sanadora, tanto para el ejecutante como para el oyente. Recientemente ha realizado una gira por Alemania y sus diversas actuaciones por las Islas Canarias, y actualmente trabaja en proyectos futuros hacia la Pen\u00ednsula, \u00c1frica y el resto de Europa.<\/p>\n<p><a href=\"https:\/\/linktr.ee\/muda_\" target=\"_blank\" rel=\"noopener\">Muda<\/a> se cre\u00f3 en 2021 durante la pandemia con piezas instrumentales breves. Su nombre simboliza una pausa frente al exceso de palabras. Con Cristo en la guitarra y Cas en la bater\u00eda, revelan sus influencias mencionando bandas como The Mistake, Milk Fiction, 466\/64 o We Were Heading North, que han marcado su trayectoria en las \u00faltimas tres d\u00e9cadas. Actualmente, se encuentra trabajando en su segundo disco, que esperan lanzar a finales de 2024. El pr\u00f3ximo el 17 de febrero en actuar\u00e1n en Brooklyn.<\/p>\n<p><a href=\"https:\/\/supergigante.bandcamp.com\/album\/espacios-infinitos\" target=\"_blank\" rel=\"noopener\">Supergigante<\/a> es el proyecto personal de Eduardo Valc\u00e1rcel, que nace en el 2012 entre Madrid y Tenerife. Actualmente la banda la completan a la bater\u00eda Nico Dorta, N\u00e9stor P\u00e9rez a la guitarra y Ra\u00fal Megolla al bajo, todos con una carrera previa en diferentes bandas y proyectos musicales. Han editado el EP \u201cCris\u00e1lida\u201d en 2012, el LP \u201cEspacios infinitos\u201d en 2014 y est\u00e1 prevista la aparici\u00f3n de \u201cCamino de Eros\u201d a final de a\u00f1o. Sus canciones directas referencian al rock brit\u00e1nico, el grunge y la m\u00fasica independiente.<\/p>\n<p><a href=\"https:\/\/vivalepop.bandcamp.com\/\" target=\"_blank\" rel=\"noopener\">Vivalepop<\/a> es una iniciativa de PowerPop que si bien es relativamente reciente, comenz\u00f3 a fraguarse hace ya un tiempo en Madrid por la relaci\u00f3n de sus integrantes, todos ellos m\u00fasicos vinculados anteriormente a otras bandas de la escena canaria: Pablo Llanos (voz y guitarra), H\u00e9ctor Navas (Bater\u00eda) y David Rodr\u00edguez (bajista y coros).<\/p>\n<p><a href=\"https:\/\/www.instagram.com\/xebecheband\/\" target=\"_blank\" rel=\"noopener\">Xebeche<\/a> se presenta como \u201caquellos que hablan fuerte sin decir nada\u201d, es una banda psicode\u0301lica que tiene como base San Crist\u00f3bal de la Laguna. A trave\u0301s de la mezcla de ge\u0301neros psicodelia, blues y ritmos latinos crean atmo\u0301sferas de lugares e historias pasadas. La componen Giuseppe a la guitarra, Juan al bajo y John a la bater\u00eda.<\/p>\n","protected":false},"excerpt":{"rendered":"<p>La Universidad de La Laguna celebrar\u00e1 el pr\u00f3ximo s\u00e1bado, 19 de octubre, a partir de las 20:30 horas en el&#8230;<\/p>\n","protected":false},"author":23,"featured_media":78162,"comment_status":"closed","ping_status":"closed","sticky":false,"template":"","format":"standard","meta":{"inline_featured_image":false,"footnotes":""},"categories":[344,345,2765],"tags":[],"acf":[],"yoast_head":"<!-- This site is optimized with the Yoast SEO plugin v21.3 - https:\/\/yoast.com\/wordpress\/plugins\/seo\/ -->\n<title>Cinco grupos competir\u00e1n en ULL Rock por el XIX Premio de M\u00fasica de la Universidad de La Laguna - ULL - Noticias<\/title>\n<meta name=\"robots\" content=\"index, follow, max-snippet:-1, max-image-preview:large, max-video-preview:-1\" \/>\n<link rel=\"canonical\" href=\"https:\/\/www.ull.es\/portal\/noticias\/2024\/cinco-grupos-competiran-en-ull-rock-por-el-xix-premio-de-musica-de-la-universidad-de-la-laguna\/\" \/>\n<meta property=\"og:locale\" content=\"es_ES\" \/>\n<meta property=\"og:type\" content=\"article\" \/>\n<meta property=\"og:title\" content=\"Cinco grupos competir\u00e1n en ULL Rock por el XIX Premio de M\u00fasica de la Universidad de La Laguna - ULL - Noticias\" \/>\n<meta property=\"og:description\" content=\"La Universidad de La Laguna celebrar\u00e1 el pr\u00f3ximo s\u00e1bado, 19 de octubre, a partir de las 20:30 horas en el...\" \/>\n<meta property=\"og:url\" content=\"https:\/\/www.ull.es\/portal\/noticias\/2024\/cinco-grupos-competiran-en-ull-rock-por-el-xix-premio-de-musica-de-la-universidad-de-la-laguna\/\" \/>\n<meta property=\"og:site_name\" content=\"ULL - Noticias\" \/>\n<meta property=\"article:publisher\" content=\"https:\/\/www.facebook.com\/universidaddelalaguna\/\" \/>\n<meta property=\"article:published_time\" content=\"2024-10-16T10:10:57+00:00\" \/>\n<meta property=\"article:modified_time\" content=\"2024-10-16T11:34:13+00:00\" \/>\n<meta property=\"og:image\" content=\"https:\/\/www.ull.es\/portal\/noticias\/wp-content\/uploads\/sites\/13\/2024\/10\/ullrock-2024.jpg\" \/>\n\t<meta property=\"og:image:width\" content=\"2048\" \/>\n\t<meta property=\"og:image:height\" content=\"1024\" \/>\n\t<meta property=\"og:image:type\" content=\"image\/jpeg\" \/>\n<meta name=\"author\" content=\"gaprsa\" \/>\n<meta name=\"twitter:card\" content=\"summary_large_image\" \/>\n<meta name=\"twitter:creator\" content=\"@CanalULL\" \/>\n<meta name=\"twitter:site\" content=\"@CanalULL\" \/>\n<meta name=\"twitter:label1\" content=\"Escrito por\" \/>\n\t<meta name=\"twitter:data1\" content=\"gaprsa\" \/>\n\t<meta name=\"twitter:label2\" content=\"Tiempo de lectura\" \/>\n\t<meta name=\"twitter:data2\" content=\"3 minutos\" \/>\n<script type=\"application\/ld+json\" class=\"yoast-schema-graph\">{\"@context\":\"https:\/\/schema.org\",\"@graph\":[{\"@type\":\"WebPage\",\"@id\":\"https:\/\/www.ull.es\/portal\/noticias\/2024\/cinco-grupos-competiran-en-ull-rock-por-el-xix-premio-de-musica-de-la-universidad-de-la-laguna\/\",\"url\":\"https:\/\/www.ull.es\/portal\/noticias\/2024\/cinco-grupos-competiran-en-ull-rock-por-el-xix-premio-de-musica-de-la-universidad-de-la-laguna\/\",\"name\":\"Cinco grupos competir\u00e1n en ULL Rock por el XIX Premio de M\u00fasica de la Universidad de La Laguna - ULL - Noticias\",\"isPartOf\":{\"@id\":\"https:\/\/www.ull.es\/portal\/noticias\/#website\"},\"datePublished\":\"2024-10-16T10:10:57+00:00\",\"dateModified\":\"2024-10-16T11:34:13+00:00\",\"author\":{\"@id\":\"https:\/\/www.ull.es\/portal\/noticias\/#\/schema\/person\/b2b1a89d43ffa609e591f7df8ef3e817\"},\"breadcrumb\":{\"@id\":\"https:\/\/www.ull.es\/portal\/noticias\/2024\/cinco-grupos-competiran-en-ull-rock-por-el-xix-premio-de-musica-de-la-universidad-de-la-laguna\/#breadcrumb\"},\"inLanguage\":\"es\",\"potentialAction\":[{\"@type\":\"ReadAction\",\"target\":[\"https:\/\/www.ull.es\/portal\/noticias\/2024\/cinco-grupos-competiran-en-ull-rock-por-el-xix-premio-de-musica-de-la-universidad-de-la-laguna\/\"]}]},{\"@type\":\"BreadcrumbList\",\"@id\":\"https:\/\/www.ull.es\/portal\/noticias\/2024\/cinco-grupos-competiran-en-ull-rock-por-el-xix-premio-de-musica-de-la-universidad-de-la-laguna\/#breadcrumb\",\"itemListElement\":[{\"@type\":\"ListItem\",\"position\":1,\"name\":\"Portada\",\"item\":\"https:\/\/www.ull.es\/portal\/noticias\/\"},{\"@type\":\"ListItem\",\"position\":2,\"name\":\"Cinco grupos competir\u00e1n en ULL Rock por el XIX Premio de M\u00fasica de la Universidad de La Laguna\"}]},{\"@type\":\"WebSite\",\"@id\":\"https:\/\/www.ull.es\/portal\/noticias\/#website\",\"url\":\"https:\/\/www.ull.es\/portal\/noticias\/\",\"name\":\"ULL - Noticias\",\"description\":\"\",\"potentialAction\":[{\"@type\":\"SearchAction\",\"target\":{\"@type\":\"EntryPoint\",\"urlTemplate\":\"https:\/\/www.ull.es\/portal\/noticias\/?s={search_term_string}\"},\"query-input\":\"required name=search_term_string\"}],\"inLanguage\":\"es\"},{\"@type\":\"Person\",\"@id\":\"https:\/\/www.ull.es\/portal\/noticias\/#\/schema\/person\/b2b1a89d43ffa609e591f7df8ef3e817\",\"name\":\"gaprsa\",\"image\":{\"@type\":\"ImageObject\",\"inLanguage\":\"es\",\"@id\":\"https:\/\/www.ull.es\/portal\/noticias\/#\/schema\/person\/image\/\",\"url\":\"https:\/\/secure.gravatar.com\/avatar\/443820550921091458b4823867723b3d?s=96&d=mm&r=g\",\"contentUrl\":\"https:\/\/secure.gravatar.com\/avatar\/443820550921091458b4823867723b3d?s=96&d=mm&r=g\",\"caption\":\"gaprsa\"},\"url\":\"https:\/\/www.ull.es\/portal\/noticias\/author\/gaprsa\/\"}]}<\/script>\n<!-- \/ Yoast SEO plugin. -->","yoast_head_json":{"title":"Cinco grupos competir\u00e1n en ULL Rock por el XIX Premio de M\u00fasica de la Universidad de La Laguna - ULL - Noticias","robots":{"index":"index","follow":"follow","max-snippet":"max-snippet:-1","max-image-preview":"max-image-preview:large","max-video-preview":"max-video-preview:-1"},"canonical":"https:\/\/www.ull.es\/portal\/noticias\/2024\/cinco-grupos-competiran-en-ull-rock-por-el-xix-premio-de-musica-de-la-universidad-de-la-laguna\/","og_locale":"es_ES","og_type":"article","og_title":"Cinco grupos competir\u00e1n en ULL Rock por el XIX Premio de M\u00fasica de la Universidad de La Laguna - ULL - Noticias","og_description":"La Universidad de La Laguna celebrar\u00e1 el pr\u00f3ximo s\u00e1bado, 19 de octubre, a partir de las 20:30 horas en el...","og_url":"https:\/\/www.ull.es\/portal\/noticias\/2024\/cinco-grupos-competiran-en-ull-rock-por-el-xix-premio-de-musica-de-la-universidad-de-la-laguna\/","og_site_name":"ULL - Noticias","article_publisher":"https:\/\/www.facebook.com\/universidaddelalaguna\/","article_published_time":"2024-10-16T10:10:57+00:00","article_modified_time":"2024-10-16T11:34:13+00:00","og_image":[{"width":2048,"height":1024,"url":"https:\/\/www.ull.es\/portal\/noticias\/wp-content\/uploads\/sites\/13\/2024\/10\/ullrock-2024.jpg","type":"image\/jpeg"}],"author":"gaprsa","twitter_card":"summary_large_image","twitter_creator":"@CanalULL","twitter_site":"@CanalULL","twitter_misc":{"Escrito por":"gaprsa","Tiempo de lectura":"3 minutos"},"schema":{"@context":"https:\/\/schema.org","@graph":[{"@type":"WebPage","@id":"https:\/\/www.ull.es\/portal\/noticias\/2024\/cinco-grupos-competiran-en-ull-rock-por-el-xix-premio-de-musica-de-la-universidad-de-la-laguna\/","url":"https:\/\/www.ull.es\/portal\/noticias\/2024\/cinco-grupos-competiran-en-ull-rock-por-el-xix-premio-de-musica-de-la-universidad-de-la-laguna\/","name":"Cinco grupos competir\u00e1n en ULL Rock por el XIX Premio de M\u00fasica de la Universidad de La Laguna - ULL - Noticias","isPartOf":{"@id":"https:\/\/www.ull.es\/portal\/noticias\/#website"},"datePublished":"2024-10-16T10:10:57+00:00","dateModified":"2024-10-16T11:34:13+00:00","author":{"@id":"https:\/\/www.ull.es\/portal\/noticias\/#\/schema\/person\/b2b1a89d43ffa609e591f7df8ef3e817"},"breadcrumb":{"@id":"https:\/\/www.ull.es\/portal\/noticias\/2024\/cinco-grupos-competiran-en-ull-rock-por-el-xix-premio-de-musica-de-la-universidad-de-la-laguna\/#breadcrumb"},"inLanguage":"es","potentialAction":[{"@type":"ReadAction","target":["https:\/\/www.ull.es\/portal\/noticias\/2024\/cinco-grupos-competiran-en-ull-rock-por-el-xix-premio-de-musica-de-la-universidad-de-la-laguna\/"]}]},{"@type":"BreadcrumbList","@id":"https:\/\/www.ull.es\/portal\/noticias\/2024\/cinco-grupos-competiran-en-ull-rock-por-el-xix-premio-de-musica-de-la-universidad-de-la-laguna\/#breadcrumb","itemListElement":[{"@type":"ListItem","position":1,"name":"Portada","item":"https:\/\/www.ull.es\/portal\/noticias\/"},{"@type":"ListItem","position":2,"name":"Cinco grupos competir\u00e1n en ULL Rock por el XIX Premio de M\u00fasica de la Universidad de La Laguna"}]},{"@type":"WebSite","@id":"https:\/\/www.ull.es\/portal\/noticias\/#website","url":"https:\/\/www.ull.es\/portal\/noticias\/","name":"ULL - Noticias","description":"","potentialAction":[{"@type":"SearchAction","target":{"@type":"EntryPoint","urlTemplate":"https:\/\/www.ull.es\/portal\/noticias\/?s={search_term_string}"},"query-input":"required name=search_term_string"}],"inLanguage":"es"},{"@type":"Person","@id":"https:\/\/www.ull.es\/portal\/noticias\/#\/schema\/person\/b2b1a89d43ffa609e591f7df8ef3e817","name":"gaprsa","image":{"@type":"ImageObject","inLanguage":"es","@id":"https:\/\/www.ull.es\/portal\/noticias\/#\/schema\/person\/image\/","url":"https:\/\/secure.gravatar.com\/avatar\/443820550921091458b4823867723b3d?s=96&d=mm&r=g","contentUrl":"https:\/\/secure.gravatar.com\/avatar\/443820550921091458b4823867723b3d?s=96&d=mm&r=g","caption":"gaprsa"},"url":"https:\/\/www.ull.es\/portal\/noticias\/author\/gaprsa\/"}]}},"primary_category":{"id":345,"name":"Destacado","slug":"destacado","link":"https:\/\/www.ull.es\/portal\/noticias\/category\/destacado\/"},"featured_image_thumbnail_url":"https:\/\/www.ull.es\/portal\/noticias\/wp-content\/uploads\/sites\/13\/2024\/10\/ullrock-2024-300x150.jpg","_links":{"self":[{"href":"https:\/\/www.ull.es\/portal\/noticias\/wp-json\/wp\/v2\/posts\/78160"}],"collection":[{"href":"https:\/\/www.ull.es\/portal\/noticias\/wp-json\/wp\/v2\/posts"}],"about":[{"href":"https:\/\/www.ull.es\/portal\/noticias\/wp-json\/wp\/v2\/types\/post"}],"author":[{"embeddable":true,"href":"https:\/\/www.ull.es\/portal\/noticias\/wp-json\/wp\/v2\/users\/23"}],"replies":[{"embeddable":true,"href":"https:\/\/www.ull.es\/portal\/noticias\/wp-json\/wp\/v2\/comments?post=78160"}],"version-history":[{"count":3,"href":"https:\/\/www.ull.es\/portal\/noticias\/wp-json\/wp\/v2\/posts\/78160\/revisions"}],"predecessor-version":[{"id":78173,"href":"https:\/\/www.ull.es\/portal\/noticias\/wp-json\/wp\/v2\/posts\/78160\/revisions\/78173"}],"wp:featuredmedia":[{"embeddable":true,"href":"https:\/\/www.ull.es\/portal\/noticias\/wp-json\/wp\/v2\/media\/78162"}],"wp:attachment":[{"href":"https:\/\/www.ull.es\/portal\/noticias\/wp-json\/wp\/v2\/media?parent=78160"}],"wp:term":[{"taxonomy":"category","embeddable":true,"href":"https:\/\/www.ull.es\/portal\/noticias\/wp-json\/wp\/v2\/categories?post=78160"},{"taxonomy":"post_tag","embeddable":true,"href":"https:\/\/www.ull.es\/portal\/noticias\/wp-json\/wp\/v2\/tags?post=78160"}],"curies":[{"name":"wp","href":"https:\/\/api.w.org\/{rel}","templated":true}]}}