{"id":78176,"date":"2024-10-16T12:37:08","date_gmt":"2024-10-16T12:37:08","guid":{"rendered":"https:\/\/www.ull.es\/portal\/noticias\/?p=78176"},"modified":"2024-10-16T12:37:48","modified_gmt":"2024-10-16T12:37:48","slug":"concierto-conservatorio-superior-musica-canarias-cierre-campus-america","status":"publish","type":"post","link":"https:\/\/www.ull.es\/portal\/noticias\/2024\/concierto-conservatorio-superior-musica-canarias-cierre-campus-america\/","title":{"rendered":"Un concierto del Conservatorio Superior de M\u00fasica de Canarias pondr\u00e1 punto y final al Campus Am\u00e9rica 2024"},"content":{"rendered":"<p>La orquesta del <a href=\"https:\/\/www3.gobiernodecanarias.org\/medusa\/edublog\/csmcanarias\/\" target=\"_blank\" rel=\"noopener\" target=\"_blank\" rel=\"noopener\">Conservatorio Superior de M\u00fasica de Canaria<\/a>s ofrecer\u00e1 el pr\u00f3ximo viernes 18 de octubre a las 19:00 horas en el Paraninfo de la Universidad de La Laguna <a href=\"https:\/\/www.ull.es\/portal\/agenda\/evento\/concierto-de-clausura-campus-america-2024\/\" target=\"_blank\" rel=\"noopener\" target=\"_blank\" rel=\"noopener\">un concierto<\/a>\u00a0que forma parte de la clausura de la IV edici\u00f3n de <a href=\"https:\/\/www.ull.es\/portal\/campusamerica\/\" target=\"_blank\" rel=\"noopener\" target=\"_blank\" rel=\"noopener\">Campus Am\u00e9rica<\/a>. Durante las dos \u00faltimas semanas, del 9 al 18 de octubre, se ha desarrollado un nutrido programa de institucionales, acad\u00e9micas, culturales y l\u00fadicas, con Ecuador como pa\u00eds invitado, conformando un espacio de valoraci\u00f3n e impulso de las acciones de internacionalizaci\u00f3n de la instituci\u00f3n tinerfe\u00f1a con el continente transatl\u00e1ntico.<\/p>\n<p>En esta velada, el director del Conservatorio Superior de M\u00fasica de Canarias, Roberto Pia y el profesor Jos\u00e9 Mar\u00eda Vicente, director de orquesta y coro del Conservatorio Superior de M\u00fasica de Tenerife, ser\u00e1n los anfitriones de un concierto que tambi\u00e9n contar\u00e1 con la participaci\u00f3n de Patricio Aizaga, director de la Orquesta Sinf\u00f3nica Juvenil de Ecuador; Gabriela Alonzo, bailarina de danza cl\u00e1sica y contempor\u00e1nea; e Isadora Delgado Alonzo, soprano l\u00edrica, que llegar\u00e1n desde Ecuador para que este concierto sea una fusi\u00f3n de talentos de ambos pa\u00edses.<\/p>\n<p>Entre las piezas que se escuchar\u00e1n en el recital destaca el movimiento \u201cLa Primavera\u201d de \u201cLas Cuatro Estaciones\u201d de Vivaldi, interpretada por el solista Saulo Cuesta, y la \u201cSerenata Nocturna en Re Mayor\u201d para cuerdas y timbales de Mozart.<\/p>\n<p>A continuaci\u00f3n, Patricio Aizaga, dirigir\u00e1 tres canciones para piano que ser\u00e1n interpretadas por la soprano ecuatoriana Isadora Delgados acompa\u00f1adas por la bailarina solista Gabriela Alonzo, tituladas \u201cEugenia\u201d, \u201cAcuarela en Mi menor\u201d y \u201cTierra Ternura\u201d.<\/p>\n","protected":false},"excerpt":{"rendered":"<p>La orquesta del Conservatorio Superior de M\u00fasica de Canarias ofrecer\u00e1 el pr\u00f3ximo viernes 18 de octubre a las 19:00 horas&#8230;<\/p>\n","protected":false},"author":21,"featured_media":35353,"comment_status":"closed","ping_status":"closed","sticky":false,"template":"","format":"standard","meta":{"inline_featured_image":false,"footnotes":""},"categories":[11115,344,345,349,2765],"tags":[876,7034,11223,11224,11222],"acf":[],"yoast_head":"<!-- This site is optimized with the Yoast SEO plugin v21.3 - https:\/\/yoast.com\/wordpress\/plugins\/seo\/ -->\n<title>Campus Am\u00e9rica 2024 cerrar\u00e1 con un concierto sinf\u00f3nico<\/title>\n<meta name=\"description\" content=\"La orquesta del Conservatorio Superior de M\u00fasica de Canarias ofrecer\u00e1 un programa con el ecuatoriano Patricio Aizaga como director invitado.\" \/>\n<meta name=\"robots\" content=\"index, follow, max-snippet:-1, max-image-preview:large, max-video-preview:-1\" \/>\n<link rel=\"canonical\" href=\"https:\/\/www.ull.es\/portal\/noticias\/2024\/concierto-conservatorio-superior-musica-canarias-cierre-campus-america\/\" \/>\n<meta property=\"og:locale\" content=\"es_ES\" \/>\n<meta property=\"og:type\" content=\"article\" \/>\n<meta property=\"og:title\" content=\"Campus Am\u00e9rica 2024 cerrar\u00e1 con un concierto sinf\u00f3nico\" \/>\n<meta property=\"og:description\" content=\"La orquesta del Conservatorio Superior de M\u00fasica de Canarias ofrecer\u00e1 un programa con el ecuatoriano Patricio Aizaga como director invitado.\" \/>\n<meta property=\"og:url\" content=\"https:\/\/www.ull.es\/portal\/noticias\/2024\/concierto-conservatorio-superior-musica-canarias-cierre-campus-america\/\" \/>\n<meta property=\"og:site_name\" content=\"ULL - Noticias\" \/>\n<meta property=\"article:publisher\" content=\"https:\/\/www.facebook.com\/universidaddelalaguna\/\" \/>\n<meta property=\"article:published_time\" content=\"2024-10-16T12:37:08+00:00\" \/>\n<meta property=\"article:modified_time\" content=\"2024-10-16T12:37:48+00:00\" \/>\n<meta property=\"og:image\" content=\"https:\/\/www.ull.es\/portal\/noticias\/wp-content\/uploads\/sites\/13\/2018\/02\/Paraninfo.jpg\" \/>\n\t<meta property=\"og:image:width\" content=\"570\" \/>\n\t<meta property=\"og:image:height\" content=\"270\" \/>\n\t<meta property=\"og:image:type\" content=\"image\/jpeg\" \/>\n<meta name=\"author\" content=\"prensa2\" \/>\n<meta name=\"twitter:card\" content=\"summary_large_image\" \/>\n<meta name=\"twitter:creator\" content=\"@CanalULL\" \/>\n<meta name=\"twitter:site\" content=\"@CanalULL\" \/>\n<meta name=\"twitter:label1\" content=\"Escrito por\" \/>\n\t<meta name=\"twitter:data1\" content=\"prensa2\" \/>\n\t<meta name=\"twitter:label2\" content=\"Tiempo de lectura\" \/>\n\t<meta name=\"twitter:data2\" content=\"2 minutos\" \/>\n<script type=\"application\/ld+json\" class=\"yoast-schema-graph\">{\"@context\":\"https:\/\/schema.org\",\"@graph\":[{\"@type\":\"WebPage\",\"@id\":\"https:\/\/www.ull.es\/portal\/noticias\/2024\/concierto-conservatorio-superior-musica-canarias-cierre-campus-america\/\",\"url\":\"https:\/\/www.ull.es\/portal\/noticias\/2024\/concierto-conservatorio-superior-musica-canarias-cierre-campus-america\/\",\"name\":\"Campus Am\u00e9rica 2024 cerrar\u00e1 con un concierto sinf\u00f3nico\",\"isPartOf\":{\"@id\":\"https:\/\/www.ull.es\/portal\/noticias\/#website\"},\"datePublished\":\"2024-10-16T12:37:08+00:00\",\"dateModified\":\"2024-10-16T12:37:48+00:00\",\"author\":{\"@id\":\"https:\/\/www.ull.es\/portal\/noticias\/#\/schema\/person\/c3b2aa857797592927a03740d6664376\"},\"description\":\"La orquesta del Conservatorio Superior de M\u00fasica de Canarias ofrecer\u00e1 un programa con el ecuatoriano Patricio Aizaga como director invitado.\",\"breadcrumb\":{\"@id\":\"https:\/\/www.ull.es\/portal\/noticias\/2024\/concierto-conservatorio-superior-musica-canarias-cierre-campus-america\/#breadcrumb\"},\"inLanguage\":\"es\",\"potentialAction\":[{\"@type\":\"ReadAction\",\"target\":[\"https:\/\/www.ull.es\/portal\/noticias\/2024\/concierto-conservatorio-superior-musica-canarias-cierre-campus-america\/\"]}]},{\"@type\":\"BreadcrumbList\",\"@id\":\"https:\/\/www.ull.es\/portal\/noticias\/2024\/concierto-conservatorio-superior-musica-canarias-cierre-campus-america\/#breadcrumb\",\"itemListElement\":[{\"@type\":\"ListItem\",\"position\":1,\"name\":\"Portada\",\"item\":\"https:\/\/www.ull.es\/portal\/noticias\/\"},{\"@type\":\"ListItem\",\"position\":2,\"name\":\"Un concierto del Conservatorio Superior de M\u00fasica de Canarias pondr\u00e1 punto y final al Campus Am\u00e9rica 2024\"}]},{\"@type\":\"WebSite\",\"@id\":\"https:\/\/www.ull.es\/portal\/noticias\/#website\",\"url\":\"https:\/\/www.ull.es\/portal\/noticias\/\",\"name\":\"ULL - Noticias\",\"description\":\"\",\"potentialAction\":[{\"@type\":\"SearchAction\",\"target\":{\"@type\":\"EntryPoint\",\"urlTemplate\":\"https:\/\/www.ull.es\/portal\/noticias\/?s={search_term_string}\"},\"query-input\":\"required name=search_term_string\"}],\"inLanguage\":\"es\"},{\"@type\":\"Person\",\"@id\":\"https:\/\/www.ull.es\/portal\/noticias\/#\/schema\/person\/c3b2aa857797592927a03740d6664376\",\"name\":\"prensa2\",\"image\":{\"@type\":\"ImageObject\",\"inLanguage\":\"es\",\"@id\":\"https:\/\/www.ull.es\/portal\/noticias\/#\/schema\/person\/image\/\",\"url\":\"https:\/\/secure.gravatar.com\/avatar\/b58f310a5de5feb33d1e026d2493f23c?s=96&d=mm&r=g\",\"contentUrl\":\"https:\/\/secure.gravatar.com\/avatar\/b58f310a5de5feb33d1e026d2493f23c?s=96&d=mm&r=g\",\"caption\":\"prensa2\"},\"url\":\"https:\/\/www.ull.es\/portal\/noticias\/author\/prensa2\/\"}]}<\/script>\n<!-- \/ Yoast SEO plugin. -->","yoast_head_json":{"title":"Campus Am\u00e9rica 2024 cerrar\u00e1 con un concierto sinf\u00f3nico","description":"La orquesta del Conservatorio Superior de M\u00fasica de Canarias ofrecer\u00e1 un programa con el ecuatoriano Patricio Aizaga como director invitado.","robots":{"index":"index","follow":"follow","max-snippet":"max-snippet:-1","max-image-preview":"max-image-preview:large","max-video-preview":"max-video-preview:-1"},"canonical":"https:\/\/www.ull.es\/portal\/noticias\/2024\/concierto-conservatorio-superior-musica-canarias-cierre-campus-america\/","og_locale":"es_ES","og_type":"article","og_title":"Campus Am\u00e9rica 2024 cerrar\u00e1 con un concierto sinf\u00f3nico","og_description":"La orquesta del Conservatorio Superior de M\u00fasica de Canarias ofrecer\u00e1 un programa con el ecuatoriano Patricio Aizaga como director invitado.","og_url":"https:\/\/www.ull.es\/portal\/noticias\/2024\/concierto-conservatorio-superior-musica-canarias-cierre-campus-america\/","og_site_name":"ULL - Noticias","article_publisher":"https:\/\/www.facebook.com\/universidaddelalaguna\/","article_published_time":"2024-10-16T12:37:08+00:00","article_modified_time":"2024-10-16T12:37:48+00:00","og_image":[{"width":570,"height":270,"url":"https:\/\/www.ull.es\/portal\/noticias\/wp-content\/uploads\/sites\/13\/2018\/02\/Paraninfo.jpg","type":"image\/jpeg"}],"author":"prensa2","twitter_card":"summary_large_image","twitter_creator":"@CanalULL","twitter_site":"@CanalULL","twitter_misc":{"Escrito por":"prensa2","Tiempo de lectura":"2 minutos"},"schema":{"@context":"https:\/\/schema.org","@graph":[{"@type":"WebPage","@id":"https:\/\/www.ull.es\/portal\/noticias\/2024\/concierto-conservatorio-superior-musica-canarias-cierre-campus-america\/","url":"https:\/\/www.ull.es\/portal\/noticias\/2024\/concierto-conservatorio-superior-musica-canarias-cierre-campus-america\/","name":"Campus Am\u00e9rica 2024 cerrar\u00e1 con un concierto sinf\u00f3nico","isPartOf":{"@id":"https:\/\/www.ull.es\/portal\/noticias\/#website"},"datePublished":"2024-10-16T12:37:08+00:00","dateModified":"2024-10-16T12:37:48+00:00","author":{"@id":"https:\/\/www.ull.es\/portal\/noticias\/#\/schema\/person\/c3b2aa857797592927a03740d6664376"},"description":"La orquesta del Conservatorio Superior de M\u00fasica de Canarias ofrecer\u00e1 un programa con el ecuatoriano Patricio Aizaga como director invitado.","breadcrumb":{"@id":"https:\/\/www.ull.es\/portal\/noticias\/2024\/concierto-conservatorio-superior-musica-canarias-cierre-campus-america\/#breadcrumb"},"inLanguage":"es","potentialAction":[{"@type":"ReadAction","target":["https:\/\/www.ull.es\/portal\/noticias\/2024\/concierto-conservatorio-superior-musica-canarias-cierre-campus-america\/"]}]},{"@type":"BreadcrumbList","@id":"https:\/\/www.ull.es\/portal\/noticias\/2024\/concierto-conservatorio-superior-musica-canarias-cierre-campus-america\/#breadcrumb","itemListElement":[{"@type":"ListItem","position":1,"name":"Portada","item":"https:\/\/www.ull.es\/portal\/noticias\/"},{"@type":"ListItem","position":2,"name":"Un concierto del Conservatorio Superior de M\u00fasica de Canarias pondr\u00e1 punto y final al Campus Am\u00e9rica 2024"}]},{"@type":"WebSite","@id":"https:\/\/www.ull.es\/portal\/noticias\/#website","url":"https:\/\/www.ull.es\/portal\/noticias\/","name":"ULL - Noticias","description":"","potentialAction":[{"@type":"SearchAction","target":{"@type":"EntryPoint","urlTemplate":"https:\/\/www.ull.es\/portal\/noticias\/?s={search_term_string}"},"query-input":"required name=search_term_string"}],"inLanguage":"es"},{"@type":"Person","@id":"https:\/\/www.ull.es\/portal\/noticias\/#\/schema\/person\/c3b2aa857797592927a03740d6664376","name":"prensa2","image":{"@type":"ImageObject","inLanguage":"es","@id":"https:\/\/www.ull.es\/portal\/noticias\/#\/schema\/person\/image\/","url":"https:\/\/secure.gravatar.com\/avatar\/b58f310a5de5feb33d1e026d2493f23c?s=96&d=mm&r=g","contentUrl":"https:\/\/secure.gravatar.com\/avatar\/b58f310a5de5feb33d1e026d2493f23c?s=96&d=mm&r=g","caption":"prensa2"},"url":"https:\/\/www.ull.es\/portal\/noticias\/author\/prensa2\/"}]}},"primary_category":{"id":345,"name":"Destacado","slug":"destacado","link":"https:\/\/www.ull.es\/portal\/noticias\/category\/destacado\/"},"featured_image_thumbnail_url":"https:\/\/www.ull.es\/portal\/noticias\/wp-content\/uploads\/sites\/13\/2018\/02\/Paraninfo-300x142.jpg","_links":{"self":[{"href":"https:\/\/www.ull.es\/portal\/noticias\/wp-json\/wp\/v2\/posts\/78176"}],"collection":[{"href":"https:\/\/www.ull.es\/portal\/noticias\/wp-json\/wp\/v2\/posts"}],"about":[{"href":"https:\/\/www.ull.es\/portal\/noticias\/wp-json\/wp\/v2\/types\/post"}],"author":[{"embeddable":true,"href":"https:\/\/www.ull.es\/portal\/noticias\/wp-json\/wp\/v2\/users\/21"}],"replies":[{"embeddable":true,"href":"https:\/\/www.ull.es\/portal\/noticias\/wp-json\/wp\/v2\/comments?post=78176"}],"version-history":[{"count":1,"href":"https:\/\/www.ull.es\/portal\/noticias\/wp-json\/wp\/v2\/posts\/78176\/revisions"}],"predecessor-version":[{"id":78179,"href":"https:\/\/www.ull.es\/portal\/noticias\/wp-json\/wp\/v2\/posts\/78176\/revisions\/78179"}],"wp:featuredmedia":[{"embeddable":true,"href":"https:\/\/www.ull.es\/portal\/noticias\/wp-json\/wp\/v2\/media\/35353"}],"wp:attachment":[{"href":"https:\/\/www.ull.es\/portal\/noticias\/wp-json\/wp\/v2\/media?parent=78176"}],"wp:term":[{"taxonomy":"category","embeddable":true,"href":"https:\/\/www.ull.es\/portal\/noticias\/wp-json\/wp\/v2\/categories?post=78176"},{"taxonomy":"post_tag","embeddable":true,"href":"https:\/\/www.ull.es\/portal\/noticias\/wp-json\/wp\/v2\/tags?post=78176"}],"curies":[{"name":"wp","href":"https:\/\/api.w.org\/{rel}","templated":true}]}}