{"id":78306,"date":"2024-10-22T12:24:49","date_gmt":"2024-10-22T12:24:49","guid":{"rendered":"https:\/\/www.ull.es\/portal\/noticias\/?p=78306"},"modified":"2024-10-22T12:24:49","modified_gmt":"2024-10-22T12:24:49","slug":"la-ull-acoge-un-foro-sobre-la-identidad-canaria-en-el-tejido-empresarial","status":"publish","type":"post","link":"https:\/\/www.ull.es\/portal\/noticias\/2024\/la-ull-acoge-un-foro-sobre-la-identidad-canaria-en-el-tejido-empresarial\/","title":{"rendered":"La Universidad de La Laguna acoge un foro sobre la identidad canaria en el tejido empresarial"},"content":{"rendered":"<p>La identidad canaria influye de manera significativa en la comunicaci\u00f3n y estrategia de numerosas marcas de las islas y a su vez, estas empresas impactan en la percepci\u00f3n de la \u00abcanariedad\u00bb. En este contexto, el Gobierno de Canarias organiza el &#8216;I Foro Empresa e Identidad&#8217; que se celebrar\u00e1 ma\u00f1ana mi\u00e9rcoles, 23 de octubre, a las 18:00 horas en el Aula Viana del Vicerrectorado de Cultura y Extensi\u00f3n Universitaria de la Universidad de La Laguna de forma presencial o en l\u00ednea a trav\u00e9s del <a href=\"https:\/\/www.youtube.com\/live\/Yo9_pfw83_k\" target=\"_blank\" rel=\"noopener\" target=\"_blank\" rel=\"noopener\">canal de YouTube de Patrimonio Cultural de Canarias<\/a>.<\/p>\n<p>En el marco del programa \u2018Identitaria Canarias\u2019 se desarrolla esta primera sesi\u00f3n en el que se reunir\u00e1 a destacados representantes del sector empresarial canario para debatir sobre la conexi\u00f3n entre la identidad y las estrategias de marca. Ferm\u00edn Otamendi, de Bodegas El Grifo;\u00a0Laura L\u00f3pez Bola\u00f1os, de Tirma;\u00a0Theo Hern\u00e1ndez Olmo, de Asaga Canarias; y\u00a0Ar\u00e1nzazu M\u00e9ndez Exp\u00f3sito, de La Gaviota Alimentaci\u00f3n-Isola, participan en el I Foro Empresa e Identidad con el periodista Paco Pomares como moderador.<\/p>\n<p>Se trata de una oportunidad \u00fanica para analizar la identidad canaria desde una perspectiva empresarial, orientada a la venta de productos o servicios. De esta forma, se crea un espacio para la reflexi\u00f3n sobre si el concepto de \u00abcanariedad\u00bb promueve un v\u00ednculo y una relaci\u00f3n de afinidad entre la empresa y las personas consumidoras, a trav\u00e9s de un enfoque de diferenciaci\u00f3n y crecimiento.<\/p>\n<p>Con estos encuentros se pretende no solo resaltar la importancia de la cultura local en el \u00e1mbito comercial sino tambi\u00e9n explorar c\u00f3mo las marcas pueden contribuir al fortalecimiento de la identidad colectiva. Al final, estos foros servir\u00e1n como plataforma para que las empresas compartan experiencias, buenas pr\u00e1cticas y enfoques innovadores para integrar esa \u00abcanariedad\u00bb en su comunicaci\u00f3n y estrategia.<\/p>\n<p>El di\u00e1logo contin\u00faa en Gran Canaria la pr\u00f3xima semana con la participaci\u00f3n de empresas como CajaSiete y Destiler\u00eda Arehucas. El II \u2018Foro Empresa e Identidad\u2019 tendr\u00e1 lugar el mi\u00e9rcoles, 30 de octubre, a las 18:00 horas, en el Aulario del Obelisco, m\u00f3dulo A, de la Universidad de Las Palmas de Gran Canaria (ULPGC) y al igual que el de Tenerife, podr\u00e1 seguirse en directo v\u00eda YouTube.<\/p>\n","protected":false},"excerpt":{"rendered":"<p>La identidad canaria influye de manera significativa en la comunicaci\u00f3n y estrategia de numerosas marcas de las islas y a&#8230;<\/p>\n","protected":false},"author":65,"featured_media":78307,"comment_status":"closed","ping_status":"closed","sticky":false,"template":"","format":"standard","meta":{"inline_featured_image":false,"footnotes":""},"categories":[345,2765],"tags":[],"acf":[],"yoast_head":"<!-- This site is optimized with the Yoast SEO plugin v21.3 - https:\/\/yoast.com\/wordpress\/plugins\/seo\/ -->\n<title>La ULL acoge un foro sobre la identidad canaria en el tejido empresarial<\/title>\n<meta name=\"description\" content=\"El Gobierno de Canarias organiza el &#039;I Foro Empresa e Identidad&#039; que se celebrar\u00e1 el 23 de octubre, a las 18:00 horas en el Aula Viana del Vicerrectorado de Cultura y Extensi\u00f3n Universitaria de la Universidad de La Laguna.\" \/>\n<meta name=\"robots\" content=\"index, follow, max-snippet:-1, max-image-preview:large, max-video-preview:-1\" \/>\n<link rel=\"canonical\" href=\"https:\/\/www.ull.es\/portal\/noticias\/2024\/la-ull-acoge-un-foro-sobre-la-identidad-canaria-en-el-tejido-empresarial\/\" \/>\n<meta property=\"og:locale\" content=\"es_ES\" \/>\n<meta property=\"og:type\" content=\"article\" \/>\n<meta property=\"og:title\" content=\"La ULL acoge un foro sobre la identidad canaria en el tejido empresarial\" \/>\n<meta property=\"og:description\" content=\"El Gobierno de Canarias organiza el &#039;I Foro Empresa e Identidad&#039; que se celebrar\u00e1 el 23 de octubre, a las 18:00 horas en el Aula Viana del Vicerrectorado de Cultura y Extensi\u00f3n Universitaria de la Universidad de La Laguna.\" \/>\n<meta property=\"og:url\" content=\"https:\/\/www.ull.es\/portal\/noticias\/2024\/la-ull-acoge-un-foro-sobre-la-identidad-canaria-en-el-tejido-empresarial\/\" \/>\n<meta property=\"og:site_name\" content=\"ULL - Noticias\" \/>\n<meta property=\"article:publisher\" content=\"https:\/\/www.facebook.com\/universidaddelalaguna\/\" \/>\n<meta property=\"article:published_time\" content=\"2024-10-22T12:24:49+00:00\" \/>\n<meta property=\"og:image\" content=\"https:\/\/www.ull.es\/portal\/noticias\/wp-content\/uploads\/sites\/13\/2024\/10\/noticia-1.jpg\" \/>\n\t<meta property=\"og:image:width\" content=\"1600\" \/>\n\t<meta property=\"og:image:height\" content=\"943\" \/>\n\t<meta property=\"og:image:type\" content=\"image\/jpeg\" \/>\n<meta name=\"author\" content=\"gcom4\" \/>\n<meta name=\"twitter:card\" content=\"summary_large_image\" \/>\n<meta name=\"twitter:creator\" content=\"@CanalULL\" \/>\n<meta name=\"twitter:site\" content=\"@CanalULL\" \/>\n<meta name=\"twitter:label1\" content=\"Escrito por\" \/>\n\t<meta name=\"twitter:data1\" content=\"gcom4\" \/>\n\t<meta name=\"twitter:label2\" content=\"Tiempo de lectura\" \/>\n\t<meta name=\"twitter:data2\" content=\"2 minutos\" \/>\n<script type=\"application\/ld+json\" class=\"yoast-schema-graph\">{\"@context\":\"https:\/\/schema.org\",\"@graph\":[{\"@type\":\"WebPage\",\"@id\":\"https:\/\/www.ull.es\/portal\/noticias\/2024\/la-ull-acoge-un-foro-sobre-la-identidad-canaria-en-el-tejido-empresarial\/\",\"url\":\"https:\/\/www.ull.es\/portal\/noticias\/2024\/la-ull-acoge-un-foro-sobre-la-identidad-canaria-en-el-tejido-empresarial\/\",\"name\":\"La ULL acoge un foro sobre la identidad canaria en el tejido empresarial\",\"isPartOf\":{\"@id\":\"https:\/\/www.ull.es\/portal\/noticias\/#website\"},\"datePublished\":\"2024-10-22T12:24:49+00:00\",\"dateModified\":\"2024-10-22T12:24:49+00:00\",\"author\":{\"@id\":\"https:\/\/www.ull.es\/portal\/noticias\/#\/schema\/person\/9924518fb1ad37d4428e7b5d6f311773\"},\"description\":\"El Gobierno de Canarias organiza el 'I Foro Empresa e Identidad' que se celebrar\u00e1 el 23 de octubre, a las 18:00 horas en el Aula Viana del Vicerrectorado de Cultura y Extensi\u00f3n Universitaria de la Universidad de La Laguna.\",\"breadcrumb\":{\"@id\":\"https:\/\/www.ull.es\/portal\/noticias\/2024\/la-ull-acoge-un-foro-sobre-la-identidad-canaria-en-el-tejido-empresarial\/#breadcrumb\"},\"inLanguage\":\"es\",\"potentialAction\":[{\"@type\":\"ReadAction\",\"target\":[\"https:\/\/www.ull.es\/portal\/noticias\/2024\/la-ull-acoge-un-foro-sobre-la-identidad-canaria-en-el-tejido-empresarial\/\"]}]},{\"@type\":\"BreadcrumbList\",\"@id\":\"https:\/\/www.ull.es\/portal\/noticias\/2024\/la-ull-acoge-un-foro-sobre-la-identidad-canaria-en-el-tejido-empresarial\/#breadcrumb\",\"itemListElement\":[{\"@type\":\"ListItem\",\"position\":1,\"name\":\"Portada\",\"item\":\"https:\/\/www.ull.es\/portal\/noticias\/\"},{\"@type\":\"ListItem\",\"position\":2,\"name\":\"La Universidad de La Laguna acoge un foro sobre la identidad canaria en el tejido empresarial\"}]},{\"@type\":\"WebSite\",\"@id\":\"https:\/\/www.ull.es\/portal\/noticias\/#website\",\"url\":\"https:\/\/www.ull.es\/portal\/noticias\/\",\"name\":\"ULL - Noticias\",\"description\":\"\",\"potentialAction\":[{\"@type\":\"SearchAction\",\"target\":{\"@type\":\"EntryPoint\",\"urlTemplate\":\"https:\/\/www.ull.es\/portal\/noticias\/?s={search_term_string}\"},\"query-input\":\"required name=search_term_string\"}],\"inLanguage\":\"es\"},{\"@type\":\"Person\",\"@id\":\"https:\/\/www.ull.es\/portal\/noticias\/#\/schema\/person\/9924518fb1ad37d4428e7b5d6f311773\",\"name\":\"gcom4\",\"image\":{\"@type\":\"ImageObject\",\"inLanguage\":\"es\",\"@id\":\"https:\/\/www.ull.es\/portal\/noticias\/#\/schema\/person\/image\/\",\"url\":\"https:\/\/secure.gravatar.com\/avatar\/a5d1f5573f10617ccfcc209aaf6aa7fb?s=96&d=mm&r=g\",\"contentUrl\":\"https:\/\/secure.gravatar.com\/avatar\/a5d1f5573f10617ccfcc209aaf6aa7fb?s=96&d=mm&r=g\",\"caption\":\"gcom4\"},\"url\":\"https:\/\/www.ull.es\/portal\/noticias\/author\/gcom4\/\"}]}<\/script>\n<!-- \/ Yoast SEO plugin. -->","yoast_head_json":{"title":"La ULL acoge un foro sobre la identidad canaria en el tejido empresarial","description":"El Gobierno de Canarias organiza el 'I Foro Empresa e Identidad' que se celebrar\u00e1 el 23 de octubre, a las 18:00 horas en el Aula Viana del Vicerrectorado de Cultura y Extensi\u00f3n Universitaria de la Universidad de La Laguna.","robots":{"index":"index","follow":"follow","max-snippet":"max-snippet:-1","max-image-preview":"max-image-preview:large","max-video-preview":"max-video-preview:-1"},"canonical":"https:\/\/www.ull.es\/portal\/noticias\/2024\/la-ull-acoge-un-foro-sobre-la-identidad-canaria-en-el-tejido-empresarial\/","og_locale":"es_ES","og_type":"article","og_title":"La ULL acoge un foro sobre la identidad canaria en el tejido empresarial","og_description":"El Gobierno de Canarias organiza el 'I Foro Empresa e Identidad' que se celebrar\u00e1 el 23 de octubre, a las 18:00 horas en el Aula Viana del Vicerrectorado de Cultura y Extensi\u00f3n Universitaria de la Universidad de La Laguna.","og_url":"https:\/\/www.ull.es\/portal\/noticias\/2024\/la-ull-acoge-un-foro-sobre-la-identidad-canaria-en-el-tejido-empresarial\/","og_site_name":"ULL - Noticias","article_publisher":"https:\/\/www.facebook.com\/universidaddelalaguna\/","article_published_time":"2024-10-22T12:24:49+00:00","og_image":[{"width":1600,"height":943,"url":"https:\/\/www.ull.es\/portal\/noticias\/wp-content\/uploads\/sites\/13\/2024\/10\/noticia-1.jpg","type":"image\/jpeg"}],"author":"gcom4","twitter_card":"summary_large_image","twitter_creator":"@CanalULL","twitter_site":"@CanalULL","twitter_misc":{"Escrito por":"gcom4","Tiempo de lectura":"2 minutos"},"schema":{"@context":"https:\/\/schema.org","@graph":[{"@type":"WebPage","@id":"https:\/\/www.ull.es\/portal\/noticias\/2024\/la-ull-acoge-un-foro-sobre-la-identidad-canaria-en-el-tejido-empresarial\/","url":"https:\/\/www.ull.es\/portal\/noticias\/2024\/la-ull-acoge-un-foro-sobre-la-identidad-canaria-en-el-tejido-empresarial\/","name":"La ULL acoge un foro sobre la identidad canaria en el tejido empresarial","isPartOf":{"@id":"https:\/\/www.ull.es\/portal\/noticias\/#website"},"datePublished":"2024-10-22T12:24:49+00:00","dateModified":"2024-10-22T12:24:49+00:00","author":{"@id":"https:\/\/www.ull.es\/portal\/noticias\/#\/schema\/person\/9924518fb1ad37d4428e7b5d6f311773"},"description":"El Gobierno de Canarias organiza el 'I Foro Empresa e Identidad' que se celebrar\u00e1 el 23 de octubre, a las 18:00 horas en el Aula Viana del Vicerrectorado de Cultura y Extensi\u00f3n Universitaria de la Universidad de La Laguna.","breadcrumb":{"@id":"https:\/\/www.ull.es\/portal\/noticias\/2024\/la-ull-acoge-un-foro-sobre-la-identidad-canaria-en-el-tejido-empresarial\/#breadcrumb"},"inLanguage":"es","potentialAction":[{"@type":"ReadAction","target":["https:\/\/www.ull.es\/portal\/noticias\/2024\/la-ull-acoge-un-foro-sobre-la-identidad-canaria-en-el-tejido-empresarial\/"]}]},{"@type":"BreadcrumbList","@id":"https:\/\/www.ull.es\/portal\/noticias\/2024\/la-ull-acoge-un-foro-sobre-la-identidad-canaria-en-el-tejido-empresarial\/#breadcrumb","itemListElement":[{"@type":"ListItem","position":1,"name":"Portada","item":"https:\/\/www.ull.es\/portal\/noticias\/"},{"@type":"ListItem","position":2,"name":"La Universidad de La Laguna acoge un foro sobre la identidad canaria en el tejido empresarial"}]},{"@type":"WebSite","@id":"https:\/\/www.ull.es\/portal\/noticias\/#website","url":"https:\/\/www.ull.es\/portal\/noticias\/","name":"ULL - Noticias","description":"","potentialAction":[{"@type":"SearchAction","target":{"@type":"EntryPoint","urlTemplate":"https:\/\/www.ull.es\/portal\/noticias\/?s={search_term_string}"},"query-input":"required name=search_term_string"}],"inLanguage":"es"},{"@type":"Person","@id":"https:\/\/www.ull.es\/portal\/noticias\/#\/schema\/person\/9924518fb1ad37d4428e7b5d6f311773","name":"gcom4","image":{"@type":"ImageObject","inLanguage":"es","@id":"https:\/\/www.ull.es\/portal\/noticias\/#\/schema\/person\/image\/","url":"https:\/\/secure.gravatar.com\/avatar\/a5d1f5573f10617ccfcc209aaf6aa7fb?s=96&d=mm&r=g","contentUrl":"https:\/\/secure.gravatar.com\/avatar\/a5d1f5573f10617ccfcc209aaf6aa7fb?s=96&d=mm&r=g","caption":"gcom4"},"url":"https:\/\/www.ull.es\/portal\/noticias\/author\/gcom4\/"}]}},"primary_category":{"id":345,"name":"Destacado","slug":"destacado","link":"https:\/\/www.ull.es\/portal\/noticias\/category\/destacado\/"},"featured_image_thumbnail_url":"https:\/\/www.ull.es\/portal\/noticias\/wp-content\/uploads\/sites\/13\/2024\/10\/noticia-1-300x177.jpg","_links":{"self":[{"href":"https:\/\/www.ull.es\/portal\/noticias\/wp-json\/wp\/v2\/posts\/78306"}],"collection":[{"href":"https:\/\/www.ull.es\/portal\/noticias\/wp-json\/wp\/v2\/posts"}],"about":[{"href":"https:\/\/www.ull.es\/portal\/noticias\/wp-json\/wp\/v2\/types\/post"}],"author":[{"embeddable":true,"href":"https:\/\/www.ull.es\/portal\/noticias\/wp-json\/wp\/v2\/users\/65"}],"replies":[{"embeddable":true,"href":"https:\/\/www.ull.es\/portal\/noticias\/wp-json\/wp\/v2\/comments?post=78306"}],"version-history":[{"count":1,"href":"https:\/\/www.ull.es\/portal\/noticias\/wp-json\/wp\/v2\/posts\/78306\/revisions"}],"predecessor-version":[{"id":78309,"href":"https:\/\/www.ull.es\/portal\/noticias\/wp-json\/wp\/v2\/posts\/78306\/revisions\/78309"}],"wp:featuredmedia":[{"embeddable":true,"href":"https:\/\/www.ull.es\/portal\/noticias\/wp-json\/wp\/v2\/media\/78307"}],"wp:attachment":[{"href":"https:\/\/www.ull.es\/portal\/noticias\/wp-json\/wp\/v2\/media?parent=78306"}],"wp:term":[{"taxonomy":"category","embeddable":true,"href":"https:\/\/www.ull.es\/portal\/noticias\/wp-json\/wp\/v2\/categories?post=78306"},{"taxonomy":"post_tag","embeddable":true,"href":"https:\/\/www.ull.es\/portal\/noticias\/wp-json\/wp\/v2\/tags?post=78306"}],"curies":[{"name":"wp","href":"https:\/\/api.w.org\/{rel}","templated":true}]}}