{"id":78328,"date":"2024-10-23T13:44:37","date_gmt":"2024-10-23T13:44:37","guid":{"rendered":"https:\/\/www.ull.es\/portal\/noticias\/?p=78328"},"modified":"2024-10-23T13:44:37","modified_gmt":"2024-10-23T13:44:37","slug":"la-universidad-de-la-laguna-exhibe-su-patrimonio-paleontologico-con-una-muestra-de-fosiles","status":"publish","type":"post","link":"https:\/\/www.ull.es\/portal\/noticias\/2024\/la-universidad-de-la-laguna-exhibe-su-patrimonio-paleontologico-con-una-muestra-de-fosiles\/","title":{"rendered":"La Universidad de La Laguna exhibe su patrimonio paleontol\u00f3gico con una muestra de f\u00f3siles"},"content":{"rendered":"<p>La paleontolog\u00eda canaria es clave para conocer la evoluci\u00f3n de la vida en la regi\u00f3n, adem\u00e1s de los cambios clim\u00e1ticos y geol\u00f3gicos que moldearon las islas, formando la riqueza natural y cultural de un pasado remoto. La Universidad de La Laguna ha abierto esta semana una muestra, junto a una serie de talleres y charlas coincidiendo con el <a href=\"https:\/\/www.ull.es\/portal\/agenda\/evento\/dia-internacional-del-fosil\/\" target=\"_blank\" rel=\"noopener\">D\u00eda Internacional del F\u00f3sil<\/a>, para mostrar las valiosas colecciones que alberga la Secci\u00f3n de Biolog\u00eda del centro acad\u00e9mico.<\/p>\n<p>La exhibici\u00f3n fue inaugurada ayer por el rector de la Universidad de La Laguna, Francisco Garc\u00eda, a la que tambi\u00e9n asisti\u00f3 el alcalde de La Laguna, Luis Yeray Guti\u00e9rrez. El rector destac\u00f3 la gran labor que desempe\u00f1a el equipo de Paleontolog\u00eda de la instituci\u00f3n acad\u00e9mica, que trabaja con una amplia colecci\u00f3n que se remonta a la \u00e9poca del mesozoico.<\/p>\n<p><a href=\"https:\/\/www.ull.es\/portal\/noticias\/wp-content\/uploads\/sites\/13\/2024\/10\/Expo-Paleontologia-09.jpg\" target=\"_blank\" rel=\"noopener\"><img decoding=\"async\" loading=\"lazy\" class=\"alignleft size-medium wp-image-78332\" src=\"https:\/\/www.ull.es\/portal\/noticias\/wp-content\/uploads\/sites\/13\/2024\/10\/Expo-Paleontologia-09-300x200.jpg\" alt=\"\" width=\"300\" height=\"200\" srcset=\"https:\/\/www.ull.es\/portal\/noticias\/wp-content\/uploads\/sites\/13\/2024\/10\/Expo-Paleontologia-09-300x200.jpg 300w, https:\/\/www.ull.es\/portal\/noticias\/wp-content\/uploads\/sites\/13\/2024\/10\/Expo-Paleontologia-09-1024x683.jpg 1024w, https:\/\/www.ull.es\/portal\/noticias\/wp-content\/uploads\/sites\/13\/2024\/10\/Expo-Paleontologia-09-768x512.jpg 768w, https:\/\/www.ull.es\/portal\/noticias\/wp-content\/uploads\/sites\/13\/2024\/10\/Expo-Paleontologia-09-375x250.jpg 375w, https:\/\/www.ull.es\/portal\/noticias\/wp-content\/uploads\/sites\/13\/2024\/10\/Expo-Paleontologia-09-750x500.jpg 750w, https:\/\/www.ull.es\/portal\/noticias\/wp-content\/uploads\/sites\/13\/2024\/10\/Expo-Paleontologia-09-1140x760.jpg 1140w, https:\/\/www.ull.es\/portal\/noticias\/wp-content\/uploads\/sites\/13\/2024\/10\/Expo-Paleontologia-09.jpg 1200w\" sizes=\"(max-width: 300px) 100vw, 300px\" \/><\/a>La muestra invita a valorar estos tesoros f\u00f3siles y a reflexionar sobre la importancia de conservar el patrimonio paleontol\u00f3gico canario, con piezas de incalculable valor, muchas de las cuales son \u00fanicas en islas oce\u00e1nicas, volc\u00e1nicas y activas.<\/p>\n<p>La profesora titular del \u00e1rea de Paleontolog\u00eda de la Universidad de La Laguna, <a href=\"https:\/\/portalciencia.ull.es\/investigadores\/81074\/detalle\" target=\"_blank\" rel=\"noopener\">Carolina Castillo Ruiz<\/a>, detalla que los f\u00f3siles suponen un rastreo del paso del tiempo en el archipi\u00e9lago, emergido hace unos 23 millones de a\u00f1os. De hecho, proporcionan informaci\u00f3n sobre la evoluci\u00f3n de la fauna y la flora, asociada a los cambios clim\u00e1ticos que est\u00e1n sucediendo en estos \u00faltimos tiempos.<\/p>\n<p>La investigadora indica que esta exposici\u00f3n cuenta con registros f\u00f3siles de los dep\u00f3sitos marinos costeros de hace 130.000 a\u00f1os o incluso de m\u00e1s atr\u00e1s en el tiempo. Adem\u00e1s, plantea un acercamiento a la metodolog\u00eda 3D, tanto para investigar como para divulgaci\u00f3n, lo que permite, por ejemplo, observar la evoluci\u00f3n y cambio de tama\u00f1o de los lagartos end\u00e9micos.<\/p>\n<p>Las personas visitantes podr\u00e1n encontrar caracoles terrestres, tanto f\u00f3siles como actuales o muchos restos de <em>Gallotia<\/em>, del lagarto gigante y otras especies de Tenerife o El Hierro. Entre ellos, destaca el hallazgo de un lagarto articulado en su h\u00e1bitat natural, los sedimentos costeros, que est\u00e1 datado hace 700.000 a\u00f1os. Este ejemplar se somete en la actualidad a un estudio en mayor profundidad para conocer con m\u00e1s detalle cu\u00e1les fueron sus condiciones de vida, sus comportamientos sociales o, incluso, si tuvo una muerte natural o accidental.<\/p>\n<p>Esta muestra es un peque\u00f1o reflejo de las grandes colecciones paleontol\u00f3gicas de la Universidad de La Laguna. Destacan en ella restos vegetales en las cenizas volc\u00e1nicas, como cardones, bejeques<a href=\"https:\/\/www.ull.es\/portal\/noticias\/wp-content\/uploads\/sites\/13\/2024\/10\/Expo-Paleontologia-14.jpg\" target=\"_blank\" rel=\"noopener\"><img decoding=\"async\" loading=\"lazy\" class=\"alignright size-medium wp-image-78331\" src=\"https:\/\/www.ull.es\/portal\/noticias\/wp-content\/uploads\/sites\/13\/2024\/10\/Expo-Paleontologia-14-300x200.jpg\" alt=\"\" width=\"300\" height=\"200\" srcset=\"https:\/\/www.ull.es\/portal\/noticias\/wp-content\/uploads\/sites\/13\/2024\/10\/Expo-Paleontologia-14-300x200.jpg 300w, https:\/\/www.ull.es\/portal\/noticias\/wp-content\/uploads\/sites\/13\/2024\/10\/Expo-Paleontologia-14-1024x683.jpg 1024w, https:\/\/www.ull.es\/portal\/noticias\/wp-content\/uploads\/sites\/13\/2024\/10\/Expo-Paleontologia-14-768x512.jpg 768w, https:\/\/www.ull.es\/portal\/noticias\/wp-content\/uploads\/sites\/13\/2024\/10\/Expo-Paleontologia-14-375x250.jpg 375w, https:\/\/www.ull.es\/portal\/noticias\/wp-content\/uploads\/sites\/13\/2024\/10\/Expo-Paleontologia-14-750x500.jpg 750w, https:\/\/www.ull.es\/portal\/noticias\/wp-content\/uploads\/sites\/13\/2024\/10\/Expo-Paleontologia-14-1140x760.jpg 1140w, https:\/\/www.ull.es\/portal\/noticias\/wp-content\/uploads\/sites\/13\/2024\/10\/Expo-Paleontologia-14.jpg 1200w\" sizes=\"(max-width: 300px) 100vw, 300px\" \/><\/a> y partes vegetativas de otras muchas plantas de hace m\u00e1s de 300.000 a\u00f1os. De los paleoecosistemas costeros, son especialmente relevantes las chuchangas, con 30 especies actuales cr\u00edticamente amenazadas.<\/p>\n<p>La exposici\u00f3n, ubicada en la Secci\u00f3n de Bilog\u00eda hasta ma\u00f1ana jueves 24, tambi\u00e9n alberga peque\u00f1os mam\u00edferos, como ratas gigantes de Tenerife y Gran Canaria; y microf\u00f3siles, organismos que forman parte del plancton que alimenta a los grandes mam\u00edferos marinos. De estos \u00faltimos, se pueden observar ejemplos de dientes de megalod\u00f3n, entre otros, una especie que vivi\u00f3 en Canarias hace m\u00e1s de 20 o 30 millones de a\u00f1os.<\/p>\n<p>&nbsp;<\/p>\n","protected":false},"excerpt":{"rendered":"<p>La paleontolog\u00eda canaria es clave para conocer la evoluci\u00f3n de la vida en la regi\u00f3n, adem\u00e1s de los cambios clim\u00e1ticos&#8230;<\/p>\n","protected":false},"author":23,"featured_media":78330,"comment_status":"closed","ping_status":"closed","sticky":false,"template":"","format":"standard","meta":{"inline_featured_image":false,"footnotes":""},"categories":[344,345,2765],"tags":[],"acf":[],"yoast_head":"<!-- This site is optimized with the Yoast SEO plugin v21.3 - https:\/\/yoast.com\/wordpress\/plugins\/seo\/ -->\n<title>La Universidad de La Laguna exhibe su patrimonio paleontol\u00f3gico con una muestra de f\u00f3siles - ULL - Noticias<\/title>\n<meta name=\"robots\" content=\"index, follow, max-snippet:-1, max-image-preview:large, max-video-preview:-1\" \/>\n<link rel=\"canonical\" href=\"https:\/\/www.ull.es\/portal\/noticias\/2024\/la-universidad-de-la-laguna-exhibe-su-patrimonio-paleontologico-con-una-muestra-de-fosiles\/\" \/>\n<meta property=\"og:locale\" content=\"es_ES\" \/>\n<meta property=\"og:type\" content=\"article\" \/>\n<meta property=\"og:title\" content=\"La Universidad de La Laguna exhibe su patrimonio paleontol\u00f3gico con una muestra de f\u00f3siles - ULL - Noticias\" \/>\n<meta property=\"og:description\" content=\"La paleontolog\u00eda canaria es clave para conocer la evoluci\u00f3n de la vida en la regi\u00f3n, adem\u00e1s de los cambios clim\u00e1ticos...\" \/>\n<meta property=\"og:url\" content=\"https:\/\/www.ull.es\/portal\/noticias\/2024\/la-universidad-de-la-laguna-exhibe-su-patrimonio-paleontologico-con-una-muestra-de-fosiles\/\" \/>\n<meta property=\"og:site_name\" content=\"ULL - Noticias\" \/>\n<meta property=\"article:publisher\" content=\"https:\/\/www.facebook.com\/universidaddelalaguna\/\" \/>\n<meta property=\"article:published_time\" content=\"2024-10-23T13:44:37+00:00\" \/>\n<meta property=\"og:image\" content=\"https:\/\/www.ull.es\/portal\/noticias\/wp-content\/uploads\/sites\/13\/2024\/10\/Expo-Paleontologia-01.jpg\" \/>\n\t<meta property=\"og:image:width\" content=\"1200\" \/>\n\t<meta property=\"og:image:height\" content=\"800\" \/>\n\t<meta property=\"og:image:type\" content=\"image\/jpeg\" \/>\n<meta name=\"author\" content=\"gaprsa\" \/>\n<meta name=\"twitter:card\" content=\"summary_large_image\" \/>\n<meta name=\"twitter:creator\" content=\"@CanalULL\" \/>\n<meta name=\"twitter:site\" content=\"@CanalULL\" \/>\n<meta name=\"twitter:label1\" content=\"Escrito por\" \/>\n\t<meta name=\"twitter:data1\" content=\"gaprsa\" \/>\n\t<meta name=\"twitter:label2\" content=\"Tiempo de lectura\" \/>\n\t<meta name=\"twitter:data2\" content=\"3 minutos\" \/>\n<script type=\"application\/ld+json\" class=\"yoast-schema-graph\">{\"@context\":\"https:\/\/schema.org\",\"@graph\":[{\"@type\":\"WebPage\",\"@id\":\"https:\/\/www.ull.es\/portal\/noticias\/2024\/la-universidad-de-la-laguna-exhibe-su-patrimonio-paleontologico-con-una-muestra-de-fosiles\/\",\"url\":\"https:\/\/www.ull.es\/portal\/noticias\/2024\/la-universidad-de-la-laguna-exhibe-su-patrimonio-paleontologico-con-una-muestra-de-fosiles\/\",\"name\":\"La Universidad de La Laguna exhibe su patrimonio paleontol\u00f3gico con una muestra de f\u00f3siles - ULL - Noticias\",\"isPartOf\":{\"@id\":\"https:\/\/www.ull.es\/portal\/noticias\/#website\"},\"datePublished\":\"2024-10-23T13:44:37+00:00\",\"dateModified\":\"2024-10-23T13:44:37+00:00\",\"author\":{\"@id\":\"https:\/\/www.ull.es\/portal\/noticias\/#\/schema\/person\/b2b1a89d43ffa609e591f7df8ef3e817\"},\"breadcrumb\":{\"@id\":\"https:\/\/www.ull.es\/portal\/noticias\/2024\/la-universidad-de-la-laguna-exhibe-su-patrimonio-paleontologico-con-una-muestra-de-fosiles\/#breadcrumb\"},\"inLanguage\":\"es\",\"potentialAction\":[{\"@type\":\"ReadAction\",\"target\":[\"https:\/\/www.ull.es\/portal\/noticias\/2024\/la-universidad-de-la-laguna-exhibe-su-patrimonio-paleontologico-con-una-muestra-de-fosiles\/\"]}]},{\"@type\":\"BreadcrumbList\",\"@id\":\"https:\/\/www.ull.es\/portal\/noticias\/2024\/la-universidad-de-la-laguna-exhibe-su-patrimonio-paleontologico-con-una-muestra-de-fosiles\/#breadcrumb\",\"itemListElement\":[{\"@type\":\"ListItem\",\"position\":1,\"name\":\"Portada\",\"item\":\"https:\/\/www.ull.es\/portal\/noticias\/\"},{\"@type\":\"ListItem\",\"position\":2,\"name\":\"La Universidad de La Laguna exhibe su patrimonio paleontol\u00f3gico con una muestra de f\u00f3siles\"}]},{\"@type\":\"WebSite\",\"@id\":\"https:\/\/www.ull.es\/portal\/noticias\/#website\",\"url\":\"https:\/\/www.ull.es\/portal\/noticias\/\",\"name\":\"ULL - Noticias\",\"description\":\"\",\"potentialAction\":[{\"@type\":\"SearchAction\",\"target\":{\"@type\":\"EntryPoint\",\"urlTemplate\":\"https:\/\/www.ull.es\/portal\/noticias\/?s={search_term_string}\"},\"query-input\":\"required name=search_term_string\"}],\"inLanguage\":\"es\"},{\"@type\":\"Person\",\"@id\":\"https:\/\/www.ull.es\/portal\/noticias\/#\/schema\/person\/b2b1a89d43ffa609e591f7df8ef3e817\",\"name\":\"gaprsa\",\"image\":{\"@type\":\"ImageObject\",\"inLanguage\":\"es\",\"@id\":\"https:\/\/www.ull.es\/portal\/noticias\/#\/schema\/person\/image\/\",\"url\":\"https:\/\/secure.gravatar.com\/avatar\/443820550921091458b4823867723b3d?s=96&d=mm&r=g\",\"contentUrl\":\"https:\/\/secure.gravatar.com\/avatar\/443820550921091458b4823867723b3d?s=96&d=mm&r=g\",\"caption\":\"gaprsa\"},\"url\":\"https:\/\/www.ull.es\/portal\/noticias\/author\/gaprsa\/\"}]}<\/script>\n<!-- \/ Yoast SEO plugin. -->","yoast_head_json":{"title":"La Universidad de La Laguna exhibe su patrimonio paleontol\u00f3gico con una muestra de f\u00f3siles - ULL - Noticias","robots":{"index":"index","follow":"follow","max-snippet":"max-snippet:-1","max-image-preview":"max-image-preview:large","max-video-preview":"max-video-preview:-1"},"canonical":"https:\/\/www.ull.es\/portal\/noticias\/2024\/la-universidad-de-la-laguna-exhibe-su-patrimonio-paleontologico-con-una-muestra-de-fosiles\/","og_locale":"es_ES","og_type":"article","og_title":"La Universidad de La Laguna exhibe su patrimonio paleontol\u00f3gico con una muestra de f\u00f3siles - ULL - Noticias","og_description":"La paleontolog\u00eda canaria es clave para conocer la evoluci\u00f3n de la vida en la regi\u00f3n, adem\u00e1s de los cambios clim\u00e1ticos...","og_url":"https:\/\/www.ull.es\/portal\/noticias\/2024\/la-universidad-de-la-laguna-exhibe-su-patrimonio-paleontologico-con-una-muestra-de-fosiles\/","og_site_name":"ULL - Noticias","article_publisher":"https:\/\/www.facebook.com\/universidaddelalaguna\/","article_published_time":"2024-10-23T13:44:37+00:00","og_image":[{"width":1200,"height":800,"url":"https:\/\/www.ull.es\/portal\/noticias\/wp-content\/uploads\/sites\/13\/2024\/10\/Expo-Paleontologia-01.jpg","type":"image\/jpeg"}],"author":"gaprsa","twitter_card":"summary_large_image","twitter_creator":"@CanalULL","twitter_site":"@CanalULL","twitter_misc":{"Escrito por":"gaprsa","Tiempo de lectura":"3 minutos"},"schema":{"@context":"https:\/\/schema.org","@graph":[{"@type":"WebPage","@id":"https:\/\/www.ull.es\/portal\/noticias\/2024\/la-universidad-de-la-laguna-exhibe-su-patrimonio-paleontologico-con-una-muestra-de-fosiles\/","url":"https:\/\/www.ull.es\/portal\/noticias\/2024\/la-universidad-de-la-laguna-exhibe-su-patrimonio-paleontologico-con-una-muestra-de-fosiles\/","name":"La Universidad de La Laguna exhibe su patrimonio paleontol\u00f3gico con una muestra de f\u00f3siles - ULL - Noticias","isPartOf":{"@id":"https:\/\/www.ull.es\/portal\/noticias\/#website"},"datePublished":"2024-10-23T13:44:37+00:00","dateModified":"2024-10-23T13:44:37+00:00","author":{"@id":"https:\/\/www.ull.es\/portal\/noticias\/#\/schema\/person\/b2b1a89d43ffa609e591f7df8ef3e817"},"breadcrumb":{"@id":"https:\/\/www.ull.es\/portal\/noticias\/2024\/la-universidad-de-la-laguna-exhibe-su-patrimonio-paleontologico-con-una-muestra-de-fosiles\/#breadcrumb"},"inLanguage":"es","potentialAction":[{"@type":"ReadAction","target":["https:\/\/www.ull.es\/portal\/noticias\/2024\/la-universidad-de-la-laguna-exhibe-su-patrimonio-paleontologico-con-una-muestra-de-fosiles\/"]}]},{"@type":"BreadcrumbList","@id":"https:\/\/www.ull.es\/portal\/noticias\/2024\/la-universidad-de-la-laguna-exhibe-su-patrimonio-paleontologico-con-una-muestra-de-fosiles\/#breadcrumb","itemListElement":[{"@type":"ListItem","position":1,"name":"Portada","item":"https:\/\/www.ull.es\/portal\/noticias\/"},{"@type":"ListItem","position":2,"name":"La Universidad de La Laguna exhibe su patrimonio paleontol\u00f3gico con una muestra de f\u00f3siles"}]},{"@type":"WebSite","@id":"https:\/\/www.ull.es\/portal\/noticias\/#website","url":"https:\/\/www.ull.es\/portal\/noticias\/","name":"ULL - Noticias","description":"","potentialAction":[{"@type":"SearchAction","target":{"@type":"EntryPoint","urlTemplate":"https:\/\/www.ull.es\/portal\/noticias\/?s={search_term_string}"},"query-input":"required name=search_term_string"}],"inLanguage":"es"},{"@type":"Person","@id":"https:\/\/www.ull.es\/portal\/noticias\/#\/schema\/person\/b2b1a89d43ffa609e591f7df8ef3e817","name":"gaprsa","image":{"@type":"ImageObject","inLanguage":"es","@id":"https:\/\/www.ull.es\/portal\/noticias\/#\/schema\/person\/image\/","url":"https:\/\/secure.gravatar.com\/avatar\/443820550921091458b4823867723b3d?s=96&d=mm&r=g","contentUrl":"https:\/\/secure.gravatar.com\/avatar\/443820550921091458b4823867723b3d?s=96&d=mm&r=g","caption":"gaprsa"},"url":"https:\/\/www.ull.es\/portal\/noticias\/author\/gaprsa\/"}]}},"primary_category":{"id":345,"name":"Destacado","slug":"destacado","link":"https:\/\/www.ull.es\/portal\/noticias\/category\/destacado\/"},"featured_image_thumbnail_url":"https:\/\/www.ull.es\/portal\/noticias\/wp-content\/uploads\/sites\/13\/2024\/10\/Expo-Paleontologia-01-300x200.jpg","_links":{"self":[{"href":"https:\/\/www.ull.es\/portal\/noticias\/wp-json\/wp\/v2\/posts\/78328"}],"collection":[{"href":"https:\/\/www.ull.es\/portal\/noticias\/wp-json\/wp\/v2\/posts"}],"about":[{"href":"https:\/\/www.ull.es\/portal\/noticias\/wp-json\/wp\/v2\/types\/post"}],"author":[{"embeddable":true,"href":"https:\/\/www.ull.es\/portal\/noticias\/wp-json\/wp\/v2\/users\/23"}],"replies":[{"embeddable":true,"href":"https:\/\/www.ull.es\/portal\/noticias\/wp-json\/wp\/v2\/comments?post=78328"}],"version-history":[{"count":2,"href":"https:\/\/www.ull.es\/portal\/noticias\/wp-json\/wp\/v2\/posts\/78328\/revisions"}],"predecessor-version":[{"id":78333,"href":"https:\/\/www.ull.es\/portal\/noticias\/wp-json\/wp\/v2\/posts\/78328\/revisions\/78333"}],"wp:featuredmedia":[{"embeddable":true,"href":"https:\/\/www.ull.es\/portal\/noticias\/wp-json\/wp\/v2\/media\/78330"}],"wp:attachment":[{"href":"https:\/\/www.ull.es\/portal\/noticias\/wp-json\/wp\/v2\/media?parent=78328"}],"wp:term":[{"taxonomy":"category","embeddable":true,"href":"https:\/\/www.ull.es\/portal\/noticias\/wp-json\/wp\/v2\/categories?post=78328"},{"taxonomy":"post_tag","embeddable":true,"href":"https:\/\/www.ull.es\/portal\/noticias\/wp-json\/wp\/v2\/tags?post=78328"}],"curies":[{"name":"wp","href":"https:\/\/api.w.org\/{rel}","templated":true}]}}