{"id":78416,"date":"2024-10-28T13:12:28","date_gmt":"2024-10-28T13:12:28","guid":{"rendered":"https:\/\/www.ull.es\/portal\/noticias\/?p=78416"},"modified":"2024-10-28T14:08:53","modified_gmt":"2024-10-28T14:08:53","slug":"la-ull-y-la-fundacion-mapfre-canarias-entregan-los-iv-premios-tecnoedu-a-la-innovacion-con-tecnologia-educativa","status":"publish","type":"post","link":"https:\/\/www.ull.es\/portal\/noticias\/2024\/la-ull-y-la-fundacion-mapfre-canarias-entregan-los-iv-premios-tecnoedu-a-la-innovacion-con-tecnologia-educativa\/","title":{"rendered":"La ULL y la Fundaci\u00f3n MAPFRE Canarias entregan los IV Premios TECNOEDU a la Innovaci\u00f3n con Tecnolog\u00eda Educativa"},"content":{"rendered":"<p>La C\u00e1tedra Fundaci\u00f3n MAPFRE Canarias de Tecnolog\u00eda y Educaci\u00f3n de la Universidad de La Laguna (TECNOEDU) celebr\u00f3 la pasada semana la entrega de los IV Premios TECNOEDU, unos galardones que reconocen la innovaci\u00f3n y creatividad en proyectos educativos que utilizan la tecnolog\u00eda para mejorar la ense\u00f1anza en las Islas Canarias. El evento cont\u00f3 con la presencia de autoridades acad\u00e9micas y numerosos docentes y estudiantes que participaron en los proyectos galardonados. En esta edici\u00f3n, se reconocieron iniciativas centradas en la comunicaci\u00f3n audiovisual, la inteligencia artificial, y la transformaci\u00f3n de espacios creativos.<\/p>\n<p>Durante la apertura del acto, Isabel Le\u00f3n, vicerrectora de Cultura y Extensi\u00f3n Universitaria de la Universidad de La Laguna, en representaci\u00f3n del rector, subray\u00f3 el impacto de la tecnolog\u00eda en el desarrollo educativo y la capacidad de estos premios para visibilizar el uso de herramientas tecnol\u00f3gicas innovadoras en el entorno escolar. \u201cEstos premios representan el compromiso de la instituci\u00f3n acad\u00e9mica con una educaci\u00f3n que responda a las necesidades del siglo XXI, donde la tecnolog\u00eda no solo es una herramienta, sino una v\u00eda para construir sociedades igualitarias y sostenibles,\u201d afirm\u00f3 la vicerrectora.<\/p>\n<p>Esther Martel, directora de la Fundaci\u00f3n MAPFRE Canarias, resalt\u00f3 la importancia de apoyar iniciativas educativas en Canarias: \u201cCreemos que la educaci\u00f3n y la formaci\u00f3n son fundamentales para el progreso social, y es por eso que desde la Fundaci\u00f3n hemos impulsado esta c\u00e1tedra. Desde 2017, trabajamos en acercar el conocimiento y la innovaci\u00f3n educativa a la comunidad escolar,\u201d se\u00f1al\u00f3 Martel, quien agradeci\u00f3 a todos los participantes y destac\u00f3 el esfuerzo y la dedicaci\u00f3n de cada proyecto premiado. Manuel Area, director de la C\u00e1tedra TECNOEDU, incidi\u00f3 en la naturaleza de esta iniciativa: \u201cLos premios TECNOEDU nacieron para hacer visibles y reconocer la labor de los docentes que impulsan el uso de la tecnolog\u00eda en nuestras escuelas y que educan a las nuevas generaciones en medio de un entorno digital complejo\u201d, enfatizando que este reconocimiento es un incentivo para continuar impulsando la educaci\u00f3n digital en las Islas Canarias.<\/p>\n<p>El acto tambi\u00e9n incluy\u00f3 una ponencia de David \u00c1lvarez, CEO de Conecta13 y divulgador educativo, quien habl\u00f3 sobre el papel de la inteligencia artificial en la educaci\u00f3n actual. \u00c1lvarez destac\u00f3 que la IA permite personalizar el aprendizaje y facilitar la labor docente mediante la automatizaci\u00f3n de tareas administrativas, aunque advirti\u00f3 sobre los posibles sesgos y el riesgo de desinformaci\u00f3n. \u201cLa IA es una de las tecnolog\u00edas m\u00e1s disruptivas de nuestra era, y es vital que tanto estudiantes como docentes comprendan sus capacidades y limitaciones,\u201d coment\u00f3 \u00c1lvarez.<\/p>\n<p><strong>Proyectos ganadores<\/strong><\/p>\n<p>Entre los proyectos galardonados se encuentran iniciativas que abarcan desde la televisi\u00f3n escolar en directo hasta el uso de la inteligencia artificial para estimular la creatividad del alumnado:<\/p>\n<ul>\n<li>Televisi\u00f3n Escolar de Villaverde (CEIP Villaverde): Esta iniciativa implement\u00f3 un sistema de televisi\u00f3n digital en vivo en el centro escolar, fomentando la comunicaci\u00f3n audiovisual y la participaci\u00f3n de toda la comunidad educativa. Fue valorado por su capacidad de involucrar a los estudiantes en la producci\u00f3n audiovisual y por su utilidad como modelo para otros centros interesados en replicarlo.<\/li>\n<li>Proyecto Maker (IES La Aldea de San Nicol\u00e1s). Esta experiencia basada en proyectos, surge de la necesidad de crear un espacio de aprendizaje motivador, donde el alumnado pueda aprender a trav\u00e9s de la construcci\u00f3n y experimentaci\u00f3n. En este taller, los alumnos participan en actividades que involucran el uso de tecnolog\u00edas como el corte l\u00e1ser, impresi\u00f3n 3D y otras herramientas que facilitan el aprendizaje pr\u00e1ctico.<\/li>\n<li>Explorando la ilustraci\u00f3n infantil como producci\u00f3n art\u00edstica, est\u00e9tica y como recurso para guiar la creatividad de los ni\u00f1os, proyecto de TFG de la alumna Paula Delgado Hern\u00e1ndez. Este proyecto, desarrollado en el marco del Grado de Maestro\/a en Educaci\u00f3n Primaria de la Universidad de La Laguna, explora c\u00f3mo la ilustraci\u00f3n infantil puede utilizarse no s\u00f3lo como expresi\u00f3n art\u00edstica, sino tambi\u00e9n como herramienta educativa para fomentar la creatividad y el pensamiento cr\u00edtico en los ni\u00f1os. Se proponen actividades que integran la ilustraci\u00f3n en el aula, alentando al alumnado a crear im\u00e1genes, lo cual promueve tanto el aprendizaje art\u00edstico como el desarrollo emocional y expresivo, combinado con el uso de herramientas de inteligencia artificial.<\/li>\n<\/ul>\n<p>Para m\u00e1s informaci\u00f3n sobre los IV Premios TECNOEDU y los proyectos ganadores, se puede visitar la p\u00e1gina oficial de la <a href=\"https:\/\/tecnoedu.webs.ull.es\/iv-premios-tecnoedu-2024\/\" target=\"_blank\" rel=\"noopener\">c\u00e1tedra.<\/a><\/p>\n","protected":false},"excerpt":{"rendered":"<p>La C\u00e1tedra Fundaci\u00f3n MAPFRE Canarias de Tecnolog\u00eda y Educaci\u00f3n de la Universidad de La Laguna (TECNOEDU) celebr\u00f3 la pasada semana&#8230;<\/p>\n","protected":false},"author":23,"featured_media":78417,"comment_status":"closed","ping_status":"closed","sticky":false,"template":"","format":"standard","meta":{"inline_featured_image":false,"footnotes":""},"categories":[345,346,348,2765],"tags":[],"acf":[],"yoast_head":"<!-- This site is optimized with the Yoast SEO plugin v21.3 - https:\/\/yoast.com\/wordpress\/plugins\/seo\/ -->\n<title>La ULL y la Fundaci\u00f3n MAPFRE Canarias entregan los IV Premios TECNOEDU a la Innovaci\u00f3n con Tecnolog\u00eda Educativa - ULL - Noticias<\/title>\n<meta name=\"robots\" content=\"index, follow, max-snippet:-1, max-image-preview:large, max-video-preview:-1\" \/>\n<link rel=\"canonical\" href=\"https:\/\/www.ull.es\/portal\/noticias\/2024\/la-ull-y-la-fundacion-mapfre-canarias-entregan-los-iv-premios-tecnoedu-a-la-innovacion-con-tecnologia-educativa\/\" \/>\n<meta property=\"og:locale\" content=\"es_ES\" \/>\n<meta property=\"og:type\" content=\"article\" \/>\n<meta property=\"og:title\" content=\"La ULL y la Fundaci\u00f3n MAPFRE Canarias entregan los IV Premios TECNOEDU a la Innovaci\u00f3n con Tecnolog\u00eda Educativa - ULL - Noticias\" \/>\n<meta property=\"og:description\" content=\"La C\u00e1tedra Fundaci\u00f3n MAPFRE Canarias de Tecnolog\u00eda y Educaci\u00f3n de la Universidad de La Laguna (TECNOEDU) celebr\u00f3 la pasada semana...\" \/>\n<meta property=\"og:url\" content=\"https:\/\/www.ull.es\/portal\/noticias\/2024\/la-ull-y-la-fundacion-mapfre-canarias-entregan-los-iv-premios-tecnoedu-a-la-innovacion-con-tecnologia-educativa\/\" \/>\n<meta property=\"og:site_name\" content=\"ULL - Noticias\" \/>\n<meta property=\"article:publisher\" content=\"https:\/\/www.facebook.com\/universidaddelalaguna\/\" \/>\n<meta property=\"article:published_time\" content=\"2024-10-28T13:12:28+00:00\" \/>\n<meta property=\"article:modified_time\" content=\"2024-10-28T14:08:53+00:00\" \/>\n<meta property=\"og:image\" content=\"https:\/\/www.ull.es\/portal\/noticias\/wp-content\/uploads\/sites\/13\/2024\/10\/premios-tecnoedu-2024.jpg\" \/>\n\t<meta property=\"og:image:width\" content=\"1399\" \/>\n\t<meta property=\"og:image:height\" content=\"1049\" \/>\n\t<meta property=\"og:image:type\" content=\"image\/jpeg\" \/>\n<meta name=\"author\" content=\"gaprsa\" \/>\n<meta name=\"twitter:card\" content=\"summary_large_image\" \/>\n<meta name=\"twitter:creator\" content=\"@CanalULL\" \/>\n<meta name=\"twitter:site\" content=\"@CanalULL\" \/>\n<meta name=\"twitter:label1\" content=\"Escrito por\" \/>\n\t<meta name=\"twitter:data1\" content=\"gaprsa\" \/>\n\t<meta name=\"twitter:label2\" content=\"Tiempo de lectura\" \/>\n\t<meta name=\"twitter:data2\" content=\"4 minutos\" \/>\n<script type=\"application\/ld+json\" class=\"yoast-schema-graph\">{\"@context\":\"https:\/\/schema.org\",\"@graph\":[{\"@type\":\"WebPage\",\"@id\":\"https:\/\/www.ull.es\/portal\/noticias\/2024\/la-ull-y-la-fundacion-mapfre-canarias-entregan-los-iv-premios-tecnoedu-a-la-innovacion-con-tecnologia-educativa\/\",\"url\":\"https:\/\/www.ull.es\/portal\/noticias\/2024\/la-ull-y-la-fundacion-mapfre-canarias-entregan-los-iv-premios-tecnoedu-a-la-innovacion-con-tecnologia-educativa\/\",\"name\":\"La ULL y la Fundaci\u00f3n MAPFRE Canarias entregan los IV Premios TECNOEDU a la Innovaci\u00f3n con Tecnolog\u00eda Educativa - ULL - Noticias\",\"isPartOf\":{\"@id\":\"https:\/\/www.ull.es\/portal\/noticias\/#website\"},\"datePublished\":\"2024-10-28T13:12:28+00:00\",\"dateModified\":\"2024-10-28T14:08:53+00:00\",\"author\":{\"@id\":\"https:\/\/www.ull.es\/portal\/noticias\/#\/schema\/person\/b2b1a89d43ffa609e591f7df8ef3e817\"},\"breadcrumb\":{\"@id\":\"https:\/\/www.ull.es\/portal\/noticias\/2024\/la-ull-y-la-fundacion-mapfre-canarias-entregan-los-iv-premios-tecnoedu-a-la-innovacion-con-tecnologia-educativa\/#breadcrumb\"},\"inLanguage\":\"es\",\"potentialAction\":[{\"@type\":\"ReadAction\",\"target\":[\"https:\/\/www.ull.es\/portal\/noticias\/2024\/la-ull-y-la-fundacion-mapfre-canarias-entregan-los-iv-premios-tecnoedu-a-la-innovacion-con-tecnologia-educativa\/\"]}]},{\"@type\":\"BreadcrumbList\",\"@id\":\"https:\/\/www.ull.es\/portal\/noticias\/2024\/la-ull-y-la-fundacion-mapfre-canarias-entregan-los-iv-premios-tecnoedu-a-la-innovacion-con-tecnologia-educativa\/#breadcrumb\",\"itemListElement\":[{\"@type\":\"ListItem\",\"position\":1,\"name\":\"Portada\",\"item\":\"https:\/\/www.ull.es\/portal\/noticias\/\"},{\"@type\":\"ListItem\",\"position\":2,\"name\":\"La ULL y la Fundaci\u00f3n MAPFRE Canarias entregan los IV Premios TECNOEDU a la Innovaci\u00f3n con Tecnolog\u00eda Educativa\"}]},{\"@type\":\"WebSite\",\"@id\":\"https:\/\/www.ull.es\/portal\/noticias\/#website\",\"url\":\"https:\/\/www.ull.es\/portal\/noticias\/\",\"name\":\"ULL - Noticias\",\"description\":\"\",\"potentialAction\":[{\"@type\":\"SearchAction\",\"target\":{\"@type\":\"EntryPoint\",\"urlTemplate\":\"https:\/\/www.ull.es\/portal\/noticias\/?s={search_term_string}\"},\"query-input\":\"required name=search_term_string\"}],\"inLanguage\":\"es\"},{\"@type\":\"Person\",\"@id\":\"https:\/\/www.ull.es\/portal\/noticias\/#\/schema\/person\/b2b1a89d43ffa609e591f7df8ef3e817\",\"name\":\"gaprsa\",\"image\":{\"@type\":\"ImageObject\",\"inLanguage\":\"es\",\"@id\":\"https:\/\/www.ull.es\/portal\/noticias\/#\/schema\/person\/image\/\",\"url\":\"https:\/\/secure.gravatar.com\/avatar\/443820550921091458b4823867723b3d?s=96&d=mm&r=g\",\"contentUrl\":\"https:\/\/secure.gravatar.com\/avatar\/443820550921091458b4823867723b3d?s=96&d=mm&r=g\",\"caption\":\"gaprsa\"},\"url\":\"https:\/\/www.ull.es\/portal\/noticias\/author\/gaprsa\/\"}]}<\/script>\n<!-- \/ Yoast SEO plugin. -->","yoast_head_json":{"title":"La ULL y la Fundaci\u00f3n MAPFRE Canarias entregan los IV Premios TECNOEDU a la Innovaci\u00f3n con Tecnolog\u00eda Educativa - ULL - Noticias","robots":{"index":"index","follow":"follow","max-snippet":"max-snippet:-1","max-image-preview":"max-image-preview:large","max-video-preview":"max-video-preview:-1"},"canonical":"https:\/\/www.ull.es\/portal\/noticias\/2024\/la-ull-y-la-fundacion-mapfre-canarias-entregan-los-iv-premios-tecnoedu-a-la-innovacion-con-tecnologia-educativa\/","og_locale":"es_ES","og_type":"article","og_title":"La ULL y la Fundaci\u00f3n MAPFRE Canarias entregan los IV Premios TECNOEDU a la Innovaci\u00f3n con Tecnolog\u00eda Educativa - ULL - Noticias","og_description":"La C\u00e1tedra Fundaci\u00f3n MAPFRE Canarias de Tecnolog\u00eda y Educaci\u00f3n de la Universidad de La Laguna (TECNOEDU) celebr\u00f3 la pasada semana...","og_url":"https:\/\/www.ull.es\/portal\/noticias\/2024\/la-ull-y-la-fundacion-mapfre-canarias-entregan-los-iv-premios-tecnoedu-a-la-innovacion-con-tecnologia-educativa\/","og_site_name":"ULL - Noticias","article_publisher":"https:\/\/www.facebook.com\/universidaddelalaguna\/","article_published_time":"2024-10-28T13:12:28+00:00","article_modified_time":"2024-10-28T14:08:53+00:00","og_image":[{"width":1399,"height":1049,"url":"https:\/\/www.ull.es\/portal\/noticias\/wp-content\/uploads\/sites\/13\/2024\/10\/premios-tecnoedu-2024.jpg","type":"image\/jpeg"}],"author":"gaprsa","twitter_card":"summary_large_image","twitter_creator":"@CanalULL","twitter_site":"@CanalULL","twitter_misc":{"Escrito por":"gaprsa","Tiempo de lectura":"4 minutos"},"schema":{"@context":"https:\/\/schema.org","@graph":[{"@type":"WebPage","@id":"https:\/\/www.ull.es\/portal\/noticias\/2024\/la-ull-y-la-fundacion-mapfre-canarias-entregan-los-iv-premios-tecnoedu-a-la-innovacion-con-tecnologia-educativa\/","url":"https:\/\/www.ull.es\/portal\/noticias\/2024\/la-ull-y-la-fundacion-mapfre-canarias-entregan-los-iv-premios-tecnoedu-a-la-innovacion-con-tecnologia-educativa\/","name":"La ULL y la Fundaci\u00f3n MAPFRE Canarias entregan los IV Premios TECNOEDU a la Innovaci\u00f3n con Tecnolog\u00eda Educativa - ULL - Noticias","isPartOf":{"@id":"https:\/\/www.ull.es\/portal\/noticias\/#website"},"datePublished":"2024-10-28T13:12:28+00:00","dateModified":"2024-10-28T14:08:53+00:00","author":{"@id":"https:\/\/www.ull.es\/portal\/noticias\/#\/schema\/person\/b2b1a89d43ffa609e591f7df8ef3e817"},"breadcrumb":{"@id":"https:\/\/www.ull.es\/portal\/noticias\/2024\/la-ull-y-la-fundacion-mapfre-canarias-entregan-los-iv-premios-tecnoedu-a-la-innovacion-con-tecnologia-educativa\/#breadcrumb"},"inLanguage":"es","potentialAction":[{"@type":"ReadAction","target":["https:\/\/www.ull.es\/portal\/noticias\/2024\/la-ull-y-la-fundacion-mapfre-canarias-entregan-los-iv-premios-tecnoedu-a-la-innovacion-con-tecnologia-educativa\/"]}]},{"@type":"BreadcrumbList","@id":"https:\/\/www.ull.es\/portal\/noticias\/2024\/la-ull-y-la-fundacion-mapfre-canarias-entregan-los-iv-premios-tecnoedu-a-la-innovacion-con-tecnologia-educativa\/#breadcrumb","itemListElement":[{"@type":"ListItem","position":1,"name":"Portada","item":"https:\/\/www.ull.es\/portal\/noticias\/"},{"@type":"ListItem","position":2,"name":"La ULL y la Fundaci\u00f3n MAPFRE Canarias entregan los IV Premios TECNOEDU a la Innovaci\u00f3n con Tecnolog\u00eda Educativa"}]},{"@type":"WebSite","@id":"https:\/\/www.ull.es\/portal\/noticias\/#website","url":"https:\/\/www.ull.es\/portal\/noticias\/","name":"ULL - Noticias","description":"","potentialAction":[{"@type":"SearchAction","target":{"@type":"EntryPoint","urlTemplate":"https:\/\/www.ull.es\/portal\/noticias\/?s={search_term_string}"},"query-input":"required name=search_term_string"}],"inLanguage":"es"},{"@type":"Person","@id":"https:\/\/www.ull.es\/portal\/noticias\/#\/schema\/person\/b2b1a89d43ffa609e591f7df8ef3e817","name":"gaprsa","image":{"@type":"ImageObject","inLanguage":"es","@id":"https:\/\/www.ull.es\/portal\/noticias\/#\/schema\/person\/image\/","url":"https:\/\/secure.gravatar.com\/avatar\/443820550921091458b4823867723b3d?s=96&d=mm&r=g","contentUrl":"https:\/\/secure.gravatar.com\/avatar\/443820550921091458b4823867723b3d?s=96&d=mm&r=g","caption":"gaprsa"},"url":"https:\/\/www.ull.es\/portal\/noticias\/author\/gaprsa\/"}]}},"primary_category":{"id":345,"name":"Destacado","slug":"destacado","link":"https:\/\/www.ull.es\/portal\/noticias\/category\/destacado\/"},"featured_image_thumbnail_url":"https:\/\/www.ull.es\/portal\/noticias\/wp-content\/uploads\/sites\/13\/2024\/10\/premios-tecnoedu-2024-300x225.jpg","_links":{"self":[{"href":"https:\/\/www.ull.es\/portal\/noticias\/wp-json\/wp\/v2\/posts\/78416"}],"collection":[{"href":"https:\/\/www.ull.es\/portal\/noticias\/wp-json\/wp\/v2\/posts"}],"about":[{"href":"https:\/\/www.ull.es\/portal\/noticias\/wp-json\/wp\/v2\/types\/post"}],"author":[{"embeddable":true,"href":"https:\/\/www.ull.es\/portal\/noticias\/wp-json\/wp\/v2\/users\/23"}],"replies":[{"embeddable":true,"href":"https:\/\/www.ull.es\/portal\/noticias\/wp-json\/wp\/v2\/comments?post=78416"}],"version-history":[{"count":2,"href":"https:\/\/www.ull.es\/portal\/noticias\/wp-json\/wp\/v2\/posts\/78416\/revisions"}],"predecessor-version":[{"id":78421,"href":"https:\/\/www.ull.es\/portal\/noticias\/wp-json\/wp\/v2\/posts\/78416\/revisions\/78421"}],"wp:featuredmedia":[{"embeddable":true,"href":"https:\/\/www.ull.es\/portal\/noticias\/wp-json\/wp\/v2\/media\/78417"}],"wp:attachment":[{"href":"https:\/\/www.ull.es\/portal\/noticias\/wp-json\/wp\/v2\/media?parent=78416"}],"wp:term":[{"taxonomy":"category","embeddable":true,"href":"https:\/\/www.ull.es\/portal\/noticias\/wp-json\/wp\/v2\/categories?post=78416"},{"taxonomy":"post_tag","embeddable":true,"href":"https:\/\/www.ull.es\/portal\/noticias\/wp-json\/wp\/v2\/tags?post=78416"}],"curies":[{"name":"wp","href":"https:\/\/api.w.org\/{rel}","templated":true}]}}