{"id":78497,"date":"2024-11-03T18:04:07","date_gmt":"2024-11-03T18:04:07","guid":{"rendered":"https:\/\/www.ull.es\/portal\/noticias\/?p=78497"},"modified":"2024-11-03T18:21:21","modified_gmt":"2024-11-03T18:21:21","slug":"fallece-el-catedratico-de-periodismo-de-la-ull-jose-manuel-de-pablos","status":"publish","type":"post","link":"https:\/\/www.ull.es\/portal\/noticias\/2024\/fallece-el-catedratico-de-periodismo-de-la-ull-jose-manuel-de-pablos\/","title":{"rendered":"Fallece el catedr\u00e1tico de Periodismo de la ULL Jos\u00e9 Manuel de Pablos"},"content":{"rendered":"<p>Este fin de semana se ha conocido el fallecimiento del catedr\u00e1tico de Periodismo, ya jubilado, Jos\u00e9 Manuel de Pablos Coello. El que fuera director del El D\u00eda en los a\u00f1os 80 y de La Gaceta de Canarias al comienzo de la d\u00e9cada de los 90, fue uno de los fundadores de los estudios de Ciencias de la Informaci\u00f3n en la Universidad de La Laguna, junto a otros docentes como Ricardo Acir\u00f3n, Olga \u00c1lvarez, Javier Gal\u00e1n o Fernando Iturrate.<\/p>\n<p>De Pablos cre\u00f3 en 1998 la Revista Latina de Comunicaci\u00f3n Social, una de las primeras publicaciones cient\u00edficas online en el \u00e1mbito iberoamericano dedicada a esta materia, muy bien posicionada en los buscadores acad\u00e9micos, y que dio lugar a los congresos anuales sobre la misma tem\u00e1tica, convertidos en un referente de primer orden en el \u00e1mbito universitario hispanohablante.<\/p>\n<div id=\"attachment_24592\" style=\"width: 254px\" class=\"wp-caption alignleft\"><a href=\"https:\/\/www.ull.es\/portal\/noticias\/wp-content\/uploads\/sites\/13\/2015\/08\/de_pablos_honoris.jpg\" target=\"_blank\" rel=\"noopener\"><img aria-describedby=\"caption-attachment-24592\" decoding=\"async\" loading=\"lazy\" class=\"size-medium wp-image-24592\" src=\"https:\/\/www.ull.es\/portal\/noticias\/wp-content\/uploads\/sites\/13\/2015\/08\/de_pablos_honoris-244x300.jpg\" alt=\"\" width=\"244\" height=\"300\" srcset=\"https:\/\/www.ull.es\/portal\/noticias\/wp-content\/uploads\/sites\/13\/2015\/08\/de_pablos_honoris-244x300.jpg 244w, https:\/\/www.ull.es\/portal\/noticias\/wp-content\/uploads\/sites\/13\/2015\/08\/de_pablos_honoris.jpg 350w\" sizes=\"(max-width: 244px) 100vw, 244px\" \/><\/a><p id=\"caption-attachment-24592\" class=\"wp-caption-text\">De Pablos, en el acto de concesi\u00f3n del doctorado Honoris Causa por la Universidad de C\u00f3rdoba, Argentina.<\/p><\/div>\n<p>Tal es as\u00ed que el catedr\u00e1tico fue nombrado en agosto de 2015 doctor Honoris Causa por la Universidad Nacional de C\u00f3rdoba, en Argentina. La ceremonia sirvi\u00f3 para reconocer el papel del profesor en la apertura de programas de doctorado sobre comunicaci\u00f3n en distintas universidades del continente. El nombramiento se celebr\u00f3 durante el XVII Congreso de la Red de Carreras de Comunicaci\u00f3n Social y Periodismo del pa\u00eds sudamericano, que el propio De Pablos se encarg\u00f3 de inaugurar con la conferencia denominada \u201cLa institucionalizaci\u00f3n de los estudios del campo de la comunicaci\u00f3n\u201d.<\/p>\n<p>El profesor fue testigo del crecimiento de los estudios de Periodismo en nuestro propio pa\u00eds, comenzando en apenas un par de facultades con profesorado procedente de otras \u00e1reas afines para extenderse al resto del territorio nacional, con un cuerpo docente ya especializado en estudios de comunicaci\u00f3n.<\/p>\n<p>Especializado en tecnolog\u00eda en el campo de la comunicaci\u00f3n y el periodismo, \u00e1mbito en el que fue pionero, Jos\u00e9 Manuel de Pablos dirigi\u00f3 m\u00e1s de una treintena de tesis doctorales, m\u00e1s de la mitad de doctorandos y doctorandas de Am\u00e9rica Latina. Desarroll\u00f3 una l\u00ednea de investigaci\u00f3n cr\u00edtica con el giro neoliberal de la comunicaci\u00f3n en nuestro pa\u00eds, la desinformaci\u00f3n y los monopolios de las empresas period\u00edsticas, al tiempo que fue maestro de muchas generaciones de profesionales del periodismo canario y latinoamericano.<\/p>\n","protected":false},"excerpt":{"rendered":"<p>Este fin de semana se ha conocido el fallecimiento del catedr\u00e1tico de Periodismo, ya jubilado, Jos\u00e9 Manuel de Pablos Coello&#8230;.<\/p>\n","protected":false},"author":23,"featured_media":29636,"comment_status":"closed","ping_status":"closed","sticky":false,"template":"","format":"standard","meta":{"inline_featured_image":false,"footnotes":""},"categories":[345,348,2765],"tags":[],"acf":[],"yoast_head":"<!-- This site is optimized with the Yoast SEO plugin v21.3 - https:\/\/yoast.com\/wordpress\/plugins\/seo\/ -->\n<title>Fallece el catedr\u00e1tico de Periodismo de la ULL Jos\u00e9 Manuel de Pablos - ULL - Noticias<\/title>\n<meta name=\"robots\" content=\"index, follow, max-snippet:-1, max-image-preview:large, max-video-preview:-1\" \/>\n<link rel=\"canonical\" href=\"https:\/\/www.ull.es\/portal\/noticias\/2024\/fallece-el-catedratico-de-periodismo-de-la-ull-jose-manuel-de-pablos\/\" \/>\n<meta property=\"og:locale\" content=\"es_ES\" \/>\n<meta property=\"og:type\" content=\"article\" \/>\n<meta property=\"og:title\" content=\"Fallece el catedr\u00e1tico de Periodismo de la ULL Jos\u00e9 Manuel de Pablos - ULL - Noticias\" \/>\n<meta property=\"og:description\" content=\"Este fin de semana se ha conocido el fallecimiento del catedr\u00e1tico de Periodismo, ya jubilado, Jos\u00e9 Manuel de Pablos Coello....\" \/>\n<meta property=\"og:url\" content=\"https:\/\/www.ull.es\/portal\/noticias\/2024\/fallece-el-catedratico-de-periodismo-de-la-ull-jose-manuel-de-pablos\/\" \/>\n<meta property=\"og:site_name\" content=\"ULL - Noticias\" \/>\n<meta property=\"article:publisher\" content=\"https:\/\/www.facebook.com\/universidaddelalaguna\/\" \/>\n<meta property=\"article:published_time\" content=\"2024-11-03T18:04:07+00:00\" \/>\n<meta property=\"article:modified_time\" content=\"2024-11-03T18:21:21+00:00\" \/>\n<meta property=\"og:image\" content=\"https:\/\/www.ull.es\/portal\/noticias\/wp-content\/uploads\/sites\/13\/2016\/12\/congreso-latina-inauguracion-de-pablos.jpg\" \/>\n\t<meta property=\"og:image:width\" content=\"1034\" \/>\n\t<meta property=\"og:image:height\" content=\"708\" \/>\n\t<meta property=\"og:image:type\" content=\"image\/jpeg\" \/>\n<meta name=\"author\" content=\"gaprsa\" \/>\n<meta name=\"twitter:card\" content=\"summary_large_image\" \/>\n<meta name=\"twitter:creator\" content=\"@CanalULL\" \/>\n<meta name=\"twitter:site\" content=\"@CanalULL\" \/>\n<meta name=\"twitter:label1\" content=\"Escrito por\" \/>\n\t<meta name=\"twitter:data1\" content=\"gaprsa\" \/>\n\t<meta name=\"twitter:label2\" content=\"Tiempo de lectura\" \/>\n\t<meta name=\"twitter:data2\" content=\"2 minutos\" \/>\n<script type=\"application\/ld+json\" class=\"yoast-schema-graph\">{\"@context\":\"https:\/\/schema.org\",\"@graph\":[{\"@type\":\"WebPage\",\"@id\":\"https:\/\/www.ull.es\/portal\/noticias\/2024\/fallece-el-catedratico-de-periodismo-de-la-ull-jose-manuel-de-pablos\/\",\"url\":\"https:\/\/www.ull.es\/portal\/noticias\/2024\/fallece-el-catedratico-de-periodismo-de-la-ull-jose-manuel-de-pablos\/\",\"name\":\"Fallece el catedr\u00e1tico de Periodismo de la ULL Jos\u00e9 Manuel de Pablos - ULL - Noticias\",\"isPartOf\":{\"@id\":\"https:\/\/www.ull.es\/portal\/noticias\/#website\"},\"datePublished\":\"2024-11-03T18:04:07+00:00\",\"dateModified\":\"2024-11-03T18:21:21+00:00\",\"author\":{\"@id\":\"https:\/\/www.ull.es\/portal\/noticias\/#\/schema\/person\/b2b1a89d43ffa609e591f7df8ef3e817\"},\"breadcrumb\":{\"@id\":\"https:\/\/www.ull.es\/portal\/noticias\/2024\/fallece-el-catedratico-de-periodismo-de-la-ull-jose-manuel-de-pablos\/#breadcrumb\"},\"inLanguage\":\"es\",\"potentialAction\":[{\"@type\":\"ReadAction\",\"target\":[\"https:\/\/www.ull.es\/portal\/noticias\/2024\/fallece-el-catedratico-de-periodismo-de-la-ull-jose-manuel-de-pablos\/\"]}]},{\"@type\":\"BreadcrumbList\",\"@id\":\"https:\/\/www.ull.es\/portal\/noticias\/2024\/fallece-el-catedratico-de-periodismo-de-la-ull-jose-manuel-de-pablos\/#breadcrumb\",\"itemListElement\":[{\"@type\":\"ListItem\",\"position\":1,\"name\":\"Portada\",\"item\":\"https:\/\/www.ull.es\/portal\/noticias\/\"},{\"@type\":\"ListItem\",\"position\":2,\"name\":\"Fallece el catedr\u00e1tico de Periodismo de la ULL Jos\u00e9 Manuel de Pablos\"}]},{\"@type\":\"WebSite\",\"@id\":\"https:\/\/www.ull.es\/portal\/noticias\/#website\",\"url\":\"https:\/\/www.ull.es\/portal\/noticias\/\",\"name\":\"ULL - Noticias\",\"description\":\"\",\"potentialAction\":[{\"@type\":\"SearchAction\",\"target\":{\"@type\":\"EntryPoint\",\"urlTemplate\":\"https:\/\/www.ull.es\/portal\/noticias\/?s={search_term_string}\"},\"query-input\":\"required name=search_term_string\"}],\"inLanguage\":\"es\"},{\"@type\":\"Person\",\"@id\":\"https:\/\/www.ull.es\/portal\/noticias\/#\/schema\/person\/b2b1a89d43ffa609e591f7df8ef3e817\",\"name\":\"gaprsa\",\"image\":{\"@type\":\"ImageObject\",\"inLanguage\":\"es\",\"@id\":\"https:\/\/www.ull.es\/portal\/noticias\/#\/schema\/person\/image\/\",\"url\":\"https:\/\/secure.gravatar.com\/avatar\/443820550921091458b4823867723b3d?s=96&d=mm&r=g\",\"contentUrl\":\"https:\/\/secure.gravatar.com\/avatar\/443820550921091458b4823867723b3d?s=96&d=mm&r=g\",\"caption\":\"gaprsa\"},\"url\":\"https:\/\/www.ull.es\/portal\/noticias\/author\/gaprsa\/\"}]}<\/script>\n<!-- \/ Yoast SEO plugin. -->","yoast_head_json":{"title":"Fallece el catedr\u00e1tico de Periodismo de la ULL Jos\u00e9 Manuel de Pablos - ULL - Noticias","robots":{"index":"index","follow":"follow","max-snippet":"max-snippet:-1","max-image-preview":"max-image-preview:large","max-video-preview":"max-video-preview:-1"},"canonical":"https:\/\/www.ull.es\/portal\/noticias\/2024\/fallece-el-catedratico-de-periodismo-de-la-ull-jose-manuel-de-pablos\/","og_locale":"es_ES","og_type":"article","og_title":"Fallece el catedr\u00e1tico de Periodismo de la ULL Jos\u00e9 Manuel de Pablos - ULL - Noticias","og_description":"Este fin de semana se ha conocido el fallecimiento del catedr\u00e1tico de Periodismo, ya jubilado, Jos\u00e9 Manuel de Pablos Coello....","og_url":"https:\/\/www.ull.es\/portal\/noticias\/2024\/fallece-el-catedratico-de-periodismo-de-la-ull-jose-manuel-de-pablos\/","og_site_name":"ULL - Noticias","article_publisher":"https:\/\/www.facebook.com\/universidaddelalaguna\/","article_published_time":"2024-11-03T18:04:07+00:00","article_modified_time":"2024-11-03T18:21:21+00:00","og_image":[{"width":1034,"height":708,"url":"https:\/\/www.ull.es\/portal\/noticias\/wp-content\/uploads\/sites\/13\/2016\/12\/congreso-latina-inauguracion-de-pablos.jpg","type":"image\/jpeg"}],"author":"gaprsa","twitter_card":"summary_large_image","twitter_creator":"@CanalULL","twitter_site":"@CanalULL","twitter_misc":{"Escrito por":"gaprsa","Tiempo de lectura":"2 minutos"},"schema":{"@context":"https:\/\/schema.org","@graph":[{"@type":"WebPage","@id":"https:\/\/www.ull.es\/portal\/noticias\/2024\/fallece-el-catedratico-de-periodismo-de-la-ull-jose-manuel-de-pablos\/","url":"https:\/\/www.ull.es\/portal\/noticias\/2024\/fallece-el-catedratico-de-periodismo-de-la-ull-jose-manuel-de-pablos\/","name":"Fallece el catedr\u00e1tico de Periodismo de la ULL Jos\u00e9 Manuel de Pablos - ULL - Noticias","isPartOf":{"@id":"https:\/\/www.ull.es\/portal\/noticias\/#website"},"datePublished":"2024-11-03T18:04:07+00:00","dateModified":"2024-11-03T18:21:21+00:00","author":{"@id":"https:\/\/www.ull.es\/portal\/noticias\/#\/schema\/person\/b2b1a89d43ffa609e591f7df8ef3e817"},"breadcrumb":{"@id":"https:\/\/www.ull.es\/portal\/noticias\/2024\/fallece-el-catedratico-de-periodismo-de-la-ull-jose-manuel-de-pablos\/#breadcrumb"},"inLanguage":"es","potentialAction":[{"@type":"ReadAction","target":["https:\/\/www.ull.es\/portal\/noticias\/2024\/fallece-el-catedratico-de-periodismo-de-la-ull-jose-manuel-de-pablos\/"]}]},{"@type":"BreadcrumbList","@id":"https:\/\/www.ull.es\/portal\/noticias\/2024\/fallece-el-catedratico-de-periodismo-de-la-ull-jose-manuel-de-pablos\/#breadcrumb","itemListElement":[{"@type":"ListItem","position":1,"name":"Portada","item":"https:\/\/www.ull.es\/portal\/noticias\/"},{"@type":"ListItem","position":2,"name":"Fallece el catedr\u00e1tico de Periodismo de la ULL Jos\u00e9 Manuel de Pablos"}]},{"@type":"WebSite","@id":"https:\/\/www.ull.es\/portal\/noticias\/#website","url":"https:\/\/www.ull.es\/portal\/noticias\/","name":"ULL - Noticias","description":"","potentialAction":[{"@type":"SearchAction","target":{"@type":"EntryPoint","urlTemplate":"https:\/\/www.ull.es\/portal\/noticias\/?s={search_term_string}"},"query-input":"required name=search_term_string"}],"inLanguage":"es"},{"@type":"Person","@id":"https:\/\/www.ull.es\/portal\/noticias\/#\/schema\/person\/b2b1a89d43ffa609e591f7df8ef3e817","name":"gaprsa","image":{"@type":"ImageObject","inLanguage":"es","@id":"https:\/\/www.ull.es\/portal\/noticias\/#\/schema\/person\/image\/","url":"https:\/\/secure.gravatar.com\/avatar\/443820550921091458b4823867723b3d?s=96&d=mm&r=g","contentUrl":"https:\/\/secure.gravatar.com\/avatar\/443820550921091458b4823867723b3d?s=96&d=mm&r=g","caption":"gaprsa"},"url":"https:\/\/www.ull.es\/portal\/noticias\/author\/gaprsa\/"}]}},"primary_category":{"id":345,"name":"Destacado","slug":"destacado","link":"https:\/\/www.ull.es\/portal\/noticias\/category\/destacado\/"},"featured_image_thumbnail_url":"https:\/\/www.ull.es\/portal\/noticias\/wp-content\/uploads\/sites\/13\/2016\/12\/congreso-latina-inauguracion-de-pablos-300x205.jpg","_links":{"self":[{"href":"https:\/\/www.ull.es\/portal\/noticias\/wp-json\/wp\/v2\/posts\/78497"}],"collection":[{"href":"https:\/\/www.ull.es\/portal\/noticias\/wp-json\/wp\/v2\/posts"}],"about":[{"href":"https:\/\/www.ull.es\/portal\/noticias\/wp-json\/wp\/v2\/types\/post"}],"author":[{"embeddable":true,"href":"https:\/\/www.ull.es\/portal\/noticias\/wp-json\/wp\/v2\/users\/23"}],"replies":[{"embeddable":true,"href":"https:\/\/www.ull.es\/portal\/noticias\/wp-json\/wp\/v2\/comments?post=78497"}],"version-history":[{"count":8,"href":"https:\/\/www.ull.es\/portal\/noticias\/wp-json\/wp\/v2\/posts\/78497\/revisions"}],"predecessor-version":[{"id":78505,"href":"https:\/\/www.ull.es\/portal\/noticias\/wp-json\/wp\/v2\/posts\/78497\/revisions\/78505"}],"wp:featuredmedia":[{"embeddable":true,"href":"https:\/\/www.ull.es\/portal\/noticias\/wp-json\/wp\/v2\/media\/29636"}],"wp:attachment":[{"href":"https:\/\/www.ull.es\/portal\/noticias\/wp-json\/wp\/v2\/media?parent=78497"}],"wp:term":[{"taxonomy":"category","embeddable":true,"href":"https:\/\/www.ull.es\/portal\/noticias\/wp-json\/wp\/v2\/categories?post=78497"},{"taxonomy":"post_tag","embeddable":true,"href":"https:\/\/www.ull.es\/portal\/noticias\/wp-json\/wp\/v2\/tags?post=78497"}],"curies":[{"name":"wp","href":"https:\/\/api.w.org\/{rel}","templated":true}]}}