{"id":78533,"date":"2024-11-05T08:40:27","date_gmt":"2024-11-05T08:40:27","guid":{"rendered":"https:\/\/www.ull.es\/portal\/noticias\/?p=78533"},"modified":"2024-11-05T08:40:27","modified_gmt":"2024-11-05T08:40:27","slug":"la-ull-prosigue-con-la-recuperacion-y-puesta-en-valor-de-los-caminos-rurales-de-la-palma","status":"publish","type":"post","link":"https:\/\/www.ull.es\/portal\/noticias\/2024\/la-ull-prosigue-con-la-recuperacion-y-puesta-en-valor-de-los-caminos-rurales-de-la-palma\/","title":{"rendered":"La ULL prosigue con la recuperaci\u00f3n y puesta en valor de los caminos rurales de La Palma"},"content":{"rendered":"<p>Mazo acoger\u00e1 los d\u00edas 8 y 9 de noviembre la vig\u00e9sima edici\u00f3n del seminario que con car\u00e1cter anual promueve la Universidad de La Laguna sobre senderismo tem\u00e1tico, con el t\u00edtulo \u2018<a href=\"https:\/\/www.ull.es\/portal\/agenda\/evento\/xx-seminario-de-senderismo-tematico-caminos-para-el-cambio-desde-la-comunidad\/\" target=\"_blank\" rel=\"noopener\">Caminos para el cambio desde la comunidad<\/a>\u2019. Se trata de un evento en el que tambi\u00e9n participan el Ayuntamiento de Villa de Mazo, el Cabildo de La Palma y la Fundaci\u00f3n Reserva de la Biosfera de la misma isla, y cuya inscripci\u00f3n figura en este <a href=\"https:\/\/elcardon.com\/seminario-senderismo-tematico\/\" target=\"_blank\" rel=\"noopener\">enlace<\/a>. Es la tercera vez consecutiva que esta actividad se celebra en la isla, desde 2022, ligada al proyecto de recuperaci\u00f3n y cuidado comunitario del camino real de las median\u00edas y la costa a su paso por el municipio (actual sendero GR 130).<\/p>\n<p>El seminario ha sido promovido junto al grupo motor que est\u00e1 llevando a cabo este original proyecto, denominado \u2018Camino Viejo\u2019, concebido desde el Aula de Turismo Cultural de la Universidad, colaborando asimismo la Asociaci\u00f3n Vecinal Nuevo Surco (La Rosa), que es la entidad que ha solicitado al Ministerio para la Transici\u00f3n Ecol\u00f3gica y el Reto Demogr\u00e1fico el reconocimiento del proyecto como iniciativa de \u2018custodia del territorio\u2019. Todo ello, en virtud de un protocolo de colaboraci\u00f3n firmado entre la Universidad y el Ayuntamiento de Villa de Mazo en 2022.<\/p>\n<p>La presente edici\u00f3n pretende mantener activa la reflexio\u0301n acerca de la importancia de motivar a las comunidades locales en el cuidado corresponsable del territorio en el que se desenvuelven y desarrollan sus actividades. En particular, orientando su accio\u0301n hacia el rescate, la conservacio\u0301n y la promocio\u0301n del patrimonio caminero, altamente valioso en la isla de La Palma, base para el fomento de las actividades senderistas ligadas tanto a la poblacio\u0301n residente como a la visitante.<\/p>\n<p>Se pretende obtener una propuesta de trabajo concreta ligada a la continuidad del proyecto Camino Viejo, previa presentacio\u0301n de las organizaciones implicadas y las iniciativas emprendidas durante el \u00faltimo a\u00f1o, periodo de tiempo en que ha estado funcionando su grupo motor y se han ido vinculando m\u00e1s instituciones y organizaciones locales e insulares.<\/p>\n<p>Cabe se\u00f1alar que las acciones de rescate, protecci\u00f3n y promoci\u00f3n patrimonial se encuentran reflejadas entre las que est\u00e1 poniendo en marcha el Gobierno de Canarias, junto al resto de instituciones regionales, para enfrentar el reto demogr\u00e1fico en el archipi\u00e9lago. Para iniciar el seminario, se contar\u00e1 con la ponencia de Sergio Couto, bi\u00f3logo e investigador de MEMOLab de la Universidad de Granada, especialista en custodia del territorio y sistemas de gobernanza comunal. A partir de aqu\u00ed, se explicar\u00e1 el proceso seguido en el proyecto Camino Viejo, a cargo de sus protagonistas, y se plantear\u00e1n espacios de trabajo para planificar sus pr\u00f3ximas acciones.<\/p>\n<p>Esta actividad se desarrollar\u00e1 en el Centro Cultural Andares en El Pueblo, el viernes 8 por la tarde, y el s\u00e1bado 9 por la ma\u00f1ana, con dos actividades complementarias: de 9.30 a 11.30 horas, se continuar\u00e1 trabajando en el proyecto Camino Viejo; y de 11.30 a 14.30 horas, se realizar\u00e1 un recorrido senderista a trav\u00e9s del GR 130 entre El Pueblo y el barrio de Tirimaga, donde se podr\u00e1n contrastar sobre el terreno muchas de las cuestiones abordadas durante las sesiones anteriores. Se cuenta con la asistencia t\u00e9cnica de la empresa de turismo activo El Card\u00f3n NaturExperience.<\/p>\n","protected":false},"excerpt":{"rendered":"<p>Mazo acoger\u00e1 los d\u00edas 8 y 9 de noviembre la vig\u00e9sima edici\u00f3n del seminario que con car\u00e1cter anual promueve la&#8230;<\/p>\n","protected":false},"author":23,"featured_media":78534,"comment_status":"closed","ping_status":"closed","sticky":false,"template":"","format":"standard","meta":{"inline_featured_image":false,"footnotes":""},"categories":[345,348,2765],"tags":[],"acf":[],"yoast_head":"<!-- This site is optimized with the Yoast SEO plugin v21.3 - https:\/\/yoast.com\/wordpress\/plugins\/seo\/ -->\n<title>La ULL prosigue con la recuperaci\u00f3n y puesta en valor de los caminos rurales de La Palma - ULL - Noticias<\/title>\n<meta name=\"robots\" content=\"index, follow, max-snippet:-1, max-image-preview:large, max-video-preview:-1\" \/>\n<link rel=\"canonical\" href=\"https:\/\/www.ull.es\/portal\/noticias\/2024\/la-ull-prosigue-con-la-recuperacion-y-puesta-en-valor-de-los-caminos-rurales-de-la-palma\/\" \/>\n<meta property=\"og:locale\" content=\"es_ES\" \/>\n<meta property=\"og:type\" content=\"article\" \/>\n<meta property=\"og:title\" content=\"La ULL prosigue con la recuperaci\u00f3n y puesta en valor de los caminos rurales de La Palma - ULL - Noticias\" \/>\n<meta property=\"og:description\" content=\"Mazo acoger\u00e1 los d\u00edas 8 y 9 de noviembre la vig\u00e9sima edici\u00f3n del seminario que con car\u00e1cter anual promueve la...\" \/>\n<meta property=\"og:url\" content=\"https:\/\/www.ull.es\/portal\/noticias\/2024\/la-ull-prosigue-con-la-recuperacion-y-puesta-en-valor-de-los-caminos-rurales-de-la-palma\/\" \/>\n<meta property=\"og:site_name\" content=\"ULL - Noticias\" \/>\n<meta property=\"article:publisher\" content=\"https:\/\/www.facebook.com\/universidaddelalaguna\/\" \/>\n<meta property=\"article:published_time\" content=\"2024-11-05T08:40:27+00:00\" \/>\n<meta property=\"og:image\" content=\"https:\/\/www.ull.es\/portal\/noticias\/wp-content\/uploads\/sites\/13\/2024\/11\/seminario-senderismo.jpeg\" \/>\n\t<meta property=\"og:image:width\" content=\"1400\" \/>\n\t<meta property=\"og:image:height\" content=\"990\" \/>\n\t<meta property=\"og:image:type\" content=\"image\/jpeg\" \/>\n<meta name=\"author\" content=\"gaprsa\" \/>\n<meta name=\"twitter:card\" content=\"summary_large_image\" \/>\n<meta name=\"twitter:creator\" content=\"@CanalULL\" \/>\n<meta name=\"twitter:site\" content=\"@CanalULL\" \/>\n<meta name=\"twitter:label1\" content=\"Escrito por\" \/>\n\t<meta name=\"twitter:data1\" content=\"gaprsa\" \/>\n\t<meta name=\"twitter:label2\" content=\"Tiempo de lectura\" \/>\n\t<meta name=\"twitter:data2\" content=\"3 minutos\" \/>\n<script type=\"application\/ld+json\" class=\"yoast-schema-graph\">{\"@context\":\"https:\/\/schema.org\",\"@graph\":[{\"@type\":\"WebPage\",\"@id\":\"https:\/\/www.ull.es\/portal\/noticias\/2024\/la-ull-prosigue-con-la-recuperacion-y-puesta-en-valor-de-los-caminos-rurales-de-la-palma\/\",\"url\":\"https:\/\/www.ull.es\/portal\/noticias\/2024\/la-ull-prosigue-con-la-recuperacion-y-puesta-en-valor-de-los-caminos-rurales-de-la-palma\/\",\"name\":\"La ULL prosigue con la recuperaci\u00f3n y puesta en valor de los caminos rurales de La Palma - ULL - Noticias\",\"isPartOf\":{\"@id\":\"https:\/\/www.ull.es\/portal\/noticias\/#website\"},\"datePublished\":\"2024-11-05T08:40:27+00:00\",\"dateModified\":\"2024-11-05T08:40:27+00:00\",\"author\":{\"@id\":\"https:\/\/www.ull.es\/portal\/noticias\/#\/schema\/person\/b2b1a89d43ffa609e591f7df8ef3e817\"},\"breadcrumb\":{\"@id\":\"https:\/\/www.ull.es\/portal\/noticias\/2024\/la-ull-prosigue-con-la-recuperacion-y-puesta-en-valor-de-los-caminos-rurales-de-la-palma\/#breadcrumb\"},\"inLanguage\":\"es\",\"potentialAction\":[{\"@type\":\"ReadAction\",\"target\":[\"https:\/\/www.ull.es\/portal\/noticias\/2024\/la-ull-prosigue-con-la-recuperacion-y-puesta-en-valor-de-los-caminos-rurales-de-la-palma\/\"]}]},{\"@type\":\"BreadcrumbList\",\"@id\":\"https:\/\/www.ull.es\/portal\/noticias\/2024\/la-ull-prosigue-con-la-recuperacion-y-puesta-en-valor-de-los-caminos-rurales-de-la-palma\/#breadcrumb\",\"itemListElement\":[{\"@type\":\"ListItem\",\"position\":1,\"name\":\"Portada\",\"item\":\"https:\/\/www.ull.es\/portal\/noticias\/\"},{\"@type\":\"ListItem\",\"position\":2,\"name\":\"La ULL prosigue con la recuperaci\u00f3n y puesta en valor de los caminos rurales de La Palma\"}]},{\"@type\":\"WebSite\",\"@id\":\"https:\/\/www.ull.es\/portal\/noticias\/#website\",\"url\":\"https:\/\/www.ull.es\/portal\/noticias\/\",\"name\":\"ULL - Noticias\",\"description\":\"\",\"potentialAction\":[{\"@type\":\"SearchAction\",\"target\":{\"@type\":\"EntryPoint\",\"urlTemplate\":\"https:\/\/www.ull.es\/portal\/noticias\/?s={search_term_string}\"},\"query-input\":\"required name=search_term_string\"}],\"inLanguage\":\"es\"},{\"@type\":\"Person\",\"@id\":\"https:\/\/www.ull.es\/portal\/noticias\/#\/schema\/person\/b2b1a89d43ffa609e591f7df8ef3e817\",\"name\":\"gaprsa\",\"image\":{\"@type\":\"ImageObject\",\"inLanguage\":\"es\",\"@id\":\"https:\/\/www.ull.es\/portal\/noticias\/#\/schema\/person\/image\/\",\"url\":\"https:\/\/secure.gravatar.com\/avatar\/443820550921091458b4823867723b3d?s=96&d=mm&r=g\",\"contentUrl\":\"https:\/\/secure.gravatar.com\/avatar\/443820550921091458b4823867723b3d?s=96&d=mm&r=g\",\"caption\":\"gaprsa\"},\"url\":\"https:\/\/www.ull.es\/portal\/noticias\/author\/gaprsa\/\"}]}<\/script>\n<!-- \/ Yoast SEO plugin. -->","yoast_head_json":{"title":"La ULL prosigue con la recuperaci\u00f3n y puesta en valor de los caminos rurales de La Palma - ULL - Noticias","robots":{"index":"index","follow":"follow","max-snippet":"max-snippet:-1","max-image-preview":"max-image-preview:large","max-video-preview":"max-video-preview:-1"},"canonical":"https:\/\/www.ull.es\/portal\/noticias\/2024\/la-ull-prosigue-con-la-recuperacion-y-puesta-en-valor-de-los-caminos-rurales-de-la-palma\/","og_locale":"es_ES","og_type":"article","og_title":"La ULL prosigue con la recuperaci\u00f3n y puesta en valor de los caminos rurales de La Palma - ULL - Noticias","og_description":"Mazo acoger\u00e1 los d\u00edas 8 y 9 de noviembre la vig\u00e9sima edici\u00f3n del seminario que con car\u00e1cter anual promueve la...","og_url":"https:\/\/www.ull.es\/portal\/noticias\/2024\/la-ull-prosigue-con-la-recuperacion-y-puesta-en-valor-de-los-caminos-rurales-de-la-palma\/","og_site_name":"ULL - Noticias","article_publisher":"https:\/\/www.facebook.com\/universidaddelalaguna\/","article_published_time":"2024-11-05T08:40:27+00:00","og_image":[{"width":1400,"height":990,"url":"https:\/\/www.ull.es\/portal\/noticias\/wp-content\/uploads\/sites\/13\/2024\/11\/seminario-senderismo.jpeg","type":"image\/jpeg"}],"author":"gaprsa","twitter_card":"summary_large_image","twitter_creator":"@CanalULL","twitter_site":"@CanalULL","twitter_misc":{"Escrito por":"gaprsa","Tiempo de lectura":"3 minutos"},"schema":{"@context":"https:\/\/schema.org","@graph":[{"@type":"WebPage","@id":"https:\/\/www.ull.es\/portal\/noticias\/2024\/la-ull-prosigue-con-la-recuperacion-y-puesta-en-valor-de-los-caminos-rurales-de-la-palma\/","url":"https:\/\/www.ull.es\/portal\/noticias\/2024\/la-ull-prosigue-con-la-recuperacion-y-puesta-en-valor-de-los-caminos-rurales-de-la-palma\/","name":"La ULL prosigue con la recuperaci\u00f3n y puesta en valor de los caminos rurales de La Palma - ULL - Noticias","isPartOf":{"@id":"https:\/\/www.ull.es\/portal\/noticias\/#website"},"datePublished":"2024-11-05T08:40:27+00:00","dateModified":"2024-11-05T08:40:27+00:00","author":{"@id":"https:\/\/www.ull.es\/portal\/noticias\/#\/schema\/person\/b2b1a89d43ffa609e591f7df8ef3e817"},"breadcrumb":{"@id":"https:\/\/www.ull.es\/portal\/noticias\/2024\/la-ull-prosigue-con-la-recuperacion-y-puesta-en-valor-de-los-caminos-rurales-de-la-palma\/#breadcrumb"},"inLanguage":"es","potentialAction":[{"@type":"ReadAction","target":["https:\/\/www.ull.es\/portal\/noticias\/2024\/la-ull-prosigue-con-la-recuperacion-y-puesta-en-valor-de-los-caminos-rurales-de-la-palma\/"]}]},{"@type":"BreadcrumbList","@id":"https:\/\/www.ull.es\/portal\/noticias\/2024\/la-ull-prosigue-con-la-recuperacion-y-puesta-en-valor-de-los-caminos-rurales-de-la-palma\/#breadcrumb","itemListElement":[{"@type":"ListItem","position":1,"name":"Portada","item":"https:\/\/www.ull.es\/portal\/noticias\/"},{"@type":"ListItem","position":2,"name":"La ULL prosigue con la recuperaci\u00f3n y puesta en valor de los caminos rurales de La Palma"}]},{"@type":"WebSite","@id":"https:\/\/www.ull.es\/portal\/noticias\/#website","url":"https:\/\/www.ull.es\/portal\/noticias\/","name":"ULL - Noticias","description":"","potentialAction":[{"@type":"SearchAction","target":{"@type":"EntryPoint","urlTemplate":"https:\/\/www.ull.es\/portal\/noticias\/?s={search_term_string}"},"query-input":"required name=search_term_string"}],"inLanguage":"es"},{"@type":"Person","@id":"https:\/\/www.ull.es\/portal\/noticias\/#\/schema\/person\/b2b1a89d43ffa609e591f7df8ef3e817","name":"gaprsa","image":{"@type":"ImageObject","inLanguage":"es","@id":"https:\/\/www.ull.es\/portal\/noticias\/#\/schema\/person\/image\/","url":"https:\/\/secure.gravatar.com\/avatar\/443820550921091458b4823867723b3d?s=96&d=mm&r=g","contentUrl":"https:\/\/secure.gravatar.com\/avatar\/443820550921091458b4823867723b3d?s=96&d=mm&r=g","caption":"gaprsa"},"url":"https:\/\/www.ull.es\/portal\/noticias\/author\/gaprsa\/"}]}},"primary_category":{"id":345,"name":"Destacado","slug":"destacado","link":"https:\/\/www.ull.es\/portal\/noticias\/category\/destacado\/"},"featured_image_thumbnail_url":"https:\/\/www.ull.es\/portal\/noticias\/wp-content\/uploads\/sites\/13\/2024\/11\/seminario-senderismo-300x212.jpeg","_links":{"self":[{"href":"https:\/\/www.ull.es\/portal\/noticias\/wp-json\/wp\/v2\/posts\/78533"}],"collection":[{"href":"https:\/\/www.ull.es\/portal\/noticias\/wp-json\/wp\/v2\/posts"}],"about":[{"href":"https:\/\/www.ull.es\/portal\/noticias\/wp-json\/wp\/v2\/types\/post"}],"author":[{"embeddable":true,"href":"https:\/\/www.ull.es\/portal\/noticias\/wp-json\/wp\/v2\/users\/23"}],"replies":[{"embeddable":true,"href":"https:\/\/www.ull.es\/portal\/noticias\/wp-json\/wp\/v2\/comments?post=78533"}],"version-history":[{"count":1,"href":"https:\/\/www.ull.es\/portal\/noticias\/wp-json\/wp\/v2\/posts\/78533\/revisions"}],"predecessor-version":[{"id":78535,"href":"https:\/\/www.ull.es\/portal\/noticias\/wp-json\/wp\/v2\/posts\/78533\/revisions\/78535"}],"wp:featuredmedia":[{"embeddable":true,"href":"https:\/\/www.ull.es\/portal\/noticias\/wp-json\/wp\/v2\/media\/78534"}],"wp:attachment":[{"href":"https:\/\/www.ull.es\/portal\/noticias\/wp-json\/wp\/v2\/media?parent=78533"}],"wp:term":[{"taxonomy":"category","embeddable":true,"href":"https:\/\/www.ull.es\/portal\/noticias\/wp-json\/wp\/v2\/categories?post=78533"},{"taxonomy":"post_tag","embeddable":true,"href":"https:\/\/www.ull.es\/portal\/noticias\/wp-json\/wp\/v2\/tags?post=78533"}],"curies":[{"name":"wp","href":"https:\/\/api.w.org\/{rel}","templated":true}]}}