{"id":78559,"date":"2024-11-06T13:38:13","date_gmt":"2024-11-06T13:38:13","guid":{"rendered":"https:\/\/www.ull.es\/portal\/noticias\/?p=78559"},"modified":"2024-11-06T13:42:14","modified_gmt":"2024-11-06T13:42:14","slug":"el-miciu-firma-el-programa-maria-goyri-para-la-incorporacion-de-188-profesores-ayudantes-doctores-en-las-universidades-publicas-canarias","status":"publish","type":"post","link":"https:\/\/www.ull.es\/portal\/noticias\/2024\/el-miciu-firma-el-programa-maria-goyri-para-la-incorporacion-de-188-profesores-ayudantes-doctores-en-las-universidades-publicas-canarias\/","title":{"rendered":"El MICIU firma el Programa Mar\u00eda Goyri para la incorporaci\u00f3n de 188 profesores ayudantes doctores en las universidades p\u00fablicas canarias"},"content":{"rendered":"<p>El secretario de Estado de Ciencia, Innovaci\u00f3n y Universidades,\u00a0Juan Cruz Cigudosa, ha firmado hoy 6 de noviembre el convenio para la puesta en marcha del Programa Mar\u00eda Goyri en Canarias, con el que se financiar\u00e1 la incorporaci\u00f3n de 188 profesores y profesoras ayudantes doctores en las dos universidades p\u00fablicas de esta comunidad, la Universidad de La Laguna y la Universidad de Las Palmas de Gran Canaria.<\/p>\n<p>Durante el acto, el secretario de Estado ha detallado que el Gobierno de Espa\u00f1a financiar\u00e1 la contrataci\u00f3n de 113 profesores\/as ayudantes doctor y el Gobierno de Canarias 75 plazas m\u00e1s, lo que supone duplicar las plazas de este tipo de profesorado.\u00a0En este sentido,\u00a0 Cigudosa ha subrayado que la buena gobernanza es necesaria para reforzar un sistema universitario \u00abque nos hace mejores\u00bb y que, con los recursos necesarios, permitir\u00e1 desarrollar el conocimiento que debe ser puesto al servicio de la sociedad y de las instituciones.<\/p>\n<p>El convenio tambi\u00e9n ha sido suscrito por la consejera canaria de Universidades, Ciencia e Innovaci\u00f3n y Cultura,\u00a0Migdalia Mach\u00edn, el rector de la Universidad de La Laguna, Francisco J. Garc\u00eda\u00a0y el rector de la Universidad de Las Palmas de Gran Canaria,\u00a0Llu\u00eds Serra.<\/p>\n<p><strong>Incorporaci\u00f3n de m\u00e1s de 5.600 plazas\u00a0<\/strong><\/p>\n<p>Con la firma de este convenio, ya son cinco las comunidades aut\u00f3nomas, incluyendo a Asturias, Castilla-La Mancha, Catalu\u00f1a y Navarra, que se han sumado a la puesta en marcha de este programa, cuyo objetivo es financiar m\u00e1s de 5.600 plazas de profesores\/as ayudantes doctor en las universidades p\u00fablicas de toda Espa\u00f1a.<\/p>\n<p>En concreto, Cigudosa ha precisado que el compromiso del Gobierno con el Programa Mar\u00eda Goyri supone financiar durante seis a\u00f1os 3.400 plazas de profesorado ayudante doctor en toda Espa\u00f1a, lo que supondr\u00e1 un coste global de m\u00e1s de 900 millones de euros por parte del Ejecutivo.\u00a0Adem\u00e1s, ha explicado que este Programa implica la movilizaci\u00f3n de otras 2.236 plazas que sufragar\u00e1n las comunidades aut\u00f3nomas.<\/p>\n<p>\u201cEl Gobierno de Espa\u00f1a, las comunidades aut\u00f3nomas y las universidades p\u00fablicas estamos trabajando para poner fin, definitivamente, a una situaci\u00f3n de precariedad inadmisible en nuestras universidades, consecuencia de una etapa marcada por los recortes y l\u00f3gicas de desinversi\u00f3n que han tenido distintos impactos en los territorios\u201d, ha dicho el secretario de Estado.<\/p>\n<p>Asimismo, ha recordado que \u201ces la primera vez que un Gobierno de Espa\u00f1a se hace cargo de manera directa del salario de los profesores e investigadores universitarios, financiando una competencia que est\u00e1 transferida a las comunidades aut\u00f3nomas.<\/p>\n<p>Durante el acto, Cigudosa ha trasladado el apoyo del Gobierno de Espa\u00f1a a todas las personas afectadas por la DANA y ha recordado que el Consejo de Ministros aprob\u00f3 ayer,\u00a0<u><a title=\"Abre en ventana nueva\" href=\"https:\/\/www.lamoncloa.gob.es\/info-dana\/Paginas\/index.aspx\" target=\"_blank\" rel=\"noopener\" target=\"_blank\" rel=\"noopener\">un primer paquete de medidas destinadas a ayudar a los hogares, empresas y aut\u00f3nomos y a las instituciones locales de todos los municipios afectados por esta cat\u00e1strofe<\/a><\/u>.\u00a0Asimismo, ha manifestado que \u201cel pueblo canario comprende que la ciencia, que nace especialmente de las universidades p\u00fablicas, salva vidas porque lo comprob\u00f3 con la gesti\u00f3n de la emergencia por la erupci\u00f3n volc\u00e1nica en La Palma\u201d.<\/p>\n<p>(Nota de prensa e imagen cedida por el Ministerio).<\/p>\n","protected":false},"excerpt":{"rendered":"<p>El secretario de Estado de Ciencia, Innovaci\u00f3n y Universidades,\u00a0Juan Cruz Cigudosa, ha firmado hoy 6 de noviembre el convenio para&#8230;<\/p>\n","protected":false},"author":23,"featured_media":78560,"comment_status":"closed","ping_status":"closed","sticky":false,"template":"","format":"standard","meta":{"inline_featured_image":false,"footnotes":""},"categories":[345,348,2765],"tags":[],"acf":[],"yoast_head":"<!-- This site is optimized with the Yoast SEO plugin v21.3 - https:\/\/yoast.com\/wordpress\/plugins\/seo\/ -->\n<title>El MICIU firma el Programa Mar\u00eda Goyri para la incorporaci\u00f3n de 188 profesores ayudantes doctores en las universidades p\u00fablicas canarias - ULL - Noticias<\/title>\n<meta name=\"robots\" content=\"index, follow, max-snippet:-1, max-image-preview:large, max-video-preview:-1\" \/>\n<link rel=\"canonical\" href=\"https:\/\/www.ull.es\/portal\/noticias\/2024\/el-miciu-firma-el-programa-maria-goyri-para-la-incorporacion-de-188-profesores-ayudantes-doctores-en-las-universidades-publicas-canarias\/\" \/>\n<meta property=\"og:locale\" content=\"es_ES\" \/>\n<meta property=\"og:type\" content=\"article\" \/>\n<meta property=\"og:title\" content=\"El MICIU firma el Programa Mar\u00eda Goyri para la incorporaci\u00f3n de 188 profesores ayudantes doctores en las universidades p\u00fablicas canarias - ULL - Noticias\" \/>\n<meta property=\"og:description\" content=\"El secretario de Estado de Ciencia, Innovaci\u00f3n y Universidades,\u00a0Juan Cruz Cigudosa, ha firmado hoy 6 de noviembre el convenio para...\" \/>\n<meta property=\"og:url\" content=\"https:\/\/www.ull.es\/portal\/noticias\/2024\/el-miciu-firma-el-programa-maria-goyri-para-la-incorporacion-de-188-profesores-ayudantes-doctores-en-las-universidades-publicas-canarias\/\" \/>\n<meta property=\"og:site_name\" content=\"ULL - Noticias\" \/>\n<meta property=\"article:publisher\" content=\"https:\/\/www.facebook.com\/universidaddelalaguna\/\" \/>\n<meta property=\"article:published_time\" content=\"2024-11-06T13:38:13+00:00\" \/>\n<meta property=\"article:modified_time\" content=\"2024-11-06T13:42:14+00:00\" \/>\n<meta property=\"og:image\" content=\"https:\/\/www.ull.es\/portal\/noticias\/wp-content\/uploads\/sites\/13\/2024\/11\/programa-maria-goyri.jpeg\" \/>\n\t<meta property=\"og:image:width\" content=\"1600\" \/>\n\t<meta property=\"og:image:height\" content=\"825\" \/>\n\t<meta property=\"og:image:type\" content=\"image\/jpeg\" \/>\n<meta name=\"author\" content=\"gaprsa\" \/>\n<meta name=\"twitter:card\" content=\"summary_large_image\" \/>\n<meta name=\"twitter:creator\" content=\"@CanalULL\" \/>\n<meta name=\"twitter:site\" content=\"@CanalULL\" \/>\n<meta name=\"twitter:label1\" content=\"Escrito por\" \/>\n\t<meta name=\"twitter:data1\" content=\"gaprsa\" \/>\n\t<meta name=\"twitter:label2\" content=\"Tiempo de lectura\" \/>\n\t<meta name=\"twitter:data2\" content=\"3 minutos\" \/>\n<script type=\"application\/ld+json\" class=\"yoast-schema-graph\">{\"@context\":\"https:\/\/schema.org\",\"@graph\":[{\"@type\":\"WebPage\",\"@id\":\"https:\/\/www.ull.es\/portal\/noticias\/2024\/el-miciu-firma-el-programa-maria-goyri-para-la-incorporacion-de-188-profesores-ayudantes-doctores-en-las-universidades-publicas-canarias\/\",\"url\":\"https:\/\/www.ull.es\/portal\/noticias\/2024\/el-miciu-firma-el-programa-maria-goyri-para-la-incorporacion-de-188-profesores-ayudantes-doctores-en-las-universidades-publicas-canarias\/\",\"name\":\"El MICIU firma el Programa Mar\u00eda Goyri para la incorporaci\u00f3n de 188 profesores ayudantes doctores en las universidades p\u00fablicas canarias - ULL - Noticias\",\"isPartOf\":{\"@id\":\"https:\/\/www.ull.es\/portal\/noticias\/#website\"},\"datePublished\":\"2024-11-06T13:38:13+00:00\",\"dateModified\":\"2024-11-06T13:42:14+00:00\",\"author\":{\"@id\":\"https:\/\/www.ull.es\/portal\/noticias\/#\/schema\/person\/b2b1a89d43ffa609e591f7df8ef3e817\"},\"breadcrumb\":{\"@id\":\"https:\/\/www.ull.es\/portal\/noticias\/2024\/el-miciu-firma-el-programa-maria-goyri-para-la-incorporacion-de-188-profesores-ayudantes-doctores-en-las-universidades-publicas-canarias\/#breadcrumb\"},\"inLanguage\":\"es\",\"potentialAction\":[{\"@type\":\"ReadAction\",\"target\":[\"https:\/\/www.ull.es\/portal\/noticias\/2024\/el-miciu-firma-el-programa-maria-goyri-para-la-incorporacion-de-188-profesores-ayudantes-doctores-en-las-universidades-publicas-canarias\/\"]}]},{\"@type\":\"BreadcrumbList\",\"@id\":\"https:\/\/www.ull.es\/portal\/noticias\/2024\/el-miciu-firma-el-programa-maria-goyri-para-la-incorporacion-de-188-profesores-ayudantes-doctores-en-las-universidades-publicas-canarias\/#breadcrumb\",\"itemListElement\":[{\"@type\":\"ListItem\",\"position\":1,\"name\":\"Portada\",\"item\":\"https:\/\/www.ull.es\/portal\/noticias\/\"},{\"@type\":\"ListItem\",\"position\":2,\"name\":\"El MICIU firma el Programa Mar\u00eda Goyri para la incorporaci\u00f3n de 188 profesores ayudantes doctores en las universidades p\u00fablicas canarias\"}]},{\"@type\":\"WebSite\",\"@id\":\"https:\/\/www.ull.es\/portal\/noticias\/#website\",\"url\":\"https:\/\/www.ull.es\/portal\/noticias\/\",\"name\":\"ULL - Noticias\",\"description\":\"\",\"potentialAction\":[{\"@type\":\"SearchAction\",\"target\":{\"@type\":\"EntryPoint\",\"urlTemplate\":\"https:\/\/www.ull.es\/portal\/noticias\/?s={search_term_string}\"},\"query-input\":\"required name=search_term_string\"}],\"inLanguage\":\"es\"},{\"@type\":\"Person\",\"@id\":\"https:\/\/www.ull.es\/portal\/noticias\/#\/schema\/person\/b2b1a89d43ffa609e591f7df8ef3e817\",\"name\":\"gaprsa\",\"image\":{\"@type\":\"ImageObject\",\"inLanguage\":\"es\",\"@id\":\"https:\/\/www.ull.es\/portal\/noticias\/#\/schema\/person\/image\/\",\"url\":\"https:\/\/secure.gravatar.com\/avatar\/443820550921091458b4823867723b3d?s=96&d=mm&r=g\",\"contentUrl\":\"https:\/\/secure.gravatar.com\/avatar\/443820550921091458b4823867723b3d?s=96&d=mm&r=g\",\"caption\":\"gaprsa\"},\"url\":\"https:\/\/www.ull.es\/portal\/noticias\/author\/gaprsa\/\"}]}<\/script>\n<!-- \/ Yoast SEO plugin. -->","yoast_head_json":{"title":"El MICIU firma el Programa Mar\u00eda Goyri para la incorporaci\u00f3n de 188 profesores ayudantes doctores en las universidades p\u00fablicas canarias - ULL - Noticias","robots":{"index":"index","follow":"follow","max-snippet":"max-snippet:-1","max-image-preview":"max-image-preview:large","max-video-preview":"max-video-preview:-1"},"canonical":"https:\/\/www.ull.es\/portal\/noticias\/2024\/el-miciu-firma-el-programa-maria-goyri-para-la-incorporacion-de-188-profesores-ayudantes-doctores-en-las-universidades-publicas-canarias\/","og_locale":"es_ES","og_type":"article","og_title":"El MICIU firma el Programa Mar\u00eda Goyri para la incorporaci\u00f3n de 188 profesores ayudantes doctores en las universidades p\u00fablicas canarias - ULL - Noticias","og_description":"El secretario de Estado de Ciencia, Innovaci\u00f3n y Universidades,\u00a0Juan Cruz Cigudosa, ha firmado hoy 6 de noviembre el convenio para...","og_url":"https:\/\/www.ull.es\/portal\/noticias\/2024\/el-miciu-firma-el-programa-maria-goyri-para-la-incorporacion-de-188-profesores-ayudantes-doctores-en-las-universidades-publicas-canarias\/","og_site_name":"ULL - Noticias","article_publisher":"https:\/\/www.facebook.com\/universidaddelalaguna\/","article_published_time":"2024-11-06T13:38:13+00:00","article_modified_time":"2024-11-06T13:42:14+00:00","og_image":[{"width":1600,"height":825,"url":"https:\/\/www.ull.es\/portal\/noticias\/wp-content\/uploads\/sites\/13\/2024\/11\/programa-maria-goyri.jpeg","type":"image\/jpeg"}],"author":"gaprsa","twitter_card":"summary_large_image","twitter_creator":"@CanalULL","twitter_site":"@CanalULL","twitter_misc":{"Escrito por":"gaprsa","Tiempo de lectura":"3 minutos"},"schema":{"@context":"https:\/\/schema.org","@graph":[{"@type":"WebPage","@id":"https:\/\/www.ull.es\/portal\/noticias\/2024\/el-miciu-firma-el-programa-maria-goyri-para-la-incorporacion-de-188-profesores-ayudantes-doctores-en-las-universidades-publicas-canarias\/","url":"https:\/\/www.ull.es\/portal\/noticias\/2024\/el-miciu-firma-el-programa-maria-goyri-para-la-incorporacion-de-188-profesores-ayudantes-doctores-en-las-universidades-publicas-canarias\/","name":"El MICIU firma el Programa Mar\u00eda Goyri para la incorporaci\u00f3n de 188 profesores ayudantes doctores en las universidades p\u00fablicas canarias - ULL - Noticias","isPartOf":{"@id":"https:\/\/www.ull.es\/portal\/noticias\/#website"},"datePublished":"2024-11-06T13:38:13+00:00","dateModified":"2024-11-06T13:42:14+00:00","author":{"@id":"https:\/\/www.ull.es\/portal\/noticias\/#\/schema\/person\/b2b1a89d43ffa609e591f7df8ef3e817"},"breadcrumb":{"@id":"https:\/\/www.ull.es\/portal\/noticias\/2024\/el-miciu-firma-el-programa-maria-goyri-para-la-incorporacion-de-188-profesores-ayudantes-doctores-en-las-universidades-publicas-canarias\/#breadcrumb"},"inLanguage":"es","potentialAction":[{"@type":"ReadAction","target":["https:\/\/www.ull.es\/portal\/noticias\/2024\/el-miciu-firma-el-programa-maria-goyri-para-la-incorporacion-de-188-profesores-ayudantes-doctores-en-las-universidades-publicas-canarias\/"]}]},{"@type":"BreadcrumbList","@id":"https:\/\/www.ull.es\/portal\/noticias\/2024\/el-miciu-firma-el-programa-maria-goyri-para-la-incorporacion-de-188-profesores-ayudantes-doctores-en-las-universidades-publicas-canarias\/#breadcrumb","itemListElement":[{"@type":"ListItem","position":1,"name":"Portada","item":"https:\/\/www.ull.es\/portal\/noticias\/"},{"@type":"ListItem","position":2,"name":"El MICIU firma el Programa Mar\u00eda Goyri para la incorporaci\u00f3n de 188 profesores ayudantes doctores en las universidades p\u00fablicas canarias"}]},{"@type":"WebSite","@id":"https:\/\/www.ull.es\/portal\/noticias\/#website","url":"https:\/\/www.ull.es\/portal\/noticias\/","name":"ULL - Noticias","description":"","potentialAction":[{"@type":"SearchAction","target":{"@type":"EntryPoint","urlTemplate":"https:\/\/www.ull.es\/portal\/noticias\/?s={search_term_string}"},"query-input":"required name=search_term_string"}],"inLanguage":"es"},{"@type":"Person","@id":"https:\/\/www.ull.es\/portal\/noticias\/#\/schema\/person\/b2b1a89d43ffa609e591f7df8ef3e817","name":"gaprsa","image":{"@type":"ImageObject","inLanguage":"es","@id":"https:\/\/www.ull.es\/portal\/noticias\/#\/schema\/person\/image\/","url":"https:\/\/secure.gravatar.com\/avatar\/443820550921091458b4823867723b3d?s=96&d=mm&r=g","contentUrl":"https:\/\/secure.gravatar.com\/avatar\/443820550921091458b4823867723b3d?s=96&d=mm&r=g","caption":"gaprsa"},"url":"https:\/\/www.ull.es\/portal\/noticias\/author\/gaprsa\/"}]}},"primary_category":{"id":345,"name":"Destacado","slug":"destacado","link":"https:\/\/www.ull.es\/portal\/noticias\/category\/destacado\/"},"featured_image_thumbnail_url":"https:\/\/www.ull.es\/portal\/noticias\/wp-content\/uploads\/sites\/13\/2024\/11\/programa-maria-goyri-300x155.jpeg","_links":{"self":[{"href":"https:\/\/www.ull.es\/portal\/noticias\/wp-json\/wp\/v2\/posts\/78559"}],"collection":[{"href":"https:\/\/www.ull.es\/portal\/noticias\/wp-json\/wp\/v2\/posts"}],"about":[{"href":"https:\/\/www.ull.es\/portal\/noticias\/wp-json\/wp\/v2\/types\/post"}],"author":[{"embeddable":true,"href":"https:\/\/www.ull.es\/portal\/noticias\/wp-json\/wp\/v2\/users\/23"}],"replies":[{"embeddable":true,"href":"https:\/\/www.ull.es\/portal\/noticias\/wp-json\/wp\/v2\/comments?post=78559"}],"version-history":[{"count":1,"href":"https:\/\/www.ull.es\/portal\/noticias\/wp-json\/wp\/v2\/posts\/78559\/revisions"}],"predecessor-version":[{"id":78561,"href":"https:\/\/www.ull.es\/portal\/noticias\/wp-json\/wp\/v2\/posts\/78559\/revisions\/78561"}],"wp:featuredmedia":[{"embeddable":true,"href":"https:\/\/www.ull.es\/portal\/noticias\/wp-json\/wp\/v2\/media\/78560"}],"wp:attachment":[{"href":"https:\/\/www.ull.es\/portal\/noticias\/wp-json\/wp\/v2\/media?parent=78559"}],"wp:term":[{"taxonomy":"category","embeddable":true,"href":"https:\/\/www.ull.es\/portal\/noticias\/wp-json\/wp\/v2\/categories?post=78559"},{"taxonomy":"post_tag","embeddable":true,"href":"https:\/\/www.ull.es\/portal\/noticias\/wp-json\/wp\/v2\/tags?post=78559"}],"curies":[{"name":"wp","href":"https:\/\/api.w.org\/{rel}","templated":true}]}}