{"id":78562,"date":"2024-11-06T14:51:15","date_gmt":"2024-11-06T14:51:15","guid":{"rendered":"https:\/\/www.ull.es\/portal\/noticias\/?p=78562"},"modified":"2024-11-06T14:51:15","modified_gmt":"2024-11-06T14:51:15","slug":"el-rector-de-la-ull-expresa-en-consejo-de-gobierno-su-malestar-por-el-anteproyecto-de-presupuestos-autonomicos-para-2025","status":"publish","type":"post","link":"https:\/\/www.ull.es\/portal\/noticias\/2024\/el-rector-de-la-ull-expresa-en-consejo-de-gobierno-su-malestar-por-el-anteproyecto-de-presupuestos-autonomicos-para-2025\/","title":{"rendered":"El rector de la ULL expresa en Consejo de Gobierno su malestar por el anteproyecto de presupuestos auton\u00f3micos para 2025"},"content":{"rendered":"<p>El Consejo de Gobierno de la Universidad de La Laguna ha celebrado hoy 6 de noviembre una sesi\u00f3n extraordinaria en la que el rector de la instituci\u00f3n acad\u00e9mica, Francisco Garc\u00eda, ha expresado su malestar y su preocupaci\u00f3n, una vez conocido el anteproyecto de presupuestos para 2025 para la comunidad aut\u00f3noma, por el tratamiento que en el mismo se da a las universidades p\u00fablicas. De hecho, en el conjunto del documento la Universidad de La Laguna apenas experimentan un incremento de 200.000 euros, lo que tild\u00f3 de \u201cp\u00edrrico\u201d.<\/p>\n<p>\u201cEsto nos aboca a una severa restricci\u00f3n en la capacidad de gasto, sin poder hacer frente siquiera a las obligaciones derivadas de la actualizaci\u00f3n salarial\u201d, explic\u00f3 el rector. En este sentido, tambi\u00e9n record\u00f3 que en esta misma ma\u00f1ana los dos rectores suscribieron el convenio, con el Ministerio de Ciencia, Innovaci\u00f3n y Universidades y la Consejer\u00eda de Universidades del Gobierno regional, para acogerse al programa nacional Mar\u00eda Goyri de captaci\u00f3n de profesorado ayudante doctor, estando a la espera de una partida expl\u00edcita para ello.<\/p>\n<p>\u201cFrente al incesante aumento de los costes de los servicios, este escenario nos lleva a una situaci\u00f3n de mucha preocupaci\u00f3n. Seguiremos trabajando para hacer entender que es necesario una mejora en nuestra financiaci\u00f3n, si queremos contar en nuestra regi\u00f3n con unas universidades p\u00fablicas a la altura de los retos a los que tenemos que hacer frente\u201d, declar\u00f3.<\/p>\n<p><strong>Nuevas plazas docentes<\/strong><\/p>\n<p>En otro orden de cosas, en la sesi\u00f3n de esta ma\u00f1ana del Consejo de Gobierno se acord\u00f3 la modificaci\u00f3n de la Relaci\u00f3n de Puestos de Trabajo del Personal Docente e Investigador como consecuencia de la aplicaci\u00f3n de la Oferta de Empleo P\u00fablico (OPE) de 2022 para crear cinco plazas de profesorado permanente laboral vinculado y tres plazas de profesorado titular de universidad por el cupo I3\/R3.<\/p>\n<p>Tambi\u00e9n recibi\u00f3 el visto bueno del \u00f3rgano colegiado la creaci\u00f3n de 27 plazas de profesorado titular de universidad, 2 plazas de profesorado titular de universidad vinculadas, 6 plazas de profesorado permanente laboral y 6 plazas de profesorado permanente laboral vinculado, en este caso con cargo a la OPE de 2023.<\/p>\n<p>Igualmente, se aprob\u00f3 la modificaci\u00f3n de las directrices de contrataci\u00f3n de profesorado de la instituci\u00f3n acad\u00e9mica para adaptarlas a la propia ley org\u00e1nica y con el objeto de realizar el c\u00f3mputo de necesidades docentes de los departamentos con arreglo a las figuras previstas en la citada normativa.<\/p>\n<p>El vicerrector de Docencia, Jos\u00e9 Manuel Garc\u00eda Fraga, present\u00f3 el Reglamento para el dise\u00f1o, verificaci\u00f3n, modificaci\u00f3n y extinci\u00f3n de estudios universitarios oficiales de m\u00e1ster universitario, que viene a ser una trasposici\u00f3n sobre la relativa a los grados. Por otro lado, tambi\u00e9n se conoci\u00f3 el Reglamento de programa acad\u00e9mico de dobles m\u00e1steres, que sigue la l\u00f3gica de la documentaci\u00f3n ya aprobada y referida a los grados. Recibi\u00f3 el visto bueno el Reglamento del trabajo de fin de grado, que entrar\u00eda en vigor a partir del pr\u00f3ximo curso acad\u00e9mico.<\/p>\n<p>El Consejo de Gobierno autoriz\u00f3 igualmente dos propuestas de nuevos t\u00edtulos propios, relativos a Diploma de experto\/a en formaci\u00f3n para la docencia universitaria (edici\u00f3n con reajuste de cr\u00e9ditos) y Diploma de experto\/a en an\u00e1lisis de datos para ciencias biol\u00f3gicas en R (de nueva creaci\u00f3n).<\/p>\n<p>En la sesi\u00f3n fue presentado el informe de evaluaci\u00f3n del profesorado, denominado Docentia, relativo al curso 2021\/22 y correspondiente, en este caso, a la actividad de 166 profesores y profesoras (con evaluaciones anuales a todo el cuerpo docente). El 82,5% de este colectivo evaluado ha obtenido una calificaci\u00f3n de muy favorable, y 7,5% desfavorable, en muchos casos, explic\u00f3 el vicerrector, por falta de documentaci\u00f3n no presentada por los propios interesados.<\/p>\n<p>La sesi\u00f3n se cerr\u00f3 con la participaci\u00f3n de la gerenta, Teresa Covisa, sobre la aprobaci\u00f3n del gasto plurianual para la contrataci\u00f3n del servicio de limpieza para 2024-27 y la concesi\u00f3n de complementos retributivos al profesorado<\/p>\n","protected":false},"excerpt":{"rendered":"<p>El Consejo de Gobierno de la Universidad de La Laguna ha celebrado hoy 6 de noviembre una sesi\u00f3n extraordinaria en&#8230;<\/p>\n","protected":false},"author":23,"featured_media":78563,"comment_status":"closed","ping_status":"closed","sticky":false,"template":"","format":"standard","meta":{"inline_featured_image":false,"footnotes":""},"categories":[345,347,2765],"tags":[],"acf":[],"yoast_head":"<!-- This site is optimized with the Yoast SEO plugin v21.3 - https:\/\/yoast.com\/wordpress\/plugins\/seo\/ -->\n<title>El rector de la ULL expresa en Consejo de Gobierno su malestar por el anteproyecto de presupuestos auton\u00f3micos para 2025 - ULL - Noticias<\/title>\n<meta name=\"robots\" content=\"index, follow, max-snippet:-1, max-image-preview:large, max-video-preview:-1\" \/>\n<link rel=\"canonical\" href=\"https:\/\/www.ull.es\/portal\/noticias\/2024\/el-rector-de-la-ull-expresa-en-consejo-de-gobierno-su-malestar-por-el-anteproyecto-de-presupuestos-autonomicos-para-2025\/\" \/>\n<meta property=\"og:locale\" content=\"es_ES\" \/>\n<meta property=\"og:type\" content=\"article\" \/>\n<meta property=\"og:title\" content=\"El rector de la ULL expresa en Consejo de Gobierno su malestar por el anteproyecto de presupuestos auton\u00f3micos para 2025 - ULL - Noticias\" \/>\n<meta property=\"og:description\" content=\"El Consejo de Gobierno de la Universidad de La Laguna ha celebrado hoy 6 de noviembre una sesi\u00f3n extraordinaria en...\" \/>\n<meta property=\"og:url\" content=\"https:\/\/www.ull.es\/portal\/noticias\/2024\/el-rector-de-la-ull-expresa-en-consejo-de-gobierno-su-malestar-por-el-anteproyecto-de-presupuestos-autonomicos-para-2025\/\" \/>\n<meta property=\"og:site_name\" content=\"ULL - Noticias\" \/>\n<meta property=\"article:publisher\" content=\"https:\/\/www.facebook.com\/universidaddelalaguna\/\" \/>\n<meta property=\"article:published_time\" content=\"2024-11-06T14:51:15+00:00\" \/>\n<meta property=\"og:image\" content=\"https:\/\/www.ull.es\/portal\/noticias\/wp-content\/uploads\/sites\/13\/2024\/11\/consejo-gobierno-rector-vicesecretaria-general.jpg\" \/>\n\t<meta property=\"og:image:width\" content=\"1200\" \/>\n\t<meta property=\"og:image:height\" content=\"800\" \/>\n\t<meta property=\"og:image:type\" content=\"image\/jpeg\" \/>\n<meta name=\"author\" content=\"gaprsa\" \/>\n<meta name=\"twitter:card\" content=\"summary_large_image\" \/>\n<meta name=\"twitter:creator\" content=\"@CanalULL\" \/>\n<meta name=\"twitter:site\" content=\"@CanalULL\" \/>\n<meta name=\"twitter:label1\" content=\"Escrito por\" \/>\n\t<meta name=\"twitter:data1\" content=\"gaprsa\" \/>\n\t<meta name=\"twitter:label2\" content=\"Tiempo de lectura\" \/>\n\t<meta name=\"twitter:data2\" content=\"3 minutos\" \/>\n<script type=\"application\/ld+json\" class=\"yoast-schema-graph\">{\"@context\":\"https:\/\/schema.org\",\"@graph\":[{\"@type\":\"WebPage\",\"@id\":\"https:\/\/www.ull.es\/portal\/noticias\/2024\/el-rector-de-la-ull-expresa-en-consejo-de-gobierno-su-malestar-por-el-anteproyecto-de-presupuestos-autonomicos-para-2025\/\",\"url\":\"https:\/\/www.ull.es\/portal\/noticias\/2024\/el-rector-de-la-ull-expresa-en-consejo-de-gobierno-su-malestar-por-el-anteproyecto-de-presupuestos-autonomicos-para-2025\/\",\"name\":\"El rector de la ULL expresa en Consejo de Gobierno su malestar por el anteproyecto de presupuestos auton\u00f3micos para 2025 - ULL - Noticias\",\"isPartOf\":{\"@id\":\"https:\/\/www.ull.es\/portal\/noticias\/#website\"},\"datePublished\":\"2024-11-06T14:51:15+00:00\",\"dateModified\":\"2024-11-06T14:51:15+00:00\",\"author\":{\"@id\":\"https:\/\/www.ull.es\/portal\/noticias\/#\/schema\/person\/b2b1a89d43ffa609e591f7df8ef3e817\"},\"breadcrumb\":{\"@id\":\"https:\/\/www.ull.es\/portal\/noticias\/2024\/el-rector-de-la-ull-expresa-en-consejo-de-gobierno-su-malestar-por-el-anteproyecto-de-presupuestos-autonomicos-para-2025\/#breadcrumb\"},\"inLanguage\":\"es\",\"potentialAction\":[{\"@type\":\"ReadAction\",\"target\":[\"https:\/\/www.ull.es\/portal\/noticias\/2024\/el-rector-de-la-ull-expresa-en-consejo-de-gobierno-su-malestar-por-el-anteproyecto-de-presupuestos-autonomicos-para-2025\/\"]}]},{\"@type\":\"BreadcrumbList\",\"@id\":\"https:\/\/www.ull.es\/portal\/noticias\/2024\/el-rector-de-la-ull-expresa-en-consejo-de-gobierno-su-malestar-por-el-anteproyecto-de-presupuestos-autonomicos-para-2025\/#breadcrumb\",\"itemListElement\":[{\"@type\":\"ListItem\",\"position\":1,\"name\":\"Portada\",\"item\":\"https:\/\/www.ull.es\/portal\/noticias\/\"},{\"@type\":\"ListItem\",\"position\":2,\"name\":\"El rector de la ULL expresa en Consejo de Gobierno su malestar por el anteproyecto de presupuestos auton\u00f3micos para 2025\"}]},{\"@type\":\"WebSite\",\"@id\":\"https:\/\/www.ull.es\/portal\/noticias\/#website\",\"url\":\"https:\/\/www.ull.es\/portal\/noticias\/\",\"name\":\"ULL - Noticias\",\"description\":\"\",\"potentialAction\":[{\"@type\":\"SearchAction\",\"target\":{\"@type\":\"EntryPoint\",\"urlTemplate\":\"https:\/\/www.ull.es\/portal\/noticias\/?s={search_term_string}\"},\"query-input\":\"required name=search_term_string\"}],\"inLanguage\":\"es\"},{\"@type\":\"Person\",\"@id\":\"https:\/\/www.ull.es\/portal\/noticias\/#\/schema\/person\/b2b1a89d43ffa609e591f7df8ef3e817\",\"name\":\"gaprsa\",\"image\":{\"@type\":\"ImageObject\",\"inLanguage\":\"es\",\"@id\":\"https:\/\/www.ull.es\/portal\/noticias\/#\/schema\/person\/image\/\",\"url\":\"https:\/\/secure.gravatar.com\/avatar\/443820550921091458b4823867723b3d?s=96&d=mm&r=g\",\"contentUrl\":\"https:\/\/secure.gravatar.com\/avatar\/443820550921091458b4823867723b3d?s=96&d=mm&r=g\",\"caption\":\"gaprsa\"},\"url\":\"https:\/\/www.ull.es\/portal\/noticias\/author\/gaprsa\/\"}]}<\/script>\n<!-- \/ Yoast SEO plugin. -->","yoast_head_json":{"title":"El rector de la ULL expresa en Consejo de Gobierno su malestar por el anteproyecto de presupuestos auton\u00f3micos para 2025 - ULL - Noticias","robots":{"index":"index","follow":"follow","max-snippet":"max-snippet:-1","max-image-preview":"max-image-preview:large","max-video-preview":"max-video-preview:-1"},"canonical":"https:\/\/www.ull.es\/portal\/noticias\/2024\/el-rector-de-la-ull-expresa-en-consejo-de-gobierno-su-malestar-por-el-anteproyecto-de-presupuestos-autonomicos-para-2025\/","og_locale":"es_ES","og_type":"article","og_title":"El rector de la ULL expresa en Consejo de Gobierno su malestar por el anteproyecto de presupuestos auton\u00f3micos para 2025 - ULL - Noticias","og_description":"El Consejo de Gobierno de la Universidad de La Laguna ha celebrado hoy 6 de noviembre una sesi\u00f3n extraordinaria en...","og_url":"https:\/\/www.ull.es\/portal\/noticias\/2024\/el-rector-de-la-ull-expresa-en-consejo-de-gobierno-su-malestar-por-el-anteproyecto-de-presupuestos-autonomicos-para-2025\/","og_site_name":"ULL - Noticias","article_publisher":"https:\/\/www.facebook.com\/universidaddelalaguna\/","article_published_time":"2024-11-06T14:51:15+00:00","og_image":[{"width":1200,"height":800,"url":"https:\/\/www.ull.es\/portal\/noticias\/wp-content\/uploads\/sites\/13\/2024\/11\/consejo-gobierno-rector-vicesecretaria-general.jpg","type":"image\/jpeg"}],"author":"gaprsa","twitter_card":"summary_large_image","twitter_creator":"@CanalULL","twitter_site":"@CanalULL","twitter_misc":{"Escrito por":"gaprsa","Tiempo de lectura":"3 minutos"},"schema":{"@context":"https:\/\/schema.org","@graph":[{"@type":"WebPage","@id":"https:\/\/www.ull.es\/portal\/noticias\/2024\/el-rector-de-la-ull-expresa-en-consejo-de-gobierno-su-malestar-por-el-anteproyecto-de-presupuestos-autonomicos-para-2025\/","url":"https:\/\/www.ull.es\/portal\/noticias\/2024\/el-rector-de-la-ull-expresa-en-consejo-de-gobierno-su-malestar-por-el-anteproyecto-de-presupuestos-autonomicos-para-2025\/","name":"El rector de la ULL expresa en Consejo de Gobierno su malestar por el anteproyecto de presupuestos auton\u00f3micos para 2025 - ULL - Noticias","isPartOf":{"@id":"https:\/\/www.ull.es\/portal\/noticias\/#website"},"datePublished":"2024-11-06T14:51:15+00:00","dateModified":"2024-11-06T14:51:15+00:00","author":{"@id":"https:\/\/www.ull.es\/portal\/noticias\/#\/schema\/person\/b2b1a89d43ffa609e591f7df8ef3e817"},"breadcrumb":{"@id":"https:\/\/www.ull.es\/portal\/noticias\/2024\/el-rector-de-la-ull-expresa-en-consejo-de-gobierno-su-malestar-por-el-anteproyecto-de-presupuestos-autonomicos-para-2025\/#breadcrumb"},"inLanguage":"es","potentialAction":[{"@type":"ReadAction","target":["https:\/\/www.ull.es\/portal\/noticias\/2024\/el-rector-de-la-ull-expresa-en-consejo-de-gobierno-su-malestar-por-el-anteproyecto-de-presupuestos-autonomicos-para-2025\/"]}]},{"@type":"BreadcrumbList","@id":"https:\/\/www.ull.es\/portal\/noticias\/2024\/el-rector-de-la-ull-expresa-en-consejo-de-gobierno-su-malestar-por-el-anteproyecto-de-presupuestos-autonomicos-para-2025\/#breadcrumb","itemListElement":[{"@type":"ListItem","position":1,"name":"Portada","item":"https:\/\/www.ull.es\/portal\/noticias\/"},{"@type":"ListItem","position":2,"name":"El rector de la ULL expresa en Consejo de Gobierno su malestar por el anteproyecto de presupuestos auton\u00f3micos para 2025"}]},{"@type":"WebSite","@id":"https:\/\/www.ull.es\/portal\/noticias\/#website","url":"https:\/\/www.ull.es\/portal\/noticias\/","name":"ULL - Noticias","description":"","potentialAction":[{"@type":"SearchAction","target":{"@type":"EntryPoint","urlTemplate":"https:\/\/www.ull.es\/portal\/noticias\/?s={search_term_string}"},"query-input":"required name=search_term_string"}],"inLanguage":"es"},{"@type":"Person","@id":"https:\/\/www.ull.es\/portal\/noticias\/#\/schema\/person\/b2b1a89d43ffa609e591f7df8ef3e817","name":"gaprsa","image":{"@type":"ImageObject","inLanguage":"es","@id":"https:\/\/www.ull.es\/portal\/noticias\/#\/schema\/person\/image\/","url":"https:\/\/secure.gravatar.com\/avatar\/443820550921091458b4823867723b3d?s=96&d=mm&r=g","contentUrl":"https:\/\/secure.gravatar.com\/avatar\/443820550921091458b4823867723b3d?s=96&d=mm&r=g","caption":"gaprsa"},"url":"https:\/\/www.ull.es\/portal\/noticias\/author\/gaprsa\/"}]}},"primary_category":{"id":345,"name":"Destacado","slug":"destacado","link":"https:\/\/www.ull.es\/portal\/noticias\/category\/destacado\/"},"featured_image_thumbnail_url":"https:\/\/www.ull.es\/portal\/noticias\/wp-content\/uploads\/sites\/13\/2024\/11\/consejo-gobierno-rector-vicesecretaria-general-300x200.jpg","_links":{"self":[{"href":"https:\/\/www.ull.es\/portal\/noticias\/wp-json\/wp\/v2\/posts\/78562"}],"collection":[{"href":"https:\/\/www.ull.es\/portal\/noticias\/wp-json\/wp\/v2\/posts"}],"about":[{"href":"https:\/\/www.ull.es\/portal\/noticias\/wp-json\/wp\/v2\/types\/post"}],"author":[{"embeddable":true,"href":"https:\/\/www.ull.es\/portal\/noticias\/wp-json\/wp\/v2\/users\/23"}],"replies":[{"embeddable":true,"href":"https:\/\/www.ull.es\/portal\/noticias\/wp-json\/wp\/v2\/comments?post=78562"}],"version-history":[{"count":1,"href":"https:\/\/www.ull.es\/portal\/noticias\/wp-json\/wp\/v2\/posts\/78562\/revisions"}],"predecessor-version":[{"id":78564,"href":"https:\/\/www.ull.es\/portal\/noticias\/wp-json\/wp\/v2\/posts\/78562\/revisions\/78564"}],"wp:featuredmedia":[{"embeddable":true,"href":"https:\/\/www.ull.es\/portal\/noticias\/wp-json\/wp\/v2\/media\/78563"}],"wp:attachment":[{"href":"https:\/\/www.ull.es\/portal\/noticias\/wp-json\/wp\/v2\/media?parent=78562"}],"wp:term":[{"taxonomy":"category","embeddable":true,"href":"https:\/\/www.ull.es\/portal\/noticias\/wp-json\/wp\/v2\/categories?post=78562"},{"taxonomy":"post_tag","embeddable":true,"href":"https:\/\/www.ull.es\/portal\/noticias\/wp-json\/wp\/v2\/tags?post=78562"}],"curies":[{"name":"wp","href":"https:\/\/api.w.org\/{rel}","templated":true}]}}