{"id":78585,"date":"2024-11-08T08:37:00","date_gmt":"2024-11-08T08:37:00","guid":{"rendered":"https:\/\/www.ull.es\/portal\/noticias\/?p=78585"},"modified":"2024-11-08T08:37:00","modified_gmt":"2024-11-08T08:37:00","slug":"la-ull-y-el-cluster-canario-del-transporte-y-la-logistica-colaboran-en-un-programa-formativo-de-capacitacion-digital","status":"publish","type":"post","link":"https:\/\/www.ull.es\/portal\/noticias\/2024\/la-ull-y-el-cluster-canario-del-transporte-y-la-logistica-colaboran-en-un-programa-formativo-de-capacitacion-digital\/","title":{"rendered":"La ULL y el Cl\u00faster Canario del Transporte y la Log\u00edstica colaboran en un programa formativo de capacitaci\u00f3n digital"},"content":{"rendered":"<p>La Universidad de La Laguna, a trav\u00e9s de la iniciativa <a href=\"https:\/\/digitranscanarias.com\/\" target=\"_blank\" rel=\"noopener\">Digitrans<\/a>, y junto al Cl\u00faster Canario del Transporte y la Log\u00edstica, organiza dos programas de capacitaci\u00f3n digital en el \u00e1mbito del transporte y la log\u00edstica en Canarias. Julio Brito, gerente de la Fundaci\u00f3n universitaria, y Eduardo Bezares, en representaci\u00f3n del cl\u00faster, acuerdan colaborar en la puesta en marcha de esta iniciativa.<\/p>\n<p>Estas formaciones gratuitas y semipresenciales tienen la finalidad de favorecer el conocimiento de competencias digitales, as\u00ed como el liderazgo y la direcci\u00f3n en estos sectores. Este programa incluye por tanto capacitaci\u00f3n en competencias y contenidos digitales fundamentales, como son los modelos de negocio en la econom\u00eda digital o los procesos y herramientas para la digitalizaci\u00f3n, la transformaci\u00f3n digital en el sector de la log\u00edstica y el transporte o tecnolog\u00edas disruptivas emergentes, entre otros.<\/p>\n<p>Digitrans ofrece dos acciones formativas diferenciadas. La primera, generalista y b\u00e1sica, dirigida a todo tipo de profesionales de las organizaciones vinculadas a este sector, as\u00ed como a personas desempleadas que tengan inter\u00e9s en esta materia. Se llevar\u00e1n a cabo dos ediciones formativas, de 150 horas lectivas cada una de ellas, que permitir\u00e1n mejorar las competencias y conocimientos para un cupo de 80 personas, y cuyo inicio est\u00e1 previsto en el mes de febrero de 2025.<\/p>\n<p>La <a href=\"https:\/\/sede.fg.ull.es\/es\/curso\/detalle?code=a24030358&amp;name=competencias-digitales-para-el-liderazgo-y-la-direccion-en-tecnologias-habilitadoras-para-la-transformacion-digital-del-transporte-y-la-logistica-en-c\" target=\"_blank\" rel=\"noopener\">segunda acci\u00f3n<\/a> dise\u00f1ada para mandos intermedios, responsables de \u00e1reas y directivos y directivas con responsabilidad departamental o de equipos de trabajo dentro de una organizaci\u00f3n apunta a la obtenci\u00f3n de conocimientos espec\u00edficos y complementarios para el desarrollo de proyectos de transformaci\u00f3n digital.<\/p>\n<p>Pueden participar en la acci\u00f3n formativa personas con certificado de prueba de acceso a la universidad o a grado, licenciatura o diplomatura, as\u00ed como alumnado universitario. De esta formaci\u00f3n, se llevar\u00e1n a cabo dos ediciones en las que podr\u00e1n participar 40 personas. La primera de ellas dar\u00e1 comienzo el pr\u00f3ximo 2 de diciembre.<\/p>\n<p>Este proyecto del Ministerio de Transportes y Movilidad Sostenible est\u00e1 cofinanciado por la Uni\u00f3n Europea a trav\u00e9s del Plan de Recuperaci\u00f3n, Transformaci\u00f3n y Resiliencia \u2013 NextGenerationEU y ejecutado por la Universidad de La Laguna, a trav\u00e9s de su Fundaci\u00f3n General<\/p>\n<p><strong>\u00a0<\/strong><\/p>\n<p>&nbsp;<\/p>\n<p>&nbsp;<\/p>\n","protected":false},"excerpt":{"rendered":"<p>La Universidad de La Laguna, a trav\u00e9s de la iniciativa Digitrans, y junto al Cl\u00faster Canario del Transporte y la&#8230;<\/p>\n","protected":false},"author":23,"featured_media":78587,"comment_status":"closed","ping_status":"closed","sticky":false,"template":"","format":"standard","meta":{"inline_featured_image":false,"footnotes":""},"categories":[345,346,348,2765],"tags":[],"acf":[],"yoast_head":"<!-- This site is optimized with the Yoast SEO plugin v21.3 - https:\/\/yoast.com\/wordpress\/plugins\/seo\/ -->\n<title>La ULL y el Cl\u00faster Canario del Transporte y la Log\u00edstica colaboran en un programa formativo de capacitaci\u00f3n digital - ULL - Noticias<\/title>\n<meta name=\"robots\" content=\"index, follow, max-snippet:-1, max-image-preview:large, max-video-preview:-1\" \/>\n<link rel=\"canonical\" href=\"https:\/\/www.ull.es\/portal\/noticias\/2024\/la-ull-y-el-cluster-canario-del-transporte-y-la-logistica-colaboran-en-un-programa-formativo-de-capacitacion-digital\/\" \/>\n<meta property=\"og:locale\" content=\"es_ES\" \/>\n<meta property=\"og:type\" content=\"article\" \/>\n<meta property=\"og:title\" content=\"La ULL y el Cl\u00faster Canario del Transporte y la Log\u00edstica colaboran en un programa formativo de capacitaci\u00f3n digital - ULL - Noticias\" \/>\n<meta property=\"og:description\" content=\"La Universidad de La Laguna, a trav\u00e9s de la iniciativa Digitrans, y junto al Cl\u00faster Canario del Transporte y la...\" \/>\n<meta property=\"og:url\" content=\"https:\/\/www.ull.es\/portal\/noticias\/2024\/la-ull-y-el-cluster-canario-del-transporte-y-la-logistica-colaboran-en-un-programa-formativo-de-capacitacion-digital\/\" \/>\n<meta property=\"og:site_name\" content=\"ULL - Noticias\" \/>\n<meta property=\"article:publisher\" content=\"https:\/\/www.facebook.com\/universidaddelalaguna\/\" \/>\n<meta property=\"article:published_time\" content=\"2024-11-08T08:37:00+00:00\" \/>\n<meta property=\"og:image\" content=\"https:\/\/www.ull.es\/portal\/noticias\/wp-content\/uploads\/sites\/13\/2024\/11\/Banner-Digitrans-1.jpg\" \/>\n\t<meta property=\"og:image:width\" content=\"1600\" \/>\n\t<meta property=\"og:image:height\" content=\"900\" \/>\n\t<meta property=\"og:image:type\" content=\"image\/jpeg\" \/>\n<meta name=\"author\" content=\"gaprsa\" \/>\n<meta name=\"twitter:card\" content=\"summary_large_image\" \/>\n<meta name=\"twitter:creator\" content=\"@CanalULL\" \/>\n<meta name=\"twitter:site\" content=\"@CanalULL\" \/>\n<meta name=\"twitter:label1\" content=\"Escrito por\" \/>\n\t<meta name=\"twitter:data1\" content=\"gaprsa\" \/>\n\t<meta name=\"twitter:label2\" content=\"Tiempo de lectura\" \/>\n\t<meta name=\"twitter:data2\" content=\"2 minutos\" \/>\n<script type=\"application\/ld+json\" class=\"yoast-schema-graph\">{\"@context\":\"https:\/\/schema.org\",\"@graph\":[{\"@type\":\"WebPage\",\"@id\":\"https:\/\/www.ull.es\/portal\/noticias\/2024\/la-ull-y-el-cluster-canario-del-transporte-y-la-logistica-colaboran-en-un-programa-formativo-de-capacitacion-digital\/\",\"url\":\"https:\/\/www.ull.es\/portal\/noticias\/2024\/la-ull-y-el-cluster-canario-del-transporte-y-la-logistica-colaboran-en-un-programa-formativo-de-capacitacion-digital\/\",\"name\":\"La ULL y el Cl\u00faster Canario del Transporte y la Log\u00edstica colaboran en un programa formativo de capacitaci\u00f3n digital - ULL - Noticias\",\"isPartOf\":{\"@id\":\"https:\/\/www.ull.es\/portal\/noticias\/#website\"},\"datePublished\":\"2024-11-08T08:37:00+00:00\",\"dateModified\":\"2024-11-08T08:37:00+00:00\",\"author\":{\"@id\":\"https:\/\/www.ull.es\/portal\/noticias\/#\/schema\/person\/b2b1a89d43ffa609e591f7df8ef3e817\"},\"breadcrumb\":{\"@id\":\"https:\/\/www.ull.es\/portal\/noticias\/2024\/la-ull-y-el-cluster-canario-del-transporte-y-la-logistica-colaboran-en-un-programa-formativo-de-capacitacion-digital\/#breadcrumb\"},\"inLanguage\":\"es\",\"potentialAction\":[{\"@type\":\"ReadAction\",\"target\":[\"https:\/\/www.ull.es\/portal\/noticias\/2024\/la-ull-y-el-cluster-canario-del-transporte-y-la-logistica-colaboran-en-un-programa-formativo-de-capacitacion-digital\/\"]}]},{\"@type\":\"BreadcrumbList\",\"@id\":\"https:\/\/www.ull.es\/portal\/noticias\/2024\/la-ull-y-el-cluster-canario-del-transporte-y-la-logistica-colaboran-en-un-programa-formativo-de-capacitacion-digital\/#breadcrumb\",\"itemListElement\":[{\"@type\":\"ListItem\",\"position\":1,\"name\":\"Portada\",\"item\":\"https:\/\/www.ull.es\/portal\/noticias\/\"},{\"@type\":\"ListItem\",\"position\":2,\"name\":\"La ULL y el Cl\u00faster Canario del Transporte y la Log\u00edstica colaboran en un programa formativo de capacitaci\u00f3n digital\"}]},{\"@type\":\"WebSite\",\"@id\":\"https:\/\/www.ull.es\/portal\/noticias\/#website\",\"url\":\"https:\/\/www.ull.es\/portal\/noticias\/\",\"name\":\"ULL - Noticias\",\"description\":\"\",\"potentialAction\":[{\"@type\":\"SearchAction\",\"target\":{\"@type\":\"EntryPoint\",\"urlTemplate\":\"https:\/\/www.ull.es\/portal\/noticias\/?s={search_term_string}\"},\"query-input\":\"required name=search_term_string\"}],\"inLanguage\":\"es\"},{\"@type\":\"Person\",\"@id\":\"https:\/\/www.ull.es\/portal\/noticias\/#\/schema\/person\/b2b1a89d43ffa609e591f7df8ef3e817\",\"name\":\"gaprsa\",\"image\":{\"@type\":\"ImageObject\",\"inLanguage\":\"es\",\"@id\":\"https:\/\/www.ull.es\/portal\/noticias\/#\/schema\/person\/image\/\",\"url\":\"https:\/\/secure.gravatar.com\/avatar\/443820550921091458b4823867723b3d?s=96&d=mm&r=g\",\"contentUrl\":\"https:\/\/secure.gravatar.com\/avatar\/443820550921091458b4823867723b3d?s=96&d=mm&r=g\",\"caption\":\"gaprsa\"},\"url\":\"https:\/\/www.ull.es\/portal\/noticias\/author\/gaprsa\/\"}]}<\/script>\n<!-- \/ Yoast SEO plugin. -->","yoast_head_json":{"title":"La ULL y el Cl\u00faster Canario del Transporte y la Log\u00edstica colaboran en un programa formativo de capacitaci\u00f3n digital - ULL - Noticias","robots":{"index":"index","follow":"follow","max-snippet":"max-snippet:-1","max-image-preview":"max-image-preview:large","max-video-preview":"max-video-preview:-1"},"canonical":"https:\/\/www.ull.es\/portal\/noticias\/2024\/la-ull-y-el-cluster-canario-del-transporte-y-la-logistica-colaboran-en-un-programa-formativo-de-capacitacion-digital\/","og_locale":"es_ES","og_type":"article","og_title":"La ULL y el Cl\u00faster Canario del Transporte y la Log\u00edstica colaboran en un programa formativo de capacitaci\u00f3n digital - ULL - Noticias","og_description":"La Universidad de La Laguna, a trav\u00e9s de la iniciativa Digitrans, y junto al Cl\u00faster Canario del Transporte y la...","og_url":"https:\/\/www.ull.es\/portal\/noticias\/2024\/la-ull-y-el-cluster-canario-del-transporte-y-la-logistica-colaboran-en-un-programa-formativo-de-capacitacion-digital\/","og_site_name":"ULL - Noticias","article_publisher":"https:\/\/www.facebook.com\/universidaddelalaguna\/","article_published_time":"2024-11-08T08:37:00+00:00","og_image":[{"width":1600,"height":900,"url":"https:\/\/www.ull.es\/portal\/noticias\/wp-content\/uploads\/sites\/13\/2024\/11\/Banner-Digitrans-1.jpg","type":"image\/jpeg"}],"author":"gaprsa","twitter_card":"summary_large_image","twitter_creator":"@CanalULL","twitter_site":"@CanalULL","twitter_misc":{"Escrito por":"gaprsa","Tiempo de lectura":"2 minutos"},"schema":{"@context":"https:\/\/schema.org","@graph":[{"@type":"WebPage","@id":"https:\/\/www.ull.es\/portal\/noticias\/2024\/la-ull-y-el-cluster-canario-del-transporte-y-la-logistica-colaboran-en-un-programa-formativo-de-capacitacion-digital\/","url":"https:\/\/www.ull.es\/portal\/noticias\/2024\/la-ull-y-el-cluster-canario-del-transporte-y-la-logistica-colaboran-en-un-programa-formativo-de-capacitacion-digital\/","name":"La ULL y el Cl\u00faster Canario del Transporte y la Log\u00edstica colaboran en un programa formativo de capacitaci\u00f3n digital - ULL - Noticias","isPartOf":{"@id":"https:\/\/www.ull.es\/portal\/noticias\/#website"},"datePublished":"2024-11-08T08:37:00+00:00","dateModified":"2024-11-08T08:37:00+00:00","author":{"@id":"https:\/\/www.ull.es\/portal\/noticias\/#\/schema\/person\/b2b1a89d43ffa609e591f7df8ef3e817"},"breadcrumb":{"@id":"https:\/\/www.ull.es\/portal\/noticias\/2024\/la-ull-y-el-cluster-canario-del-transporte-y-la-logistica-colaboran-en-un-programa-formativo-de-capacitacion-digital\/#breadcrumb"},"inLanguage":"es","potentialAction":[{"@type":"ReadAction","target":["https:\/\/www.ull.es\/portal\/noticias\/2024\/la-ull-y-el-cluster-canario-del-transporte-y-la-logistica-colaboran-en-un-programa-formativo-de-capacitacion-digital\/"]}]},{"@type":"BreadcrumbList","@id":"https:\/\/www.ull.es\/portal\/noticias\/2024\/la-ull-y-el-cluster-canario-del-transporte-y-la-logistica-colaboran-en-un-programa-formativo-de-capacitacion-digital\/#breadcrumb","itemListElement":[{"@type":"ListItem","position":1,"name":"Portada","item":"https:\/\/www.ull.es\/portal\/noticias\/"},{"@type":"ListItem","position":2,"name":"La ULL y el Cl\u00faster Canario del Transporte y la Log\u00edstica colaboran en un programa formativo de capacitaci\u00f3n digital"}]},{"@type":"WebSite","@id":"https:\/\/www.ull.es\/portal\/noticias\/#website","url":"https:\/\/www.ull.es\/portal\/noticias\/","name":"ULL - Noticias","description":"","potentialAction":[{"@type":"SearchAction","target":{"@type":"EntryPoint","urlTemplate":"https:\/\/www.ull.es\/portal\/noticias\/?s={search_term_string}"},"query-input":"required name=search_term_string"}],"inLanguage":"es"},{"@type":"Person","@id":"https:\/\/www.ull.es\/portal\/noticias\/#\/schema\/person\/b2b1a89d43ffa609e591f7df8ef3e817","name":"gaprsa","image":{"@type":"ImageObject","inLanguage":"es","@id":"https:\/\/www.ull.es\/portal\/noticias\/#\/schema\/person\/image\/","url":"https:\/\/secure.gravatar.com\/avatar\/443820550921091458b4823867723b3d?s=96&d=mm&r=g","contentUrl":"https:\/\/secure.gravatar.com\/avatar\/443820550921091458b4823867723b3d?s=96&d=mm&r=g","caption":"gaprsa"},"url":"https:\/\/www.ull.es\/portal\/noticias\/author\/gaprsa\/"}]}},"primary_category":{"id":345,"name":"Destacado","slug":"destacado","link":"https:\/\/www.ull.es\/portal\/noticias\/category\/destacado\/"},"featured_image_thumbnail_url":"https:\/\/www.ull.es\/portal\/noticias\/wp-content\/uploads\/sites\/13\/2024\/11\/Banner-Digitrans-1-300x169.jpg","_links":{"self":[{"href":"https:\/\/www.ull.es\/portal\/noticias\/wp-json\/wp\/v2\/posts\/78585"}],"collection":[{"href":"https:\/\/www.ull.es\/portal\/noticias\/wp-json\/wp\/v2\/posts"}],"about":[{"href":"https:\/\/www.ull.es\/portal\/noticias\/wp-json\/wp\/v2\/types\/post"}],"author":[{"embeddable":true,"href":"https:\/\/www.ull.es\/portal\/noticias\/wp-json\/wp\/v2\/users\/23"}],"replies":[{"embeddable":true,"href":"https:\/\/www.ull.es\/portal\/noticias\/wp-json\/wp\/v2\/comments?post=78585"}],"version-history":[{"count":1,"href":"https:\/\/www.ull.es\/portal\/noticias\/wp-json\/wp\/v2\/posts\/78585\/revisions"}],"predecessor-version":[{"id":78586,"href":"https:\/\/www.ull.es\/portal\/noticias\/wp-json\/wp\/v2\/posts\/78585\/revisions\/78586"}],"wp:featuredmedia":[{"embeddable":true,"href":"https:\/\/www.ull.es\/portal\/noticias\/wp-json\/wp\/v2\/media\/78587"}],"wp:attachment":[{"href":"https:\/\/www.ull.es\/portal\/noticias\/wp-json\/wp\/v2\/media?parent=78585"}],"wp:term":[{"taxonomy":"category","embeddable":true,"href":"https:\/\/www.ull.es\/portal\/noticias\/wp-json\/wp\/v2\/categories?post=78585"},{"taxonomy":"post_tag","embeddable":true,"href":"https:\/\/www.ull.es\/portal\/noticias\/wp-json\/wp\/v2\/tags?post=78585"}],"curies":[{"name":"wp","href":"https:\/\/api.w.org\/{rel}","templated":true}]}}