{"id":78658,"date":"2024-11-13T15:23:46","date_gmt":"2024-11-13T15:23:46","guid":{"rendered":"https:\/\/www.ull.es\/portal\/noticias\/?p=78658"},"modified":"2024-11-14T09:10:27","modified_gmt":"2024-11-14T09:10:27","slug":"la-facultad-de-educacion-de-la-ull-acoge-la-presentacion-del-informe-de-la-unesco-reimaginar-juntos-nuestros-futuros","status":"publish","type":"post","link":"https:\/\/www.ull.es\/portal\/noticias\/2024\/la-facultad-de-educacion-de-la-ull-acoge-la-presentacion-del-informe-de-la-unesco-reimaginar-juntos-nuestros-futuros\/","title":{"rendered":"La Facultad de Educaci\u00f3n de la ULL acoge la presentaci\u00f3n del informe de la Unesco \u2018Reimaginar juntos nuestros futuros\u2019"},"content":{"rendered":"<p>La Facultad de Educaci\u00f3n de la Universidad de La Laguna ha sido el escenario elegido para la presentaci\u00f3n hoy 13 de noviembre del informe de la Unesco \u2018<a href=\"https:\/\/losfuturosdelaeducacion.fundacion-sm.org\/el-informe\/\" target=\"_blank\" rel=\"noopener\">Reimaginar juntos nuestros futuros: un nuevo contrato social para la educaci\u00f3n<\/a>\u2019, que se publica cada cuarto de siglo, y que, frente a ediciones anteriores, ha sido elaborado por una comisi\u00f3n m\u00e1s plural, con la pretensi\u00f3n de que sirva de gu\u00eda para aplicarlo en las pr\u00f3ximas dos d\u00e9cadas.<\/p>\n<p>El texto, elaborado en plena pandemia, cont\u00f3 con la participaci\u00f3n de casi un mill\u00f3n de personas, a trav\u00e9s de una gran conversaci\u00f3n mundial, con especialistas de 45 pa\u00edses. Frente a los grandes retos de la humanidad, la educaci\u00f3n debe responder a los principales desaf\u00edos, se\u00f1ala el documento. El texto ofrece prospectiva, no cifras concretas, sobre cinco ejes de transformaci\u00f3n para el futuro: pedadog\u00eda, escuela, curr\u00edculo, equipos docentes y h\u00e1bitat digital. Para cada uno de estos ejes se abordan una serie de recomendaciones. En este <a href=\"https:\/\/drive.google.com\/file\/d\/1C-PbyTrqa0MldDS0JyajbvzyA9s1o0_x\/view\" target=\"_blank\" rel=\"noopener\">enlace<\/a> figura un resumen de su contenido.<\/p>\n<div id=\"attachment_78660\" style=\"width: 210px\" class=\"wp-caption alignright\"><a href=\"https:\/\/www.ull.es\/portal\/noticias\/wp-content\/uploads\/sites\/13\/2024\/11\/Present-Informe-Reimaginar-13-apertura.jpg\" target=\"_blank\" rel=\"noopener\"><img aria-describedby=\"caption-attachment-78660\" decoding=\"async\" loading=\"lazy\" class=\"size-medium wp-image-78660\" src=\"https:\/\/www.ull.es\/portal\/noticias\/wp-content\/uploads\/sites\/13\/2024\/11\/Present-Informe-Reimaginar-13-apertura-200x300.jpg\" alt=\"\" width=\"200\" height=\"300\" srcset=\"https:\/\/www.ull.es\/portal\/noticias\/wp-content\/uploads\/sites\/13\/2024\/11\/Present-Informe-Reimaginar-13-apertura-200x300.jpg 200w, https:\/\/www.ull.es\/portal\/noticias\/wp-content\/uploads\/sites\/13\/2024\/11\/Present-Informe-Reimaginar-13-apertura-683x1024.jpg 683w, https:\/\/www.ull.es\/portal\/noticias\/wp-content\/uploads\/sites\/13\/2024\/11\/Present-Informe-Reimaginar-13-apertura-768x1152.jpg 768w, https:\/\/www.ull.es\/portal\/noticias\/wp-content\/uploads\/sites\/13\/2024\/11\/Present-Informe-Reimaginar-13-apertura-375x563.jpg 375w, https:\/\/www.ull.es\/portal\/noticias\/wp-content\/uploads\/sites\/13\/2024\/11\/Present-Informe-Reimaginar-13-apertura-750x1125.jpg 750w, https:\/\/www.ull.es\/portal\/noticias\/wp-content\/uploads\/sites\/13\/2024\/11\/Present-Informe-Reimaginar-13-apertura.jpg 800w\" sizes=\"(max-width: 200px) 100vw, 200px\" \/><\/a><p id=\"caption-attachment-78660\" class=\"wp-caption-text\">El director general de Universidades, a la izquierda de la imagen, particip\u00f3 tambi\u00e9n en el evento.<\/p><\/div>\n<p>El director de programas de la Fundaci\u00f3n SM, Jos\u00e9 Mar\u00eda Gonz\u00e1lez Ochoa, fue el encargado de presentar el documento al alumnado, acompa\u00f1ado de la vicerrectora de Estudiantes, Rosario Hern\u00e1ndez, y del director general de Universidades del Gobierno de Canarias, Jafeth Alonso. La iniciativa ha tenido lugar por invitaci\u00f3n de la profesora de la Facultad de Educaci\u00f3n Itah\u00edsa P\u00e9rez.<\/p>\n<p>Gonz\u00e1lez explic\u00f3 que la educaci\u00f3n ha de transformarse hacia modelos pedag\u00f3gicos m\u00e1s flexibles e interdisciplinares, poniendo a la escuela y al profesorado como elementos clave del sistema. Tambi\u00e9n abund\u00f3 en la idea de que las tecnolog\u00edas educativas han de ser una herramienta de apoyo para lograr una educaci\u00f3n m\u00e1s equitativa, una cuesti\u00f3n que se est\u00e1 viendo seriamente discutida dado que en estos momentos su uso est\u00e1 procurando mayor brecha y desigualdad entre pa\u00edses.<\/p>\n<p>Este documento viene precedido de los textos ya hist\u00f3ricos del Informe Faure de 1972 y del Informe Delors de 1996, que sentaron las bases de la educaci\u00f3n a nivel mundial. Este tercero habla de aprender a transformar y aprender a cuidar, otorgando mucha importancia a la \u00e9tica del cuidado como paradigma educativo, en la idea de que las escuelas sean espacios seguros y protegidos frente a todo tipo de acosos y violencias. Adem\u00e1s, han de ser lugares donde se cuidan los unos a los otros, lugares sustentables y tambi\u00e9n de acogida a terceros.<\/p>\n<p>La Fundaci\u00f3n SM ha publicado el informe en espa\u00f1ol y portugu\u00e9s, y la idea es hacerlo llegar a todas las facultades espa\u00f1olas donde se forman los educadores y educadoras del futuro. Igualmente se ha trasladado a todas las administraciones implicadas en la educaci\u00f3n, entendida como un bien com\u00fan y un derecho que ha de ser garantizado por el Estado.<\/p>\n<p>Se aboga por que la educaci\u00f3n sea concebida como un contrato social en que todas las instancias p\u00fablicas est\u00e1n implicadas. Ya no se concibe como un derecho desde los 4 a los 16 a\u00f1os, sino como un derecho que se ejerce y se demanda a lo largo de la vida. \u201cEl hecho de que no sea concebido por un tiempo espec\u00edfico supone un cambio muy sustancial\u201d, explic\u00f3. Se trata pues de un concepto muy transformador, impuesto por la rapidez de los avances cient\u00edficos y tecnol\u00f3gicos, que demandan que el proceso de aprendizaje sea continuo e imparable.<\/p>\n","protected":false},"excerpt":{"rendered":"<p>La Facultad de Educaci\u00f3n de la Universidad de La Laguna ha sido el escenario elegido para la presentaci\u00f3n hoy 13&#8230;<\/p>\n","protected":false},"author":23,"featured_media":78659,"comment_status":"closed","ping_status":"closed","sticky":false,"template":"","format":"standard","meta":{"inline_featured_image":false,"footnotes":""},"categories":[345,348,2765],"tags":[],"acf":[],"yoast_head":"<!-- This site is optimized with the Yoast SEO plugin v21.3 - https:\/\/yoast.com\/wordpress\/plugins\/seo\/ -->\n<title>La Facultad de Educaci\u00f3n de la ULL acoge la presentaci\u00f3n del informe de la Unesco \u2018Reimaginar juntos nuestros futuros\u2019 - ULL - Noticias<\/title>\n<meta name=\"robots\" content=\"index, follow, max-snippet:-1, max-image-preview:large, max-video-preview:-1\" \/>\n<link rel=\"canonical\" href=\"https:\/\/www.ull.es\/portal\/noticias\/2024\/la-facultad-de-educacion-de-la-ull-acoge-la-presentacion-del-informe-de-la-unesco-reimaginar-juntos-nuestros-futuros\/\" \/>\n<meta property=\"og:locale\" content=\"es_ES\" \/>\n<meta property=\"og:type\" content=\"article\" \/>\n<meta property=\"og:title\" content=\"La Facultad de Educaci\u00f3n de la ULL acoge la presentaci\u00f3n del informe de la Unesco \u2018Reimaginar juntos nuestros futuros\u2019 - ULL - Noticias\" \/>\n<meta property=\"og:description\" content=\"La Facultad de Educaci\u00f3n de la Universidad de La Laguna ha sido el escenario elegido para la presentaci\u00f3n hoy 13...\" \/>\n<meta property=\"og:url\" content=\"https:\/\/www.ull.es\/portal\/noticias\/2024\/la-facultad-de-educacion-de-la-ull-acoge-la-presentacion-del-informe-de-la-unesco-reimaginar-juntos-nuestros-futuros\/\" \/>\n<meta property=\"og:site_name\" content=\"ULL - Noticias\" \/>\n<meta property=\"article:publisher\" content=\"https:\/\/www.facebook.com\/universidaddelalaguna\/\" \/>\n<meta property=\"article:published_time\" content=\"2024-11-13T15:23:46+00:00\" \/>\n<meta property=\"article:modified_time\" content=\"2024-11-14T09:10:27+00:00\" \/>\n<meta property=\"og:image\" content=\"https:\/\/www.ull.es\/portal\/noticias\/wp-content\/uploads\/sites\/13\/2024\/11\/Present-Informe-Reimaginar-04-fernandez-ochoa-itqhisa-perez-rosario-hernandez.jpg\" \/>\n\t<meta property=\"og:image:width\" content=\"1200\" \/>\n\t<meta property=\"og:image:height\" content=\"800\" \/>\n\t<meta property=\"og:image:type\" content=\"image\/jpeg\" \/>\n<meta name=\"author\" content=\"gaprsa\" \/>\n<meta name=\"twitter:card\" content=\"summary_large_image\" \/>\n<meta name=\"twitter:creator\" content=\"@CanalULL\" \/>\n<meta name=\"twitter:site\" content=\"@CanalULL\" \/>\n<meta name=\"twitter:label1\" content=\"Escrito por\" \/>\n\t<meta name=\"twitter:data1\" content=\"gaprsa\" \/>\n\t<meta name=\"twitter:label2\" content=\"Tiempo de lectura\" \/>\n\t<meta name=\"twitter:data2\" content=\"3 minutos\" \/>\n<script type=\"application\/ld+json\" class=\"yoast-schema-graph\">{\"@context\":\"https:\/\/schema.org\",\"@graph\":[{\"@type\":\"WebPage\",\"@id\":\"https:\/\/www.ull.es\/portal\/noticias\/2024\/la-facultad-de-educacion-de-la-ull-acoge-la-presentacion-del-informe-de-la-unesco-reimaginar-juntos-nuestros-futuros\/\",\"url\":\"https:\/\/www.ull.es\/portal\/noticias\/2024\/la-facultad-de-educacion-de-la-ull-acoge-la-presentacion-del-informe-de-la-unesco-reimaginar-juntos-nuestros-futuros\/\",\"name\":\"La Facultad de Educaci\u00f3n de la ULL acoge la presentaci\u00f3n del informe de la Unesco \u2018Reimaginar juntos nuestros futuros\u2019 - ULL - Noticias\",\"isPartOf\":{\"@id\":\"https:\/\/www.ull.es\/portal\/noticias\/#website\"},\"datePublished\":\"2024-11-13T15:23:46+00:00\",\"dateModified\":\"2024-11-14T09:10:27+00:00\",\"author\":{\"@id\":\"https:\/\/www.ull.es\/portal\/noticias\/#\/schema\/person\/b2b1a89d43ffa609e591f7df8ef3e817\"},\"breadcrumb\":{\"@id\":\"https:\/\/www.ull.es\/portal\/noticias\/2024\/la-facultad-de-educacion-de-la-ull-acoge-la-presentacion-del-informe-de-la-unesco-reimaginar-juntos-nuestros-futuros\/#breadcrumb\"},\"inLanguage\":\"es\",\"potentialAction\":[{\"@type\":\"ReadAction\",\"target\":[\"https:\/\/www.ull.es\/portal\/noticias\/2024\/la-facultad-de-educacion-de-la-ull-acoge-la-presentacion-del-informe-de-la-unesco-reimaginar-juntos-nuestros-futuros\/\"]}]},{\"@type\":\"BreadcrumbList\",\"@id\":\"https:\/\/www.ull.es\/portal\/noticias\/2024\/la-facultad-de-educacion-de-la-ull-acoge-la-presentacion-del-informe-de-la-unesco-reimaginar-juntos-nuestros-futuros\/#breadcrumb\",\"itemListElement\":[{\"@type\":\"ListItem\",\"position\":1,\"name\":\"Portada\",\"item\":\"https:\/\/www.ull.es\/portal\/noticias\/\"},{\"@type\":\"ListItem\",\"position\":2,\"name\":\"La Facultad de Educaci\u00f3n de la ULL acoge la presentaci\u00f3n del informe de la Unesco \u2018Reimaginar juntos nuestros futuros\u2019\"}]},{\"@type\":\"WebSite\",\"@id\":\"https:\/\/www.ull.es\/portal\/noticias\/#website\",\"url\":\"https:\/\/www.ull.es\/portal\/noticias\/\",\"name\":\"ULL - Noticias\",\"description\":\"\",\"potentialAction\":[{\"@type\":\"SearchAction\",\"target\":{\"@type\":\"EntryPoint\",\"urlTemplate\":\"https:\/\/www.ull.es\/portal\/noticias\/?s={search_term_string}\"},\"query-input\":\"required name=search_term_string\"}],\"inLanguage\":\"es\"},{\"@type\":\"Person\",\"@id\":\"https:\/\/www.ull.es\/portal\/noticias\/#\/schema\/person\/b2b1a89d43ffa609e591f7df8ef3e817\",\"name\":\"gaprsa\",\"image\":{\"@type\":\"ImageObject\",\"inLanguage\":\"es\",\"@id\":\"https:\/\/www.ull.es\/portal\/noticias\/#\/schema\/person\/image\/\",\"url\":\"https:\/\/secure.gravatar.com\/avatar\/443820550921091458b4823867723b3d?s=96&d=mm&r=g\",\"contentUrl\":\"https:\/\/secure.gravatar.com\/avatar\/443820550921091458b4823867723b3d?s=96&d=mm&r=g\",\"caption\":\"gaprsa\"},\"url\":\"https:\/\/www.ull.es\/portal\/noticias\/author\/gaprsa\/\"}]}<\/script>\n<!-- \/ Yoast SEO plugin. -->","yoast_head_json":{"title":"La Facultad de Educaci\u00f3n de la ULL acoge la presentaci\u00f3n del informe de la Unesco \u2018Reimaginar juntos nuestros futuros\u2019 - ULL - Noticias","robots":{"index":"index","follow":"follow","max-snippet":"max-snippet:-1","max-image-preview":"max-image-preview:large","max-video-preview":"max-video-preview:-1"},"canonical":"https:\/\/www.ull.es\/portal\/noticias\/2024\/la-facultad-de-educacion-de-la-ull-acoge-la-presentacion-del-informe-de-la-unesco-reimaginar-juntos-nuestros-futuros\/","og_locale":"es_ES","og_type":"article","og_title":"La Facultad de Educaci\u00f3n de la ULL acoge la presentaci\u00f3n del informe de la Unesco \u2018Reimaginar juntos nuestros futuros\u2019 - ULL - Noticias","og_description":"La Facultad de Educaci\u00f3n de la Universidad de La Laguna ha sido el escenario elegido para la presentaci\u00f3n hoy 13...","og_url":"https:\/\/www.ull.es\/portal\/noticias\/2024\/la-facultad-de-educacion-de-la-ull-acoge-la-presentacion-del-informe-de-la-unesco-reimaginar-juntos-nuestros-futuros\/","og_site_name":"ULL - Noticias","article_publisher":"https:\/\/www.facebook.com\/universidaddelalaguna\/","article_published_time":"2024-11-13T15:23:46+00:00","article_modified_time":"2024-11-14T09:10:27+00:00","og_image":[{"width":1200,"height":800,"url":"https:\/\/www.ull.es\/portal\/noticias\/wp-content\/uploads\/sites\/13\/2024\/11\/Present-Informe-Reimaginar-04-fernandez-ochoa-itqhisa-perez-rosario-hernandez.jpg","type":"image\/jpeg"}],"author":"gaprsa","twitter_card":"summary_large_image","twitter_creator":"@CanalULL","twitter_site":"@CanalULL","twitter_misc":{"Escrito por":"gaprsa","Tiempo de lectura":"3 minutos"},"schema":{"@context":"https:\/\/schema.org","@graph":[{"@type":"WebPage","@id":"https:\/\/www.ull.es\/portal\/noticias\/2024\/la-facultad-de-educacion-de-la-ull-acoge-la-presentacion-del-informe-de-la-unesco-reimaginar-juntos-nuestros-futuros\/","url":"https:\/\/www.ull.es\/portal\/noticias\/2024\/la-facultad-de-educacion-de-la-ull-acoge-la-presentacion-del-informe-de-la-unesco-reimaginar-juntos-nuestros-futuros\/","name":"La Facultad de Educaci\u00f3n de la ULL acoge la presentaci\u00f3n del informe de la Unesco \u2018Reimaginar juntos nuestros futuros\u2019 - ULL - Noticias","isPartOf":{"@id":"https:\/\/www.ull.es\/portal\/noticias\/#website"},"datePublished":"2024-11-13T15:23:46+00:00","dateModified":"2024-11-14T09:10:27+00:00","author":{"@id":"https:\/\/www.ull.es\/portal\/noticias\/#\/schema\/person\/b2b1a89d43ffa609e591f7df8ef3e817"},"breadcrumb":{"@id":"https:\/\/www.ull.es\/portal\/noticias\/2024\/la-facultad-de-educacion-de-la-ull-acoge-la-presentacion-del-informe-de-la-unesco-reimaginar-juntos-nuestros-futuros\/#breadcrumb"},"inLanguage":"es","potentialAction":[{"@type":"ReadAction","target":["https:\/\/www.ull.es\/portal\/noticias\/2024\/la-facultad-de-educacion-de-la-ull-acoge-la-presentacion-del-informe-de-la-unesco-reimaginar-juntos-nuestros-futuros\/"]}]},{"@type":"BreadcrumbList","@id":"https:\/\/www.ull.es\/portal\/noticias\/2024\/la-facultad-de-educacion-de-la-ull-acoge-la-presentacion-del-informe-de-la-unesco-reimaginar-juntos-nuestros-futuros\/#breadcrumb","itemListElement":[{"@type":"ListItem","position":1,"name":"Portada","item":"https:\/\/www.ull.es\/portal\/noticias\/"},{"@type":"ListItem","position":2,"name":"La Facultad de Educaci\u00f3n de la ULL acoge la presentaci\u00f3n del informe de la Unesco \u2018Reimaginar juntos nuestros futuros\u2019"}]},{"@type":"WebSite","@id":"https:\/\/www.ull.es\/portal\/noticias\/#website","url":"https:\/\/www.ull.es\/portal\/noticias\/","name":"ULL - Noticias","description":"","potentialAction":[{"@type":"SearchAction","target":{"@type":"EntryPoint","urlTemplate":"https:\/\/www.ull.es\/portal\/noticias\/?s={search_term_string}"},"query-input":"required name=search_term_string"}],"inLanguage":"es"},{"@type":"Person","@id":"https:\/\/www.ull.es\/portal\/noticias\/#\/schema\/person\/b2b1a89d43ffa609e591f7df8ef3e817","name":"gaprsa","image":{"@type":"ImageObject","inLanguage":"es","@id":"https:\/\/www.ull.es\/portal\/noticias\/#\/schema\/person\/image\/","url":"https:\/\/secure.gravatar.com\/avatar\/443820550921091458b4823867723b3d?s=96&d=mm&r=g","contentUrl":"https:\/\/secure.gravatar.com\/avatar\/443820550921091458b4823867723b3d?s=96&d=mm&r=g","caption":"gaprsa"},"url":"https:\/\/www.ull.es\/portal\/noticias\/author\/gaprsa\/"}]}},"primary_category":{"id":345,"name":"Destacado","slug":"destacado","link":"https:\/\/www.ull.es\/portal\/noticias\/category\/destacado\/"},"featured_image_thumbnail_url":"https:\/\/www.ull.es\/portal\/noticias\/wp-content\/uploads\/sites\/13\/2024\/11\/Present-Informe-Reimaginar-04-fernandez-ochoa-itqhisa-perez-rosario-hernandez-300x200.jpg","_links":{"self":[{"href":"https:\/\/www.ull.es\/portal\/noticias\/wp-json\/wp\/v2\/posts\/78658"}],"collection":[{"href":"https:\/\/www.ull.es\/portal\/noticias\/wp-json\/wp\/v2\/posts"}],"about":[{"href":"https:\/\/www.ull.es\/portal\/noticias\/wp-json\/wp\/v2\/types\/post"}],"author":[{"embeddable":true,"href":"https:\/\/www.ull.es\/portal\/noticias\/wp-json\/wp\/v2\/users\/23"}],"replies":[{"embeddable":true,"href":"https:\/\/www.ull.es\/portal\/noticias\/wp-json\/wp\/v2\/comments?post=78658"}],"version-history":[{"count":3,"href":"https:\/\/www.ull.es\/portal\/noticias\/wp-json\/wp\/v2\/posts\/78658\/revisions"}],"predecessor-version":[{"id":78663,"href":"https:\/\/www.ull.es\/portal\/noticias\/wp-json\/wp\/v2\/posts\/78658\/revisions\/78663"}],"wp:featuredmedia":[{"embeddable":true,"href":"https:\/\/www.ull.es\/portal\/noticias\/wp-json\/wp\/v2\/media\/78659"}],"wp:attachment":[{"href":"https:\/\/www.ull.es\/portal\/noticias\/wp-json\/wp\/v2\/media?parent=78658"}],"wp:term":[{"taxonomy":"category","embeddable":true,"href":"https:\/\/www.ull.es\/portal\/noticias\/wp-json\/wp\/v2\/categories?post=78658"},{"taxonomy":"post_tag","embeddable":true,"href":"https:\/\/www.ull.es\/portal\/noticias\/wp-json\/wp\/v2\/tags?post=78658"}],"curies":[{"name":"wp","href":"https:\/\/api.w.org\/{rel}","templated":true}]}}