{"id":78701,"date":"2024-11-15T11:19:04","date_gmt":"2024-11-15T11:19:04","guid":{"rendered":"https:\/\/www.ull.es\/portal\/noticias\/?p=78701"},"modified":"2024-11-15T11:19:04","modified_gmt":"2024-11-15T11:19:04","slug":"proyectos-sostenibilidad-inclusion-premios-aprendizaje-servicio","status":"publish","type":"post","link":"https:\/\/www.ull.es\/portal\/noticias\/2024\/proyectos-sostenibilidad-inclusion-premios-aprendizaje-servicio\/","title":{"rendered":"Proyectos de sostenibilidad e inclusi\u00f3n triunfan en los II Premios de Aprendizaje-Servicio ULL-Cabildo de Tenerife"},"content":{"rendered":"<p>El Cabildo Insular de Tenerife, en colaboraci\u00f3n con la Universidad de La Laguna, celebr\u00f3 ayer, jueves 14 de noviembre, la entrega de los II Premios y Acc\u00e9sits de Aprendizaje-Servicio (ApS). El evento, celebrado en el Sal\u00f3n Noble de la corporaci\u00f3n insular, cont\u00f3 con la presencia de la vicerrectora de Cultura y Extensi\u00f3n de la instituci\u00f3n acad\u00e9mica, Isabel Karely Le\u00f3n P\u00e9rez, y del consejero de Empleo, Educaci\u00f3n y Juventud del cabildo, Efra\u00edn Medina.<\/p>\n<p>En la apertura del acto, la vicerrectora puso de relieve la importancia educativa de la metodolog\u00eda de Aprendizaje-Servicio, que \u201cdeja huella en el alumnado, ya que provoca abordar vac\u00edos y problemas, convirti\u00e9ndolos en soluciones dentro del proceso educativo\u201d.<\/p>\n<p>Por su parte, el consejero insular, en el cierre del acto, afirm\u00f3 que \u201cel objetivo de la formaci\u00f3n es generar felicidad, y el Aprendizaje-Servicio es una herramienta para ello, ya que fortalece al estudiantado en el desarrollo de sus capacidades a la par que busca mejorar la sociedad\u201d. Asimismo, agradeci\u00f3 las grandes sinergias de colaboraci\u00f3n que se han establecido entre el Cabildo Insular y la universidad, las cuales hacen posible este programa y tantos otros que se desarrollan desde ambas instituciones.<\/p>\n<p>Entre los proyectos premiados sobresalen los galardonados con el II Premio Aprendizaje-Servicio 2023-2024, que recayeron en el Trabajo de Fin de Grado con el t\u00edtulo \u201cDepurando las aguas residuales en el Parque Rural de Anaga\u201d, desarrollado por la egresada Regina Padr\u00f3n con la tutorizaci\u00f3n de la catedr\u00e1tica Luisa Mar\u00eda Vera, en la categor\u00eda universitaria, cuyo objetivo se centr\u00f3 en promover la sostenibilidad ambiental en la isla; y en \u201cActiva 2-2\u201d, coordinado por Laura Sosa, de la Asociaci\u00f3n Asistencial Nahia, en la categor\u00eda de no universitarios, que trabaja la inclusi\u00f3n social de colectivos vulnerables.<\/p>\n<p>Asimismo, se otorgaron dos acc\u00e9sits a proyectos no universitarios \u201cLa peluquer\u00eda a trav\u00e9s del ApS\u201d, supervisado por Miguel \u00c1ngel Lorenzo Reina, y \u201cCada gota cuenta\u201d, cuya responsable es Margarita Ravelo. Ambos promueven un impacto positivo en la sociedad al inculcar a las nuevas generaciones la importancia de la solidaridad y el servicio a los dem\u00e1s.<\/p>\n<p><a href=\"https:\/\/portalciencia.ull.es\/investigadores\/82531\/detalle\" target=\"_blank\" rel=\"noopener\" target=\"_blank\" rel=\"noopener\">Mar\u00eda A. Gabino Campos<\/a>, directora del <a href=\"https:\/\/www.ull.es\/portal\/aprendizajeservicio\/\" target=\"_blank\" rel=\"noopener\" target=\"_blank\" rel=\"noopener\">programa de aprendizaje-servicio<\/a> de la Universidad de La Laguna -Cabildo de Tenerife, fue la encargada de leer el acta de premiados donde se presentaron 15 proyectos desarrollados en Tenerife durante el curso 2023-2024. Con este galard\u00f3n se reconocen los proyectos de aprendizaje-servicio m\u00e1s destacados en el \u00e1mbito educativo con el objetivo de visibilizar iniciativas que contribuyen al bienestar social y al desarrollo de la comunidad, a la vez que fomentan el aprendizaje en el alumnado. Al final del acto, se dio por comenzado el curso 2024-2025 para el Programa de ApS.<\/p>\n","protected":false},"excerpt":{"rendered":"<p>El Cabildo Insular de Tenerife, en colaboraci\u00f3n con la Universidad de La Laguna, celebr\u00f3 ayer, jueves 14 de noviembre, la&#8230;<\/p>\n","protected":false},"author":21,"featured_media":78702,"comment_status":"closed","ping_status":"closed","sticky":false,"template":"","format":"standard","meta":{"inline_featured_image":false,"footnotes":""},"categories":[345,346,2765],"tags":[3421,7040,5352,11058,11308],"acf":[],"yoast_head":"<!-- This site is optimized with the Yoast SEO plugin v21.3 - https:\/\/yoast.com\/wordpress\/plugins\/seo\/ -->\n<title>Entregados los II Premios de Aprendizaje-Servicio ULL-Cabildo<\/title>\n<meta name=\"description\" content=\"Un proyecto de Regina Padr\u00f3n tutorizado por Luisa Vera sobre depuraci\u00f3n de aguas residuales en Anaga recibi\u00f3 el premio al mejor TFG.\" \/>\n<meta name=\"robots\" content=\"index, follow, max-snippet:-1, max-image-preview:large, max-video-preview:-1\" \/>\n<link rel=\"canonical\" href=\"https:\/\/www.ull.es\/portal\/noticias\/2024\/proyectos-sostenibilidad-inclusion-premios-aprendizaje-servicio\/\" \/>\n<meta property=\"og:locale\" content=\"es_ES\" \/>\n<meta property=\"og:type\" content=\"article\" \/>\n<meta property=\"og:title\" content=\"Entregados los II Premios de Aprendizaje-Servicio ULL-Cabildo\" \/>\n<meta property=\"og:description\" content=\"Un proyecto de Regina Padr\u00f3n tutorizado por Luisa Vera sobre depuraci\u00f3n de aguas residuales en Anaga recibi\u00f3 el premio al mejor TFG.\" \/>\n<meta property=\"og:url\" content=\"https:\/\/www.ull.es\/portal\/noticias\/2024\/proyectos-sostenibilidad-inclusion-premios-aprendizaje-servicio\/\" \/>\n<meta property=\"og:site_name\" content=\"ULL - Noticias\" \/>\n<meta property=\"article:publisher\" content=\"https:\/\/www.facebook.com\/universidaddelalaguna\/\" \/>\n<meta property=\"article:published_time\" content=\"2024-11-15T11:19:04+00:00\" \/>\n<meta property=\"og:image\" content=\"https:\/\/www.ull.es\/portal\/noticias\/wp-content\/uploads\/sites\/13\/2024\/11\/Premio-categoria-universitaria-a-TFG-1.jpg\" \/>\n\t<meta property=\"og:image:width\" content=\"1200\" \/>\n\t<meta property=\"og:image:height\" content=\"801\" \/>\n\t<meta property=\"og:image:type\" content=\"image\/jpeg\" \/>\n<meta name=\"author\" content=\"prensa2\" \/>\n<meta name=\"twitter:card\" content=\"summary_large_image\" \/>\n<meta name=\"twitter:creator\" content=\"@CanalULL\" \/>\n<meta name=\"twitter:site\" content=\"@CanalULL\" \/>\n<meta name=\"twitter:label1\" content=\"Escrito por\" \/>\n\t<meta name=\"twitter:data1\" content=\"prensa2\" \/>\n\t<meta name=\"twitter:label2\" content=\"Tiempo de lectura\" \/>\n\t<meta name=\"twitter:data2\" content=\"2 minutos\" \/>\n<script type=\"application\/ld+json\" class=\"yoast-schema-graph\">{\"@context\":\"https:\/\/schema.org\",\"@graph\":[{\"@type\":\"WebPage\",\"@id\":\"https:\/\/www.ull.es\/portal\/noticias\/2024\/proyectos-sostenibilidad-inclusion-premios-aprendizaje-servicio\/\",\"url\":\"https:\/\/www.ull.es\/portal\/noticias\/2024\/proyectos-sostenibilidad-inclusion-premios-aprendizaje-servicio\/\",\"name\":\"Entregados los II Premios de Aprendizaje-Servicio ULL-Cabildo\",\"isPartOf\":{\"@id\":\"https:\/\/www.ull.es\/portal\/noticias\/#website\"},\"datePublished\":\"2024-11-15T11:19:04+00:00\",\"dateModified\":\"2024-11-15T11:19:04+00:00\",\"author\":{\"@id\":\"https:\/\/www.ull.es\/portal\/noticias\/#\/schema\/person\/c3b2aa857797592927a03740d6664376\"},\"description\":\"Un proyecto de Regina Padr\u00f3n tutorizado por Luisa Vera sobre depuraci\u00f3n de aguas residuales en Anaga recibi\u00f3 el premio al mejor TFG.\",\"breadcrumb\":{\"@id\":\"https:\/\/www.ull.es\/portal\/noticias\/2024\/proyectos-sostenibilidad-inclusion-premios-aprendizaje-servicio\/#breadcrumb\"},\"inLanguage\":\"es\",\"potentialAction\":[{\"@type\":\"ReadAction\",\"target\":[\"https:\/\/www.ull.es\/portal\/noticias\/2024\/proyectos-sostenibilidad-inclusion-premios-aprendizaje-servicio\/\"]}]},{\"@type\":\"BreadcrumbList\",\"@id\":\"https:\/\/www.ull.es\/portal\/noticias\/2024\/proyectos-sostenibilidad-inclusion-premios-aprendizaje-servicio\/#breadcrumb\",\"itemListElement\":[{\"@type\":\"ListItem\",\"position\":1,\"name\":\"Portada\",\"item\":\"https:\/\/www.ull.es\/portal\/noticias\/\"},{\"@type\":\"ListItem\",\"position\":2,\"name\":\"Proyectos de sostenibilidad e inclusi\u00f3n triunfan en los II Premios de Aprendizaje-Servicio ULL-Cabildo de Tenerife\"}]},{\"@type\":\"WebSite\",\"@id\":\"https:\/\/www.ull.es\/portal\/noticias\/#website\",\"url\":\"https:\/\/www.ull.es\/portal\/noticias\/\",\"name\":\"ULL - Noticias\",\"description\":\"\",\"potentialAction\":[{\"@type\":\"SearchAction\",\"target\":{\"@type\":\"EntryPoint\",\"urlTemplate\":\"https:\/\/www.ull.es\/portal\/noticias\/?s={search_term_string}\"},\"query-input\":\"required name=search_term_string\"}],\"inLanguage\":\"es\"},{\"@type\":\"Person\",\"@id\":\"https:\/\/www.ull.es\/portal\/noticias\/#\/schema\/person\/c3b2aa857797592927a03740d6664376\",\"name\":\"prensa2\",\"image\":{\"@type\":\"ImageObject\",\"inLanguage\":\"es\",\"@id\":\"https:\/\/www.ull.es\/portal\/noticias\/#\/schema\/person\/image\/\",\"url\":\"https:\/\/secure.gravatar.com\/avatar\/b58f310a5de5feb33d1e026d2493f23c?s=96&d=mm&r=g\",\"contentUrl\":\"https:\/\/secure.gravatar.com\/avatar\/b58f310a5de5feb33d1e026d2493f23c?s=96&d=mm&r=g\",\"caption\":\"prensa2\"},\"url\":\"https:\/\/www.ull.es\/portal\/noticias\/author\/prensa2\/\"}]}<\/script>\n<!-- \/ Yoast SEO plugin. -->","yoast_head_json":{"title":"Entregados los II Premios de Aprendizaje-Servicio ULL-Cabildo","description":"Un proyecto de Regina Padr\u00f3n tutorizado por Luisa Vera sobre depuraci\u00f3n de aguas residuales en Anaga recibi\u00f3 el premio al mejor TFG.","robots":{"index":"index","follow":"follow","max-snippet":"max-snippet:-1","max-image-preview":"max-image-preview:large","max-video-preview":"max-video-preview:-1"},"canonical":"https:\/\/www.ull.es\/portal\/noticias\/2024\/proyectos-sostenibilidad-inclusion-premios-aprendizaje-servicio\/","og_locale":"es_ES","og_type":"article","og_title":"Entregados los II Premios de Aprendizaje-Servicio ULL-Cabildo","og_description":"Un proyecto de Regina Padr\u00f3n tutorizado por Luisa Vera sobre depuraci\u00f3n de aguas residuales en Anaga recibi\u00f3 el premio al mejor TFG.","og_url":"https:\/\/www.ull.es\/portal\/noticias\/2024\/proyectos-sostenibilidad-inclusion-premios-aprendizaje-servicio\/","og_site_name":"ULL - Noticias","article_publisher":"https:\/\/www.facebook.com\/universidaddelalaguna\/","article_published_time":"2024-11-15T11:19:04+00:00","og_image":[{"width":1200,"height":801,"url":"https:\/\/www.ull.es\/portal\/noticias\/wp-content\/uploads\/sites\/13\/2024\/11\/Premio-categoria-universitaria-a-TFG-1.jpg","type":"image\/jpeg"}],"author":"prensa2","twitter_card":"summary_large_image","twitter_creator":"@CanalULL","twitter_site":"@CanalULL","twitter_misc":{"Escrito por":"prensa2","Tiempo de lectura":"2 minutos"},"schema":{"@context":"https:\/\/schema.org","@graph":[{"@type":"WebPage","@id":"https:\/\/www.ull.es\/portal\/noticias\/2024\/proyectos-sostenibilidad-inclusion-premios-aprendizaje-servicio\/","url":"https:\/\/www.ull.es\/portal\/noticias\/2024\/proyectos-sostenibilidad-inclusion-premios-aprendizaje-servicio\/","name":"Entregados los II Premios de Aprendizaje-Servicio ULL-Cabildo","isPartOf":{"@id":"https:\/\/www.ull.es\/portal\/noticias\/#website"},"datePublished":"2024-11-15T11:19:04+00:00","dateModified":"2024-11-15T11:19:04+00:00","author":{"@id":"https:\/\/www.ull.es\/portal\/noticias\/#\/schema\/person\/c3b2aa857797592927a03740d6664376"},"description":"Un proyecto de Regina Padr\u00f3n tutorizado por Luisa Vera sobre depuraci\u00f3n de aguas residuales en Anaga recibi\u00f3 el premio al mejor TFG.","breadcrumb":{"@id":"https:\/\/www.ull.es\/portal\/noticias\/2024\/proyectos-sostenibilidad-inclusion-premios-aprendizaje-servicio\/#breadcrumb"},"inLanguage":"es","potentialAction":[{"@type":"ReadAction","target":["https:\/\/www.ull.es\/portal\/noticias\/2024\/proyectos-sostenibilidad-inclusion-premios-aprendizaje-servicio\/"]}]},{"@type":"BreadcrumbList","@id":"https:\/\/www.ull.es\/portal\/noticias\/2024\/proyectos-sostenibilidad-inclusion-premios-aprendizaje-servicio\/#breadcrumb","itemListElement":[{"@type":"ListItem","position":1,"name":"Portada","item":"https:\/\/www.ull.es\/portal\/noticias\/"},{"@type":"ListItem","position":2,"name":"Proyectos de sostenibilidad e inclusi\u00f3n triunfan en los II Premios de Aprendizaje-Servicio ULL-Cabildo de Tenerife"}]},{"@type":"WebSite","@id":"https:\/\/www.ull.es\/portal\/noticias\/#website","url":"https:\/\/www.ull.es\/portal\/noticias\/","name":"ULL - Noticias","description":"","potentialAction":[{"@type":"SearchAction","target":{"@type":"EntryPoint","urlTemplate":"https:\/\/www.ull.es\/portal\/noticias\/?s={search_term_string}"},"query-input":"required name=search_term_string"}],"inLanguage":"es"},{"@type":"Person","@id":"https:\/\/www.ull.es\/portal\/noticias\/#\/schema\/person\/c3b2aa857797592927a03740d6664376","name":"prensa2","image":{"@type":"ImageObject","inLanguage":"es","@id":"https:\/\/www.ull.es\/portal\/noticias\/#\/schema\/person\/image\/","url":"https:\/\/secure.gravatar.com\/avatar\/b58f310a5de5feb33d1e026d2493f23c?s=96&d=mm&r=g","contentUrl":"https:\/\/secure.gravatar.com\/avatar\/b58f310a5de5feb33d1e026d2493f23c?s=96&d=mm&r=g","caption":"prensa2"},"url":"https:\/\/www.ull.es\/portal\/noticias\/author\/prensa2\/"}]}},"primary_category":{"id":345,"name":"Destacado","slug":"destacado","link":"https:\/\/www.ull.es\/portal\/noticias\/category\/destacado\/"},"featured_image_thumbnail_url":"https:\/\/www.ull.es\/portal\/noticias\/wp-content\/uploads\/sites\/13\/2024\/11\/Premio-categoria-universitaria-a-TFG-1-300x200.jpg","_links":{"self":[{"href":"https:\/\/www.ull.es\/portal\/noticias\/wp-json\/wp\/v2\/posts\/78701"}],"collection":[{"href":"https:\/\/www.ull.es\/portal\/noticias\/wp-json\/wp\/v2\/posts"}],"about":[{"href":"https:\/\/www.ull.es\/portal\/noticias\/wp-json\/wp\/v2\/types\/post"}],"author":[{"embeddable":true,"href":"https:\/\/www.ull.es\/portal\/noticias\/wp-json\/wp\/v2\/users\/21"}],"replies":[{"embeddable":true,"href":"https:\/\/www.ull.es\/portal\/noticias\/wp-json\/wp\/v2\/comments?post=78701"}],"version-history":[{"count":1,"href":"https:\/\/www.ull.es\/portal\/noticias\/wp-json\/wp\/v2\/posts\/78701\/revisions"}],"predecessor-version":[{"id":78710,"href":"https:\/\/www.ull.es\/portal\/noticias\/wp-json\/wp\/v2\/posts\/78701\/revisions\/78710"}],"wp:featuredmedia":[{"embeddable":true,"href":"https:\/\/www.ull.es\/portal\/noticias\/wp-json\/wp\/v2\/media\/78702"}],"wp:attachment":[{"href":"https:\/\/www.ull.es\/portal\/noticias\/wp-json\/wp\/v2\/media?parent=78701"}],"wp:term":[{"taxonomy":"category","embeddable":true,"href":"https:\/\/www.ull.es\/portal\/noticias\/wp-json\/wp\/v2\/categories?post=78701"},{"taxonomy":"post_tag","embeddable":true,"href":"https:\/\/www.ull.es\/portal\/noticias\/wp-json\/wp\/v2\/tags?post=78701"}],"curies":[{"name":"wp","href":"https:\/\/api.w.org\/{rel}","templated":true}]}}