{"id":78751,"date":"2024-11-19T08:35:01","date_gmt":"2024-11-19T08:35:01","guid":{"rendered":"https:\/\/www.ull.es\/portal\/noticias\/?p=78751"},"modified":"2024-11-19T08:35:01","modified_gmt":"2024-11-19T08:35:01","slug":"ull-y-ulpgc-exponen-los-18-nuevos-proyectos-de-innovacion-educativa-que-desarrollan-en-canarias","status":"publish","type":"post","link":"https:\/\/www.ull.es\/portal\/noticias\/2024\/ull-y-ulpgc-exponen-los-18-nuevos-proyectos-de-innovacion-educativa-que-desarrollan-en-canarias\/","title":{"rendered":"ULL y ULPGC exponen los 18 nuevos proyectos de innovaci\u00f3n educativa que desarrollan en Canarias"},"content":{"rendered":"<p>La Universidad de La Laguna y la Universidad de Las Palmas de Gran Canaria (ULPGC) presentan los 18 nuevos proyectos interuniversitarios de Innovaci\u00f3n Educativa que se han puesto en marcha este a\u00f1o, durante la <a href=\"https:\/\/atetic.ulpgc.es\/Semana-Innovacion-Educativa\/\" target=\"_blank\" rel=\"noopener\" target=\"_blank\" rel=\"noopener\">VII Semana de la Innovaci\u00f3n Educativa<\/a> que organiza la instituci\u00f3n palmense desde ayer, 18 de noviembre, hasta el d\u00eda 22,\u00a0 bajo el lema \u201cExplorando las fronteras de la Innovaci\u00f3n Educativa\u201d.<\/p>\n<p>En esta nueva edici\u00f3n anual destaca como novedad que, por primera vez en su historia, los proyectos financiados por ambas universidades p\u00fablicas canarias son de car\u00e1cter interuniversitario, es decir, coordinados por personal investigador de las dos universidades p\u00fablicas canarias conjuntamente. Su objetivo es favorecer la implantaci\u00f3n de intervenciones que presten especial atenci\u00f3n al dise\u00f1o, desarrollo y evaluaci\u00f3n de pr\u00e1cticas docentes innovadoras para un mejor aprendizaje del alumnado.<\/p>\n<p>As\u00ed, los d\u00edas 18 y 19 de noviembre se centran en la presentaci\u00f3n de estos nuevos 18 proyectos, que cuentan con una financiaci\u00f3n total de 40.000 euros, y que abordan, entre otras cuestiones, la ense\u00f1anza-aprendizaje de idiomas, nuevas estrategias de divulgaci\u00f3n cient\u00edfico y t\u00e9cnica, el aprendizaje-servicio de materias como la actividad f\u00edsica y del deporte, metodolog\u00edas de aprendizaje colaborativo en \u00e1reas como la micro y macroeconom\u00eda, el uso de la inteligencia artificial como herramienta did\u00e1ctica, entre otras.<\/p>\n<p>Adem\u00e1s, en estas jornadas tienen lugar varias conferencias protagonizadas por expertos en metodolog\u00edas de aprendizaje. La profesora de la Universidad de Valencia Monique Leivas abordar\u00e1 las potencialidades y desaf\u00edos de la coproducci\u00f3n de conocimiento entre universidad y sociedad. Leivas es experta en Aprendizaje en Acci\u00f3n y actualmente est\u00e1 impartiendo una acci\u00f3n formativa en la ULPGC relacionada con esta metodolog\u00eda, que propone realizar una extensi\u00f3n universitaria cr\u00edtica y cercana el entorno, de tal manera que el estudiantado y el profesorado ponen sus aprendizajes e investigaciones al servicio de la transformaci\u00f3n social.<\/p>\n<p>La profesora de la Universidad de Barcelona Mar\u00eda Antonia Buenaventura impartir\u00e1 la conferencia \u2018La Reflexi\u00f3n y la innovaci\u00f3n en el Aprendizaje Servicio\u2019, en la cual explicar\u00e1 sus estudios en torno al proceso de reflexi\u00f3n como elemento que mejora la experiencia de aprendizaje, y que, adem\u00e1s, permite a los estudiantes conectar la teor\u00eda con la pr\u00e1ctica y desarrollar un pensamiento cr\u00edtico m\u00e1s profundo. La profesora Buenaventura ense\u00f1ar\u00e1 t\u00e9cnicas y herramientas para guiar efectivamente las sesiones de reflexi\u00f3n, incluyendo c\u00f3mo formular preguntas que estimulen el pensamiento cr\u00edtico y c\u00f3mo crear un ambiente seguro y propicio para el di\u00e1logo reflexivo.<\/p>\n<p>Por su parte, el profesor y director de innovaci\u00f3n educativa de la ULPGC, Eduardo Quevedo, abordar\u00e1 el estado actual y las propuestas de futuro de su centro en este \u00e1mbito. Entre otras cuestiones, destaca que en los \u00faltimos a\u00f1os la ULPGC ha duplicado el n\u00famero de grupos de innovaci\u00f3n educativa, contando actualmente con un total de 62 grupos, que se han impulsado gracias a la actualizaci\u00f3n de un nuevo reglamento de Reconocimiento de Grupos de Innovaci\u00f3n Educativa y a la nueva alianza acad\u00e9mica con la Universidad de La Laguna.<\/p>\n<p>Esta VII Semana de Innovaci\u00f3n Educativa tambi\u00e9n acoger\u00e1 un Congreso de innovaci\u00f3n Educativa InnoEducaTIC, que contar\u00e1 con una sesi\u00f3n especial dedicada a las metodolog\u00edas que se est\u00e1n abordando en la Alianza ERUA, en la que participa la ULPGC junto a siete universidades europeas m\u00e1s, y donde las convocatorias de innovaci\u00f3n educativa de dicho centro est\u00e1n siendo un referente en este consorcio, pues la instituci\u00f3n canaria est\u00e1 liderando el dise\u00f1o de nuevos proyectos europeos en esta \u00e1rea.<\/p>\n<p>(Nota y foto cedidas por la ULPGC)<\/p>\n","protected":false},"excerpt":{"rendered":"<p>La Universidad de La Laguna y la Universidad de Las Palmas de Gran Canaria (ULPGC) presentan los 18 nuevos proyectos&#8230;<\/p>\n","protected":false},"author":21,"featured_media":78752,"comment_status":"closed","ping_status":"closed","sticky":false,"template":"","format":"standard","meta":{"inline_featured_image":false,"footnotes":""},"categories":[345,346,2765],"tags":[1051,3886],"acf":[],"yoast_head":"<!-- This site is optimized with the Yoast SEO plugin v21.3 - https:\/\/yoast.com\/wordpress\/plugins\/seo\/ -->\n<title>ULL y ULPGC exponen los 18 nuevos proyectos de innovaci\u00f3n educativa que desarrollan en Canarias - ULL - Noticias<\/title>\n<meta name=\"robots\" content=\"index, follow, max-snippet:-1, max-image-preview:large, max-video-preview:-1\" \/>\n<link rel=\"canonical\" href=\"https:\/\/www.ull.es\/portal\/noticias\/2024\/ull-y-ulpgc-exponen-los-18-nuevos-proyectos-de-innovacion-educativa-que-desarrollan-en-canarias\/\" \/>\n<meta property=\"og:locale\" content=\"es_ES\" \/>\n<meta property=\"og:type\" content=\"article\" \/>\n<meta property=\"og:title\" content=\"ULL y ULPGC exponen los 18 nuevos proyectos de innovaci\u00f3n educativa que desarrollan en Canarias - ULL - Noticias\" \/>\n<meta property=\"og:description\" content=\"La Universidad de La Laguna y la Universidad de Las Palmas de Gran Canaria (ULPGC) presentan los 18 nuevos proyectos...\" \/>\n<meta property=\"og:url\" content=\"https:\/\/www.ull.es\/portal\/noticias\/2024\/ull-y-ulpgc-exponen-los-18-nuevos-proyectos-de-innovacion-educativa-que-desarrollan-en-canarias\/\" \/>\n<meta property=\"og:site_name\" content=\"ULL - Noticias\" \/>\n<meta property=\"article:publisher\" content=\"https:\/\/www.facebook.com\/universidaddelalaguna\/\" \/>\n<meta property=\"article:published_time\" content=\"2024-11-19T08:35:01+00:00\" \/>\n<meta property=\"og:image\" content=\"https:\/\/www.ull.es\/portal\/noticias\/wp-content\/uploads\/sites\/13\/2024\/11\/jornadas-innovacion-educativa-ulpgc.jpeg\" \/>\n\t<meta property=\"og:image:width\" content=\"1200\" \/>\n\t<meta property=\"og:image:height\" content=\"800\" \/>\n\t<meta property=\"og:image:type\" content=\"image\/jpeg\" \/>\n<meta name=\"author\" content=\"prensa2\" \/>\n<meta name=\"twitter:card\" content=\"summary_large_image\" \/>\n<meta name=\"twitter:creator\" content=\"@CanalULL\" \/>\n<meta name=\"twitter:site\" content=\"@CanalULL\" \/>\n<meta name=\"twitter:label1\" content=\"Escrito por\" \/>\n\t<meta name=\"twitter:data1\" content=\"prensa2\" \/>\n\t<meta name=\"twitter:label2\" content=\"Tiempo de lectura\" \/>\n\t<meta name=\"twitter:data2\" content=\"3 minutos\" \/>\n<script type=\"application\/ld+json\" class=\"yoast-schema-graph\">{\"@context\":\"https:\/\/schema.org\",\"@graph\":[{\"@type\":\"WebPage\",\"@id\":\"https:\/\/www.ull.es\/portal\/noticias\/2024\/ull-y-ulpgc-exponen-los-18-nuevos-proyectos-de-innovacion-educativa-que-desarrollan-en-canarias\/\",\"url\":\"https:\/\/www.ull.es\/portal\/noticias\/2024\/ull-y-ulpgc-exponen-los-18-nuevos-proyectos-de-innovacion-educativa-que-desarrollan-en-canarias\/\",\"name\":\"ULL y ULPGC exponen los 18 nuevos proyectos de innovaci\u00f3n educativa que desarrollan en Canarias - ULL - Noticias\",\"isPartOf\":{\"@id\":\"https:\/\/www.ull.es\/portal\/noticias\/#website\"},\"datePublished\":\"2024-11-19T08:35:01+00:00\",\"dateModified\":\"2024-11-19T08:35:01+00:00\",\"author\":{\"@id\":\"https:\/\/www.ull.es\/portal\/noticias\/#\/schema\/person\/c3b2aa857797592927a03740d6664376\"},\"breadcrumb\":{\"@id\":\"https:\/\/www.ull.es\/portal\/noticias\/2024\/ull-y-ulpgc-exponen-los-18-nuevos-proyectos-de-innovacion-educativa-que-desarrollan-en-canarias\/#breadcrumb\"},\"inLanguage\":\"es\",\"potentialAction\":[{\"@type\":\"ReadAction\",\"target\":[\"https:\/\/www.ull.es\/portal\/noticias\/2024\/ull-y-ulpgc-exponen-los-18-nuevos-proyectos-de-innovacion-educativa-que-desarrollan-en-canarias\/\"]}]},{\"@type\":\"BreadcrumbList\",\"@id\":\"https:\/\/www.ull.es\/portal\/noticias\/2024\/ull-y-ulpgc-exponen-los-18-nuevos-proyectos-de-innovacion-educativa-que-desarrollan-en-canarias\/#breadcrumb\",\"itemListElement\":[{\"@type\":\"ListItem\",\"position\":1,\"name\":\"Portada\",\"item\":\"https:\/\/www.ull.es\/portal\/noticias\/\"},{\"@type\":\"ListItem\",\"position\":2,\"name\":\"ULL y ULPGC exponen los 18 nuevos proyectos de innovaci\u00f3n educativa que desarrollan en Canarias\"}]},{\"@type\":\"WebSite\",\"@id\":\"https:\/\/www.ull.es\/portal\/noticias\/#website\",\"url\":\"https:\/\/www.ull.es\/portal\/noticias\/\",\"name\":\"ULL - Noticias\",\"description\":\"\",\"potentialAction\":[{\"@type\":\"SearchAction\",\"target\":{\"@type\":\"EntryPoint\",\"urlTemplate\":\"https:\/\/www.ull.es\/portal\/noticias\/?s={search_term_string}\"},\"query-input\":\"required name=search_term_string\"}],\"inLanguage\":\"es\"},{\"@type\":\"Person\",\"@id\":\"https:\/\/www.ull.es\/portal\/noticias\/#\/schema\/person\/c3b2aa857797592927a03740d6664376\",\"name\":\"prensa2\",\"image\":{\"@type\":\"ImageObject\",\"inLanguage\":\"es\",\"@id\":\"https:\/\/www.ull.es\/portal\/noticias\/#\/schema\/person\/image\/\",\"url\":\"https:\/\/secure.gravatar.com\/avatar\/b58f310a5de5feb33d1e026d2493f23c?s=96&d=mm&r=g\",\"contentUrl\":\"https:\/\/secure.gravatar.com\/avatar\/b58f310a5de5feb33d1e026d2493f23c?s=96&d=mm&r=g\",\"caption\":\"prensa2\"},\"url\":\"https:\/\/www.ull.es\/portal\/noticias\/author\/prensa2\/\"}]}<\/script>\n<!-- \/ Yoast SEO plugin. -->","yoast_head_json":{"title":"ULL y ULPGC exponen los 18 nuevos proyectos de innovaci\u00f3n educativa que desarrollan en Canarias - ULL - Noticias","robots":{"index":"index","follow":"follow","max-snippet":"max-snippet:-1","max-image-preview":"max-image-preview:large","max-video-preview":"max-video-preview:-1"},"canonical":"https:\/\/www.ull.es\/portal\/noticias\/2024\/ull-y-ulpgc-exponen-los-18-nuevos-proyectos-de-innovacion-educativa-que-desarrollan-en-canarias\/","og_locale":"es_ES","og_type":"article","og_title":"ULL y ULPGC exponen los 18 nuevos proyectos de innovaci\u00f3n educativa que desarrollan en Canarias - ULL - Noticias","og_description":"La Universidad de La Laguna y la Universidad de Las Palmas de Gran Canaria (ULPGC) presentan los 18 nuevos proyectos...","og_url":"https:\/\/www.ull.es\/portal\/noticias\/2024\/ull-y-ulpgc-exponen-los-18-nuevos-proyectos-de-innovacion-educativa-que-desarrollan-en-canarias\/","og_site_name":"ULL - Noticias","article_publisher":"https:\/\/www.facebook.com\/universidaddelalaguna\/","article_published_time":"2024-11-19T08:35:01+00:00","og_image":[{"width":1200,"height":800,"url":"https:\/\/www.ull.es\/portal\/noticias\/wp-content\/uploads\/sites\/13\/2024\/11\/jornadas-innovacion-educativa-ulpgc.jpeg","type":"image\/jpeg"}],"author":"prensa2","twitter_card":"summary_large_image","twitter_creator":"@CanalULL","twitter_site":"@CanalULL","twitter_misc":{"Escrito por":"prensa2","Tiempo de lectura":"3 minutos"},"schema":{"@context":"https:\/\/schema.org","@graph":[{"@type":"WebPage","@id":"https:\/\/www.ull.es\/portal\/noticias\/2024\/ull-y-ulpgc-exponen-los-18-nuevos-proyectos-de-innovacion-educativa-que-desarrollan-en-canarias\/","url":"https:\/\/www.ull.es\/portal\/noticias\/2024\/ull-y-ulpgc-exponen-los-18-nuevos-proyectos-de-innovacion-educativa-que-desarrollan-en-canarias\/","name":"ULL y ULPGC exponen los 18 nuevos proyectos de innovaci\u00f3n educativa que desarrollan en Canarias - ULL - Noticias","isPartOf":{"@id":"https:\/\/www.ull.es\/portal\/noticias\/#website"},"datePublished":"2024-11-19T08:35:01+00:00","dateModified":"2024-11-19T08:35:01+00:00","author":{"@id":"https:\/\/www.ull.es\/portal\/noticias\/#\/schema\/person\/c3b2aa857797592927a03740d6664376"},"breadcrumb":{"@id":"https:\/\/www.ull.es\/portal\/noticias\/2024\/ull-y-ulpgc-exponen-los-18-nuevos-proyectos-de-innovacion-educativa-que-desarrollan-en-canarias\/#breadcrumb"},"inLanguage":"es","potentialAction":[{"@type":"ReadAction","target":["https:\/\/www.ull.es\/portal\/noticias\/2024\/ull-y-ulpgc-exponen-los-18-nuevos-proyectos-de-innovacion-educativa-que-desarrollan-en-canarias\/"]}]},{"@type":"BreadcrumbList","@id":"https:\/\/www.ull.es\/portal\/noticias\/2024\/ull-y-ulpgc-exponen-los-18-nuevos-proyectos-de-innovacion-educativa-que-desarrollan-en-canarias\/#breadcrumb","itemListElement":[{"@type":"ListItem","position":1,"name":"Portada","item":"https:\/\/www.ull.es\/portal\/noticias\/"},{"@type":"ListItem","position":2,"name":"ULL y ULPGC exponen los 18 nuevos proyectos de innovaci\u00f3n educativa que desarrollan en Canarias"}]},{"@type":"WebSite","@id":"https:\/\/www.ull.es\/portal\/noticias\/#website","url":"https:\/\/www.ull.es\/portal\/noticias\/","name":"ULL - Noticias","description":"","potentialAction":[{"@type":"SearchAction","target":{"@type":"EntryPoint","urlTemplate":"https:\/\/www.ull.es\/portal\/noticias\/?s={search_term_string}"},"query-input":"required name=search_term_string"}],"inLanguage":"es"},{"@type":"Person","@id":"https:\/\/www.ull.es\/portal\/noticias\/#\/schema\/person\/c3b2aa857797592927a03740d6664376","name":"prensa2","image":{"@type":"ImageObject","inLanguage":"es","@id":"https:\/\/www.ull.es\/portal\/noticias\/#\/schema\/person\/image\/","url":"https:\/\/secure.gravatar.com\/avatar\/b58f310a5de5feb33d1e026d2493f23c?s=96&d=mm&r=g","contentUrl":"https:\/\/secure.gravatar.com\/avatar\/b58f310a5de5feb33d1e026d2493f23c?s=96&d=mm&r=g","caption":"prensa2"},"url":"https:\/\/www.ull.es\/portal\/noticias\/author\/prensa2\/"}]}},"primary_category":{"id":345,"name":"Destacado","slug":"destacado","link":"https:\/\/www.ull.es\/portal\/noticias\/category\/destacado\/"},"featured_image_thumbnail_url":"https:\/\/www.ull.es\/portal\/noticias\/wp-content\/uploads\/sites\/13\/2024\/11\/jornadas-innovacion-educativa-ulpgc-300x200.jpeg","_links":{"self":[{"href":"https:\/\/www.ull.es\/portal\/noticias\/wp-json\/wp\/v2\/posts\/78751"}],"collection":[{"href":"https:\/\/www.ull.es\/portal\/noticias\/wp-json\/wp\/v2\/posts"}],"about":[{"href":"https:\/\/www.ull.es\/portal\/noticias\/wp-json\/wp\/v2\/types\/post"}],"author":[{"embeddable":true,"href":"https:\/\/www.ull.es\/portal\/noticias\/wp-json\/wp\/v2\/users\/21"}],"replies":[{"embeddable":true,"href":"https:\/\/www.ull.es\/portal\/noticias\/wp-json\/wp\/v2\/comments?post=78751"}],"version-history":[{"count":1,"href":"https:\/\/www.ull.es\/portal\/noticias\/wp-json\/wp\/v2\/posts\/78751\/revisions"}],"predecessor-version":[{"id":78753,"href":"https:\/\/www.ull.es\/portal\/noticias\/wp-json\/wp\/v2\/posts\/78751\/revisions\/78753"}],"wp:featuredmedia":[{"embeddable":true,"href":"https:\/\/www.ull.es\/portal\/noticias\/wp-json\/wp\/v2\/media\/78752"}],"wp:attachment":[{"href":"https:\/\/www.ull.es\/portal\/noticias\/wp-json\/wp\/v2\/media?parent=78751"}],"wp:term":[{"taxonomy":"category","embeddable":true,"href":"https:\/\/www.ull.es\/portal\/noticias\/wp-json\/wp\/v2\/categories?post=78751"},{"taxonomy":"post_tag","embeddable":true,"href":"https:\/\/www.ull.es\/portal\/noticias\/wp-json\/wp\/v2\/tags?post=78751"}],"curies":[{"name":"wp","href":"https:\/\/api.w.org\/{rel}","templated":true}]}}