{"id":78759,"date":"2024-11-19T10:11:54","date_gmt":"2024-11-19T10:11:54","guid":{"rendered":"https:\/\/www.ull.es\/portal\/noticias\/?p=78759"},"modified":"2024-11-19T10:11:54","modified_gmt":"2024-11-19T10:11:54","slug":"la-ull-refuerza-su-posgrado-con-un-diploma-de-experto-en-gestion-de-entidades-de-la-economia-social","status":"publish","type":"post","link":"https:\/\/www.ull.es\/portal\/noticias\/2024\/la-ull-refuerza-su-posgrado-con-un-diploma-de-experto-en-gestion-de-entidades-de-la-economia-social\/","title":{"rendered":"La ULL refuerza su posgrado con un Diploma de Experto en Gesti\u00f3n de Entidades de la Econom\u00eda Social"},"content":{"rendered":"<p>\u00abLos valores cooperativos priorizan a las personas frente al capital\u00bb, as\u00ed lo afirma <a href=\"https:\/\/portalciencia.ull.es\/investigadores\/81009\/detalle\" target=\"_blank\" rel=\"noopener\">C\u00e1ndido Rom\u00e1n<\/a>, profesor titular del Departamento de Direcci\u00f3n de Empresas e Historia Econ\u00f3mica, y director de la <a href=\"https:\/\/catedracesco.com\/\" target=\"_blank\" rel=\"noopener\">C\u00e1tedra Cajasiete de Econom\u00eda Social y Cooperativa<\/a>. Rom\u00e1n es tambi\u00e9n el director acad\u00e9mico del nuevo <a href=\"https:\/\/www.ull.es\/titulospropios\/diploma-de-experto-en-gestion-de-entidades-de-economia-social-y-solidaria\/\" target=\"_blank\" rel=\"noopener\">Diploma de Experto en Gesti\u00f3n de Entidades de Econom\u00eda Social y Solidaria<\/a>, un programa pionero en Canarias que forma parte de la oferta de t\u00edtulos propios de la Universidad de La Laguna para este curso acad\u00e9mico. Este t\u00edtulo se posiciona como una respuesta a la creciente demanda de profesionales capacitados para gestionar entidades en auge dentro del sector de la econom\u00eda social, tanto a nivel local como internacional.<\/p>\n<p>La formaci\u00f3n, que cuenta con una carga lectiva de 20 ECTS, est\u00e1 respaldada por la C\u00e1tedra Cajasiete de Econom\u00eda Social y Cooperativa (CESCO) y el Servicio Canario de Empleo. Las fechas clave del programa incluyen un per\u00edodo de preinscripci\u00f3n que estar\u00e1 abierto del <a href=\"https:\/\/www.ull.es\/titulospropios\/diploma-de-experto-en-gestion-de-entidades-de-economia-social-y-solidaria\/formulario-de-inscripcion\/\" target=\"_blank\" rel=\"noopener\">18 al 28 de noviembre de 2024<\/a>, seguido del proceso de matr\u00edcula, que se llevar\u00e1 a cabo entre el 1 y el 15 de diciembre. Las clases, que se impartir\u00e1n en modalidad online, comenzar\u00e1n en enero de 2025.<\/p>\n<p>Se trata de un t\u00edtulo que tiene un enfoque eminentemente pr\u00e1ctico, dise\u00f1ado para que los estudiantes puedan aplicar sus conocimientos directamente en el \u00e1mbito laboral al finalizar la formaci\u00f3n. C\u00e1ndido Rom\u00e1n destaca su importancia en un momento clave para el sector: \u201cEl <a href=\"https:\/\/ec.europa.eu\/social\/main.jsp?catId=1537&amp;langId=es\" target=\"_blank\" rel=\"noopener\">Plan de Acci\u00f3n Europeo para la Econom\u00eda Social<\/a> est\u00e1 marcando el futuro de las empresas que promueven modelos m\u00e1s inclusivos y sostenibles. Estos estudios proporcionan a los profesionales las competencias necesarias para liderar ese cambio\u201d.<\/p>\n<p>Las personas egresadas podr\u00e1n insertarse en diversos sectores que forman parte de la econom\u00eda social, como cooperativas agr\u00edcolas, sociedades laborales, cofrad\u00edas, centros especiales de empleo y organizaciones de voluntariado. Rom\u00e1n subraya que no hay suficientes profesionales capacitados para gestionar adecuadamente estas entidades, lo que abre un amplio nicho de mercado laboral. Empresas como Coplaca y la SAT-FAST La Orotava, referentes en sus sectores, ya demandan gestores especializados en este \u00e1mbito.<\/p>\n<h3><strong><a href=\"https:\/\/www.ull.es\/portal\/noticias\/wp-content\/uploads\/sites\/13\/2024\/11\/DE-Gestion-Entidades-Economia-SOcial_IG-4.jpg\" target=\"_blank\" rel=\"noopener\"><img decoding=\"async\" loading=\"lazy\" class=\"alignleft size-medium wp-image-78763\" src=\"https:\/\/www.ull.es\/portal\/noticias\/wp-content\/uploads\/sites\/13\/2024\/11\/DE-Gestion-Entidades-Economia-SOcial_IG-4-300x300.jpg\" alt=\"\" width=\"300\" height=\"300\" srcset=\"https:\/\/www.ull.es\/portal\/noticias\/wp-content\/uploads\/sites\/13\/2024\/11\/DE-Gestion-Entidades-Economia-SOcial_IG-4-300x300.jpg 300w, https:\/\/www.ull.es\/portal\/noticias\/wp-content\/uploads\/sites\/13\/2024\/11\/DE-Gestion-Entidades-Economia-SOcial_IG-4-1024x1024.jpg 1024w, https:\/\/www.ull.es\/portal\/noticias\/wp-content\/uploads\/sites\/13\/2024\/11\/DE-Gestion-Entidades-Economia-SOcial_IG-4-150x150.jpg 150w, https:\/\/www.ull.es\/portal\/noticias\/wp-content\/uploads\/sites\/13\/2024\/11\/DE-Gestion-Entidades-Economia-SOcial_IG-4-768x768.jpg 768w, https:\/\/www.ull.es\/portal\/noticias\/wp-content\/uploads\/sites\/13\/2024\/11\/DE-Gestion-Entidades-Economia-SOcial_IG-4-375x375.jpg 375w, https:\/\/www.ull.es\/portal\/noticias\/wp-content\/uploads\/sites\/13\/2024\/11\/DE-Gestion-Entidades-Economia-SOcial_IG-4-750x750.jpg 750w, https:\/\/www.ull.es\/portal\/noticias\/wp-content\/uploads\/sites\/13\/2024\/11\/DE-Gestion-Entidades-Economia-SOcial_IG-4-1140x1140.jpg 1140w, https:\/\/www.ull.es\/portal\/noticias\/wp-content\/uploads\/sites\/13\/2024\/11\/DE-Gestion-Entidades-Economia-SOcial_IG-4-50x50.jpg 50w, https:\/\/www.ull.es\/portal\/noticias\/wp-content\/uploads\/sites\/13\/2024\/11\/DE-Gestion-Entidades-Economia-SOcial_IG-4.jpg 1200w\" sizes=\"(max-width: 300px) 100vw, 300px\" \/><\/a>Competencias para un nuevo modelo de empresa<\/strong><\/h3>\n<p>Entre las habilidades m\u00e1s valoradas por las entidades de econom\u00eda social destacan la eficacia en la gesti\u00f3n, la contabilidad social y, sobre todo, las competencias emocionales y humanas. Rom\u00e1n explica que \u00abno basta con ser un buen gestor o gestora, hay que comprender los valores que sustentan a estas empresas\u00bb. La formaci\u00f3n prepara a los estudiantes para trabajar con personas en situaciones especiales, como es el caso de los centros de empleo inclusivo o las cooperativas energ\u00e9ticas.<\/p>\n<p>Uno de los puntos fuertes de este diploma es que, adem\u00e1s de las competencias t\u00e9cnicas, forma al alumnado en valores como la inclusi\u00f3n, la generosidad y la comprensi\u00f3n, claves en este tipo de organizaciones. Adem\u00e1s, el t\u00edtulo ofrece formaci\u00f3n actualizada en transici\u00f3n ecol\u00f3gica y transformaci\u00f3n digital, \u00e1reas cruciales para las empresas de econom\u00eda social, que ya est\u00e1n invirtiendo en tecnolog\u00eda y formaci\u00f3n continua para mejorar su eficiencia.<\/p>\n<p>El Diploma de Experto en Gesti\u00f3n de Entidades de Econom\u00eda Social y Solidaria cuenta con el respaldo de Cajasiete, a trav\u00e9s de la C\u00e1tedra Cajasiete de Econom\u00eda Social y Cooperativa (CESCO). Esta colaboraci\u00f3n no solo aporta experiencia en el \u00e1mbito cooperativo, sino que tambi\u00e9n incluye becas que facilitar\u00e1n el acceso de alumnado comprometido con este modelo de gesti\u00f3n.<\/p>\n<p>La impartici\u00f3n en modalidad online lo convierte en una opci\u00f3n accesible para estudiantes internacionales, especialmente de regiones como Am\u00e9rica Latina y \u00c1frica, donde la econom\u00eda social es clave para el desarrollo econ\u00f3mico de determinados entornos. Este programa abre las puertas a profesionales que quieran liderar empresas cooperativas y solidarias en esos contextos, donde la demanda de gestores especializados sigue creciendo.<\/p>\n<p>Rom\u00e1n tambi\u00e9n destaca que las empresas de econom\u00eda social tienden a resistir mejor los ciclos de crisis econ\u00f3micas, ya que est\u00e1n m\u00e1s vinculadas al territorio y a la comunidad. \u201cA diferencia de las<a href=\"https:\/\/www.ull.es\/portal\/noticias\/wp-content\/uploads\/sites\/13\/2024\/11\/Candido-Roman-02.jpg\" target=\"_blank\" rel=\"noopener\"><img decoding=\"async\" loading=\"lazy\" class=\"alignright size-medium wp-image-78760\" src=\"https:\/\/www.ull.es\/portal\/noticias\/wp-content\/uploads\/sites\/13\/2024\/11\/Candido-Roman-02-200x300.jpg\" alt=\"\" width=\"200\" height=\"300\" srcset=\"https:\/\/www.ull.es\/portal\/noticias\/wp-content\/uploads\/sites\/13\/2024\/11\/Candido-Roman-02-200x300.jpg 200w, https:\/\/www.ull.es\/portal\/noticias\/wp-content\/uploads\/sites\/13\/2024\/11\/Candido-Roman-02-683x1024.jpg 683w, https:\/\/www.ull.es\/portal\/noticias\/wp-content\/uploads\/sites\/13\/2024\/11\/Candido-Roman-02-768x1152.jpg 768w, https:\/\/www.ull.es\/portal\/noticias\/wp-content\/uploads\/sites\/13\/2024\/11\/Candido-Roman-02-375x563.jpg 375w, https:\/\/www.ull.es\/portal\/noticias\/wp-content\/uploads\/sites\/13\/2024\/11\/Candido-Roman-02-750x1125.jpg 750w, https:\/\/www.ull.es\/portal\/noticias\/wp-content\/uploads\/sites\/13\/2024\/11\/Candido-Roman-02.jpg 800w\" sizes=\"(max-width: 200px) 100vw, 200px\" \/><\/a> empresas mercantiles tradicionales, las entidades de econom\u00eda social se caracterizan por su resiliencia en tiempos dif\u00edciles\u201d, explica.<\/p>\n<p>El diploma est\u00e1 estructurado en m\u00f3dulos que cubren todas las \u00e1reas necesarias para una gesti\u00f3n eficiente y \u00e9tica de las entidades de econom\u00eda social. Desde la gesti\u00f3n financiera y el control contable, hasta el desarrollo de habilidades para el liderazgo en este tipo de organizaciones, los estudiantes obtendr\u00e1n una formaci\u00f3n integral. Con un equipo docente que combina experiencia acad\u00e9mica y pr\u00e1ctica en el sector de la econom\u00eda social, este diploma est\u00e1 pensado para adquirir una visi\u00f3n global y pr\u00e1ctica. \u00abNo es solo teor\u00eda, queremos que el alumnado salga preparado para integrarse directamente en el mercado laboral\u00bb, se\u00f1ala. \u201cEste diploma no solo es una puerta de entrada a un mercado laboral en expansi\u00f3n, sino que tambi\u00e9n ofrece la oportunidad de participar en una transformaci\u00f3n hacia un modelo m\u00e1s justo y solidario\u00bb, concluye<\/p>\n","protected":false},"excerpt":{"rendered":"<p>\u00abLos valores cooperativos priorizan a las personas frente al capital\u00bb, as\u00ed lo afirma C\u00e1ndido Rom\u00e1n, profesor titular del Departamento de&#8230;<\/p>\n","protected":false},"author":23,"featured_media":78761,"comment_status":"closed","ping_status":"closed","sticky":false,"template":"","format":"standard","meta":{"inline_featured_image":false,"footnotes":""},"categories":[345,346,4048,2765],"tags":[],"acf":[],"yoast_head":"<!-- This site is optimized with the Yoast SEO plugin v21.3 - https:\/\/yoast.com\/wordpress\/plugins\/seo\/ -->\n<title>La ULL refuerza su posgrado con un Diploma de Experto en Gesti\u00f3n de Entidades de la Econom\u00eda Social - ULL - Noticias<\/title>\n<meta name=\"robots\" content=\"index, follow, max-snippet:-1, max-image-preview:large, max-video-preview:-1\" \/>\n<link rel=\"canonical\" href=\"https:\/\/www.ull.es\/portal\/noticias\/2024\/la-ull-refuerza-su-posgrado-con-un-diploma-de-experto-en-gestion-de-entidades-de-la-economia-social\/\" \/>\n<meta property=\"og:locale\" content=\"es_ES\" \/>\n<meta property=\"og:type\" content=\"article\" \/>\n<meta property=\"og:title\" content=\"La ULL refuerza su posgrado con un Diploma de Experto en Gesti\u00f3n de Entidades de la Econom\u00eda Social - ULL - Noticias\" \/>\n<meta property=\"og:description\" content=\"\u00abLos valores cooperativos priorizan a las personas frente al capital\u00bb, as\u00ed lo afirma C\u00e1ndido Rom\u00e1n, profesor titular del Departamento de...\" \/>\n<meta property=\"og:url\" content=\"https:\/\/www.ull.es\/portal\/noticias\/2024\/la-ull-refuerza-su-posgrado-con-un-diploma-de-experto-en-gestion-de-entidades-de-la-economia-social\/\" \/>\n<meta property=\"og:site_name\" content=\"ULL - Noticias\" \/>\n<meta property=\"article:publisher\" content=\"https:\/\/www.facebook.com\/universidaddelalaguna\/\" \/>\n<meta property=\"article:published_time\" content=\"2024-11-19T10:11:54+00:00\" \/>\n<meta property=\"og:image\" content=\"https:\/\/www.ull.es\/portal\/noticias\/wp-content\/uploads\/sites\/13\/2024\/11\/Candido-Roman-09.jpg\" \/>\n\t<meta property=\"og:image:width\" content=\"1200\" \/>\n\t<meta property=\"og:image:height\" content=\"800\" \/>\n\t<meta property=\"og:image:type\" content=\"image\/jpeg\" \/>\n<meta name=\"author\" content=\"gaprsa\" \/>\n<meta name=\"twitter:card\" content=\"summary_large_image\" \/>\n<meta name=\"twitter:creator\" content=\"@CanalULL\" \/>\n<meta name=\"twitter:site\" content=\"@CanalULL\" \/>\n<meta name=\"twitter:label1\" content=\"Escrito por\" \/>\n\t<meta name=\"twitter:data1\" content=\"gaprsa\" \/>\n\t<meta name=\"twitter:label2\" content=\"Tiempo de lectura\" \/>\n\t<meta name=\"twitter:data2\" content=\"5 minutos\" \/>\n<script type=\"application\/ld+json\" class=\"yoast-schema-graph\">{\"@context\":\"https:\/\/schema.org\",\"@graph\":[{\"@type\":\"WebPage\",\"@id\":\"https:\/\/www.ull.es\/portal\/noticias\/2024\/la-ull-refuerza-su-posgrado-con-un-diploma-de-experto-en-gestion-de-entidades-de-la-economia-social\/\",\"url\":\"https:\/\/www.ull.es\/portal\/noticias\/2024\/la-ull-refuerza-su-posgrado-con-un-diploma-de-experto-en-gestion-de-entidades-de-la-economia-social\/\",\"name\":\"La ULL refuerza su posgrado con un Diploma de Experto en Gesti\u00f3n de Entidades de la Econom\u00eda Social - ULL - Noticias\",\"isPartOf\":{\"@id\":\"https:\/\/www.ull.es\/portal\/noticias\/#website\"},\"datePublished\":\"2024-11-19T10:11:54+00:00\",\"dateModified\":\"2024-11-19T10:11:54+00:00\",\"author\":{\"@id\":\"https:\/\/www.ull.es\/portal\/noticias\/#\/schema\/person\/b2b1a89d43ffa609e591f7df8ef3e817\"},\"breadcrumb\":{\"@id\":\"https:\/\/www.ull.es\/portal\/noticias\/2024\/la-ull-refuerza-su-posgrado-con-un-diploma-de-experto-en-gestion-de-entidades-de-la-economia-social\/#breadcrumb\"},\"inLanguage\":\"es\",\"potentialAction\":[{\"@type\":\"ReadAction\",\"target\":[\"https:\/\/www.ull.es\/portal\/noticias\/2024\/la-ull-refuerza-su-posgrado-con-un-diploma-de-experto-en-gestion-de-entidades-de-la-economia-social\/\"]}]},{\"@type\":\"BreadcrumbList\",\"@id\":\"https:\/\/www.ull.es\/portal\/noticias\/2024\/la-ull-refuerza-su-posgrado-con-un-diploma-de-experto-en-gestion-de-entidades-de-la-economia-social\/#breadcrumb\",\"itemListElement\":[{\"@type\":\"ListItem\",\"position\":1,\"name\":\"Portada\",\"item\":\"https:\/\/www.ull.es\/portal\/noticias\/\"},{\"@type\":\"ListItem\",\"position\":2,\"name\":\"La ULL refuerza su posgrado con un Diploma de Experto en Gesti\u00f3n de Entidades de la Econom\u00eda Social\"}]},{\"@type\":\"WebSite\",\"@id\":\"https:\/\/www.ull.es\/portal\/noticias\/#website\",\"url\":\"https:\/\/www.ull.es\/portal\/noticias\/\",\"name\":\"ULL - Noticias\",\"description\":\"\",\"potentialAction\":[{\"@type\":\"SearchAction\",\"target\":{\"@type\":\"EntryPoint\",\"urlTemplate\":\"https:\/\/www.ull.es\/portal\/noticias\/?s={search_term_string}\"},\"query-input\":\"required name=search_term_string\"}],\"inLanguage\":\"es\"},{\"@type\":\"Person\",\"@id\":\"https:\/\/www.ull.es\/portal\/noticias\/#\/schema\/person\/b2b1a89d43ffa609e591f7df8ef3e817\",\"name\":\"gaprsa\",\"image\":{\"@type\":\"ImageObject\",\"inLanguage\":\"es\",\"@id\":\"https:\/\/www.ull.es\/portal\/noticias\/#\/schema\/person\/image\/\",\"url\":\"https:\/\/secure.gravatar.com\/avatar\/443820550921091458b4823867723b3d?s=96&d=mm&r=g\",\"contentUrl\":\"https:\/\/secure.gravatar.com\/avatar\/443820550921091458b4823867723b3d?s=96&d=mm&r=g\",\"caption\":\"gaprsa\"},\"url\":\"https:\/\/www.ull.es\/portal\/noticias\/author\/gaprsa\/\"}]}<\/script>\n<!-- \/ Yoast SEO plugin. -->","yoast_head_json":{"title":"La ULL refuerza su posgrado con un Diploma de Experto en Gesti\u00f3n de Entidades de la Econom\u00eda Social - ULL - Noticias","robots":{"index":"index","follow":"follow","max-snippet":"max-snippet:-1","max-image-preview":"max-image-preview:large","max-video-preview":"max-video-preview:-1"},"canonical":"https:\/\/www.ull.es\/portal\/noticias\/2024\/la-ull-refuerza-su-posgrado-con-un-diploma-de-experto-en-gestion-de-entidades-de-la-economia-social\/","og_locale":"es_ES","og_type":"article","og_title":"La ULL refuerza su posgrado con un Diploma de Experto en Gesti\u00f3n de Entidades de la Econom\u00eda Social - ULL - Noticias","og_description":"\u00abLos valores cooperativos priorizan a las personas frente al capital\u00bb, as\u00ed lo afirma C\u00e1ndido Rom\u00e1n, profesor titular del Departamento de...","og_url":"https:\/\/www.ull.es\/portal\/noticias\/2024\/la-ull-refuerza-su-posgrado-con-un-diploma-de-experto-en-gestion-de-entidades-de-la-economia-social\/","og_site_name":"ULL - Noticias","article_publisher":"https:\/\/www.facebook.com\/universidaddelalaguna\/","article_published_time":"2024-11-19T10:11:54+00:00","og_image":[{"width":1200,"height":800,"url":"https:\/\/www.ull.es\/portal\/noticias\/wp-content\/uploads\/sites\/13\/2024\/11\/Candido-Roman-09.jpg","type":"image\/jpeg"}],"author":"gaprsa","twitter_card":"summary_large_image","twitter_creator":"@CanalULL","twitter_site":"@CanalULL","twitter_misc":{"Escrito por":"gaprsa","Tiempo de lectura":"5 minutos"},"schema":{"@context":"https:\/\/schema.org","@graph":[{"@type":"WebPage","@id":"https:\/\/www.ull.es\/portal\/noticias\/2024\/la-ull-refuerza-su-posgrado-con-un-diploma-de-experto-en-gestion-de-entidades-de-la-economia-social\/","url":"https:\/\/www.ull.es\/portal\/noticias\/2024\/la-ull-refuerza-su-posgrado-con-un-diploma-de-experto-en-gestion-de-entidades-de-la-economia-social\/","name":"La ULL refuerza su posgrado con un Diploma de Experto en Gesti\u00f3n de Entidades de la Econom\u00eda Social - ULL - Noticias","isPartOf":{"@id":"https:\/\/www.ull.es\/portal\/noticias\/#website"},"datePublished":"2024-11-19T10:11:54+00:00","dateModified":"2024-11-19T10:11:54+00:00","author":{"@id":"https:\/\/www.ull.es\/portal\/noticias\/#\/schema\/person\/b2b1a89d43ffa609e591f7df8ef3e817"},"breadcrumb":{"@id":"https:\/\/www.ull.es\/portal\/noticias\/2024\/la-ull-refuerza-su-posgrado-con-un-diploma-de-experto-en-gestion-de-entidades-de-la-economia-social\/#breadcrumb"},"inLanguage":"es","potentialAction":[{"@type":"ReadAction","target":["https:\/\/www.ull.es\/portal\/noticias\/2024\/la-ull-refuerza-su-posgrado-con-un-diploma-de-experto-en-gestion-de-entidades-de-la-economia-social\/"]}]},{"@type":"BreadcrumbList","@id":"https:\/\/www.ull.es\/portal\/noticias\/2024\/la-ull-refuerza-su-posgrado-con-un-diploma-de-experto-en-gestion-de-entidades-de-la-economia-social\/#breadcrumb","itemListElement":[{"@type":"ListItem","position":1,"name":"Portada","item":"https:\/\/www.ull.es\/portal\/noticias\/"},{"@type":"ListItem","position":2,"name":"La ULL refuerza su posgrado con un Diploma de Experto en Gesti\u00f3n de Entidades de la Econom\u00eda Social"}]},{"@type":"WebSite","@id":"https:\/\/www.ull.es\/portal\/noticias\/#website","url":"https:\/\/www.ull.es\/portal\/noticias\/","name":"ULL - Noticias","description":"","potentialAction":[{"@type":"SearchAction","target":{"@type":"EntryPoint","urlTemplate":"https:\/\/www.ull.es\/portal\/noticias\/?s={search_term_string}"},"query-input":"required name=search_term_string"}],"inLanguage":"es"},{"@type":"Person","@id":"https:\/\/www.ull.es\/portal\/noticias\/#\/schema\/person\/b2b1a89d43ffa609e591f7df8ef3e817","name":"gaprsa","image":{"@type":"ImageObject","inLanguage":"es","@id":"https:\/\/www.ull.es\/portal\/noticias\/#\/schema\/person\/image\/","url":"https:\/\/secure.gravatar.com\/avatar\/443820550921091458b4823867723b3d?s=96&d=mm&r=g","contentUrl":"https:\/\/secure.gravatar.com\/avatar\/443820550921091458b4823867723b3d?s=96&d=mm&r=g","caption":"gaprsa"},"url":"https:\/\/www.ull.es\/portal\/noticias\/author\/gaprsa\/"}]}},"primary_category":{"id":345,"name":"Destacado","slug":"destacado","link":"https:\/\/www.ull.es\/portal\/noticias\/category\/destacado\/"},"featured_image_thumbnail_url":"https:\/\/www.ull.es\/portal\/noticias\/wp-content\/uploads\/sites\/13\/2024\/11\/Candido-Roman-09-300x200.jpg","_links":{"self":[{"href":"https:\/\/www.ull.es\/portal\/noticias\/wp-json\/wp\/v2\/posts\/78759"}],"collection":[{"href":"https:\/\/www.ull.es\/portal\/noticias\/wp-json\/wp\/v2\/posts"}],"about":[{"href":"https:\/\/www.ull.es\/portal\/noticias\/wp-json\/wp\/v2\/types\/post"}],"author":[{"embeddable":true,"href":"https:\/\/www.ull.es\/portal\/noticias\/wp-json\/wp\/v2\/users\/23"}],"replies":[{"embeddable":true,"href":"https:\/\/www.ull.es\/portal\/noticias\/wp-json\/wp\/v2\/comments?post=78759"}],"version-history":[{"count":1,"href":"https:\/\/www.ull.es\/portal\/noticias\/wp-json\/wp\/v2\/posts\/78759\/revisions"}],"predecessor-version":[{"id":78765,"href":"https:\/\/www.ull.es\/portal\/noticias\/wp-json\/wp\/v2\/posts\/78759\/revisions\/78765"}],"wp:featuredmedia":[{"embeddable":true,"href":"https:\/\/www.ull.es\/portal\/noticias\/wp-json\/wp\/v2\/media\/78761"}],"wp:attachment":[{"href":"https:\/\/www.ull.es\/portal\/noticias\/wp-json\/wp\/v2\/media?parent=78759"}],"wp:term":[{"taxonomy":"category","embeddable":true,"href":"https:\/\/www.ull.es\/portal\/noticias\/wp-json\/wp\/v2\/categories?post=78759"},{"taxonomy":"post_tag","embeddable":true,"href":"https:\/\/www.ull.es\/portal\/noticias\/wp-json\/wp\/v2\/tags?post=78759"}],"curies":[{"name":"wp","href":"https:\/\/api.w.org\/{rel}","templated":true}]}}