{"id":78773,"date":"2024-11-19T13:16:09","date_gmt":"2024-11-19T13:16:09","guid":{"rendered":"https:\/\/www.ull.es\/portal\/noticias\/?p=78773"},"modified":"2024-11-19T13:16:09","modified_gmt":"2024-11-19T13:16:09","slug":"la-ull-expone-en-unas-jornadas-mas-de-una-veintena-de-casos-de-uso-de-la-ia-en-la-ensenanza-universitaria","status":"publish","type":"post","link":"https:\/\/www.ull.es\/portal\/noticias\/2024\/la-ull-expone-en-unas-jornadas-mas-de-una-veintena-de-casos-de-uso-de-la-ia-en-la-ensenanza-universitaria\/","title":{"rendered":"La ULL expone en unas jornadas m\u00e1s de una veintena de casos de uso de la IA en la ense\u00f1anza universitaria"},"content":{"rendered":"<p>La Universidad de La Laguna acoger\u00e1 el jueves 21 y el viernes 22 de noviembre las <a href=\"https:\/\/drive.google.com\/file\/d\/1cFX0src_LfG25XmdjpETrG2u4-W1COWJ\/view\" target=\"_blank\" rel=\"noopener\">I Jornadas de Inteligencia Artificial para la Docencia Universitaria<\/a>, un evento dedicado a explorar el impacto de esta tecnolog\u00eda en el \u00e1mbito de la ense\u00f1anza superior. Con la participaci\u00f3n de destacados expertos y expertas en la materia, estas jornadas ofrecen una interesante ocasi\u00f3n para analizar c\u00f3mo la tecnolog\u00eda puede transformar y enriquecer las pr\u00e1cticas docentes, promoviendo un enfoque \u00e9tico, responsable y eficaz en las aulas universitarias.<\/p>\n<p>El programa, que tendr\u00e1 lugar en formato presencial en el Aula Magna Blas Cabrera de la Facultad de Ciencias, pero que tambi\u00e9n podr\u00e1 seguirse online, incluye ponencias de especialistas, quienes compartir\u00e1n su experiencia en cuestiones como la personalizaci\u00f3n del aprendizaje, la creaci\u00f3n de asistentes inteligentes o la elaboraci\u00f3n de recursos educativos interactivos. Adem\u00e1s, se realizar\u00e1n talleres pr\u00e1cticos para experimentar con herramientas de Inteligencia Artificial, enfocadas a optimizar tanto el trabajo docente como el aprendizaje de los estudiantes, fomentando un uso \u00edntegro y cr\u00edtico de estas tecnolog\u00edas.<\/p>\n<p>Las jornadas tambi\u00e9n contar\u00e1n con mesas redondas para presentar proyectos de innovaci\u00f3n educativa con Inteligencia Artificial desarrollados por investigadores de diversas \u00e1reas. Ser\u00e1 una oportunidad para compartir retos y oportunidades, as\u00ed como el intercambio de ideas sobre esta tecnolog\u00eda y su impacto en la docencia universitaria.<\/p>\n<p>La jornada se abrir\u00e1 el jueves 21 con un acto de bienvenida, previsto a las 9.30 horas, tras lo cual se desarrollar\u00e1 la conferencia de apertura, a cargo de la catedr\u00e1tica de Arquitectura y Tecnolog\u00eda de los Computadores de esta instituci\u00f3n acad\u00e9mica, Carina Soledad Gonz\u00e1lez, quien disertar\u00e1 acerca de los retos que presenta \u00eda en el contexto educativo. Poco despu\u00e9s lo har\u00e1 el jefe del Servicio de Tecnolog\u00edas de la Informaci\u00f3n y las Comunicaciones, Jos\u00e9 Carlos Gonz\u00e1lez, exponiendo varios casos pr\u00e1cticos de automatizaci\u00f3n de tareas en la gesti\u00f3n diaria.<\/p>\n<p>La ma\u00f1ana se cerrar\u00e1 con una amplia mesa redonda, moderada por el profesor Fernando Rosa, sobre aplicaciones pr\u00e1cticas de IA en distintas materias universitarias, tales como el uso de la IA generativa para an\u00e1lisis de la informaci\u00f3n sanitaria; o c\u00f3mo se aplica el Design Thinking para alumnado de Dise\u00f1o; como herramienta de b\u00fasqueda para estudiantes del Grado en Farmacia o para el desarrollo de \u2018habilidades blandas\u2019 en asignaturas del \u00e1rea de Organizaci\u00f3n de Empresas, por ejemplo.<\/p>\n<p>Este evento servir\u00e1 tambi\u00e9n para exponer m\u00e1s casos que ya se est\u00e1n dado de uso de la Inteligencia Artificial en la docencia universitaria, as\u00ed como para conocer el proyecto Cat\u00e1logo de aplicaciones para la docencia universitaria y el Programa de apoyo y asesoramiento pedag\u00f3gico para la transformaci\u00f3n digital de las ense\u00f1anzas de posgrado.<\/p>\n<p>La iniciativa se cerrar\u00e1 al d\u00eda siguiente con la presentaci\u00f3n de un dec\u00e1logo sobre esta materia para profesorado y alumnado, a cargo de Jos\u00e9 Manuel Garc\u00eda Fraga, vicerrector de Docencia de la Universidad de La Laguna.<\/p>\n","protected":false},"excerpt":{"rendered":"<p>La Universidad de La Laguna acoger\u00e1 el jueves 21 y el viernes 22 de noviembre las I Jornadas de Inteligencia&#8230;<\/p>\n","protected":false},"author":23,"featured_media":78775,"comment_status":"closed","ping_status":"closed","sticky":false,"template":"","format":"standard","meta":{"inline_featured_image":false,"footnotes":""},"categories":[345,346,2765],"tags":[],"acf":[],"yoast_head":"<!-- This site is optimized with the Yoast SEO plugin v21.3 - https:\/\/yoast.com\/wordpress\/plugins\/seo\/ -->\n<title>La ULL expone en unas jornadas m\u00e1s de una veintena de casos de uso de la IA en la ense\u00f1anza universitaria - ULL - Noticias<\/title>\n<meta name=\"robots\" content=\"index, follow, max-snippet:-1, max-image-preview:large, max-video-preview:-1\" \/>\n<link rel=\"canonical\" href=\"https:\/\/www.ull.es\/portal\/noticias\/2024\/la-ull-expone-en-unas-jornadas-mas-de-una-veintena-de-casos-de-uso-de-la-ia-en-la-ensenanza-universitaria\/\" \/>\n<meta property=\"og:locale\" content=\"es_ES\" \/>\n<meta property=\"og:type\" content=\"article\" \/>\n<meta property=\"og:title\" content=\"La ULL expone en unas jornadas m\u00e1s de una veintena de casos de uso de la IA en la ense\u00f1anza universitaria - ULL - Noticias\" \/>\n<meta property=\"og:description\" content=\"La Universidad de La Laguna acoger\u00e1 el jueves 21 y el viernes 22 de noviembre las I Jornadas de Inteligencia...\" \/>\n<meta property=\"og:url\" content=\"https:\/\/www.ull.es\/portal\/noticias\/2024\/la-ull-expone-en-unas-jornadas-mas-de-una-veintena-de-casos-de-uso-de-la-ia-en-la-ensenanza-universitaria\/\" \/>\n<meta property=\"og:site_name\" content=\"ULL - Noticias\" \/>\n<meta property=\"article:publisher\" content=\"https:\/\/www.facebook.com\/universidaddelalaguna\/\" \/>\n<meta property=\"article:published_time\" content=\"2024-11-19T13:16:09+00:00\" \/>\n<meta property=\"og:image\" content=\"https:\/\/www.ull.es\/portal\/noticias\/wp-content\/uploads\/sites\/13\/2024\/11\/Jornadas-de-ia-para-la-docencia-universitaria.jpg\" \/>\n\t<meta property=\"og:image:width\" content=\"750\" \/>\n\t<meta property=\"og:image:height\" content=\"370\" \/>\n\t<meta property=\"og:image:type\" content=\"image\/jpeg\" \/>\n<meta name=\"author\" content=\"gaprsa\" \/>\n<meta name=\"twitter:card\" content=\"summary_large_image\" \/>\n<meta name=\"twitter:creator\" content=\"@CanalULL\" \/>\n<meta name=\"twitter:site\" content=\"@CanalULL\" \/>\n<meta name=\"twitter:label1\" content=\"Escrito por\" \/>\n\t<meta name=\"twitter:data1\" content=\"gaprsa\" \/>\n\t<meta name=\"twitter:label2\" content=\"Tiempo de lectura\" \/>\n\t<meta name=\"twitter:data2\" content=\"3 minutos\" \/>\n<script type=\"application\/ld+json\" class=\"yoast-schema-graph\">{\"@context\":\"https:\/\/schema.org\",\"@graph\":[{\"@type\":\"WebPage\",\"@id\":\"https:\/\/www.ull.es\/portal\/noticias\/2024\/la-ull-expone-en-unas-jornadas-mas-de-una-veintena-de-casos-de-uso-de-la-ia-en-la-ensenanza-universitaria\/\",\"url\":\"https:\/\/www.ull.es\/portal\/noticias\/2024\/la-ull-expone-en-unas-jornadas-mas-de-una-veintena-de-casos-de-uso-de-la-ia-en-la-ensenanza-universitaria\/\",\"name\":\"La ULL expone en unas jornadas m\u00e1s de una veintena de casos de uso de la IA en la ense\u00f1anza universitaria - ULL - Noticias\",\"isPartOf\":{\"@id\":\"https:\/\/www.ull.es\/portal\/noticias\/#website\"},\"datePublished\":\"2024-11-19T13:16:09+00:00\",\"dateModified\":\"2024-11-19T13:16:09+00:00\",\"author\":{\"@id\":\"https:\/\/www.ull.es\/portal\/noticias\/#\/schema\/person\/b2b1a89d43ffa609e591f7df8ef3e817\"},\"breadcrumb\":{\"@id\":\"https:\/\/www.ull.es\/portal\/noticias\/2024\/la-ull-expone-en-unas-jornadas-mas-de-una-veintena-de-casos-de-uso-de-la-ia-en-la-ensenanza-universitaria\/#breadcrumb\"},\"inLanguage\":\"es\",\"potentialAction\":[{\"@type\":\"ReadAction\",\"target\":[\"https:\/\/www.ull.es\/portal\/noticias\/2024\/la-ull-expone-en-unas-jornadas-mas-de-una-veintena-de-casos-de-uso-de-la-ia-en-la-ensenanza-universitaria\/\"]}]},{\"@type\":\"BreadcrumbList\",\"@id\":\"https:\/\/www.ull.es\/portal\/noticias\/2024\/la-ull-expone-en-unas-jornadas-mas-de-una-veintena-de-casos-de-uso-de-la-ia-en-la-ensenanza-universitaria\/#breadcrumb\",\"itemListElement\":[{\"@type\":\"ListItem\",\"position\":1,\"name\":\"Portada\",\"item\":\"https:\/\/www.ull.es\/portal\/noticias\/\"},{\"@type\":\"ListItem\",\"position\":2,\"name\":\"La ULL expone en unas jornadas m\u00e1s de una veintena de casos de uso de la IA en la ense\u00f1anza universitaria\"}]},{\"@type\":\"WebSite\",\"@id\":\"https:\/\/www.ull.es\/portal\/noticias\/#website\",\"url\":\"https:\/\/www.ull.es\/portal\/noticias\/\",\"name\":\"ULL - Noticias\",\"description\":\"\",\"potentialAction\":[{\"@type\":\"SearchAction\",\"target\":{\"@type\":\"EntryPoint\",\"urlTemplate\":\"https:\/\/www.ull.es\/portal\/noticias\/?s={search_term_string}\"},\"query-input\":\"required name=search_term_string\"}],\"inLanguage\":\"es\"},{\"@type\":\"Person\",\"@id\":\"https:\/\/www.ull.es\/portal\/noticias\/#\/schema\/person\/b2b1a89d43ffa609e591f7df8ef3e817\",\"name\":\"gaprsa\",\"image\":{\"@type\":\"ImageObject\",\"inLanguage\":\"es\",\"@id\":\"https:\/\/www.ull.es\/portal\/noticias\/#\/schema\/person\/image\/\",\"url\":\"https:\/\/secure.gravatar.com\/avatar\/443820550921091458b4823867723b3d?s=96&d=mm&r=g\",\"contentUrl\":\"https:\/\/secure.gravatar.com\/avatar\/443820550921091458b4823867723b3d?s=96&d=mm&r=g\",\"caption\":\"gaprsa\"},\"url\":\"https:\/\/www.ull.es\/portal\/noticias\/author\/gaprsa\/\"}]}<\/script>\n<!-- \/ Yoast SEO plugin. -->","yoast_head_json":{"title":"La ULL expone en unas jornadas m\u00e1s de una veintena de casos de uso de la IA en la ense\u00f1anza universitaria - ULL - Noticias","robots":{"index":"index","follow":"follow","max-snippet":"max-snippet:-1","max-image-preview":"max-image-preview:large","max-video-preview":"max-video-preview:-1"},"canonical":"https:\/\/www.ull.es\/portal\/noticias\/2024\/la-ull-expone-en-unas-jornadas-mas-de-una-veintena-de-casos-de-uso-de-la-ia-en-la-ensenanza-universitaria\/","og_locale":"es_ES","og_type":"article","og_title":"La ULL expone en unas jornadas m\u00e1s de una veintena de casos de uso de la IA en la ense\u00f1anza universitaria - ULL - Noticias","og_description":"La Universidad de La Laguna acoger\u00e1 el jueves 21 y el viernes 22 de noviembre las I Jornadas de Inteligencia...","og_url":"https:\/\/www.ull.es\/portal\/noticias\/2024\/la-ull-expone-en-unas-jornadas-mas-de-una-veintena-de-casos-de-uso-de-la-ia-en-la-ensenanza-universitaria\/","og_site_name":"ULL - Noticias","article_publisher":"https:\/\/www.facebook.com\/universidaddelalaguna\/","article_published_time":"2024-11-19T13:16:09+00:00","og_image":[{"width":750,"height":370,"url":"https:\/\/www.ull.es\/portal\/noticias\/wp-content\/uploads\/sites\/13\/2024\/11\/Jornadas-de-ia-para-la-docencia-universitaria.jpg","type":"image\/jpeg"}],"author":"gaprsa","twitter_card":"summary_large_image","twitter_creator":"@CanalULL","twitter_site":"@CanalULL","twitter_misc":{"Escrito por":"gaprsa","Tiempo de lectura":"3 minutos"},"schema":{"@context":"https:\/\/schema.org","@graph":[{"@type":"WebPage","@id":"https:\/\/www.ull.es\/portal\/noticias\/2024\/la-ull-expone-en-unas-jornadas-mas-de-una-veintena-de-casos-de-uso-de-la-ia-en-la-ensenanza-universitaria\/","url":"https:\/\/www.ull.es\/portal\/noticias\/2024\/la-ull-expone-en-unas-jornadas-mas-de-una-veintena-de-casos-de-uso-de-la-ia-en-la-ensenanza-universitaria\/","name":"La ULL expone en unas jornadas m\u00e1s de una veintena de casos de uso de la IA en la ense\u00f1anza universitaria - ULL - Noticias","isPartOf":{"@id":"https:\/\/www.ull.es\/portal\/noticias\/#website"},"datePublished":"2024-11-19T13:16:09+00:00","dateModified":"2024-11-19T13:16:09+00:00","author":{"@id":"https:\/\/www.ull.es\/portal\/noticias\/#\/schema\/person\/b2b1a89d43ffa609e591f7df8ef3e817"},"breadcrumb":{"@id":"https:\/\/www.ull.es\/portal\/noticias\/2024\/la-ull-expone-en-unas-jornadas-mas-de-una-veintena-de-casos-de-uso-de-la-ia-en-la-ensenanza-universitaria\/#breadcrumb"},"inLanguage":"es","potentialAction":[{"@type":"ReadAction","target":["https:\/\/www.ull.es\/portal\/noticias\/2024\/la-ull-expone-en-unas-jornadas-mas-de-una-veintena-de-casos-de-uso-de-la-ia-en-la-ensenanza-universitaria\/"]}]},{"@type":"BreadcrumbList","@id":"https:\/\/www.ull.es\/portal\/noticias\/2024\/la-ull-expone-en-unas-jornadas-mas-de-una-veintena-de-casos-de-uso-de-la-ia-en-la-ensenanza-universitaria\/#breadcrumb","itemListElement":[{"@type":"ListItem","position":1,"name":"Portada","item":"https:\/\/www.ull.es\/portal\/noticias\/"},{"@type":"ListItem","position":2,"name":"La ULL expone en unas jornadas m\u00e1s de una veintena de casos de uso de la IA en la ense\u00f1anza universitaria"}]},{"@type":"WebSite","@id":"https:\/\/www.ull.es\/portal\/noticias\/#website","url":"https:\/\/www.ull.es\/portal\/noticias\/","name":"ULL - Noticias","description":"","potentialAction":[{"@type":"SearchAction","target":{"@type":"EntryPoint","urlTemplate":"https:\/\/www.ull.es\/portal\/noticias\/?s={search_term_string}"},"query-input":"required name=search_term_string"}],"inLanguage":"es"},{"@type":"Person","@id":"https:\/\/www.ull.es\/portal\/noticias\/#\/schema\/person\/b2b1a89d43ffa609e591f7df8ef3e817","name":"gaprsa","image":{"@type":"ImageObject","inLanguage":"es","@id":"https:\/\/www.ull.es\/portal\/noticias\/#\/schema\/person\/image\/","url":"https:\/\/secure.gravatar.com\/avatar\/443820550921091458b4823867723b3d?s=96&d=mm&r=g","contentUrl":"https:\/\/secure.gravatar.com\/avatar\/443820550921091458b4823867723b3d?s=96&d=mm&r=g","caption":"gaprsa"},"url":"https:\/\/www.ull.es\/portal\/noticias\/author\/gaprsa\/"}]}},"primary_category":{"id":346,"name":"Docencia","slug":"docencia","link":"https:\/\/www.ull.es\/portal\/noticias\/category\/docencia\/"},"featured_image_thumbnail_url":"https:\/\/www.ull.es\/portal\/noticias\/wp-content\/uploads\/sites\/13\/2024\/11\/Jornadas-de-ia-para-la-docencia-universitaria-300x148.jpg","_links":{"self":[{"href":"https:\/\/www.ull.es\/portal\/noticias\/wp-json\/wp\/v2\/posts\/78773"}],"collection":[{"href":"https:\/\/www.ull.es\/portal\/noticias\/wp-json\/wp\/v2\/posts"}],"about":[{"href":"https:\/\/www.ull.es\/portal\/noticias\/wp-json\/wp\/v2\/types\/post"}],"author":[{"embeddable":true,"href":"https:\/\/www.ull.es\/portal\/noticias\/wp-json\/wp\/v2\/users\/23"}],"replies":[{"embeddable":true,"href":"https:\/\/www.ull.es\/portal\/noticias\/wp-json\/wp\/v2\/comments?post=78773"}],"version-history":[{"count":1,"href":"https:\/\/www.ull.es\/portal\/noticias\/wp-json\/wp\/v2\/posts\/78773\/revisions"}],"predecessor-version":[{"id":78774,"href":"https:\/\/www.ull.es\/portal\/noticias\/wp-json\/wp\/v2\/posts\/78773\/revisions\/78774"}],"wp:featuredmedia":[{"embeddable":true,"href":"https:\/\/www.ull.es\/portal\/noticias\/wp-json\/wp\/v2\/media\/78775"}],"wp:attachment":[{"href":"https:\/\/www.ull.es\/portal\/noticias\/wp-json\/wp\/v2\/media?parent=78773"}],"wp:term":[{"taxonomy":"category","embeddable":true,"href":"https:\/\/www.ull.es\/portal\/noticias\/wp-json\/wp\/v2\/categories?post=78773"},{"taxonomy":"post_tag","embeddable":true,"href":"https:\/\/www.ull.es\/portal\/noticias\/wp-json\/wp\/v2\/tags?post=78773"}],"curies":[{"name":"wp","href":"https:\/\/api.w.org\/{rel}","templated":true}]}}