{"id":78997,"date":"2024-11-28T10:10:22","date_gmt":"2024-11-28T10:10:22","guid":{"rendered":"https:\/\/www.ull.es\/portal\/noticias\/?p=78997"},"modified":"2024-11-28T10:10:22","modified_gmt":"2024-11-28T10:10:22","slug":"alumnado-programa-cooperar-cooperando-presenta-jornadas-experiencia-internacional","status":"publish","type":"post","link":"https:\/\/www.ull.es\/portal\/noticias\/2024\/alumnado-programa-cooperar-cooperando-presenta-jornadas-experiencia-internacional\/","title":{"rendered":"El alumnado del programa de la ULL \u201cCooperar Cooperando\u201d presenta en unas jornadas su experiencia internacional"},"content":{"rendered":"<p>\u201c<a href=\"https:\/\/www.ull.es\/internacional\/formacion-sensibilizacion-y-educacion-para-el-desarrollo\/#cooperar-cooperando\" target=\"_blank\" rel=\"noopener\" target=\"_blank\" rel=\"noopener\">Cooperar Cooperando<\/a>\u201d es un programa promovido por el Vicerrectorado de Internacionalizaci\u00f3n y Cooperaci\u00f3n de la Universidad de La Laguna desde 2021, con el apoyo financiero del Cabildo Insular de Tenerife. Consiste en un periodo de formaci\u00f3n sobre proyectos de solidaridad que se complementa con las estancias de parte de su alumnado en el extranjero para desarrollar acciones de cooperaci\u00f3n. Con el objetivo de difundir estas experiencias, la instituci\u00f3n ha organizado las <a href=\"https:\/\/www.ull.es\/portal\/agenda\/evento\/i-jornada-de-experiencias-de-cooperacion-internacional\/\" target=\"_blank\" rel=\"noopener\" target=\"_blank\" rel=\"noopener\">I Jornadas de Cooperaci\u00f3n Internacional<\/a>, que se celebrar\u00e1n ma\u00f1ana, viernes 29 de noviembre a las 10:00 horas en la sede institucional de la calle Viana 50.<\/p>\n<p>Las jornadas ser\u00e1n inauguradas por el rector del centro acad\u00e9mico, Francisco Garc\u00eda, y el director insular de Acci\u00f3n Exterior y Relaciones Internacionales del Cabildo de Tenerife, Pedro \u00c1ngel Gonz\u00e1lez. Tras la apertura, algunos de los y las estudiantes que han realizado una estancia internacional har\u00e1n una presentaci\u00f3n de su experiencia que se prolongar\u00e1 hasta las 12:00 horas.<\/p>\n<p>En la \u00faltima edici\u00f3n, trece estudiantes de la Universidad de La Laguna viajaron al extranjero para involucrarse en iniciativas de cooperaci\u00f3n para el desarrollo, en Argentina, Brasil, Cabo Verde, China, Colombia, Cuba, Gambia, Ghana, M\u00e9xico, Uruguay y Venezuela. Para la jornada de ma\u00f1ana han confirmado su participaci\u00f3n cinco de estos estudiantes, ya que al resto le ha sido imposible por motivos laborales o personales. Tambi\u00e9n han sido invitadas las 30 personas que se inscribieron en el Curso de Agentes de Cooperaci\u00f3n Internacional que tambi\u00e9n forma parte de este programa.<\/p>\n<p>A partir de las 12:30 horas el programa de la jornada ha dispuesto un espacio participativo al cual ha invitado a todas las organizaciones no gubernamentales para el desarrollo (ONGD) y a alguna ONG, con la idea de que se desarrolle un taller entre la universidad y las entidades que propicie el intercambio de informaci\u00f3n y la construcci\u00f3n conjunta de propuestas para promover el papel de la instituci\u00f3n acad\u00e9mica. El evento concluir\u00e1 a las 14:00, con una clausura a cargo de la vicerrectora de Internacionalizaci\u00f3n y Cooperaci\u00f3n, Inmaculada Gonz\u00e1lez.<\/p>\n","protected":false},"excerpt":{"rendered":"<p>\u201cCooperar Cooperando\u201d es un programa promovido por el Vicerrectorado de Internacionalizaci\u00f3n y Cooperaci\u00f3n de la Universidad de La Laguna desde&#8230;<\/p>\n","protected":false},"author":21,"featured_media":78998,"comment_status":"closed","ping_status":"closed","sticky":false,"template":"","format":"standard","meta":{"inline_featured_image":false,"footnotes":""},"categories":[345,349,2765],"tags":[7949,7258,2643],"acf":[],"yoast_head":"<!-- This site is optimized with the Yoast SEO plugin v21.3 - https:\/\/yoast.com\/wordpress\/plugins\/seo\/ -->\n<title>Una jornada presenta la experiencia internacional del alumnado<\/title>\n<meta name=\"description\" content=\"Este encuentro contar\u00e1 con la presencia de estudiantes de la ULL que han trabajado en proyectos de cooperaci\u00f3n en \u00c1frica, Am\u00e9rica y Asia.\" \/>\n<meta name=\"robots\" content=\"index, follow, max-snippet:-1, max-image-preview:large, max-video-preview:-1\" \/>\n<link rel=\"canonical\" href=\"https:\/\/www.ull.es\/portal\/noticias\/2024\/alumnado-programa-cooperar-cooperando-presenta-jornadas-experiencia-internacional\/\" \/>\n<meta property=\"og:locale\" content=\"es_ES\" \/>\n<meta property=\"og:type\" content=\"article\" \/>\n<meta property=\"og:title\" content=\"Una jornada presenta la experiencia internacional del alumnado\" \/>\n<meta property=\"og:description\" content=\"Este encuentro contar\u00e1 con la presencia de estudiantes de la ULL que han trabajado en proyectos de cooperaci\u00f3n en \u00c1frica, Am\u00e9rica y Asia.\" \/>\n<meta property=\"og:url\" content=\"https:\/\/www.ull.es\/portal\/noticias\/2024\/alumnado-programa-cooperar-cooperando-presenta-jornadas-experiencia-internacional\/\" \/>\n<meta property=\"og:site_name\" content=\"ULL - Noticias\" \/>\n<meta property=\"article:publisher\" content=\"https:\/\/www.facebook.com\/universidaddelalaguna\/\" \/>\n<meta property=\"article:published_time\" content=\"2024-11-28T10:10:22+00:00\" \/>\n<meta property=\"og:image\" content=\"https:\/\/www.ull.es\/portal\/noticias\/wp-content\/uploads\/sites\/13\/2024\/11\/I-Jornada-de-experiencias-de-cooperacion-internacional_Banner-eventos.png\" \/>\n\t<meta property=\"og:image:width\" content=\"750\" \/>\n\t<meta property=\"og:image:height\" content=\"370\" \/>\n\t<meta property=\"og:image:type\" content=\"image\/png\" \/>\n<meta name=\"author\" content=\"prensa2\" \/>\n<meta name=\"twitter:card\" content=\"summary_large_image\" \/>\n<meta name=\"twitter:creator\" content=\"@CanalULL\" \/>\n<meta name=\"twitter:site\" content=\"@CanalULL\" \/>\n<meta name=\"twitter:label1\" content=\"Escrito por\" \/>\n\t<meta name=\"twitter:data1\" content=\"prensa2\" \/>\n\t<meta name=\"twitter:label2\" content=\"Tiempo de lectura\" \/>\n\t<meta name=\"twitter:data2\" content=\"2 minutos\" \/>\n<script type=\"application\/ld+json\" class=\"yoast-schema-graph\">{\"@context\":\"https:\/\/schema.org\",\"@graph\":[{\"@type\":\"WebPage\",\"@id\":\"https:\/\/www.ull.es\/portal\/noticias\/2024\/alumnado-programa-cooperar-cooperando-presenta-jornadas-experiencia-internacional\/\",\"url\":\"https:\/\/www.ull.es\/portal\/noticias\/2024\/alumnado-programa-cooperar-cooperando-presenta-jornadas-experiencia-internacional\/\",\"name\":\"Una jornada presenta la experiencia internacional del alumnado\",\"isPartOf\":{\"@id\":\"https:\/\/www.ull.es\/portal\/noticias\/#website\"},\"datePublished\":\"2024-11-28T10:10:22+00:00\",\"dateModified\":\"2024-11-28T10:10:22+00:00\",\"author\":{\"@id\":\"https:\/\/www.ull.es\/portal\/noticias\/#\/schema\/person\/c3b2aa857797592927a03740d6664376\"},\"description\":\"Este encuentro contar\u00e1 con la presencia de estudiantes de la ULL que han trabajado en proyectos de cooperaci\u00f3n en \u00c1frica, Am\u00e9rica y Asia.\",\"breadcrumb\":{\"@id\":\"https:\/\/www.ull.es\/portal\/noticias\/2024\/alumnado-programa-cooperar-cooperando-presenta-jornadas-experiencia-internacional\/#breadcrumb\"},\"inLanguage\":\"es\",\"potentialAction\":[{\"@type\":\"ReadAction\",\"target\":[\"https:\/\/www.ull.es\/portal\/noticias\/2024\/alumnado-programa-cooperar-cooperando-presenta-jornadas-experiencia-internacional\/\"]}]},{\"@type\":\"BreadcrumbList\",\"@id\":\"https:\/\/www.ull.es\/portal\/noticias\/2024\/alumnado-programa-cooperar-cooperando-presenta-jornadas-experiencia-internacional\/#breadcrumb\",\"itemListElement\":[{\"@type\":\"ListItem\",\"position\":1,\"name\":\"Portada\",\"item\":\"https:\/\/www.ull.es\/portal\/noticias\/\"},{\"@type\":\"ListItem\",\"position\":2,\"name\":\"El alumnado del programa de la ULL \u201cCooperar Cooperando\u201d presenta en unas jornadas su experiencia internacional\"}]},{\"@type\":\"WebSite\",\"@id\":\"https:\/\/www.ull.es\/portal\/noticias\/#website\",\"url\":\"https:\/\/www.ull.es\/portal\/noticias\/\",\"name\":\"ULL - Noticias\",\"description\":\"\",\"potentialAction\":[{\"@type\":\"SearchAction\",\"target\":{\"@type\":\"EntryPoint\",\"urlTemplate\":\"https:\/\/www.ull.es\/portal\/noticias\/?s={search_term_string}\"},\"query-input\":\"required name=search_term_string\"}],\"inLanguage\":\"es\"},{\"@type\":\"Person\",\"@id\":\"https:\/\/www.ull.es\/portal\/noticias\/#\/schema\/person\/c3b2aa857797592927a03740d6664376\",\"name\":\"prensa2\",\"image\":{\"@type\":\"ImageObject\",\"inLanguage\":\"es\",\"@id\":\"https:\/\/www.ull.es\/portal\/noticias\/#\/schema\/person\/image\/\",\"url\":\"https:\/\/secure.gravatar.com\/avatar\/b58f310a5de5feb33d1e026d2493f23c?s=96&d=mm&r=g\",\"contentUrl\":\"https:\/\/secure.gravatar.com\/avatar\/b58f310a5de5feb33d1e026d2493f23c?s=96&d=mm&r=g\",\"caption\":\"prensa2\"},\"url\":\"https:\/\/www.ull.es\/portal\/noticias\/author\/prensa2\/\"}]}<\/script>\n<!-- \/ Yoast SEO plugin. -->","yoast_head_json":{"title":"Una jornada presenta la experiencia internacional del alumnado","description":"Este encuentro contar\u00e1 con la presencia de estudiantes de la ULL que han trabajado en proyectos de cooperaci\u00f3n en \u00c1frica, Am\u00e9rica y Asia.","robots":{"index":"index","follow":"follow","max-snippet":"max-snippet:-1","max-image-preview":"max-image-preview:large","max-video-preview":"max-video-preview:-1"},"canonical":"https:\/\/www.ull.es\/portal\/noticias\/2024\/alumnado-programa-cooperar-cooperando-presenta-jornadas-experiencia-internacional\/","og_locale":"es_ES","og_type":"article","og_title":"Una jornada presenta la experiencia internacional del alumnado","og_description":"Este encuentro contar\u00e1 con la presencia de estudiantes de la ULL que han trabajado en proyectos de cooperaci\u00f3n en \u00c1frica, Am\u00e9rica y Asia.","og_url":"https:\/\/www.ull.es\/portal\/noticias\/2024\/alumnado-programa-cooperar-cooperando-presenta-jornadas-experiencia-internacional\/","og_site_name":"ULL - Noticias","article_publisher":"https:\/\/www.facebook.com\/universidaddelalaguna\/","article_published_time":"2024-11-28T10:10:22+00:00","og_image":[{"width":750,"height":370,"url":"https:\/\/www.ull.es\/portal\/noticias\/wp-content\/uploads\/sites\/13\/2024\/11\/I-Jornada-de-experiencias-de-cooperacion-internacional_Banner-eventos.png","type":"image\/png"}],"author":"prensa2","twitter_card":"summary_large_image","twitter_creator":"@CanalULL","twitter_site":"@CanalULL","twitter_misc":{"Escrito por":"prensa2","Tiempo de lectura":"2 minutos"},"schema":{"@context":"https:\/\/schema.org","@graph":[{"@type":"WebPage","@id":"https:\/\/www.ull.es\/portal\/noticias\/2024\/alumnado-programa-cooperar-cooperando-presenta-jornadas-experiencia-internacional\/","url":"https:\/\/www.ull.es\/portal\/noticias\/2024\/alumnado-programa-cooperar-cooperando-presenta-jornadas-experiencia-internacional\/","name":"Una jornada presenta la experiencia internacional del alumnado","isPartOf":{"@id":"https:\/\/www.ull.es\/portal\/noticias\/#website"},"datePublished":"2024-11-28T10:10:22+00:00","dateModified":"2024-11-28T10:10:22+00:00","author":{"@id":"https:\/\/www.ull.es\/portal\/noticias\/#\/schema\/person\/c3b2aa857797592927a03740d6664376"},"description":"Este encuentro contar\u00e1 con la presencia de estudiantes de la ULL que han trabajado en proyectos de cooperaci\u00f3n en \u00c1frica, Am\u00e9rica y Asia.","breadcrumb":{"@id":"https:\/\/www.ull.es\/portal\/noticias\/2024\/alumnado-programa-cooperar-cooperando-presenta-jornadas-experiencia-internacional\/#breadcrumb"},"inLanguage":"es","potentialAction":[{"@type":"ReadAction","target":["https:\/\/www.ull.es\/portal\/noticias\/2024\/alumnado-programa-cooperar-cooperando-presenta-jornadas-experiencia-internacional\/"]}]},{"@type":"BreadcrumbList","@id":"https:\/\/www.ull.es\/portal\/noticias\/2024\/alumnado-programa-cooperar-cooperando-presenta-jornadas-experiencia-internacional\/#breadcrumb","itemListElement":[{"@type":"ListItem","position":1,"name":"Portada","item":"https:\/\/www.ull.es\/portal\/noticias\/"},{"@type":"ListItem","position":2,"name":"El alumnado del programa de la ULL \u201cCooperar Cooperando\u201d presenta en unas jornadas su experiencia internacional"}]},{"@type":"WebSite","@id":"https:\/\/www.ull.es\/portal\/noticias\/#website","url":"https:\/\/www.ull.es\/portal\/noticias\/","name":"ULL - Noticias","description":"","potentialAction":[{"@type":"SearchAction","target":{"@type":"EntryPoint","urlTemplate":"https:\/\/www.ull.es\/portal\/noticias\/?s={search_term_string}"},"query-input":"required name=search_term_string"}],"inLanguage":"es"},{"@type":"Person","@id":"https:\/\/www.ull.es\/portal\/noticias\/#\/schema\/person\/c3b2aa857797592927a03740d6664376","name":"prensa2","image":{"@type":"ImageObject","inLanguage":"es","@id":"https:\/\/www.ull.es\/portal\/noticias\/#\/schema\/person\/image\/","url":"https:\/\/secure.gravatar.com\/avatar\/b58f310a5de5feb33d1e026d2493f23c?s=96&d=mm&r=g","contentUrl":"https:\/\/secure.gravatar.com\/avatar\/b58f310a5de5feb33d1e026d2493f23c?s=96&d=mm&r=g","caption":"prensa2"},"url":"https:\/\/www.ull.es\/portal\/noticias\/author\/prensa2\/"}]}},"primary_category":{"id":345,"name":"Destacado","slug":"destacado","link":"https:\/\/www.ull.es\/portal\/noticias\/category\/destacado\/"},"featured_image_thumbnail_url":"https:\/\/www.ull.es\/portal\/noticias\/wp-content\/uploads\/sites\/13\/2024\/11\/I-Jornada-de-experiencias-de-cooperacion-internacional_Banner-eventos-300x148.png","_links":{"self":[{"href":"https:\/\/www.ull.es\/portal\/noticias\/wp-json\/wp\/v2\/posts\/78997"}],"collection":[{"href":"https:\/\/www.ull.es\/portal\/noticias\/wp-json\/wp\/v2\/posts"}],"about":[{"href":"https:\/\/www.ull.es\/portal\/noticias\/wp-json\/wp\/v2\/types\/post"}],"author":[{"embeddable":true,"href":"https:\/\/www.ull.es\/portal\/noticias\/wp-json\/wp\/v2\/users\/21"}],"replies":[{"embeddable":true,"href":"https:\/\/www.ull.es\/portal\/noticias\/wp-json\/wp\/v2\/comments?post=78997"}],"version-history":[{"count":1,"href":"https:\/\/www.ull.es\/portal\/noticias\/wp-json\/wp\/v2\/posts\/78997\/revisions"}],"predecessor-version":[{"id":78999,"href":"https:\/\/www.ull.es\/portal\/noticias\/wp-json\/wp\/v2\/posts\/78997\/revisions\/78999"}],"wp:featuredmedia":[{"embeddable":true,"href":"https:\/\/www.ull.es\/portal\/noticias\/wp-json\/wp\/v2\/media\/78998"}],"wp:attachment":[{"href":"https:\/\/www.ull.es\/portal\/noticias\/wp-json\/wp\/v2\/media?parent=78997"}],"wp:term":[{"taxonomy":"category","embeddable":true,"href":"https:\/\/www.ull.es\/portal\/noticias\/wp-json\/wp\/v2\/categories?post=78997"},{"taxonomy":"post_tag","embeddable":true,"href":"https:\/\/www.ull.es\/portal\/noticias\/wp-json\/wp\/v2\/tags?post=78997"}],"curies":[{"name":"wp","href":"https:\/\/api.w.org\/{rel}","templated":true}]}}