{"id":80323,"date":"2025-02-20T13:08:16","date_gmt":"2025-02-20T13:08:16","guid":{"rendered":"https:\/\/www.ull.es\/portal\/noticias\/?p=80323"},"modified":"2025-02-20T13:08:16","modified_gmt":"2025-02-20T13:08:16","slug":"una-investigacion-de-la-ull-sobre-el-comportamiento-de-las-cooperativas-agroalimentarias-premio-de-la-escuela-de-economia-social-de-la-ucm","status":"publish","type":"post","link":"https:\/\/www.ull.es\/portal\/noticias\/2025\/una-investigacion-de-la-ull-sobre-el-comportamiento-de-las-cooperativas-agroalimentarias-premio-de-la-escuela-de-economia-social-de-la-ucm\/","title":{"rendered":"Una investigaci\u00f3n de la ULL sobre el comportamiento de las cooperativas agroalimentarias, premio de la Escuela de Econom\u00eda Social de la UCM"},"content":{"rendered":"<p>En el marco de los XIV Premios a la Investigaci\u00f3n y Docencia en Materia de Organizaciones de Participaci\u00f3n, correspondientes al a\u00f1o acad\u00e9mico 2024\/25, la <a href=\"https:\/\/www.ucm.es\/eescoop\/noticias\" target=\"_blank\" rel=\"noopener\">Escuela de Econom\u00eda Social, Cooperativas y Otras Organizaciones de Participaci\u00f3n (EESCOOP)<\/a> de la Universidad Complutense de Madrid ha decidido concederle el premio al art\u00edculo con potencial mayor impacto presentado a <a href=\"https:\/\/revistas.ucm.es\/index.php\/REVE\" target=\"_blank\" rel=\"noopener\">Revesco. Revista de Estudios Cooperativos<\/a> al art\u00edculo de t\u00edtulo \u2018El comportamiento estrat\u00e9gico de las cooperativas: su ciclo adaptativo\u2019. Sus autores son los profesores de la Universidad de La Laguna <a href=\"https:\/\/portalciencia.ull.es\/investigadores\/80973\/detalle\" target=\"_blank\" rel=\"noopener\">Ana M\u00aa Garc\u00eda<\/a>, <a href=\"https:\/\/portalciencia.ull.es\/investigadores\/82189\/detalle\" target=\"_blank\" rel=\"noopener\">Vanessa Yanes<\/a> y <a href=\"https:\/\/portalciencia.ull.es\/investigadores\/81009\/detalle\" target=\"_blank\" rel=\"noopener\">C\u00e1ndido Rom\u00e1n<\/a>, del Departamento de Direcci\u00f3n de Empresas e Historia Econ\u00f3mica, y <a href=\"https:\/\/portalciencia.ull.es\/investigadores\/80811\/detalle\" target=\"_blank\" rel=\"noopener\">Enrique Gonz\u00e1lez<\/a>, de Matem\u00e1ticas, Estad\u00edstica e Investigaci\u00f3n Operativa.<\/p>\n<p>Esta investigaci\u00f3n aborda el estudio de una de las formas m\u00e1s extendidas de asociacionismo agrario como son las cooperativas agroalimentarias, con un papel social y econ\u00f3mico clave en el sector. El valor a\u00f1adido de este trabajo es que se acerca a las cooperativas agroalimentarias desde la perspectiva de la direcci\u00f3n estrat\u00e9gica, abordando el estudio de su comportamiento estrat\u00e9gico. Por ello, este art\u00edculo aporta un conocimiento valioso y un planteamiento te\u00f3rico destacado para el sector cooperativo, que contribuye a solventar una laguna existente en la investigaci\u00f3n sobre el comportamiento estrat\u00e9gico de estas organizaciones y que ha sido reconocido con este premio.<\/p>\n<p>El comportamiento estrat\u00e9gico de las cooperativas agroalimentarias se estudia en este art\u00edculo por medio de la aplicaci\u00f3n de la tipolog\u00eda estrat\u00e9gica publicada por Raymon E. Miles y Charles C. Snow. Esta tipolog\u00eda define cuatro tipos estrat\u00e9gicos (prospectivo, analizador, defensivo y reactivo) en funci\u00f3n de c\u00f3mo una organizaci\u00f3n, en este caso, cooperativas agroalimentarias, afronta su problema emprendedor (qu\u00e9 productos ofrece y en qu\u00e9 mercados), su problema tecnol\u00f3gico (qu\u00e9 tecnolog\u00eda utiliza para obtener y vender sus productos) y su problema administrativo <em>(<\/em>c\u00f3mo se organiza para ofrecer y vender sus productos<em>).<\/em> Para estos autores la supervivencia de las organizaciones depende del ajuste entre esos tres problemas, que denominan ciclo adaptativo.<\/p>\n<p>Su aplicaci\u00f3n pionera a las cooperativas agroalimentarias de Canarias en este art\u00edculo ha evidenciado que dichas cooperativas adoptan un comportamiento estrat\u00e9gico analizador o h\u00edbrido, buscando equilibrar eficiencia y control de costes con innovaci\u00f3n. Adem\u00e1s, el an\u00e1lisis del ajuste estrat\u00e9gico o ciclo adaptativo de las cooperativas agroalimentarias ha permitido observar un elevado ajuste entre las decisiones y aspectos relacionados con el problema emprendedor o con qu\u00e9 productos ofrece y en qu\u00e9 mercados.<\/p>\n<p>Sin embargo, el problema emprendedor presenta una escasa correlaci\u00f3n con las decisiones vinculadas a la tecnolog\u00eda utilizada en las cooperativas (problema tecnol\u00f3gico) y con las caracter\u00edsticas organizativas (problema administrativo). Adem\u00e1s de estas conclusiones, este art\u00edculo pone de manifiesto la existencia de una clara debilidad estrat\u00e9gica: la planificaci\u00f3n llevada a cabo por las cooperativas agroalimentarias, ya que presenta una adaptaci\u00f3n inversa a la que deber\u00eda ser, dadas las caracter\u00edsticas organizativas de estas cooperativas y los productos que ofrecen en los mercados a los que van destinados.<\/p>\n<p>En este sentido, y como implicaci\u00f3n pr\u00e1ctica de este estudio, se resalta que los directivos y directivas de las cooperativas agroalimentarias necesitan ser conscientes de que tienen que dise\u00f1ar una planificaci\u00f3n flexible que les permita ofrecer productos innovadores para aprovechar las oportunidades del entorno.<\/p>\n<p>Todo ello ha de hacerse con el dise\u00f1o organizativo y la tecnolog\u00eda adecuados. De esta manera mejorar\u00e1 el ajuste entre los distintos aspectos o problemas estrat\u00e9gicos de estas organizaciones y, con ello, su ciclo adaptativo. Las cooperativas agroalimentarias tendr\u00e1n as\u00ed m\u00e1s probabilidades de ser competitivas en un entorno cada vez m\u00e1s exigente.<\/p>\n","protected":false},"excerpt":{"rendered":"<p>En el marco de los XIV Premios a la Investigaci\u00f3n y Docencia en Materia de Organizaciones de Participaci\u00f3n, correspondientes al&#8230;<\/p>\n","protected":false},"author":23,"featured_media":80324,"comment_status":"closed","ping_status":"closed","sticky":false,"template":"","format":"standard","meta":{"inline_featured_image":false,"footnotes":""},"categories":[345,3329,350,3478,2765],"tags":[],"acf":[],"yoast_head":"<!-- This site is optimized with the Yoast SEO plugin v21.3 - https:\/\/yoast.com\/wordpress\/plugins\/seo\/ -->\n<title>Una investigaci\u00f3n de la ULL sobre el comportamiento de las cooperativas agroalimentarias, premio de la Escuela de Econom\u00eda Social de la UCM - ULL - Noticias<\/title>\n<meta name=\"robots\" content=\"index, follow, max-snippet:-1, max-image-preview:large, max-video-preview:-1\" \/>\n<link rel=\"canonical\" href=\"https:\/\/www.ull.es\/portal\/noticias\/2025\/una-investigacion-de-la-ull-sobre-el-comportamiento-de-las-cooperativas-agroalimentarias-premio-de-la-escuela-de-economia-social-de-la-ucm\/\" \/>\n<meta property=\"og:locale\" content=\"es_ES\" \/>\n<meta property=\"og:type\" content=\"article\" \/>\n<meta property=\"og:title\" content=\"Una investigaci\u00f3n de la ULL sobre el comportamiento de las cooperativas agroalimentarias, premio de la Escuela de Econom\u00eda Social de la UCM - ULL - Noticias\" \/>\n<meta property=\"og:description\" content=\"En el marco de los XIV Premios a la Investigaci\u00f3n y Docencia en Materia de Organizaciones de Participaci\u00f3n, correspondientes al...\" \/>\n<meta property=\"og:url\" content=\"https:\/\/www.ull.es\/portal\/noticias\/2025\/una-investigacion-de-la-ull-sobre-el-comportamiento-de-las-cooperativas-agroalimentarias-premio-de-la-escuela-de-economia-social-de-la-ucm\/\" \/>\n<meta property=\"og:site_name\" content=\"ULL - Noticias\" \/>\n<meta property=\"article:publisher\" content=\"https:\/\/www.facebook.com\/universidaddelalaguna\/\" \/>\n<meta property=\"article:published_time\" content=\"2025-02-20T13:08:16+00:00\" \/>\n<meta property=\"og:image\" content=\"https:\/\/www.ull.es\/portal\/noticias\/wp-content\/uploads\/sites\/13\/2025\/02\/cooperativas-agroalimentarias-Candido-Roman-Ana-Garcia-Vanessa-Yanes-Enrique-Gonzalez-.jpg\" \/>\n\t<meta property=\"og:image:width\" content=\"1200\" \/>\n\t<meta property=\"og:image:height\" content=\"800\" \/>\n\t<meta property=\"og:image:type\" content=\"image\/jpeg\" \/>\n<meta name=\"author\" content=\"gaprsa\" \/>\n<meta name=\"twitter:card\" content=\"summary_large_image\" \/>\n<meta name=\"twitter:creator\" content=\"@CanalULL\" \/>\n<meta name=\"twitter:site\" content=\"@CanalULL\" \/>\n<meta name=\"twitter:label1\" content=\"Escrito por\" \/>\n\t<meta name=\"twitter:data1\" content=\"gaprsa\" \/>\n\t<meta name=\"twitter:label2\" content=\"Tiempo de lectura\" \/>\n\t<meta name=\"twitter:data2\" content=\"3 minutos\" \/>\n<script type=\"application\/ld+json\" class=\"yoast-schema-graph\">{\"@context\":\"https:\/\/schema.org\",\"@graph\":[{\"@type\":\"WebPage\",\"@id\":\"https:\/\/www.ull.es\/portal\/noticias\/2025\/una-investigacion-de-la-ull-sobre-el-comportamiento-de-las-cooperativas-agroalimentarias-premio-de-la-escuela-de-economia-social-de-la-ucm\/\",\"url\":\"https:\/\/www.ull.es\/portal\/noticias\/2025\/una-investigacion-de-la-ull-sobre-el-comportamiento-de-las-cooperativas-agroalimentarias-premio-de-la-escuela-de-economia-social-de-la-ucm\/\",\"name\":\"Una investigaci\u00f3n de la ULL sobre el comportamiento de las cooperativas agroalimentarias, premio de la Escuela de Econom\u00eda Social de la UCM - ULL - Noticias\",\"isPartOf\":{\"@id\":\"https:\/\/www.ull.es\/portal\/noticias\/#website\"},\"datePublished\":\"2025-02-20T13:08:16+00:00\",\"dateModified\":\"2025-02-20T13:08:16+00:00\",\"author\":{\"@id\":\"https:\/\/www.ull.es\/portal\/noticias\/#\/schema\/person\/b2b1a89d43ffa609e591f7df8ef3e817\"},\"breadcrumb\":{\"@id\":\"https:\/\/www.ull.es\/portal\/noticias\/2025\/una-investigacion-de-la-ull-sobre-el-comportamiento-de-las-cooperativas-agroalimentarias-premio-de-la-escuela-de-economia-social-de-la-ucm\/#breadcrumb\"},\"inLanguage\":\"es\",\"potentialAction\":[{\"@type\":\"ReadAction\",\"target\":[\"https:\/\/www.ull.es\/portal\/noticias\/2025\/una-investigacion-de-la-ull-sobre-el-comportamiento-de-las-cooperativas-agroalimentarias-premio-de-la-escuela-de-economia-social-de-la-ucm\/\"]}]},{\"@type\":\"BreadcrumbList\",\"@id\":\"https:\/\/www.ull.es\/portal\/noticias\/2025\/una-investigacion-de-la-ull-sobre-el-comportamiento-de-las-cooperativas-agroalimentarias-premio-de-la-escuela-de-economia-social-de-la-ucm\/#breadcrumb\",\"itemListElement\":[{\"@type\":\"ListItem\",\"position\":1,\"name\":\"Portada\",\"item\":\"https:\/\/www.ull.es\/portal\/noticias\/\"},{\"@type\":\"ListItem\",\"position\":2,\"name\":\"Una investigaci\u00f3n de la ULL sobre el comportamiento de las cooperativas agroalimentarias, premio de la Escuela de Econom\u00eda Social de la UCM\"}]},{\"@type\":\"WebSite\",\"@id\":\"https:\/\/www.ull.es\/portal\/noticias\/#website\",\"url\":\"https:\/\/www.ull.es\/portal\/noticias\/\",\"name\":\"ULL - Noticias\",\"description\":\"\",\"potentialAction\":[{\"@type\":\"SearchAction\",\"target\":{\"@type\":\"EntryPoint\",\"urlTemplate\":\"https:\/\/www.ull.es\/portal\/noticias\/?s={search_term_string}\"},\"query-input\":\"required name=search_term_string\"}],\"inLanguage\":\"es\"},{\"@type\":\"Person\",\"@id\":\"https:\/\/www.ull.es\/portal\/noticias\/#\/schema\/person\/b2b1a89d43ffa609e591f7df8ef3e817\",\"name\":\"gaprsa\",\"image\":{\"@type\":\"ImageObject\",\"inLanguage\":\"es\",\"@id\":\"https:\/\/www.ull.es\/portal\/noticias\/#\/schema\/person\/image\/\",\"url\":\"https:\/\/secure.gravatar.com\/avatar\/443820550921091458b4823867723b3d?s=96&d=mm&r=g\",\"contentUrl\":\"https:\/\/secure.gravatar.com\/avatar\/443820550921091458b4823867723b3d?s=96&d=mm&r=g\",\"caption\":\"gaprsa\"},\"url\":\"https:\/\/www.ull.es\/portal\/noticias\/author\/gaprsa\/\"}]}<\/script>\n<!-- \/ Yoast SEO plugin. -->","yoast_head_json":{"title":"Una investigaci\u00f3n de la ULL sobre el comportamiento de las cooperativas agroalimentarias, premio de la Escuela de Econom\u00eda Social de la UCM - ULL - Noticias","robots":{"index":"index","follow":"follow","max-snippet":"max-snippet:-1","max-image-preview":"max-image-preview:large","max-video-preview":"max-video-preview:-1"},"canonical":"https:\/\/www.ull.es\/portal\/noticias\/2025\/una-investigacion-de-la-ull-sobre-el-comportamiento-de-las-cooperativas-agroalimentarias-premio-de-la-escuela-de-economia-social-de-la-ucm\/","og_locale":"es_ES","og_type":"article","og_title":"Una investigaci\u00f3n de la ULL sobre el comportamiento de las cooperativas agroalimentarias, premio de la Escuela de Econom\u00eda Social de la UCM - ULL - Noticias","og_description":"En el marco de los XIV Premios a la Investigaci\u00f3n y Docencia en Materia de Organizaciones de Participaci\u00f3n, correspondientes al...","og_url":"https:\/\/www.ull.es\/portal\/noticias\/2025\/una-investigacion-de-la-ull-sobre-el-comportamiento-de-las-cooperativas-agroalimentarias-premio-de-la-escuela-de-economia-social-de-la-ucm\/","og_site_name":"ULL - Noticias","article_publisher":"https:\/\/www.facebook.com\/universidaddelalaguna\/","article_published_time":"2025-02-20T13:08:16+00:00","og_image":[{"width":1200,"height":800,"url":"https:\/\/www.ull.es\/portal\/noticias\/wp-content\/uploads\/sites\/13\/2025\/02\/cooperativas-agroalimentarias-Candido-Roman-Ana-Garcia-Vanessa-Yanes-Enrique-Gonzalez-.jpg","type":"image\/jpeg"}],"author":"gaprsa","twitter_card":"summary_large_image","twitter_creator":"@CanalULL","twitter_site":"@CanalULL","twitter_misc":{"Escrito por":"gaprsa","Tiempo de lectura":"3 minutos"},"schema":{"@context":"https:\/\/schema.org","@graph":[{"@type":"WebPage","@id":"https:\/\/www.ull.es\/portal\/noticias\/2025\/una-investigacion-de-la-ull-sobre-el-comportamiento-de-las-cooperativas-agroalimentarias-premio-de-la-escuela-de-economia-social-de-la-ucm\/","url":"https:\/\/www.ull.es\/portal\/noticias\/2025\/una-investigacion-de-la-ull-sobre-el-comportamiento-de-las-cooperativas-agroalimentarias-premio-de-la-escuela-de-economia-social-de-la-ucm\/","name":"Una investigaci\u00f3n de la ULL sobre el comportamiento de las cooperativas agroalimentarias, premio de la Escuela de Econom\u00eda Social de la UCM - ULL - Noticias","isPartOf":{"@id":"https:\/\/www.ull.es\/portal\/noticias\/#website"},"datePublished":"2025-02-20T13:08:16+00:00","dateModified":"2025-02-20T13:08:16+00:00","author":{"@id":"https:\/\/www.ull.es\/portal\/noticias\/#\/schema\/person\/b2b1a89d43ffa609e591f7df8ef3e817"},"breadcrumb":{"@id":"https:\/\/www.ull.es\/portal\/noticias\/2025\/una-investigacion-de-la-ull-sobre-el-comportamiento-de-las-cooperativas-agroalimentarias-premio-de-la-escuela-de-economia-social-de-la-ucm\/#breadcrumb"},"inLanguage":"es","potentialAction":[{"@type":"ReadAction","target":["https:\/\/www.ull.es\/portal\/noticias\/2025\/una-investigacion-de-la-ull-sobre-el-comportamiento-de-las-cooperativas-agroalimentarias-premio-de-la-escuela-de-economia-social-de-la-ucm\/"]}]},{"@type":"BreadcrumbList","@id":"https:\/\/www.ull.es\/portal\/noticias\/2025\/una-investigacion-de-la-ull-sobre-el-comportamiento-de-las-cooperativas-agroalimentarias-premio-de-la-escuela-de-economia-social-de-la-ucm\/#breadcrumb","itemListElement":[{"@type":"ListItem","position":1,"name":"Portada","item":"https:\/\/www.ull.es\/portal\/noticias\/"},{"@type":"ListItem","position":2,"name":"Una investigaci\u00f3n de la ULL sobre el comportamiento de las cooperativas agroalimentarias, premio de la Escuela de Econom\u00eda Social de la UCM"}]},{"@type":"WebSite","@id":"https:\/\/www.ull.es\/portal\/noticias\/#website","url":"https:\/\/www.ull.es\/portal\/noticias\/","name":"ULL - Noticias","description":"","potentialAction":[{"@type":"SearchAction","target":{"@type":"EntryPoint","urlTemplate":"https:\/\/www.ull.es\/portal\/noticias\/?s={search_term_string}"},"query-input":"required name=search_term_string"}],"inLanguage":"es"},{"@type":"Person","@id":"https:\/\/www.ull.es\/portal\/noticias\/#\/schema\/person\/b2b1a89d43ffa609e591f7df8ef3e817","name":"gaprsa","image":{"@type":"ImageObject","inLanguage":"es","@id":"https:\/\/www.ull.es\/portal\/noticias\/#\/schema\/person\/image\/","url":"https:\/\/secure.gravatar.com\/avatar\/443820550921091458b4823867723b3d?s=96&d=mm&r=g","contentUrl":"https:\/\/secure.gravatar.com\/avatar\/443820550921091458b4823867723b3d?s=96&d=mm&r=g","caption":"gaprsa"},"url":"https:\/\/www.ull.es\/portal\/noticias\/author\/gaprsa\/"}]}},"primary_category":{"id":345,"name":"Destacado","slug":"destacado","link":"https:\/\/www.ull.es\/portal\/noticias\/category\/destacado\/"},"featured_image_thumbnail_url":"https:\/\/www.ull.es\/portal\/noticias\/wp-content\/uploads\/sites\/13\/2025\/02\/cooperativas-agroalimentarias-Candido-Roman-Ana-Garcia-Vanessa-Yanes-Enrique-Gonzalez--300x200.jpg","_links":{"self":[{"href":"https:\/\/www.ull.es\/portal\/noticias\/wp-json\/wp\/v2\/posts\/80323"}],"collection":[{"href":"https:\/\/www.ull.es\/portal\/noticias\/wp-json\/wp\/v2\/posts"}],"about":[{"href":"https:\/\/www.ull.es\/portal\/noticias\/wp-json\/wp\/v2\/types\/post"}],"author":[{"embeddable":true,"href":"https:\/\/www.ull.es\/portal\/noticias\/wp-json\/wp\/v2\/users\/23"}],"replies":[{"embeddable":true,"href":"https:\/\/www.ull.es\/portal\/noticias\/wp-json\/wp\/v2\/comments?post=80323"}],"version-history":[{"count":1,"href":"https:\/\/www.ull.es\/portal\/noticias\/wp-json\/wp\/v2\/posts\/80323\/revisions"}],"predecessor-version":[{"id":80325,"href":"https:\/\/www.ull.es\/portal\/noticias\/wp-json\/wp\/v2\/posts\/80323\/revisions\/80325"}],"wp:featuredmedia":[{"embeddable":true,"href":"https:\/\/www.ull.es\/portal\/noticias\/wp-json\/wp\/v2\/media\/80324"}],"wp:attachment":[{"href":"https:\/\/www.ull.es\/portal\/noticias\/wp-json\/wp\/v2\/media?parent=80323"}],"wp:term":[{"taxonomy":"category","embeddable":true,"href":"https:\/\/www.ull.es\/portal\/noticias\/wp-json\/wp\/v2\/categories?post=80323"},{"taxonomy":"post_tag","embeddable":true,"href":"https:\/\/www.ull.es\/portal\/noticias\/wp-json\/wp\/v2\/tags?post=80323"}],"curies":[{"name":"wp","href":"https:\/\/api.w.org\/{rel}","templated":true}]}}