{"id":80547,"date":"2025-02-28T14:53:39","date_gmt":"2025-02-28T14:53:39","guid":{"rendered":"https:\/\/www.ull.es\/portal\/noticias\/?p=80547"},"modified":"2025-02-28T14:53:39","modified_gmt":"2025-02-28T14:53:39","slug":"ull-urbanismo-laguna-ayuntamiento-madrid-innovacion","status":"publish","type":"post","link":"https:\/\/www.ull.es\/portal\/noticias\/2025\/ull-urbanismo-laguna-ayuntamiento-madrid-innovacion\/","title":{"rendered":"La ULL, Gerencia de Urbanismo de La Laguna y Ayuntamiento de Madrid comparten experiencias en innovaci\u00f3n"},"content":{"rendered":"<p><span data-olk-copy-source=\"MessageBody\">La directora t\u00e9cnica de la Gerencia de Urbanismo de La Laguna, Mar\u00eda Bencomo, ha recibido a las jefas del Servicio de Coordinaci\u00f3n e Innovaci\u00f3n de Licencias y del Departamento de Coordinaci\u00f3n de Licencias del Ayuntamiento de Madrid, Marta Parro y Mar\u00eda Serena, respectivamente, en un encuentro de car\u00e1cter t\u00e9cnico centrado en compartir experiencias y soluciones tecnol\u00f3gicas para agilizar y automatizar la gesti\u00f3n de licencias de construcci\u00f3n. La reuni\u00f3n ha contado con la colaboraci\u00f3n de la profesora de la Escuela Polit\u00e9cnica Superior de Ingenier\u00eda de la Universidad de La Laguna y responsable del BIMLab ULL, Norena Mart\u00edn, y se ha realizado en el marco de la <a href=\"https:\/\/www.ull.es\/portal\/noticias\/2025\/digitalizacion-construccion-estandarizacion-bim\/\" target=\"_blank\" rel=\"noopener\" target=\"_blank\" rel=\"noopener\">Jornada de Innovaci\u00f3n en la Industria y la Construcci\u00f3n<\/a> que organiz\u00f3 la instituci\u00f3n acad\u00e9mica.<\/span><\/p>\n<p>La reuni\u00f3n cont\u00f3 con una amplia representaci\u00f3n del equipo t\u00e9cnico de la Gerencia de Urbanismo y con la participaci\u00f3n de los jefes de Coordinaci\u00f3n, Pedro Lasso; de la Secci\u00f3n de Modernizaci\u00f3n, Atenci\u00f3n a la Ciudadan\u00eda y Documentaci\u00f3n, Pedro S\u00e1nchez del R\u00edo, as\u00ed como de los Servicios de Licencias, Cristina Fuertes, y de Informaci\u00f3n territorial y Nuevas Tecnolog\u00edas, Esteban Benito. Tambi\u00e9n cont\u00f3 con la presencia del t\u00e9cnico de Sistemas de Informaci\u00f3n Geogr\u00e1fica del Organismo Aut\u00f3nomo, Alejandro Badell, y de la investigadora en el Departamento de T\u00e9cnicas y Proyectos en Ingenier\u00eda y Arquitectura de la citada Escuela Polit\u00e9cnica de la Universidad de La Laguna, Ana P\u00e9rez.<\/p>\n<p>\u201cEste encuentro ha sido una oportunidad para reforzar nuestro compromiso con la innovaci\u00f3n, compartir propuestas, avanzar en modernizaci\u00f3n y conocer los objetivos y acciones de Madrid, como uno de los municipios del pa\u00eds con mayor implantaci\u00f3n tecnol\u00f3gica y del BIM en el \u00e1mbito de las licencias\u201d, explic\u00f3 Mar\u00eda Bencomo, quien agradeci\u00f3 \u201ca la profesora Norena Mart\u00edn y a la Universidad de La Laguna su cooperaci\u00f3n y respaldo al crecimiento tecnol\u00f3gico y humano de La Laguna\u201d.<\/p>\n<p>El BIM (modelos de informaci\u00f3n en la construcci\u00f3n, por sus siglas en ingl\u00e9s) es una metodolog\u00eda de trabajo colaborativa que centraliza toda la informaci\u00f3n de un proyecto de construcci\u00f3n en un modelo de informaci\u00f3n digital, el cual es creado por todos los agentes participantes. Supone una evoluci\u00f3n de los sistemas tradicionales basados en el plano e incorpora informaci\u00f3n geom\u00e9trica, temporal, de costes, ambiental y de mantenimiento. Esto permite abarcar todas las fases de ejecuci\u00f3n y el ciclo de vida de una construcci\u00f3n, por lo que se reducen costes y tiempos, pero tambi\u00e9n se mejora el control y seguimiento.<\/p>\n<p><strong>Implantaci\u00f3n en la contrataci\u00f3n p\u00fablica espa\u00f1ola<\/strong><\/p>\n<p>Este sistema se est\u00e1 implantando progresivamente en todos los pa\u00edses de la Uni\u00f3n Europea, conforme a la recomendaci\u00f3n de la Directiva Europea de Contrataci\u00f3n P\u00fablica 2014\/24. De hecho, la Comisi\u00f3n Interministerial BIM espa\u00f1ola est\u00e1 trabajando para su implementaci\u00f3n en la contrataci\u00f3n y obra p\u00fablica estatal, con un desarrollo\u00a0progresivo\u00a0hasta el a\u00f1o 2030, y ya muchos organismos p\u00fablicos est\u00e1n requiriendo BIM.<\/p>\n<p>(Nota y foto cedidas por el Ayuntamiento de La Laguna).<\/p>\n","protected":false},"excerpt":{"rendered":"<p>La directora t\u00e9cnica de la Gerencia de Urbanismo de La Laguna, Mar\u00eda Bencomo, ha recibido a las jefas del Servicio&#8230;<\/p>\n","protected":false},"author":21,"featured_media":80548,"comment_status":"closed","ping_status":"closed","sticky":false,"template":"","format":"standard","meta":{"inline_featured_image":false,"footnotes":""},"categories":[345,348,2765],"tags":[604,8983,645,11483,1981],"acf":[],"yoast_head":"<!-- This site is optimized with the Yoast SEO plugin v21.3 - https:\/\/yoast.com\/wordpress\/plugins\/seo\/ -->\n<title>La ULL, Urbanismo de La Laguna y Madrid comparten experiencias<\/title>\n<meta name=\"description\" content=\"Responsables relacionados con los \u00e1mbitos de urbanismo y construcci\u00f3n de las tres entidades abordan las mejoras fruto de la tecnolog\u00eda BIM\" \/>\n<meta name=\"robots\" content=\"index, follow, max-snippet:-1, max-image-preview:large, max-video-preview:-1\" \/>\n<link rel=\"canonical\" href=\"https:\/\/www.ull.es\/portal\/noticias\/2025\/ull-urbanismo-laguna-ayuntamiento-madrid-innovacion\/\" \/>\n<meta property=\"og:locale\" content=\"es_ES\" \/>\n<meta property=\"og:type\" content=\"article\" \/>\n<meta property=\"og:title\" content=\"La ULL, Urbanismo de La Laguna y Madrid comparten experiencias\" \/>\n<meta property=\"og:description\" content=\"Responsables relacionados con los \u00e1mbitos de urbanismo y construcci\u00f3n de las tres entidades abordan las mejoras fruto de la tecnolog\u00eda BIM\" \/>\n<meta property=\"og:url\" content=\"https:\/\/www.ull.es\/portal\/noticias\/2025\/ull-urbanismo-laguna-ayuntamiento-madrid-innovacion\/\" \/>\n<meta property=\"og:site_name\" content=\"ULL - Noticias\" \/>\n<meta property=\"article:publisher\" content=\"https:\/\/www.facebook.com\/universidaddelalaguna\/\" \/>\n<meta property=\"article:published_time\" content=\"2025-02-28T14:53:39+00:00\" \/>\n<meta property=\"og:image\" content=\"https:\/\/www.ull.es\/portal\/noticias\/wp-content\/uploads\/sites\/13\/2025\/02\/Reunion_Urbanismo_AytoMadrid_ULL.jpg\" \/>\n\t<meta property=\"og:image:width\" content=\"1200\" \/>\n\t<meta property=\"og:image:height\" content=\"721\" \/>\n\t<meta property=\"og:image:type\" content=\"image\/jpeg\" \/>\n<meta name=\"author\" content=\"prensa2\" \/>\n<meta name=\"twitter:card\" content=\"summary_large_image\" \/>\n<meta name=\"twitter:creator\" content=\"@CanalULL\" \/>\n<meta name=\"twitter:site\" content=\"@CanalULL\" \/>\n<meta name=\"twitter:label1\" content=\"Escrito por\" \/>\n\t<meta name=\"twitter:data1\" content=\"prensa2\" \/>\n\t<meta name=\"twitter:label2\" content=\"Tiempo de lectura\" \/>\n\t<meta name=\"twitter:data2\" content=\"3 minutos\" \/>\n<script type=\"application\/ld+json\" class=\"yoast-schema-graph\">{\"@context\":\"https:\/\/schema.org\",\"@graph\":[{\"@type\":\"WebPage\",\"@id\":\"https:\/\/www.ull.es\/portal\/noticias\/2025\/ull-urbanismo-laguna-ayuntamiento-madrid-innovacion\/\",\"url\":\"https:\/\/www.ull.es\/portal\/noticias\/2025\/ull-urbanismo-laguna-ayuntamiento-madrid-innovacion\/\",\"name\":\"La ULL, Urbanismo de La Laguna y Madrid comparten experiencias\",\"isPartOf\":{\"@id\":\"https:\/\/www.ull.es\/portal\/noticias\/#website\"},\"datePublished\":\"2025-02-28T14:53:39+00:00\",\"dateModified\":\"2025-02-28T14:53:39+00:00\",\"author\":{\"@id\":\"https:\/\/www.ull.es\/portal\/noticias\/#\/schema\/person\/c3b2aa857797592927a03740d6664376\"},\"description\":\"Responsables relacionados con los \u00e1mbitos de urbanismo y construcci\u00f3n de las tres entidades abordan las mejoras fruto de la tecnolog\u00eda BIM\",\"breadcrumb\":{\"@id\":\"https:\/\/www.ull.es\/portal\/noticias\/2025\/ull-urbanismo-laguna-ayuntamiento-madrid-innovacion\/#breadcrumb\"},\"inLanguage\":\"es\",\"potentialAction\":[{\"@type\":\"ReadAction\",\"target\":[\"https:\/\/www.ull.es\/portal\/noticias\/2025\/ull-urbanismo-laguna-ayuntamiento-madrid-innovacion\/\"]}]},{\"@type\":\"BreadcrumbList\",\"@id\":\"https:\/\/www.ull.es\/portal\/noticias\/2025\/ull-urbanismo-laguna-ayuntamiento-madrid-innovacion\/#breadcrumb\",\"itemListElement\":[{\"@type\":\"ListItem\",\"position\":1,\"name\":\"Portada\",\"item\":\"https:\/\/www.ull.es\/portal\/noticias\/\"},{\"@type\":\"ListItem\",\"position\":2,\"name\":\"La ULL, Gerencia de Urbanismo de La Laguna y Ayuntamiento de Madrid comparten experiencias en innovaci\u00f3n\"}]},{\"@type\":\"WebSite\",\"@id\":\"https:\/\/www.ull.es\/portal\/noticias\/#website\",\"url\":\"https:\/\/www.ull.es\/portal\/noticias\/\",\"name\":\"ULL - Noticias\",\"description\":\"\",\"potentialAction\":[{\"@type\":\"SearchAction\",\"target\":{\"@type\":\"EntryPoint\",\"urlTemplate\":\"https:\/\/www.ull.es\/portal\/noticias\/?s={search_term_string}\"},\"query-input\":\"required name=search_term_string\"}],\"inLanguage\":\"es\"},{\"@type\":\"Person\",\"@id\":\"https:\/\/www.ull.es\/portal\/noticias\/#\/schema\/person\/c3b2aa857797592927a03740d6664376\",\"name\":\"prensa2\",\"image\":{\"@type\":\"ImageObject\",\"inLanguage\":\"es\",\"@id\":\"https:\/\/www.ull.es\/portal\/noticias\/#\/schema\/person\/image\/\",\"url\":\"https:\/\/secure.gravatar.com\/avatar\/b58f310a5de5feb33d1e026d2493f23c?s=96&d=mm&r=g\",\"contentUrl\":\"https:\/\/secure.gravatar.com\/avatar\/b58f310a5de5feb33d1e026d2493f23c?s=96&d=mm&r=g\",\"caption\":\"prensa2\"},\"url\":\"https:\/\/www.ull.es\/portal\/noticias\/author\/prensa2\/\"}]}<\/script>\n<!-- \/ Yoast SEO plugin. -->","yoast_head_json":{"title":"La ULL, Urbanismo de La Laguna y Madrid comparten experiencias","description":"Responsables relacionados con los \u00e1mbitos de urbanismo y construcci\u00f3n de las tres entidades abordan las mejoras fruto de la tecnolog\u00eda BIM","robots":{"index":"index","follow":"follow","max-snippet":"max-snippet:-1","max-image-preview":"max-image-preview:large","max-video-preview":"max-video-preview:-1"},"canonical":"https:\/\/www.ull.es\/portal\/noticias\/2025\/ull-urbanismo-laguna-ayuntamiento-madrid-innovacion\/","og_locale":"es_ES","og_type":"article","og_title":"La ULL, Urbanismo de La Laguna y Madrid comparten experiencias","og_description":"Responsables relacionados con los \u00e1mbitos de urbanismo y construcci\u00f3n de las tres entidades abordan las mejoras fruto de la tecnolog\u00eda BIM","og_url":"https:\/\/www.ull.es\/portal\/noticias\/2025\/ull-urbanismo-laguna-ayuntamiento-madrid-innovacion\/","og_site_name":"ULL - Noticias","article_publisher":"https:\/\/www.facebook.com\/universidaddelalaguna\/","article_published_time":"2025-02-28T14:53:39+00:00","og_image":[{"width":1200,"height":721,"url":"https:\/\/www.ull.es\/portal\/noticias\/wp-content\/uploads\/sites\/13\/2025\/02\/Reunion_Urbanismo_AytoMadrid_ULL.jpg","type":"image\/jpeg"}],"author":"prensa2","twitter_card":"summary_large_image","twitter_creator":"@CanalULL","twitter_site":"@CanalULL","twitter_misc":{"Escrito por":"prensa2","Tiempo de lectura":"3 minutos"},"schema":{"@context":"https:\/\/schema.org","@graph":[{"@type":"WebPage","@id":"https:\/\/www.ull.es\/portal\/noticias\/2025\/ull-urbanismo-laguna-ayuntamiento-madrid-innovacion\/","url":"https:\/\/www.ull.es\/portal\/noticias\/2025\/ull-urbanismo-laguna-ayuntamiento-madrid-innovacion\/","name":"La ULL, Urbanismo de La Laguna y Madrid comparten experiencias","isPartOf":{"@id":"https:\/\/www.ull.es\/portal\/noticias\/#website"},"datePublished":"2025-02-28T14:53:39+00:00","dateModified":"2025-02-28T14:53:39+00:00","author":{"@id":"https:\/\/www.ull.es\/portal\/noticias\/#\/schema\/person\/c3b2aa857797592927a03740d6664376"},"description":"Responsables relacionados con los \u00e1mbitos de urbanismo y construcci\u00f3n de las tres entidades abordan las mejoras fruto de la tecnolog\u00eda BIM","breadcrumb":{"@id":"https:\/\/www.ull.es\/portal\/noticias\/2025\/ull-urbanismo-laguna-ayuntamiento-madrid-innovacion\/#breadcrumb"},"inLanguage":"es","potentialAction":[{"@type":"ReadAction","target":["https:\/\/www.ull.es\/portal\/noticias\/2025\/ull-urbanismo-laguna-ayuntamiento-madrid-innovacion\/"]}]},{"@type":"BreadcrumbList","@id":"https:\/\/www.ull.es\/portal\/noticias\/2025\/ull-urbanismo-laguna-ayuntamiento-madrid-innovacion\/#breadcrumb","itemListElement":[{"@type":"ListItem","position":1,"name":"Portada","item":"https:\/\/www.ull.es\/portal\/noticias\/"},{"@type":"ListItem","position":2,"name":"La ULL, Gerencia de Urbanismo de La Laguna y Ayuntamiento de Madrid comparten experiencias en innovaci\u00f3n"}]},{"@type":"WebSite","@id":"https:\/\/www.ull.es\/portal\/noticias\/#website","url":"https:\/\/www.ull.es\/portal\/noticias\/","name":"ULL - Noticias","description":"","potentialAction":[{"@type":"SearchAction","target":{"@type":"EntryPoint","urlTemplate":"https:\/\/www.ull.es\/portal\/noticias\/?s={search_term_string}"},"query-input":"required name=search_term_string"}],"inLanguage":"es"},{"@type":"Person","@id":"https:\/\/www.ull.es\/portal\/noticias\/#\/schema\/person\/c3b2aa857797592927a03740d6664376","name":"prensa2","image":{"@type":"ImageObject","inLanguage":"es","@id":"https:\/\/www.ull.es\/portal\/noticias\/#\/schema\/person\/image\/","url":"https:\/\/secure.gravatar.com\/avatar\/b58f310a5de5feb33d1e026d2493f23c?s=96&d=mm&r=g","contentUrl":"https:\/\/secure.gravatar.com\/avatar\/b58f310a5de5feb33d1e026d2493f23c?s=96&d=mm&r=g","caption":"prensa2"},"url":"https:\/\/www.ull.es\/portal\/noticias\/author\/prensa2\/"}]}},"primary_category":{"id":345,"name":"Destacado","slug":"destacado","link":"https:\/\/www.ull.es\/portal\/noticias\/category\/destacado\/"},"featured_image_thumbnail_url":"https:\/\/www.ull.es\/portal\/noticias\/wp-content\/uploads\/sites\/13\/2025\/02\/Reunion_Urbanismo_AytoMadrid_ULL-300x180.jpg","_links":{"self":[{"href":"https:\/\/www.ull.es\/portal\/noticias\/wp-json\/wp\/v2\/posts\/80547"}],"collection":[{"href":"https:\/\/www.ull.es\/portal\/noticias\/wp-json\/wp\/v2\/posts"}],"about":[{"href":"https:\/\/www.ull.es\/portal\/noticias\/wp-json\/wp\/v2\/types\/post"}],"author":[{"embeddable":true,"href":"https:\/\/www.ull.es\/portal\/noticias\/wp-json\/wp\/v2\/users\/21"}],"replies":[{"embeddable":true,"href":"https:\/\/www.ull.es\/portal\/noticias\/wp-json\/wp\/v2\/comments?post=80547"}],"version-history":[{"count":1,"href":"https:\/\/www.ull.es\/portal\/noticias\/wp-json\/wp\/v2\/posts\/80547\/revisions"}],"predecessor-version":[{"id":80549,"href":"https:\/\/www.ull.es\/portal\/noticias\/wp-json\/wp\/v2\/posts\/80547\/revisions\/80549"}],"wp:featuredmedia":[{"embeddable":true,"href":"https:\/\/www.ull.es\/portal\/noticias\/wp-json\/wp\/v2\/media\/80548"}],"wp:attachment":[{"href":"https:\/\/www.ull.es\/portal\/noticias\/wp-json\/wp\/v2\/media?parent=80547"}],"wp:term":[{"taxonomy":"category","embeddable":true,"href":"https:\/\/www.ull.es\/portal\/noticias\/wp-json\/wp\/v2\/categories?post=80547"},{"taxonomy":"post_tag","embeddable":true,"href":"https:\/\/www.ull.es\/portal\/noticias\/wp-json\/wp\/v2\/tags?post=80547"}],"curies":[{"name":"wp","href":"https:\/\/api.w.org\/{rel}","templated":true}]}}