{"id":80593,"date":"2025-03-07T12:00:11","date_gmt":"2025-03-07T12:00:11","guid":{"rendered":"https:\/\/www.ull.es\/portal\/noticias\/?p=80593"},"modified":"2025-03-10T09:11:28","modified_gmt":"2025-03-10T09:11:28","slug":"felix-sanz-claves-orden-mundial","status":"publish","type":"post","link":"https:\/\/www.ull.es\/portal\/noticias\/2025\/felix-sanz-claves-orden-mundial\/","title":{"rendered":"El exdirector del CNI F\u00e9lix Sanz desgran\u00f3 las claves del convulso orden mundial en una jornada del Consejo Social"},"content":{"rendered":"<p>El Consejo Social de la Universidad de La Laguna ha concebido un nuevo ciclo de charlas que, con el nombre gen\u00e9rico de \u201cDi\u00e1logos\u201d, abordar\u00e1 problem\u00e1ticas de actualidad con especialistas de renombre. El <a href=\"https:\/\/www.ull.es\/portal\/agenda\/evento\/dialogos-un-orden-mundial-desconocido\/\" target=\"_blank\" rel=\"noopener\" target=\"_blank\" rel=\"noopener\">primero de estos encuentros<\/a> se celebr\u00f3 ayer, jueves 6 de marzo en el Espacio Mutua Tinerfe\u00f1a de La Laguna, y abord\u00f3 el convulso orden mundial de la actualidad, marcado por la irrupci\u00f3n de Donald Trump en el panorama internacional, de la mano de F\u00e9lix Sanz Rold\u00e1n, director del Centro Nacional de Inteligencia (CNI) entre 2009 y 2019 y, actualmente, presidente del Consejo Social de la Universidad de Castilla-La Mancha.<\/p>\n<p>Sanz comenz\u00f3 su intervenci\u00f3n dejando claro la extrema dificultad que supone abordar la cambiante geopol\u00edtica internacional en estos momentos: \u201cNo podr\u00e9 ofrecerles la soluci\u00f3n de cu\u00e1l va ser el orden mundial el mes que viene, y no creo que haya nadie en el mundo que lo sepa\u201d. Y es que, en su opini\u00f3n, lo que ha sucedido con la llegada del nuevo inquilino de la Casa Blanca es que \u201calguien la ha dado una patada al tablero, las fichas han salido volando, pero, por fortuna han ca\u00eddo otra vez dentro. Hay que ver qu\u00e9 hacemos con esas fichas, si seguimos con las mismas reglas u otras, y si sus capacidades van a ser las mismas. Es una situaci\u00f3n compleja\u201d.<\/p>\n<p>Sanz Rold\u00e1n explic\u00f3 que el orden mundial tiene como forma definitiva el que haya equilibrio, \u201cque alguien no haga nada que no puedan soportar quienes est\u00e1n alrededor. La paz es otra cosa\u201d. Se trata, pues, de un sistema de reglas que entidades pol\u00edticas internacionales, que no tienen por qu\u00e9 ser exclusivamente estados, deciden asumir para lograr cierta armon\u00eda a pesar de que cada una de estas entidades peda tener ideas muy diferentes. En este contexto, la diplomacia es un recurso fundamental.<\/p>\n<p>Una caracter\u00edstica que el exdirector del CNI aprecia es que los sucesivos \u00f3rdenes mundiales que han existido es que han cambiado a un ritmo cada vez mayor: partiendo de la Paz de Wesftalia (1648) que introdujo las ideas de la inviolabilidad de las fronteras y la soberan\u00eda de los estados, pasaron casi doscientos a\u00f1os hasta que el Congreso de Viena (1815) instaur\u00f3 un segundo orden mundial tras las guerras napole\u00f3nicas. El tercer cambio se produjo ya un siglo despu\u00e9s, con el inicio de la Guerra Fr\u00eda y apenas dur\u00f3 50 a\u00f1os, pues la ca\u00edda del Muro de Berl\u00edn impuso un nuevo status quo. Y la ca\u00edda de las Torres Gemelas trajo otro; y la salida de Estados Unidos de Afganist\u00e1n, otro m\u00e1s; y de nuevo hubo una alteraci\u00f3n con la invasi\u00f3n de Ucrania.<\/p>\n<p><a href=\"https:\/\/www.ull.es\/portal\/noticias\/wp-content\/uploads\/sites\/13\/2025\/03\/Un-orden-mundial.-39.jpg\" target=\"_blank\" rel=\"noopener\" target=\"_blank\" rel=\"noopener\"><img decoding=\"async\" loading=\"lazy\" class=\"alignleft wp-image-80595 size-medium\" src=\"https:\/\/www.ull.es\/portal\/noticias\/wp-content\/uploads\/sites\/13\/2025\/03\/Un-orden-mundial.-39-300x200.jpg\" alt=\"\" width=\"300\" height=\"200\" srcset=\"https:\/\/www.ull.es\/portal\/noticias\/wp-content\/uploads\/sites\/13\/2025\/03\/Un-orden-mundial.-39-300x200.jpg 300w, https:\/\/www.ull.es\/portal\/noticias\/wp-content\/uploads\/sites\/13\/2025\/03\/Un-orden-mundial.-39-1024x683.jpg 1024w, https:\/\/www.ull.es\/portal\/noticias\/wp-content\/uploads\/sites\/13\/2025\/03\/Un-orden-mundial.-39-768x512.jpg 768w, https:\/\/www.ull.es\/portal\/noticias\/wp-content\/uploads\/sites\/13\/2025\/03\/Un-orden-mundial.-39-375x250.jpg 375w, https:\/\/www.ull.es\/portal\/noticias\/wp-content\/uploads\/sites\/13\/2025\/03\/Un-orden-mundial.-39-750x500.jpg 750w, https:\/\/www.ull.es\/portal\/noticias\/wp-content\/uploads\/sites\/13\/2025\/03\/Un-orden-mundial.-39-1140x760.jpg 1140w, https:\/\/www.ull.es\/portal\/noticias\/wp-content\/uploads\/sites\/13\/2025\/03\/Un-orden-mundial.-39.jpg 1200w\" sizes=\"(max-width: 300px) 100vw, 300px\" \/><\/a>Por ello, para el experto, el 20 de enero de 2025, inicio de la segunda presidencia de Trump, arranc\u00f3 otro orden mundial y, dado lo vertiginoso de los cambios, es impredecible qu\u00e9 va a suceder. Hasta entonces, el mundo est\u00e1 definido por un polo de poder, que era el estadounidense y se sustentaba en su poder militar; y un polo de influencia, representado por China y su <em>soft power<\/em>; mientras que los restantes pa\u00edses basculaban hacia uno u otro seg\u00fan sus intereses. Ahora han aparecido dos polos m\u00e1s: Rusia, que era un paria y, \u201cpor obra y gracia de Trump\u201d, vuelve a ser un jugador internacional\u201d; y la Uni\u00f3n Europea, que se ha visto obligada a actuar a una velocidad a la que no est\u00e1 habituada.<\/p>\n<p>Sanz opina que, pese a que la situaci\u00f3n parece alarmante, no se deber\u00edan adoptar decisiones precitadas porque lo cierto es que EE.UU. esta m\u00e1s d\u00e9bil y dentro de cuatro a\u00f1os, con las nuevas elecciones presidenciales, la situaci\u00f3n podr\u00eda cambiar. E incluso antes: dentro de diecisiete meses son las \u201c<em>midterm elections<\/em>\u201d, en las cuales Trump podr\u00eda ver debilitado su poder. \u201cA China se le han puesto las cosas f\u00e1ciles, porque ni siquiera EE.UU. puede prescindir de ella. Sin China, los Tesla no se podr\u00edan fabricar, pues el 40% de sus componentes procede del pa\u00eds asi\u00e1tico, y la industria de semiconductores tambi\u00e9n depende de ellos\u201d.<\/p>\n<p>A su juicio, el nuevo presidente estadounidense \u201cno ha podido empezar peor soltando lastre con cuatro abandones\u201d: Gaza, Ucrania, Taiw\u00e1n y la UE. Esto se debe, en parte, a que \u201cTrump no entiende la econom\u00eda, ve las partes pero no el todo\u201d. Y por ello, cree que incluso internamente va a tener oposici\u00f3n en relaci\u00f3n a los aranceles que impondr\u00e1 a las importaciones; ya ha tenido un encuentro con fabricantes de autom\u00f3viles que probablemente le habr\u00e1n explicado la importancia que para esa industria poseen pa\u00edses como M\u00e9xico, Canad\u00e1 y Alemania.<\/p>\n<p>En cuanto a Rusia, no cree que Putin sea proclive a negociar y Sanz considera que se debe trabajar para lograr una relaci\u00f3n de mutua confianza, pero record\u00e1ndole que \u201cya no es un imperio\u201d. Trump desea fervientemente la foto del apret\u00f3n de manos con el presidente de la Federaci\u00f3n Rusa que lo convierta en el art\u00edfice de la paz, pero el dignatario del este se hace de rogar, y por ello el estadounidense presiona todo lo que puede a Ucrania para satisfacerlo.<\/p>\n<p>Todo esto puede ser bueno para Europa, porque ha sido un aut\u00e9ntico \u201ctoque de diana\u201d. Por un lado, es positivo que Reino Unido, aliado natural de EE.UU, se haya virado hacia Europa. Por otro, si bien el Tratado de Maastricht (1993) ya hablaba de crear una pol\u00edtica exterior com\u00fan que deb\u00eda convertirse en una pol\u00edtica de defensa com\u00fan y, finalmente, en una defesa com\u00fan, lo cierto es que en todo este tiempo no se hab\u00edan dado pasos serios para cumplir ese compromiso. Y, en cambio, ahora se cuenta con 800.000 millones para defensa sobre la mesa.<\/p>\n<p>\u201cPoner el dinero no es suficiente, hay que saber qu\u00e9 hacer con \u00e9l, tiene que venir acompa\u00f1ado por una pol\u00edtica com\u00fan, una estrategia y una industria de defensa. Queda mucho por hacer, pero hemos empezado y eso es algo que creo que Trump no esperaba\u201d. Adem\u00e1s, en su opini\u00f3n Europa cuenta con algo distintivo: unos valores generados durante siglos, que son los que siempre ha aportado Europa al concierto internacional, y que suponen su aut\u00e9ntica fortaleza.<\/p>\n","protected":false},"excerpt":{"rendered":"<p>El Consejo Social de la Universidad de La Laguna ha concebido un nuevo ciclo de charlas que, con el nombre&#8230;<\/p>\n","protected":false},"author":21,"featured_media":80594,"comment_status":"closed","ping_status":"closed","sticky":false,"template":"","format":"standard","meta":{"inline_featured_image":false,"footnotes":""},"categories":[345,348,2765],"tags":[905,11496,11494,11495,2524,2550,11497],"acf":[],"yoast_head":"<!-- This site is optimized with the Yoast SEO plugin v21.3 - https:\/\/yoast.com\/wordpress\/plugins\/seo\/ -->\n<title>El exdirector del CNI F\u00e9lix Sanz analiz\u00f3 el convulso orden mundial<\/title>\n<meta name=\"description\" content=\"Fue invitado por el Consejo Social de la ULL, que con esta intervenci\u00f3n inici\u00f3 su ciclo &quot;Di\u00e1logos&quot; para abordar asuntos de actualidad.\" \/>\n<meta name=\"robots\" content=\"index, follow, max-snippet:-1, max-image-preview:large, max-video-preview:-1\" \/>\n<link rel=\"canonical\" href=\"https:\/\/www.ull.es\/portal\/noticias\/2025\/felix-sanz-claves-orden-mundial\/\" \/>\n<meta property=\"og:locale\" content=\"es_ES\" \/>\n<meta property=\"og:type\" content=\"article\" \/>\n<meta property=\"og:title\" content=\"El exdirector del CNI F\u00e9lix Sanz analiz\u00f3 el convulso orden mundial\" \/>\n<meta property=\"og:description\" content=\"Fue invitado por el Consejo Social de la ULL, que con esta intervenci\u00f3n inici\u00f3 su ciclo &quot;Di\u00e1logos&quot; para abordar asuntos de actualidad.\" \/>\n<meta property=\"og:url\" content=\"https:\/\/www.ull.es\/portal\/noticias\/2025\/felix-sanz-claves-orden-mundial\/\" \/>\n<meta property=\"og:site_name\" content=\"ULL - Noticias\" \/>\n<meta property=\"article:publisher\" content=\"https:\/\/www.facebook.com\/universidaddelalaguna\/\" \/>\n<meta property=\"article:published_time\" content=\"2025-03-07T12:00:11+00:00\" \/>\n<meta property=\"article:modified_time\" content=\"2025-03-10T09:11:28+00:00\" \/>\n<meta property=\"og:image\" content=\"https:\/\/www.ull.es\/portal\/noticias\/wp-content\/uploads\/sites\/13\/2025\/03\/Un-orden-mundial.-33.jpg\" \/>\n\t<meta property=\"og:image:width\" content=\"1200\" \/>\n\t<meta property=\"og:image:height\" content=\"800\" \/>\n\t<meta property=\"og:image:type\" content=\"image\/jpeg\" \/>\n<meta name=\"author\" content=\"prensa2\" \/>\n<meta name=\"twitter:card\" content=\"summary_large_image\" \/>\n<meta name=\"twitter:creator\" content=\"@CanalULL\" \/>\n<meta name=\"twitter:site\" content=\"@CanalULL\" \/>\n<meta name=\"twitter:label1\" content=\"Escrito por\" \/>\n\t<meta name=\"twitter:data1\" content=\"prensa2\" \/>\n\t<meta name=\"twitter:label2\" content=\"Tiempo de lectura\" \/>\n\t<meta name=\"twitter:data2\" content=\"5 minutos\" \/>\n<script type=\"application\/ld+json\" class=\"yoast-schema-graph\">{\"@context\":\"https:\/\/schema.org\",\"@graph\":[{\"@type\":\"WebPage\",\"@id\":\"https:\/\/www.ull.es\/portal\/noticias\/2025\/felix-sanz-claves-orden-mundial\/\",\"url\":\"https:\/\/www.ull.es\/portal\/noticias\/2025\/felix-sanz-claves-orden-mundial\/\",\"name\":\"El exdirector del CNI F\u00e9lix Sanz analiz\u00f3 el convulso orden mundial\",\"isPartOf\":{\"@id\":\"https:\/\/www.ull.es\/portal\/noticias\/#website\"},\"datePublished\":\"2025-03-07T12:00:11+00:00\",\"dateModified\":\"2025-03-10T09:11:28+00:00\",\"author\":{\"@id\":\"https:\/\/www.ull.es\/portal\/noticias\/#\/schema\/person\/c3b2aa857797592927a03740d6664376\"},\"description\":\"Fue invitado por el Consejo Social de la ULL, que con esta intervenci\u00f3n inici\u00f3 su ciclo \\\"Di\u00e1logos\\\" para abordar asuntos de actualidad.\",\"breadcrumb\":{\"@id\":\"https:\/\/www.ull.es\/portal\/noticias\/2025\/felix-sanz-claves-orden-mundial\/#breadcrumb\"},\"inLanguage\":\"es\",\"potentialAction\":[{\"@type\":\"ReadAction\",\"target\":[\"https:\/\/www.ull.es\/portal\/noticias\/2025\/felix-sanz-claves-orden-mundial\/\"]}]},{\"@type\":\"BreadcrumbList\",\"@id\":\"https:\/\/www.ull.es\/portal\/noticias\/2025\/felix-sanz-claves-orden-mundial\/#breadcrumb\",\"itemListElement\":[{\"@type\":\"ListItem\",\"position\":1,\"name\":\"Portada\",\"item\":\"https:\/\/www.ull.es\/portal\/noticias\/\"},{\"@type\":\"ListItem\",\"position\":2,\"name\":\"El exdirector del CNI F\u00e9lix Sanz desgran\u00f3 las claves del convulso orden mundial en una jornada del Consejo Social\"}]},{\"@type\":\"WebSite\",\"@id\":\"https:\/\/www.ull.es\/portal\/noticias\/#website\",\"url\":\"https:\/\/www.ull.es\/portal\/noticias\/\",\"name\":\"ULL - Noticias\",\"description\":\"\",\"potentialAction\":[{\"@type\":\"SearchAction\",\"target\":{\"@type\":\"EntryPoint\",\"urlTemplate\":\"https:\/\/www.ull.es\/portal\/noticias\/?s={search_term_string}\"},\"query-input\":\"required name=search_term_string\"}],\"inLanguage\":\"es\"},{\"@type\":\"Person\",\"@id\":\"https:\/\/www.ull.es\/portal\/noticias\/#\/schema\/person\/c3b2aa857797592927a03740d6664376\",\"name\":\"prensa2\",\"image\":{\"@type\":\"ImageObject\",\"inLanguage\":\"es\",\"@id\":\"https:\/\/www.ull.es\/portal\/noticias\/#\/schema\/person\/image\/\",\"url\":\"https:\/\/secure.gravatar.com\/avatar\/b58f310a5de5feb33d1e026d2493f23c?s=96&d=mm&r=g\",\"contentUrl\":\"https:\/\/secure.gravatar.com\/avatar\/b58f310a5de5feb33d1e026d2493f23c?s=96&d=mm&r=g\",\"caption\":\"prensa2\"},\"url\":\"https:\/\/www.ull.es\/portal\/noticias\/author\/prensa2\/\"}]}<\/script>\n<!-- \/ Yoast SEO plugin. -->","yoast_head_json":{"title":"El exdirector del CNI F\u00e9lix Sanz analiz\u00f3 el convulso orden mundial","description":"Fue invitado por el Consejo Social de la ULL, que con esta intervenci\u00f3n inici\u00f3 su ciclo \"Di\u00e1logos\" para abordar asuntos de actualidad.","robots":{"index":"index","follow":"follow","max-snippet":"max-snippet:-1","max-image-preview":"max-image-preview:large","max-video-preview":"max-video-preview:-1"},"canonical":"https:\/\/www.ull.es\/portal\/noticias\/2025\/felix-sanz-claves-orden-mundial\/","og_locale":"es_ES","og_type":"article","og_title":"El exdirector del CNI F\u00e9lix Sanz analiz\u00f3 el convulso orden mundial","og_description":"Fue invitado por el Consejo Social de la ULL, que con esta intervenci\u00f3n inici\u00f3 su ciclo \"Di\u00e1logos\" para abordar asuntos de actualidad.","og_url":"https:\/\/www.ull.es\/portal\/noticias\/2025\/felix-sanz-claves-orden-mundial\/","og_site_name":"ULL - Noticias","article_publisher":"https:\/\/www.facebook.com\/universidaddelalaguna\/","article_published_time":"2025-03-07T12:00:11+00:00","article_modified_time":"2025-03-10T09:11:28+00:00","og_image":[{"width":1200,"height":800,"url":"https:\/\/www.ull.es\/portal\/noticias\/wp-content\/uploads\/sites\/13\/2025\/03\/Un-orden-mundial.-33.jpg","type":"image\/jpeg"}],"author":"prensa2","twitter_card":"summary_large_image","twitter_creator":"@CanalULL","twitter_site":"@CanalULL","twitter_misc":{"Escrito por":"prensa2","Tiempo de lectura":"5 minutos"},"schema":{"@context":"https:\/\/schema.org","@graph":[{"@type":"WebPage","@id":"https:\/\/www.ull.es\/portal\/noticias\/2025\/felix-sanz-claves-orden-mundial\/","url":"https:\/\/www.ull.es\/portal\/noticias\/2025\/felix-sanz-claves-orden-mundial\/","name":"El exdirector del CNI F\u00e9lix Sanz analiz\u00f3 el convulso orden mundial","isPartOf":{"@id":"https:\/\/www.ull.es\/portal\/noticias\/#website"},"datePublished":"2025-03-07T12:00:11+00:00","dateModified":"2025-03-10T09:11:28+00:00","author":{"@id":"https:\/\/www.ull.es\/portal\/noticias\/#\/schema\/person\/c3b2aa857797592927a03740d6664376"},"description":"Fue invitado por el Consejo Social de la ULL, que con esta intervenci\u00f3n inici\u00f3 su ciclo \"Di\u00e1logos\" para abordar asuntos de actualidad.","breadcrumb":{"@id":"https:\/\/www.ull.es\/portal\/noticias\/2025\/felix-sanz-claves-orden-mundial\/#breadcrumb"},"inLanguage":"es","potentialAction":[{"@type":"ReadAction","target":["https:\/\/www.ull.es\/portal\/noticias\/2025\/felix-sanz-claves-orden-mundial\/"]}]},{"@type":"BreadcrumbList","@id":"https:\/\/www.ull.es\/portal\/noticias\/2025\/felix-sanz-claves-orden-mundial\/#breadcrumb","itemListElement":[{"@type":"ListItem","position":1,"name":"Portada","item":"https:\/\/www.ull.es\/portal\/noticias\/"},{"@type":"ListItem","position":2,"name":"El exdirector del CNI F\u00e9lix Sanz desgran\u00f3 las claves del convulso orden mundial en una jornada del Consejo Social"}]},{"@type":"WebSite","@id":"https:\/\/www.ull.es\/portal\/noticias\/#website","url":"https:\/\/www.ull.es\/portal\/noticias\/","name":"ULL - Noticias","description":"","potentialAction":[{"@type":"SearchAction","target":{"@type":"EntryPoint","urlTemplate":"https:\/\/www.ull.es\/portal\/noticias\/?s={search_term_string}"},"query-input":"required name=search_term_string"}],"inLanguage":"es"},{"@type":"Person","@id":"https:\/\/www.ull.es\/portal\/noticias\/#\/schema\/person\/c3b2aa857797592927a03740d6664376","name":"prensa2","image":{"@type":"ImageObject","inLanguage":"es","@id":"https:\/\/www.ull.es\/portal\/noticias\/#\/schema\/person\/image\/","url":"https:\/\/secure.gravatar.com\/avatar\/b58f310a5de5feb33d1e026d2493f23c?s=96&d=mm&r=g","contentUrl":"https:\/\/secure.gravatar.com\/avatar\/b58f310a5de5feb33d1e026d2493f23c?s=96&d=mm&r=g","caption":"prensa2"},"url":"https:\/\/www.ull.es\/portal\/noticias\/author\/prensa2\/"}]}},"primary_category":{"id":345,"name":"Destacado","slug":"destacado","link":"https:\/\/www.ull.es\/portal\/noticias\/category\/destacado\/"},"featured_image_thumbnail_url":"https:\/\/www.ull.es\/portal\/noticias\/wp-content\/uploads\/sites\/13\/2025\/03\/Un-orden-mundial.-33-300x200.jpg","_links":{"self":[{"href":"https:\/\/www.ull.es\/portal\/noticias\/wp-json\/wp\/v2\/posts\/80593"}],"collection":[{"href":"https:\/\/www.ull.es\/portal\/noticias\/wp-json\/wp\/v2\/posts"}],"about":[{"href":"https:\/\/www.ull.es\/portal\/noticias\/wp-json\/wp\/v2\/types\/post"}],"author":[{"embeddable":true,"href":"https:\/\/www.ull.es\/portal\/noticias\/wp-json\/wp\/v2\/users\/21"}],"replies":[{"embeddable":true,"href":"https:\/\/www.ull.es\/portal\/noticias\/wp-json\/wp\/v2\/comments?post=80593"}],"version-history":[{"count":2,"href":"https:\/\/www.ull.es\/portal\/noticias\/wp-json\/wp\/v2\/posts\/80593\/revisions"}],"predecessor-version":[{"id":80625,"href":"https:\/\/www.ull.es\/portal\/noticias\/wp-json\/wp\/v2\/posts\/80593\/revisions\/80625"}],"wp:featuredmedia":[{"embeddable":true,"href":"https:\/\/www.ull.es\/portal\/noticias\/wp-json\/wp\/v2\/media\/80594"}],"wp:attachment":[{"href":"https:\/\/www.ull.es\/portal\/noticias\/wp-json\/wp\/v2\/media?parent=80593"}],"wp:term":[{"taxonomy":"category","embeddable":true,"href":"https:\/\/www.ull.es\/portal\/noticias\/wp-json\/wp\/v2\/categories?post=80593"},{"taxonomy":"post_tag","embeddable":true,"href":"https:\/\/www.ull.es\/portal\/noticias\/wp-json\/wp\/v2\/tags?post=80593"}],"curies":[{"name":"wp","href":"https:\/\/api.w.org\/{rel}","templated":true}]}}