{"id":80867,"date":"2025-03-19T12:03:03","date_gmt":"2025-03-19T12:03:03","guid":{"rendered":"https:\/\/www.ull.es\/portal\/noticias\/?p=80867"},"modified":"2025-03-20T08:55:05","modified_gmt":"2025-03-20T08:55:05","slug":"el-desafio-de-ensenar-y-aprender-con-las-tecnologias-digitales","status":"publish","type":"post","link":"https:\/\/www.ull.es\/portal\/noticias\/2025\/el-desafio-de-ensenar-y-aprender-con-las-tecnologias-digitales\/","title":{"rendered":"El desaf\u00edo de ense\u00f1ar y aprender con las tecnolog\u00edas digitales"},"content":{"rendered":"<p><span style=\"font-weight: 400;\">El <\/span><span style=\"font-weight: 400;\">concepto de educaci\u00f3n mediada a trav\u00e9s de las nuevas tecnolog\u00edas, siempre cambiantes, adquiri\u00f3 una especial relevancia durante la pandemia de COVID 19, en la que las infraestructuras digitales de los sistemas educativos a todos los niveles se convirtieron en un elemento clave para hacer frente a la disrupci\u00f3n de la presencialidad.\u00a0<\/span><\/p>\n<p><span style=\"font-weight: 400;\">Esta crisis marc\u00f3 as\u00ed un antes y un despu\u00e9s en el enfoque de las tecnolog\u00edas en el \u00e1mbito educativo y reforz\u00f3 la necesidad de integrar el componente digital en los modelos pedag\u00f3gicos. Tal y como se\u00f1ala la catedr\u00e1tica <\/span><a href=\"https:\/\/portalciencia.ull.es\/investigadores\/81010\/detalle\" target=\"_blank\" rel=\"noopener\"><span style=\"font-weight: 400;\">Carina Gonz\u00e1lez<\/span><\/a><span style=\"font-weight: 400;\">, investigadora principal del grupo <\/span><a href=\"https:\/\/portalciencia.ull.es\/grupos\/6429\/detalle\" target=\"_blank\" rel=\"noopener\"><span style=\"font-weight: 400;\">ITED: Interacci\u00f3n, TIC y Educaci\u00f3n<\/span><\/a><span style=\"font-weight: 400;\">, la pandemia evidenci\u00f3 que el aprendizaje digital \u201cno se limita a la simple digitalizaci\u00f3n de contenidos, sino que exige un redise\u00f1o metodol\u00f3gico\u201d, en el que formaci\u00f3n actualizada del profesorado es clave.\u00a0<\/span><\/p>\n<div id=\"attachment_80871\" style=\"width: 210px\" class=\"wp-caption alignright\"><a href=\"https:\/\/www.ull.es\/portal\/noticias\/wp-content\/uploads\/sites\/13\/2025\/03\/Manuel-Area-03.jpg\" target=\"_blank\" rel=\"noopener\"><img aria-describedby=\"caption-attachment-80871\" decoding=\"async\" loading=\"lazy\" class=\"size-medium wp-image-80871\" src=\"https:\/\/www.ull.es\/portal\/noticias\/wp-content\/uploads\/sites\/13\/2025\/03\/Manuel-Area-03-200x300.jpg\" alt=\"\" width=\"200\" height=\"300\" srcset=\"https:\/\/www.ull.es\/portal\/noticias\/wp-content\/uploads\/sites\/13\/2025\/03\/Manuel-Area-03-200x300.jpg 200w, https:\/\/www.ull.es\/portal\/noticias\/wp-content\/uploads\/sites\/13\/2025\/03\/Manuel-Area-03-683x1024.jpg 683w, https:\/\/www.ull.es\/portal\/noticias\/wp-content\/uploads\/sites\/13\/2025\/03\/Manuel-Area-03-768x1152.jpg 768w, https:\/\/www.ull.es\/portal\/noticias\/wp-content\/uploads\/sites\/13\/2025\/03\/Manuel-Area-03-375x563.jpg 375w, https:\/\/www.ull.es\/portal\/noticias\/wp-content\/uploads\/sites\/13\/2025\/03\/Manuel-Area-03-750x1125.jpg 750w, https:\/\/www.ull.es\/portal\/noticias\/wp-content\/uploads\/sites\/13\/2025\/03\/Manuel-Area-03.jpg 800w\" sizes=\"(max-width: 200px) 100vw, 200px\" \/><\/a><p id=\"caption-attachment-80871\" class=\"wp-caption-text\">Manuel Area<\/p><\/div>\n<p><span style=\"font-weight: 400;\">El<\/span><a href=\"https:\/\/portalciencia.ull.es\/grupos\/6316\/detalle\" target=\"_blank\" rel=\"noopener\"><span style=\"font-weight: 400;\"> Laboratorio de educaci\u00f3n y nuevas tecnolog\u00edas<\/span><\/a><span style=\"font-weight: 400;\"> (EDULLAB), creado en 1999 y dirigido por el catedr\u00e1tico <\/span><a href=\"https:\/\/portalciencia.ull.es\/investigadores\/81363\/detalle\" target=\"_blank\" rel=\"noopener\"><span style=\"font-weight: 400;\">Manuel Area<\/span><\/a><span style=\"font-weight: 400;\">, desarrolla varias l\u00edneas de investigaci\u00f3n relacionadas con el impulso del uso educativo de las nuevas tecnolog\u00edas. Una de las \u00e1reas de trabajo vigentes en el grupo tiene como objetivo estudiar los nuevos materiales did\u00e1cticos en formato electr\u00f3nico utilizados en el aula como alternativa al libro de texto. Se trata de un proyecto de I+D nacional en colaboraci\u00f3n con las universidades de Santiago de Compostela y Valencia con m\u00e1s de diez a\u00f1os de recorrido, en los que se han explorado las etapas educativas de infantil, primaria y, actualmente, secundaria.\u00a0<\/span><\/p>\n<p><span style=\"font-weight: 400;\">Del mismo modo, la oferta formativa de la Universidad de La Laguna tambi\u00e9n se adapta a las potencialidades educativas de las nuevas tecnolog\u00edas, a trav\u00e9s de los programas de <\/span><a href=\"https:\/\/www.ull.es\/titulospropios\/diploma-de-experto-competencias-digitales-docencia\/\" target=\"_blank\" rel=\"noopener\"><span style=\"font-weight: 400;\">Experto en Competencia Digital Docente<\/span><\/a><span style=\"font-weight: 400;\"> y <\/span><a href=\"https:\/\/www.ull.es\/titulospropios\/experto-universitario-docencia-universitaria\/\" target=\"_blank\" rel=\"noopener\"><span style=\"font-weight: 400;\">Experto en Docencia Universitaria<\/span><\/a><span style=\"font-weight: 400;\">. A esto se suma la propuesta del \u2018<\/span><a href=\"https:\/\/www.ull.es\/docapp\/\" target=\"_blank\" rel=\"noopener\"><span style=\"font-weight: 400;\">Cat\u00e1logo de aplicaciones para la docencia universitaria<\/span><\/a><span style=\"font-weight: 400;\">\u2019 (DocApp) , as\u00ed como el <\/span><a href=\"https:\/\/www.youtube.com\/watch?v=Y0rreF2t1EI&amp;list=PLAqmRmkVzl18RFjiyumzFzl0YpijUcUbI\" target=\"_blank\" rel=\"noopener\"><span style=\"font-weight: 400;\">Programa Acompa\u00f1a TIC<\/span><\/a><span style=\"font-weight: 400;\">, con el que la instituci\u00f3n avanza en su integraci\u00f3n de un nuevo modelo de aprendizaje y ense\u00f1anza sobre el que a\u00fan existen muchas inc\u00f3gnitas.<\/span><\/p>\n<p><b>Incertidumbre tecnol\u00f3gica<\/b><\/p>\n<p><span style=\"font-weight: 400;\">En junio de 2024 el Gobierno de Espa\u00f1a aprob\u00f3 el Anteproyecto de Ley Org\u00e1nica para la protecci\u00f3n de las personas menores de edad en los entornos digitales, con el objetivo de garantizar los derechos de los menores en el \u00e1mbito digital, as\u00ed como el derecho a la protecci\u00f3n de sus datos personales y al acceso a contenidos adecuados para su edad. El texto, destinado a proteger a la infancia frente a los riesgos que surgen en entornos digitales y fomentar el uso responsable de la tecnolog\u00eda, recoge propuestas de expertos y expertas, entre las que se incluye una destinada a desarrollar investigaciones relativas a los efectos de la tecnolog\u00eda en el desarrollo cognitivo de ni\u00f1os, ni\u00f1as y adolescentes. Esto responde a una preocupaci\u00f3n social acerca de los efectos del uso que ni\u00f1os y j\u00f3venes hacen de las herramientas digitales a su alcance y que conduce a muchos padres y madres a mostrar reticencias acerca de la inclusi\u00f3n de estas competencias digitales en el aula.\u00a0<\/span><\/p>\n<p><span style=\"font-weight: 400;\">Para Manuel Area, investigador principal de EDULLAB y director de la <\/span><a href=\"https:\/\/tecnoedu.webs.ull.es\/\" target=\"_blank\" rel=\"noopener\"><span style=\"font-weight: 400;\">C\u00e1tedra de TECNOEDU de Tecnolog\u00eda y Educaci\u00f3n<\/span><\/a><span style=\"font-weight: 400;\">, la adaptaci\u00f3n de los programas educativos a los nuevos entornos digitales es una consecuencia coherente de la sociedad mediatizada en la que se est\u00e1 formando la infancia y la juventud de hoy en d\u00eda. \u201cLa educaci\u00f3n debe formar al alumnado en la cultura de la \u00e9poca que les toca vivir, de manera que est\u00e9n preparados para enfrentarse a ella\u201d, apunta el investigador.\u00a0<\/span><\/p>\n<p><span style=\"font-weight: 400;\">Se\u00f1ala que la preocupaci\u00f3n de muchas familias acerca de la sobreexposici\u00f3n a una tecnolog\u00eda desregulada y los fen\u00f3menos peligrosos que se pueden derivar de esta es muy v\u00e1lida, pero a\u00f1ade que la respuesta no puede ser dar la espalda y prohibir, sino regular este uso y comprender c\u00f3mo adaptarlo a las din\u00e1micas de aprendizaje. En este sentido, la supervisi\u00f3n y gu\u00eda del docente es primordial, de manera que el alumnado de todas las etapas educativas aprenda a hacer un uso cr\u00edtico de estas tecnolog\u00edas. Es lo que la investigadora del departamento de Did\u00e1ctica en Investigaci\u00f3n Educativa <\/span><a href=\"https:\/\/portalciencia.ull.es\/investigadores\/152321\/detalle\" target=\"_blank\" rel=\"noopener\"><span style=\"font-weight: 400;\">Bel\u00e9n San Nicol\u00e1s<\/span><\/a><span style=\"font-weight: 400;\"> denomina \u201ccapacidad de autorregulaci\u00f3n del propio aprendizaje por parte del estudiante\u201d, que resulta imprescindible a la hora de trabajar en un contexto digital en el que actualmente se desarrollan la mayor\u00eda de profesiones.\u00a0<\/span><\/p>\n<p><b>Nuevos entornos virtuales para una mayor inclusividad<\/b><\/p>\n<p><span style=\"font-weight: 400;\">La irrupci\u00f3n de las tecnolog\u00edas en la educaci\u00f3n no es un fen\u00f3meno tan reciente como muchos podamos imaginar. De hecho, la Universidad de La Laguna conmemora en 2025 el vig\u00e9simo aniversario de la instauraci\u00f3n de su campus virtual, una herramienta que se ha convertido en fundamental para el aprendizaje diario.\u00a0<\/span><\/p>\n<p><span style=\"font-weight: 400;\">Para Carina Gonz\u00e1lez, la flexibilidad que aporta el entorno virtual para acceder a contenidos desde cualquier lugar y a cualquier hora, en diferentes formatos, es uno de los principales aspectos que caracterizan el aprendizaje digital. Esta adaptabilidad del proceso formativo tambi\u00e9n se traduce, seg\u00fan Manuel Area, en una mayor personalizaci\u00f3n de los contenidos al estudiante. Esto proporciona al docente una herramienta para ofrecer m\u00e1s opciones y motivar de manera m\u00e1s individualizada al alumnado, a trav\u00e9s de itinerarios y tareas dise\u00f1ados espec\u00edficamente para este entorno did\u00e1ctico.\u00a0<\/span><\/p>\n<div id=\"attachment_80870\" style=\"width: 310px\" class=\"wp-caption alignleft\"><a href=\"https:\/\/www.ull.es\/portal\/noticias\/wp-content\/uploads\/sites\/13\/2025\/03\/Investigadora-02.jpg\" target=\"_blank\" rel=\"noopener\"><img aria-describedby=\"caption-attachment-80870\" decoding=\"async\" loading=\"lazy\" class=\"wp-image-80870 size-medium\" src=\"https:\/\/www.ull.es\/portal\/noticias\/wp-content\/uploads\/sites\/13\/2025\/03\/Investigadora-02-300x200.jpg\" alt=\"\" width=\"300\" height=\"200\" srcset=\"https:\/\/www.ull.es\/portal\/noticias\/wp-content\/uploads\/sites\/13\/2025\/03\/Investigadora-02-300x200.jpg 300w, https:\/\/www.ull.es\/portal\/noticias\/wp-content\/uploads\/sites\/13\/2025\/03\/Investigadora-02-1024x683.jpg 1024w, https:\/\/www.ull.es\/portal\/noticias\/wp-content\/uploads\/sites\/13\/2025\/03\/Investigadora-02-768x512.jpg 768w, https:\/\/www.ull.es\/portal\/noticias\/wp-content\/uploads\/sites\/13\/2025\/03\/Investigadora-02-375x250.jpg 375w, https:\/\/www.ull.es\/portal\/noticias\/wp-content\/uploads\/sites\/13\/2025\/03\/Investigadora-02-750x500.jpg 750w, https:\/\/www.ull.es\/portal\/noticias\/wp-content\/uploads\/sites\/13\/2025\/03\/Investigadora-02-1140x760.jpg 1140w, https:\/\/www.ull.es\/portal\/noticias\/wp-content\/uploads\/sites\/13\/2025\/03\/Investigadora-02.jpg 1200w\" sizes=\"(max-width: 300px) 100vw, 300px\" \/><\/a><p id=\"caption-attachment-80870\" class=\"wp-caption-text\">Ana Luisa Sanabria<\/p><\/div>\n<p><span style=\"font-weight: 400;\">En este panorama educativo, la responsabilidad del profesorado como orientador de los usos es imprescindible. En opini\u00f3n de la investigadora y profesora <\/span><a href=\"https:\/\/portalciencia.ull.es\/investigadores\/80970\/detalle\" target=\"_blank\" rel=\"noopener\"><span style=\"font-weight: 400;\">Ana Luisa Sanabria<\/span><\/a><span style=\"font-weight: 400;\">, es necesario prestar atenci\u00f3n a los efectos nocivos que el uso prolongado y sin objetivos claros de ciertos formatos digitales pueden conllevar para las aptitudes del alumnado, como la falta de concentraci\u00f3n en tareas prolongadas como la lectura, la b\u00fasqueda de la inmediatez en la resoluci\u00f3n de tareas o el riesgo de caer en din\u00e1micas de desinformaci\u00f3n.\u00a0<\/span><\/p>\n<p><span style=\"font-weight: 400;\">Seg\u00fan Bel\u00e9n San Nicol\u00e1s, es el desarrollo de metodolog\u00edas activas desde una perspectiva innovadora, y no simplemente como recurso accesorio de procesos educativos tradicionales, donde reside el verdadero valor a\u00f1adido del uso de tecnolog\u00edas en el aprendizaje. Del mismo modo, Carina Gonz\u00e1lez, apunta que \u201cno se trata solo de trasladar las clases tradicionales a entornos virtuales, sino de crear experiencias educativas enriquecidas con tecnolog\u00eda\u201d.\u00a0<\/span><\/p>\n<p><span style=\"font-weight: 400;\">En este sentido, dentro de EDULLAB se desarrolla una segunda l\u00ednea de trabajo, en colaboraci\u00f3n con la Universidad de Valladolid y la de Extremadura, que examina los usos del aula virtual. Por un lado, se realiza un an\u00e1lisis de los datos generados en las aulas virtuales en busca de patrones o modelos de comportamiento que permitan vincular el uso que hace el alumnado de estos recursos con su rendimiento acad\u00e9mico. Paralelamente, se explora la percepci\u00f3n tanto de este alumnado como del profesorado, as\u00ed como sus expectativas acerca del aprendizaje digital en la universidad.<\/span><\/p>\n<p><span style=\"font-weight: 400;\">Las innovaciones tecnol\u00f3gicas que el profesorado puede incorporar a estos entornos virtuales abarcan desde rutinas de aprendizaje basado en proyectos, a pr\u00e1cticas de <\/span><i><span style=\"font-weight: 400;\">flipped classroom<\/span><\/i><span style=\"font-weight: 400;\"> (aula invertida) o estrategias de gamificaci\u00f3n. Seg\u00fan Carina Gonz\u00e1lez, la din\u00e1mica l\u00fadica, los sistemas de recompensas y el avance por niveles son elementos de la gamificaci\u00f3n, es decir, la aplicaci\u00f3n de elementos propios de los juegos a entornos educativos, que pueden beneficiar a diversos sectores del alumnado. La investigadora se\u00f1ala adem\u00e1s que la posibilidad de incorporar sistemas de retroalimentaci\u00f3n y progresi\u00f3n personalizada facilita la adaptaci\u00f3n de contenidos a distintos niveles dentro de un mismo grupo, favoreciendo la inclusi\u00f3n de todos los estudiantes.<\/span><\/p>\n<div id=\"attachment_80869\" style=\"width: 310px\" class=\"wp-caption alignright\"><a href=\"https:\/\/www.ull.es\/portal\/noticias\/wp-content\/uploads\/sites\/13\/2025\/03\/Belen-San-Nicolas-02.jpg\" target=\"_blank\" rel=\"noopener\"><img aria-describedby=\"caption-attachment-80869\" decoding=\"async\" loading=\"lazy\" class=\"size-medium wp-image-80869\" src=\"https:\/\/www.ull.es\/portal\/noticias\/wp-content\/uploads\/sites\/13\/2025\/03\/Belen-San-Nicolas-02-300x200.jpg\" alt=\"\" width=\"300\" height=\"200\" srcset=\"https:\/\/www.ull.es\/portal\/noticias\/wp-content\/uploads\/sites\/13\/2025\/03\/Belen-San-Nicolas-02-300x200.jpg 300w, https:\/\/www.ull.es\/portal\/noticias\/wp-content\/uploads\/sites\/13\/2025\/03\/Belen-San-Nicolas-02-1024x683.jpg 1024w, https:\/\/www.ull.es\/portal\/noticias\/wp-content\/uploads\/sites\/13\/2025\/03\/Belen-San-Nicolas-02-768x512.jpg 768w, https:\/\/www.ull.es\/portal\/noticias\/wp-content\/uploads\/sites\/13\/2025\/03\/Belen-San-Nicolas-02-375x250.jpg 375w, https:\/\/www.ull.es\/portal\/noticias\/wp-content\/uploads\/sites\/13\/2025\/03\/Belen-San-Nicolas-02-750x500.jpg 750w, https:\/\/www.ull.es\/portal\/noticias\/wp-content\/uploads\/sites\/13\/2025\/03\/Belen-San-Nicolas-02-1140x760.jpg 1140w, https:\/\/www.ull.es\/portal\/noticias\/wp-content\/uploads\/sites\/13\/2025\/03\/Belen-San-Nicolas-02.jpg 1200w\" sizes=\"(max-width: 300px) 100vw, 300px\" \/><\/a><p id=\"caption-attachment-80869\" class=\"wp-caption-text\">Bel\u00e9n San Nicol\u00e1s<\/p><\/div>\n<p><span style=\"font-weight: 400;\">Otro aspecto relevante acerca de la inclusividad a trav\u00e9s de las nuevas tecnolog\u00edas en la educaci\u00f3n es el relativo a la eliminaci\u00f3n de las barreras que puedan experimentar estudiantes con necesidades educativas especiales. Ana Luisa Sanabria destaca las potencialidades de la tecnolog\u00eda para ofrecer recursos al profesorado con los que apoyar un aprendizaje m\u00e1s personalizado. Dentro del \u00e1mbito universitario, Bel\u00e9n San Nicol\u00e1s se\u00f1ala otra brecha que el aprendizaje digital permite reducir, como es la del acceso a la educaci\u00f3n en un territorio insular disperso como el archipi\u00e9lago canario. \u201cLa posibilidad de desarrollar titulaciones en formato h\u00edbrido o en l\u00ednea puede favorecer la disminuci\u00f3n de posibles desigualdades en cuanto al acceso a la formaci\u00f3n en distintas etapas universitarias\u201d, se\u00f1ala San Nicol\u00e1s. Actualmente, la Universidad de La Laguna oferta diversas titulaciones semipresenciales, as\u00ed como titulaciones 100% online, como el M\u00e1ster Universitario en Educaci\u00f3n y Tecnolog\u00eda de la Informaci\u00f3n y Comunicaci\u00f3n.\u00a0<\/span><\/p>\n<p><b>Complejidad amplificada en la carga docente<\/b><\/p>\n<p><span style=\"font-weight: 400;\">Seg\u00fan los expertos, sin el adecuado reajuste de las din\u00e1micas de trabajo, este amplio abanico de posibilidades facilitadas por las nuevas tecnolog\u00edas tambi\u00e9n puede conllevar una carga extra de trabajo para el profesorado. Para Manuel Area, la creaci\u00f3n de nuevos entornos virtuales personalizados al alumnado, que le permitan llevar a cabo tareas de manera aut\u00f3noma y recibir una respuesta directa, conlleva una complejidad quiz\u00e1s menos evidente a\u00fan que la derivada de modalidades de ense\u00f1anza tradicionales, para las que la mayor\u00eda de profesorado contin\u00faa desarrollando materiales. \u201cLa carga docente de ense\u00f1anza presencial deber\u00eda compensarse en relaci\u00f3n al aumento de horas de trabajo virtual\u201d, apunta, poniendo el foco en la necesidad de adaptar los reglamentos para evitar una sobrecarga laboral de los profesores.\u00a0<\/span><\/p>\n<p><span style=\"font-weight: 400;\">A esto se suma adem\u00e1s la urgencia de formar al profesorado en competencias digitales, no solo en lo relativo al uso de herramientas tecnol\u00f3gicas, sino especialmente en lo que corresponde a la concepci\u00f3n de dise\u00f1os educativos desarrollados para estos entornos virtuales, para lo que resulta imprescindible tener un conocimiento pedag\u00f3gico de la funcionalidad de cada uno de los elementos de este nuevo espacio de ense\u00f1anza.\u00a0<\/span><\/p>\n<p><span style=\"font-weight: 400;\">Uno de los aspectos definitorios de las nuevas modalidades de ense\u00f1anza no presencial es la manera en la que se establecen canales de interacci\u00f3n entre el alumnado y el profesorado. Area considera que la innovaci\u00f3n en el aprendizaje tambi\u00e9n debe traducirse a los modos de evaluaci\u00f3n, para lo que el docente debe saber adaptar los objetivos de su docencia a una evaluaci\u00f3n continua a lo largo de todo el cuatrimestre, mediante la cual la comunicaci\u00f3n con el alumnado es constante, tanto mediante videotutor\u00edas como a trav\u00e9s de una retroalimentaci\u00f3n que responda a cada actividad planteada.\u00a0<\/span><\/p>\n<p><span style=\"font-weight: 400;\">En el \u00e1mbito de la educaci\u00f3n del profesorado, la C\u00e1tedra TECNOEDU presta especial atenci\u00f3n a la labor docente en el sistema escolar, a trav\u00e9s de seminarios en los que se ofrece formaci\u00f3n en competencia digital a los docentes y se abordan fen\u00f3menos sociales relacionados, como la irrupci\u00f3n de la inteligencia artificial en educaci\u00f3n.\u00a0<\/span><\/p>\n<p><b>Fomentando un uso cr\u00edtico de la inteligencia artificial<\/b><\/p>\n<p><span style=\"font-weight: 400;\">Seg\u00fan estos especialistas, las lecciones magistrales y los sistemas de evaluaci\u00f3n final en base a un manual \u00fanico producen cada vez peores resultados en un espacio de ense\u00f1anza donde la inteligencia artificial convierte muchas tareas en ineficaces desde el punto de vista pedag\u00f3gico. El trabajo del alumnado debe orientarse hacia el desarrollo del pensamiento cr\u00edtico y hacia retos que les exijan la exposici\u00f3n de las fases de verificaci\u00f3n y comparaci\u00f3n seguidas a partir de los datos proporcionados por los motores de inteligencia artificial. Este tipo de pr\u00e1cticas docentes permiten evaluar \u201cno solo el producto final, sino el proceso de resoluci\u00f3n que les ha llevado a esa conclusi\u00f3n\u201d, se\u00f1ala Area.\u00a0<\/span><\/p>\n<div id=\"attachment_80873\" style=\"width: 210px\" class=\"wp-caption alignleft\"><a href=\"https:\/\/www.ull.es\/portal\/noticias\/wp-content\/uploads\/sites\/13\/2025\/03\/Carina-Gonzalez-03.jpg\" target=\"_blank\" rel=\"noopener\"><img aria-describedby=\"caption-attachment-80873\" decoding=\"async\" loading=\"lazy\" class=\"wp-image-80873 size-medium\" src=\"https:\/\/www.ull.es\/portal\/noticias\/wp-content\/uploads\/sites\/13\/2025\/03\/Carina-Gonzalez-03-200x300.jpg\" alt=\"\" width=\"200\" height=\"300\" srcset=\"https:\/\/www.ull.es\/portal\/noticias\/wp-content\/uploads\/sites\/13\/2025\/03\/Carina-Gonzalez-03-200x300.jpg 200w, https:\/\/www.ull.es\/portal\/noticias\/wp-content\/uploads\/sites\/13\/2025\/03\/Carina-Gonzalez-03-683x1024.jpg 683w, https:\/\/www.ull.es\/portal\/noticias\/wp-content\/uploads\/sites\/13\/2025\/03\/Carina-Gonzalez-03-768x1152.jpg 768w, https:\/\/www.ull.es\/portal\/noticias\/wp-content\/uploads\/sites\/13\/2025\/03\/Carina-Gonzalez-03-375x563.jpg 375w, https:\/\/www.ull.es\/portal\/noticias\/wp-content\/uploads\/sites\/13\/2025\/03\/Carina-Gonzalez-03-750x1125.jpg 750w, https:\/\/www.ull.es\/portal\/noticias\/wp-content\/uploads\/sites\/13\/2025\/03\/Carina-Gonzalez-03.jpg 800w\" sizes=\"(max-width: 200px) 100vw, 200px\" \/><\/a><p id=\"caption-attachment-80873\" class=\"wp-caption-text\">Carina Gonz\u00e1lez<\/p><\/div>\n<p><span style=\"font-weight: 400;\">Para Carina Gonz\u00e1lez, la irrupci\u00f3n de la inteligencia artificial en la educaci\u00f3n es un fen\u00f3meno inevitable y en crecimiento, en el que las instituciones educativas y docentes deben adoptar una postura proactiva que incluya una integraci\u00f3n responsable de estas nuevas herramientas en los procesos de ense\u00f1anza. Con este objetivo, es necesario que los docentes comprendan su funcionamiento y limitaciones y las transmitan al alumnado.\u00a0<\/span><\/p>\n<p><span style=\"font-weight: 400;\">No obstante, afirma que existe un peligro real de que la IA afecte al desarrollo de competencias cognitivas y provoque una dependencia excesiva en la resoluci\u00f3n de determinadas tareas, lo que hace imperativo que se redise\u00f1en estos procesos evaluativos. Por ello, Gonz\u00e1lez propone la utilizaci\u00f3n de modelos que pueden ayudar a evaluar el impacto pedag\u00f3gico de las nuevas tecnolog\u00edas de aprendizaje y herramientas de IA. Estos son el modelo SAMR (Sustituci\u00f3n, Aumento, Modificaci\u00f3n y Redefinici\u00f3n), una herramienta que puede asistir al profesorado para evaluar la incorporaci\u00f3n de las TIC en el aula, o el modelo TPACK (Technological Pedagogical Content Knowledge), que orienta al profesorado sobre c\u00f3mo integrar tecnolog\u00edas, incluida la IA, de forma adecuada.\u00a0<\/span><\/p>\n<p><span style=\"font-weight: 400;\">En un contexto en el que gran parte del alumnado convive d\u00eda a d\u00eda con estos asistentes de b\u00fasqueda en sus casas, Bel\u00e9n San Nicol\u00e1s tambi\u00e9n aboga por una educaci\u00f3n en nuevas tecnolog\u00edas que ofrezca pautas para un uso cr\u00edtico de estas herramientas e inculque una necesaria fase de reflexi\u00f3n sobre el proceso de aprendizaje, ya que prohibir la IA no va a impedir que la usen. \u201cEs importante que hablemos expl\u00edcitamente con nuestros estudiantes del impacto que el uso de la IA puede tener en su aprendizaje y la necesidad de no enga\u00f1arse a s\u00ed mismos acerca de los retos conseguidos en el desarrollo de sus actividades acad\u00e9micas apoyadas en esta herramienta\u201d, a\u00f1ade San Nicol\u00e1s. En este punto coincide con Ana Luisa Sanabria, quien considera necesario inculcar un uso de estos recursos digitales amparado en valores.\u00a0<\/span><\/p>\n<p><span style=\"font-weight: 400;\">Como parte de la exploraci\u00f3n de las din\u00e1micas de trabajo que la inteligencia artificial conlleva en la educaci\u00f3n universitaria, los investigadores de EDULLAB desarrollan actualmente una l\u00ednea de trabajo en torno a los usos de inteligencia artificial en el desarrollo de proyectos de innovaci\u00f3n educativa en la ULL. Seg\u00fan Manuel Area, a trav\u00e9s de su implementaci\u00f3n en distintas asignaturas de la universidad, se persigue articular un modelo did\u00e1ctico para favorecer el desarrollo del pensamiento cr\u00edtico en estudiantes.\u00a0<\/span><\/p>\n<p><span style=\"font-weight: 400;\">Los especialsitas coinciden en que s\u00f3lo mediante un conocimiento transversal y una comprensi\u00f3n profunda del funcionamiento, usos y riesgos de las nuevas tecnolog\u00edas aplicadas al \u00e1mbito educativo podr\u00e1n, tanto alumnado como profesorado, beneficiarse de las importantes ventajas de flexibilidad, inclusi\u00f3n y acceso a la informaci\u00f3n multiformato que sin duda ofrecen.\u00a0<\/span><\/p>\n<p><span style=\"font-weight: 400;\">(Este reportaje es una iniciativa enmarcada en el Calendario de Conmemoraciones InvestigaULL, proyecto de divulgaci\u00f3n cient\u00edfica promovido por la Universidad de La Laguna).<\/span><\/p>\n<p style=\"text-align: right;\"><b>Unidad de Cultura Cient\u00edfica y de la Innovaci\u00f3n (Cienci@ULL)<\/b><\/p>\n","protected":false},"excerpt":{"rendered":"<p>El concepto de educaci\u00f3n mediada a trav\u00e9s de las nuevas tecnolog\u00edas, siempre cambiantes, adquiri\u00f3 una especial relevancia durante la pandemia&#8230;<\/p>\n","protected":false},"author":65,"featured_media":80868,"comment_status":"closed","ping_status":"closed","sticky":false,"template":"","format":"standard","meta":{"inline_featured_image":false,"footnotes":""},"categories":[3785,350,2750],"tags":[11522,11523,1985],"acf":[],"yoast_head":"<!-- This site is optimized with the Yoast SEO plugin v21.3 - https:\/\/yoast.com\/wordpress\/plugins\/seo\/ -->\n<title>El desaf\u00edo de ense\u00f1ar y aprender con las tecnolog\u00edas digitales<\/title>\n<meta name=\"description\" content=\"En un contexto en el que la tecnolog\u00eda gana terreno en el \u00e1mbito educativo, especialistas en did\u00e1ctica y tecnolog\u00eda de la ULL exploran los usos y riesgos de las herramientas digitales. Ponen el foco en las potencialidades para el proceso de aprendizaje del alumnado y la labor docente.\" \/>\n<meta name=\"robots\" content=\"index, follow, max-snippet:-1, max-image-preview:large, max-video-preview:-1\" \/>\n<link rel=\"canonical\" href=\"https:\/\/www.ull.es\/portal\/noticias\/2025\/el-desafio-de-ensenar-y-aprender-con-las-tecnologias-digitales\/\" \/>\n<meta property=\"og:locale\" content=\"es_ES\" \/>\n<meta property=\"og:type\" content=\"article\" \/>\n<meta property=\"og:title\" content=\"El desaf\u00edo de ense\u00f1ar y aprender con las tecnolog\u00edas digitales\" \/>\n<meta property=\"og:description\" content=\"En un contexto en el que la tecnolog\u00eda gana terreno en el \u00e1mbito educativo, especialistas en did\u00e1ctica y tecnolog\u00eda de la ULL exploran los usos y riesgos de las herramientas digitales. Ponen el foco en las potencialidades para el proceso de aprendizaje del alumnado y la labor docente.\" \/>\n<meta property=\"og:url\" content=\"https:\/\/www.ull.es\/portal\/noticias\/2025\/el-desafio-de-ensenar-y-aprender-con-las-tecnologias-digitales\/\" \/>\n<meta property=\"og:site_name\" content=\"ULL - Noticias\" \/>\n<meta property=\"article:publisher\" content=\"https:\/\/www.facebook.com\/universidaddelalaguna\/\" \/>\n<meta property=\"article:published_time\" content=\"2025-03-19T12:03:03+00:00\" \/>\n<meta property=\"article:modified_time\" content=\"2025-03-20T08:55:05+00:00\" \/>\n<meta property=\"og:image\" content=\"https:\/\/www.ull.es\/portal\/noticias\/wp-content\/uploads\/sites\/13\/2025\/03\/Dia-del-Aprendizaje-grupo-01.jpg\" \/>\n\t<meta property=\"og:image:width\" content=\"1200\" \/>\n\t<meta property=\"og:image:height\" content=\"800\" \/>\n\t<meta property=\"og:image:type\" content=\"image\/jpeg\" \/>\n<meta name=\"author\" content=\"gcom4\" \/>\n<meta name=\"twitter:card\" content=\"summary_large_image\" \/>\n<meta name=\"twitter:creator\" content=\"@CanalULL\" \/>\n<meta name=\"twitter:site\" content=\"@CanalULL\" \/>\n<meta name=\"twitter:label1\" content=\"Escrito por\" \/>\n\t<meta name=\"twitter:data1\" content=\"gcom4\" \/>\n\t<meta name=\"twitter:label2\" content=\"Tiempo de lectura\" \/>\n\t<meta name=\"twitter:data2\" content=\"12 minutos\" \/>\n<script type=\"application\/ld+json\" class=\"yoast-schema-graph\">{\"@context\":\"https:\/\/schema.org\",\"@graph\":[{\"@type\":\"WebPage\",\"@id\":\"https:\/\/www.ull.es\/portal\/noticias\/2025\/el-desafio-de-ensenar-y-aprender-con-las-tecnologias-digitales\/\",\"url\":\"https:\/\/www.ull.es\/portal\/noticias\/2025\/el-desafio-de-ensenar-y-aprender-con-las-tecnologias-digitales\/\",\"name\":\"El desaf\u00edo de ense\u00f1ar y aprender con las tecnolog\u00edas digitales\",\"isPartOf\":{\"@id\":\"https:\/\/www.ull.es\/portal\/noticias\/#website\"},\"datePublished\":\"2025-03-19T12:03:03+00:00\",\"dateModified\":\"2025-03-20T08:55:05+00:00\",\"author\":{\"@id\":\"https:\/\/www.ull.es\/portal\/noticias\/#\/schema\/person\/9924518fb1ad37d4428e7b5d6f311773\"},\"description\":\"En un contexto en el que la tecnolog\u00eda gana terreno en el \u00e1mbito educativo, especialistas en did\u00e1ctica y tecnolog\u00eda de la ULL exploran los usos y riesgos de las herramientas digitales. Ponen el foco en las potencialidades para el proceso de aprendizaje del alumnado y la labor docente.\",\"breadcrumb\":{\"@id\":\"https:\/\/www.ull.es\/portal\/noticias\/2025\/el-desafio-de-ensenar-y-aprender-con-las-tecnologias-digitales\/#breadcrumb\"},\"inLanguage\":\"es\",\"potentialAction\":[{\"@type\":\"ReadAction\",\"target\":[\"https:\/\/www.ull.es\/portal\/noticias\/2025\/el-desafio-de-ensenar-y-aprender-con-las-tecnologias-digitales\/\"]}]},{\"@type\":\"BreadcrumbList\",\"@id\":\"https:\/\/www.ull.es\/portal\/noticias\/2025\/el-desafio-de-ensenar-y-aprender-con-las-tecnologias-digitales\/#breadcrumb\",\"itemListElement\":[{\"@type\":\"ListItem\",\"position\":1,\"name\":\"Portada\",\"item\":\"https:\/\/www.ull.es\/portal\/noticias\/\"},{\"@type\":\"ListItem\",\"position\":2,\"name\":\"El desaf\u00edo de ense\u00f1ar y aprender con las tecnolog\u00edas digitales\"}]},{\"@type\":\"WebSite\",\"@id\":\"https:\/\/www.ull.es\/portal\/noticias\/#website\",\"url\":\"https:\/\/www.ull.es\/portal\/noticias\/\",\"name\":\"ULL - Noticias\",\"description\":\"\",\"potentialAction\":[{\"@type\":\"SearchAction\",\"target\":{\"@type\":\"EntryPoint\",\"urlTemplate\":\"https:\/\/www.ull.es\/portal\/noticias\/?s={search_term_string}\"},\"query-input\":\"required name=search_term_string\"}],\"inLanguage\":\"es\"},{\"@type\":\"Person\",\"@id\":\"https:\/\/www.ull.es\/portal\/noticias\/#\/schema\/person\/9924518fb1ad37d4428e7b5d6f311773\",\"name\":\"gcom4\",\"image\":{\"@type\":\"ImageObject\",\"inLanguage\":\"es\",\"@id\":\"https:\/\/www.ull.es\/portal\/noticias\/#\/schema\/person\/image\/\",\"url\":\"https:\/\/secure.gravatar.com\/avatar\/a5d1f5573f10617ccfcc209aaf6aa7fb?s=96&d=mm&r=g\",\"contentUrl\":\"https:\/\/secure.gravatar.com\/avatar\/a5d1f5573f10617ccfcc209aaf6aa7fb?s=96&d=mm&r=g\",\"caption\":\"gcom4\"},\"url\":\"https:\/\/www.ull.es\/portal\/noticias\/author\/gcom4\/\"}]}<\/script>\n<!-- \/ Yoast SEO plugin. -->","yoast_head_json":{"title":"El desaf\u00edo de ense\u00f1ar y aprender con las tecnolog\u00edas digitales","description":"En un contexto en el que la tecnolog\u00eda gana terreno en el \u00e1mbito educativo, especialistas en did\u00e1ctica y tecnolog\u00eda de la ULL exploran los usos y riesgos de las herramientas digitales. Ponen el foco en las potencialidades para el proceso de aprendizaje del alumnado y la labor docente.","robots":{"index":"index","follow":"follow","max-snippet":"max-snippet:-1","max-image-preview":"max-image-preview:large","max-video-preview":"max-video-preview:-1"},"canonical":"https:\/\/www.ull.es\/portal\/noticias\/2025\/el-desafio-de-ensenar-y-aprender-con-las-tecnologias-digitales\/","og_locale":"es_ES","og_type":"article","og_title":"El desaf\u00edo de ense\u00f1ar y aprender con las tecnolog\u00edas digitales","og_description":"En un contexto en el que la tecnolog\u00eda gana terreno en el \u00e1mbito educativo, especialistas en did\u00e1ctica y tecnolog\u00eda de la ULL exploran los usos y riesgos de las herramientas digitales. Ponen el foco en las potencialidades para el proceso de aprendizaje del alumnado y la labor docente.","og_url":"https:\/\/www.ull.es\/portal\/noticias\/2025\/el-desafio-de-ensenar-y-aprender-con-las-tecnologias-digitales\/","og_site_name":"ULL - Noticias","article_publisher":"https:\/\/www.facebook.com\/universidaddelalaguna\/","article_published_time":"2025-03-19T12:03:03+00:00","article_modified_time":"2025-03-20T08:55:05+00:00","og_image":[{"width":1200,"height":800,"url":"https:\/\/www.ull.es\/portal\/noticias\/wp-content\/uploads\/sites\/13\/2025\/03\/Dia-del-Aprendizaje-grupo-01.jpg","type":"image\/jpeg"}],"author":"gcom4","twitter_card":"summary_large_image","twitter_creator":"@CanalULL","twitter_site":"@CanalULL","twitter_misc":{"Escrito por":"gcom4","Tiempo de lectura":"12 minutos"},"schema":{"@context":"https:\/\/schema.org","@graph":[{"@type":"WebPage","@id":"https:\/\/www.ull.es\/portal\/noticias\/2025\/el-desafio-de-ensenar-y-aprender-con-las-tecnologias-digitales\/","url":"https:\/\/www.ull.es\/portal\/noticias\/2025\/el-desafio-de-ensenar-y-aprender-con-las-tecnologias-digitales\/","name":"El desaf\u00edo de ense\u00f1ar y aprender con las tecnolog\u00edas digitales","isPartOf":{"@id":"https:\/\/www.ull.es\/portal\/noticias\/#website"},"datePublished":"2025-03-19T12:03:03+00:00","dateModified":"2025-03-20T08:55:05+00:00","author":{"@id":"https:\/\/www.ull.es\/portal\/noticias\/#\/schema\/person\/9924518fb1ad37d4428e7b5d6f311773"},"description":"En un contexto en el que la tecnolog\u00eda gana terreno en el \u00e1mbito educativo, especialistas en did\u00e1ctica y tecnolog\u00eda de la ULL exploran los usos y riesgos de las herramientas digitales. Ponen el foco en las potencialidades para el proceso de aprendizaje del alumnado y la labor docente.","breadcrumb":{"@id":"https:\/\/www.ull.es\/portal\/noticias\/2025\/el-desafio-de-ensenar-y-aprender-con-las-tecnologias-digitales\/#breadcrumb"},"inLanguage":"es","potentialAction":[{"@type":"ReadAction","target":["https:\/\/www.ull.es\/portal\/noticias\/2025\/el-desafio-de-ensenar-y-aprender-con-las-tecnologias-digitales\/"]}]},{"@type":"BreadcrumbList","@id":"https:\/\/www.ull.es\/portal\/noticias\/2025\/el-desafio-de-ensenar-y-aprender-con-las-tecnologias-digitales\/#breadcrumb","itemListElement":[{"@type":"ListItem","position":1,"name":"Portada","item":"https:\/\/www.ull.es\/portal\/noticias\/"},{"@type":"ListItem","position":2,"name":"El desaf\u00edo de ense\u00f1ar y aprender con las tecnolog\u00edas digitales"}]},{"@type":"WebSite","@id":"https:\/\/www.ull.es\/portal\/noticias\/#website","url":"https:\/\/www.ull.es\/portal\/noticias\/","name":"ULL - Noticias","description":"","potentialAction":[{"@type":"SearchAction","target":{"@type":"EntryPoint","urlTemplate":"https:\/\/www.ull.es\/portal\/noticias\/?s={search_term_string}"},"query-input":"required name=search_term_string"}],"inLanguage":"es"},{"@type":"Person","@id":"https:\/\/www.ull.es\/portal\/noticias\/#\/schema\/person\/9924518fb1ad37d4428e7b5d6f311773","name":"gcom4","image":{"@type":"ImageObject","inLanguage":"es","@id":"https:\/\/www.ull.es\/portal\/noticias\/#\/schema\/person\/image\/","url":"https:\/\/secure.gravatar.com\/avatar\/a5d1f5573f10617ccfcc209aaf6aa7fb?s=96&d=mm&r=g","contentUrl":"https:\/\/secure.gravatar.com\/avatar\/a5d1f5573f10617ccfcc209aaf6aa7fb?s=96&d=mm&r=g","caption":"gcom4"},"url":"https:\/\/www.ull.es\/portal\/noticias\/author\/gcom4\/"}]}},"primary_category":{"id":2750,"name":"Protagonistas","slug":"protagonistas","link":"https:\/\/www.ull.es\/portal\/noticias\/category\/protagonistas\/"},"featured_image_thumbnail_url":"https:\/\/www.ull.es\/portal\/noticias\/wp-content\/uploads\/sites\/13\/2025\/03\/Dia-del-Aprendizaje-grupo-01-300x200.jpg","_links":{"self":[{"href":"https:\/\/www.ull.es\/portal\/noticias\/wp-json\/wp\/v2\/posts\/80867"}],"collection":[{"href":"https:\/\/www.ull.es\/portal\/noticias\/wp-json\/wp\/v2\/posts"}],"about":[{"href":"https:\/\/www.ull.es\/portal\/noticias\/wp-json\/wp\/v2\/types\/post"}],"author":[{"embeddable":true,"href":"https:\/\/www.ull.es\/portal\/noticias\/wp-json\/wp\/v2\/users\/65"}],"replies":[{"embeddable":true,"href":"https:\/\/www.ull.es\/portal\/noticias\/wp-json\/wp\/v2\/comments?post=80867"}],"version-history":[{"count":6,"href":"https:\/\/www.ull.es\/portal\/noticias\/wp-json\/wp\/v2\/posts\/80867\/revisions"}],"predecessor-version":[{"id":80880,"href":"https:\/\/www.ull.es\/portal\/noticias\/wp-json\/wp\/v2\/posts\/80867\/revisions\/80880"}],"wp:featuredmedia":[{"embeddable":true,"href":"https:\/\/www.ull.es\/portal\/noticias\/wp-json\/wp\/v2\/media\/80868"}],"wp:attachment":[{"href":"https:\/\/www.ull.es\/portal\/noticias\/wp-json\/wp\/v2\/media?parent=80867"}],"wp:term":[{"taxonomy":"category","embeddable":true,"href":"https:\/\/www.ull.es\/portal\/noticias\/wp-json\/wp\/v2\/categories?post=80867"},{"taxonomy":"post_tag","embeddable":true,"href":"https:\/\/www.ull.es\/portal\/noticias\/wp-json\/wp\/v2\/tags?post=80867"}],"curies":[{"name":"wp","href":"https:\/\/api.w.org\/{rel}","templated":true}]}}