{"id":80994,"date":"2025-03-24T12:41:28","date_gmt":"2025-03-24T12:41:28","guid":{"rendered":"https:\/\/www.ull.es\/portal\/noticias\/?p=80994"},"modified":"2025-03-24T12:45:14","modified_gmt":"2025-03-24T12:45:14","slug":"la-ull-organiza-unas-jornadas-para-abordar-los-retos-de-la-sostenibilidad-en-canarias","status":"publish","type":"post","link":"https:\/\/www.ull.es\/portal\/noticias\/2025\/la-ull-organiza-unas-jornadas-para-abordar-los-retos-de-la-sostenibilidad-en-canarias\/","title":{"rendered":"La ULL organiza unas jornadas para abordar los retos de la sostenibilidad en Canarias"},"content":{"rendered":"<p>La Universidad de La Laguna acoger\u00e1 esta semana, los d\u00edas 27 y 28 de marzo, las <a href=\"https:\/\/eventos.ull.es\/131934\/detail\/jornadas-explorando-las-fronteras-de-la-sostenibilidad-en-canarias.html\" target=\"_blank\" rel=\"noopener\">jornadas \u2018Explorando las Fronteras de la Sostenibilidad en Canarias\u2019<\/a>. Este evento se enmarca en el compromiso con la Agenda Canaria 2030 y se desarrolla a trav\u00e9s del proyecto LIDESCAN, promovido y realizado conjuntamente con la Universidad de Las Palmas de Gran Canaria. Las sesiones tendr\u00e1n lugar en el Aula Magna Blas Cabrera Felipe del Edificio de F\u00edsica y Matem\u00e1ticas de la instituci\u00f3n acad\u00e9mica.<\/p>\n<p>La condici\u00f3n insular del archipi\u00e9lago, su fragilidad ecol\u00f3gica y la dependencia econ\u00f3mica del turismo hacen que la b\u00fasqueda de estrategias sostenibles sea una prioridad. En este contexto, las jornadas reunir\u00e1n a <a href=\"https:\/\/eventos.ull.es\/131934\/speakers\/jornadas-explorando-las-fronteras-de-la-sostenibilidad-en-canarias.html\" target=\"_blank\" rel=\"noopener\">especialistas nacionales e internacionales<\/a> que analizar\u00e1n las principales problem\u00e1ticas medioambientales y propondr\u00e1n soluciones innovadoras para el futuro de Canarias.<\/p>\n<p>Este evento se inaugurar\u00e1 el 27 de marzo con la participaci\u00f3n del rector de la Universidad de La Laguna, el presidente del Gobierno de Canarias y los directores de las jornadas. A continuaci\u00f3n, el experto <a href=\"https:\/\/www.aiche.org\/community\/bio\/michael-ben-eli\" target=\"_blank\" rel=\"noopener\">Michael Ben-Eli<\/a>, fundador y director del Laboratorio de Sostenibilidad de Nueva York, ofrecer\u00e1 la conferencia inaugural \u2018Perspectivas de la sostenibilidad en el contexto global\u2019.<\/p>\n<p>A lo largo de las sesiones, se abordar\u00e1n temas clave como la transici\u00f3n energ\u00e9tica, la emergencia clim\u00e1tica, la econom\u00eda circular y la gobernanza participativa. Destacan intervenciones como las de <a href=\"https:\/\/labandeira.eu\/es\/\" target=\"_blank\" rel=\"noopener\">Xavier Labandeira Villot<\/a>, catedr\u00e1tico de Econom\u00eda en la Universidad de Vigo y especialista en pol\u00edticas clim\u00e1ticas; <a href=\"https:\/\/www.linkedin.com\/in\/nuriaalbettorres\/?originalSubdomain=es\" target=\"_blank\" rel=\"noopener\">Nuria Albet Torres<\/a>, coordinadora de La Palma Renovable y promotora de proyectos de energ\u00eda sostenible en Canarias; y <a href=\"https:\/\/www.filosofiapirata.net\/\" target=\"_blank\" rel=\"noopener\">Amador Fern\u00e1ndez-Savater<\/a>, fil\u00f3sofo y ensayista, quien ofrecer\u00e1 una conferencia de clausura sobre las interconexiones entre ecolog\u00eda y sociedad.<\/p>\n<p>Los paneles de debate contar\u00e1n con la participaci\u00f3n de expertos y expertas en diversas disciplinas que analizar\u00e1n desde la planificaci\u00f3n urbana sostenible hasta la innovaci\u00f3n en modelos de producci\u00f3n y consumo, con el fin de garantizar un desarrollo equilibrado en el territorio canario.<\/p>\n<p>Las jornadas est\u00e1n dirigidas a la comunidad universitaria, profesionales del sector y p\u00fablico interesado. La asistencia presencial requiere<a href=\"https:\/\/sede.fg.ull.es\/es\/curso\/detalle\/a25020107\/jornadas-explorando-las-fronteras-de-la-sostenibilidad-en-canarias\" target=\"_blank\" rel=\"noopener\"> inscripci\u00f3n previa<\/a> y permite optar a la obtenci\u00f3n de 1 cr\u00e9dito ECTS cumpliendo los requisitos establecidos. Quienes no puedan acudir en persona podr\u00e1n seguir el evento a trav\u00e9s del <a href=\"https:\/\/www.youtube.com\/@CanalULL\" target=\"_blank\" rel=\"noopener\">canal de YouTube de la Universidad de La Laguna<\/a>, aunque esta modalidad no dar\u00e1 derecho a certificaci\u00f3n.<\/p>\n<p>Este evento es una oportunidad \u00fanica para profundizar en los retos de la sostenibilidad en Canarias, fomentar la cooperaci\u00f3n entre instituciones y promover soluciones innovadoras que permitan avanzar hacia un modelo m\u00e1s resiliente y sostenible en el archipi\u00e9lago.<\/p>\n","protected":false},"excerpt":{"rendered":"<p>La Universidad de La Laguna acoger\u00e1 esta semana, los d\u00edas 27 y 28 de marzo, las jornadas \u2018Explorando las Fronteras&#8230;<\/p>\n","protected":false},"author":23,"featured_media":80996,"comment_status":"closed","ping_status":"closed","sticky":false,"template":"","format":"standard","meta":{"inline_featured_image":false,"footnotes":""},"categories":[5232,345,348,2765],"tags":[],"acf":[],"yoast_head":"<!-- This site is optimized with the Yoast SEO plugin v21.3 - https:\/\/yoast.com\/wordpress\/plugins\/seo\/ -->\n<title>La ULL organiza unas jornadas para abordar los retos de la sostenibilidad en Canarias - ULL - Noticias<\/title>\n<meta name=\"robots\" content=\"index, follow, max-snippet:-1, max-image-preview:large, max-video-preview:-1\" \/>\n<link rel=\"canonical\" href=\"https:\/\/www.ull.es\/portal\/noticias\/2025\/la-ull-organiza-unas-jornadas-para-abordar-los-retos-de-la-sostenibilidad-en-canarias\/\" \/>\n<meta property=\"og:locale\" content=\"es_ES\" \/>\n<meta property=\"og:type\" content=\"article\" \/>\n<meta property=\"og:title\" content=\"La ULL organiza unas jornadas para abordar los retos de la sostenibilidad en Canarias - ULL - Noticias\" \/>\n<meta property=\"og:description\" content=\"La Universidad de La Laguna acoger\u00e1 esta semana, los d\u00edas 27 y 28 de marzo, las jornadas \u2018Explorando las Fronteras...\" \/>\n<meta property=\"og:url\" content=\"https:\/\/www.ull.es\/portal\/noticias\/2025\/la-ull-organiza-unas-jornadas-para-abordar-los-retos-de-la-sostenibilidad-en-canarias\/\" \/>\n<meta property=\"og:site_name\" content=\"ULL - Noticias\" \/>\n<meta property=\"article:publisher\" content=\"https:\/\/www.facebook.com\/universidaddelalaguna\/\" \/>\n<meta property=\"article:published_time\" content=\"2025-03-24T12:41:28+00:00\" \/>\n<meta property=\"article:modified_time\" content=\"2025-03-24T12:45:14+00:00\" \/>\n<meta property=\"og:image\" content=\"https:\/\/www.ull.es\/portal\/noticias\/wp-content\/uploads\/sites\/13\/2025\/03\/Noticia-LIDESCAN-1200-x-800-px.jpg\" \/>\n\t<meta property=\"og:image:width\" content=\"1200\" \/>\n\t<meta property=\"og:image:height\" content=\"800\" \/>\n\t<meta property=\"og:image:type\" content=\"image\/jpeg\" \/>\n<meta name=\"author\" content=\"gaprsa\" \/>\n<meta name=\"twitter:card\" content=\"summary_large_image\" \/>\n<meta name=\"twitter:creator\" content=\"@CanalULL\" \/>\n<meta name=\"twitter:site\" content=\"@CanalULL\" \/>\n<meta name=\"twitter:label1\" content=\"Escrito por\" \/>\n\t<meta name=\"twitter:data1\" content=\"gaprsa\" \/>\n\t<meta name=\"twitter:label2\" content=\"Tiempo de lectura\" \/>\n\t<meta name=\"twitter:data2\" content=\"2 minutos\" \/>\n<script type=\"application\/ld+json\" class=\"yoast-schema-graph\">{\"@context\":\"https:\/\/schema.org\",\"@graph\":[{\"@type\":\"WebPage\",\"@id\":\"https:\/\/www.ull.es\/portal\/noticias\/2025\/la-ull-organiza-unas-jornadas-para-abordar-los-retos-de-la-sostenibilidad-en-canarias\/\",\"url\":\"https:\/\/www.ull.es\/portal\/noticias\/2025\/la-ull-organiza-unas-jornadas-para-abordar-los-retos-de-la-sostenibilidad-en-canarias\/\",\"name\":\"La ULL organiza unas jornadas para abordar los retos de la sostenibilidad en Canarias - ULL - Noticias\",\"isPartOf\":{\"@id\":\"https:\/\/www.ull.es\/portal\/noticias\/#website\"},\"datePublished\":\"2025-03-24T12:41:28+00:00\",\"dateModified\":\"2025-03-24T12:45:14+00:00\",\"author\":{\"@id\":\"https:\/\/www.ull.es\/portal\/noticias\/#\/schema\/person\/b2b1a89d43ffa609e591f7df8ef3e817\"},\"breadcrumb\":{\"@id\":\"https:\/\/www.ull.es\/portal\/noticias\/2025\/la-ull-organiza-unas-jornadas-para-abordar-los-retos-de-la-sostenibilidad-en-canarias\/#breadcrumb\"},\"inLanguage\":\"es\",\"potentialAction\":[{\"@type\":\"ReadAction\",\"target\":[\"https:\/\/www.ull.es\/portal\/noticias\/2025\/la-ull-organiza-unas-jornadas-para-abordar-los-retos-de-la-sostenibilidad-en-canarias\/\"]}]},{\"@type\":\"BreadcrumbList\",\"@id\":\"https:\/\/www.ull.es\/portal\/noticias\/2025\/la-ull-organiza-unas-jornadas-para-abordar-los-retos-de-la-sostenibilidad-en-canarias\/#breadcrumb\",\"itemListElement\":[{\"@type\":\"ListItem\",\"position\":1,\"name\":\"Portada\",\"item\":\"https:\/\/www.ull.es\/portal\/noticias\/\"},{\"@type\":\"ListItem\",\"position\":2,\"name\":\"La ULL organiza unas jornadas para abordar los retos de la sostenibilidad en Canarias\"}]},{\"@type\":\"WebSite\",\"@id\":\"https:\/\/www.ull.es\/portal\/noticias\/#website\",\"url\":\"https:\/\/www.ull.es\/portal\/noticias\/\",\"name\":\"ULL - Noticias\",\"description\":\"\",\"potentialAction\":[{\"@type\":\"SearchAction\",\"target\":{\"@type\":\"EntryPoint\",\"urlTemplate\":\"https:\/\/www.ull.es\/portal\/noticias\/?s={search_term_string}\"},\"query-input\":\"required name=search_term_string\"}],\"inLanguage\":\"es\"},{\"@type\":\"Person\",\"@id\":\"https:\/\/www.ull.es\/portal\/noticias\/#\/schema\/person\/b2b1a89d43ffa609e591f7df8ef3e817\",\"name\":\"gaprsa\",\"image\":{\"@type\":\"ImageObject\",\"inLanguage\":\"es\",\"@id\":\"https:\/\/www.ull.es\/portal\/noticias\/#\/schema\/person\/image\/\",\"url\":\"https:\/\/secure.gravatar.com\/avatar\/443820550921091458b4823867723b3d?s=96&d=mm&r=g\",\"contentUrl\":\"https:\/\/secure.gravatar.com\/avatar\/443820550921091458b4823867723b3d?s=96&d=mm&r=g\",\"caption\":\"gaprsa\"},\"url\":\"https:\/\/www.ull.es\/portal\/noticias\/author\/gaprsa\/\"}]}<\/script>\n<!-- \/ Yoast SEO plugin. -->","yoast_head_json":{"title":"La ULL organiza unas jornadas para abordar los retos de la sostenibilidad en Canarias - ULL - Noticias","robots":{"index":"index","follow":"follow","max-snippet":"max-snippet:-1","max-image-preview":"max-image-preview:large","max-video-preview":"max-video-preview:-1"},"canonical":"https:\/\/www.ull.es\/portal\/noticias\/2025\/la-ull-organiza-unas-jornadas-para-abordar-los-retos-de-la-sostenibilidad-en-canarias\/","og_locale":"es_ES","og_type":"article","og_title":"La ULL organiza unas jornadas para abordar los retos de la sostenibilidad en Canarias - ULL - Noticias","og_description":"La Universidad de La Laguna acoger\u00e1 esta semana, los d\u00edas 27 y 28 de marzo, las jornadas \u2018Explorando las Fronteras...","og_url":"https:\/\/www.ull.es\/portal\/noticias\/2025\/la-ull-organiza-unas-jornadas-para-abordar-los-retos-de-la-sostenibilidad-en-canarias\/","og_site_name":"ULL - Noticias","article_publisher":"https:\/\/www.facebook.com\/universidaddelalaguna\/","article_published_time":"2025-03-24T12:41:28+00:00","article_modified_time":"2025-03-24T12:45:14+00:00","og_image":[{"width":1200,"height":800,"url":"https:\/\/www.ull.es\/portal\/noticias\/wp-content\/uploads\/sites\/13\/2025\/03\/Noticia-LIDESCAN-1200-x-800-px.jpg","type":"image\/jpeg"}],"author":"gaprsa","twitter_card":"summary_large_image","twitter_creator":"@CanalULL","twitter_site":"@CanalULL","twitter_misc":{"Escrito por":"gaprsa","Tiempo de lectura":"2 minutos"},"schema":{"@context":"https:\/\/schema.org","@graph":[{"@type":"WebPage","@id":"https:\/\/www.ull.es\/portal\/noticias\/2025\/la-ull-organiza-unas-jornadas-para-abordar-los-retos-de-la-sostenibilidad-en-canarias\/","url":"https:\/\/www.ull.es\/portal\/noticias\/2025\/la-ull-organiza-unas-jornadas-para-abordar-los-retos-de-la-sostenibilidad-en-canarias\/","name":"La ULL organiza unas jornadas para abordar los retos de la sostenibilidad en Canarias - ULL - Noticias","isPartOf":{"@id":"https:\/\/www.ull.es\/portal\/noticias\/#website"},"datePublished":"2025-03-24T12:41:28+00:00","dateModified":"2025-03-24T12:45:14+00:00","author":{"@id":"https:\/\/www.ull.es\/portal\/noticias\/#\/schema\/person\/b2b1a89d43ffa609e591f7df8ef3e817"},"breadcrumb":{"@id":"https:\/\/www.ull.es\/portal\/noticias\/2025\/la-ull-organiza-unas-jornadas-para-abordar-los-retos-de-la-sostenibilidad-en-canarias\/#breadcrumb"},"inLanguage":"es","potentialAction":[{"@type":"ReadAction","target":["https:\/\/www.ull.es\/portal\/noticias\/2025\/la-ull-organiza-unas-jornadas-para-abordar-los-retos-de-la-sostenibilidad-en-canarias\/"]}]},{"@type":"BreadcrumbList","@id":"https:\/\/www.ull.es\/portal\/noticias\/2025\/la-ull-organiza-unas-jornadas-para-abordar-los-retos-de-la-sostenibilidad-en-canarias\/#breadcrumb","itemListElement":[{"@type":"ListItem","position":1,"name":"Portada","item":"https:\/\/www.ull.es\/portal\/noticias\/"},{"@type":"ListItem","position":2,"name":"La ULL organiza unas jornadas para abordar los retos de la sostenibilidad en Canarias"}]},{"@type":"WebSite","@id":"https:\/\/www.ull.es\/portal\/noticias\/#website","url":"https:\/\/www.ull.es\/portal\/noticias\/","name":"ULL - Noticias","description":"","potentialAction":[{"@type":"SearchAction","target":{"@type":"EntryPoint","urlTemplate":"https:\/\/www.ull.es\/portal\/noticias\/?s={search_term_string}"},"query-input":"required name=search_term_string"}],"inLanguage":"es"},{"@type":"Person","@id":"https:\/\/www.ull.es\/portal\/noticias\/#\/schema\/person\/b2b1a89d43ffa609e591f7df8ef3e817","name":"gaprsa","image":{"@type":"ImageObject","inLanguage":"es","@id":"https:\/\/www.ull.es\/portal\/noticias\/#\/schema\/person\/image\/","url":"https:\/\/secure.gravatar.com\/avatar\/443820550921091458b4823867723b3d?s=96&d=mm&r=g","contentUrl":"https:\/\/secure.gravatar.com\/avatar\/443820550921091458b4823867723b3d?s=96&d=mm&r=g","caption":"gaprsa"},"url":"https:\/\/www.ull.es\/portal\/noticias\/author\/gaprsa\/"}]}},"primary_category":{"id":345,"name":"Destacado","slug":"destacado","link":"https:\/\/www.ull.es\/portal\/noticias\/category\/destacado\/"},"featured_image_thumbnail_url":"https:\/\/www.ull.es\/portal\/noticias\/wp-content\/uploads\/sites\/13\/2025\/03\/Noticia-LIDESCAN-1200-x-800-px-300x200.jpg","_links":{"self":[{"href":"https:\/\/www.ull.es\/portal\/noticias\/wp-json\/wp\/v2\/posts\/80994"}],"collection":[{"href":"https:\/\/www.ull.es\/portal\/noticias\/wp-json\/wp\/v2\/posts"}],"about":[{"href":"https:\/\/www.ull.es\/portal\/noticias\/wp-json\/wp\/v2\/types\/post"}],"author":[{"embeddable":true,"href":"https:\/\/www.ull.es\/portal\/noticias\/wp-json\/wp\/v2\/users\/23"}],"replies":[{"embeddable":true,"href":"https:\/\/www.ull.es\/portal\/noticias\/wp-json\/wp\/v2\/comments?post=80994"}],"version-history":[{"count":2,"href":"https:\/\/www.ull.es\/portal\/noticias\/wp-json\/wp\/v2\/posts\/80994\/revisions"}],"predecessor-version":[{"id":80997,"href":"https:\/\/www.ull.es\/portal\/noticias\/wp-json\/wp\/v2\/posts\/80994\/revisions\/80997"}],"wp:featuredmedia":[{"embeddable":true,"href":"https:\/\/www.ull.es\/portal\/noticias\/wp-json\/wp\/v2\/media\/80996"}],"wp:attachment":[{"href":"https:\/\/www.ull.es\/portal\/noticias\/wp-json\/wp\/v2\/media?parent=80994"}],"wp:term":[{"taxonomy":"category","embeddable":true,"href":"https:\/\/www.ull.es\/portal\/noticias\/wp-json\/wp\/v2\/categories?post=80994"},{"taxonomy":"post_tag","embeddable":true,"href":"https:\/\/www.ull.es\/portal\/noticias\/wp-json\/wp\/v2\/tags?post=80994"}],"curies":[{"name":"wp","href":"https:\/\/api.w.org\/{rel}","templated":true}]}}