{"id":81403,"date":"2025-04-10T10:59:23","date_gmt":"2025-04-10T10:59:23","guid":{"rendered":"https:\/\/www.ull.es\/portal\/noticias\/?p=81403"},"modified":"2025-04-23T08:36:21","modified_gmt":"2025-04-23T08:36:21","slug":"exposicion-dia-del-libro-de-la-cocina-a-los-libros-alimentos-que-cuentan-nuestra-historia","status":"publish","type":"post","link":"https:\/\/www.ull.es\/portal\/noticias\/2025\/exposicion-dia-del-libro-de-la-cocina-a-los-libros-alimentos-que-cuentan-nuestra-historia\/","title":{"rendered":"Exposici\u00f3n D\u00eda del Libro. &#8216;De la cocina a los libros: alimentos que cuentan nuestra historia&#8217;"},"content":{"rendered":"<p dir=\"ltr\">El Servicio de Biblioteca de la Universidad de La Laguna dedica sus actividades\u00a0<span class=\"il\">del<\/span>\u00a0<span class=\"il\">D\u00eda<\/span>\u00a0<span class=\"il\">del<\/span>\u00a0<span class=\"il\">Libro<\/span>\u00a02025 a la historia de la alimentaci\u00f3n en Canarias, abordando tambi\u00e9n temas como la nutrici\u00f3n y la gastronom\u00eda.<\/p>\n<p dir=\"ltr\">La inauguraci\u00f3n de la exposici\u00f3n\u00a0De la cocina a los libros: alimentos que cuentan nuestra historia\u00a0tendr\u00e1 lugar el mi\u00e9rcoles\u00a023 de abril a las 11:30 en la Biblioteca General y de Humanidades.<\/p>\n<p dir=\"ltr\">Previamente, a las 11:00, se firmar\u00e1 el acta de aceptaci\u00f3n de la donaci\u00f3n de la asociaci\u00f3n Alumni ULL y, como complemento al acto de inauguraci\u00f3n, contaremos con la actuaci\u00f3n de la Agrupaci\u00f3n de Teatro de Filolog\u00eda y disfrutaremos de la proyecci\u00f3n de un montaje cinematogr\u00e1fico.<\/p>\n<p dir=\"ltr\">Para finalizar, a las 12.30 se celebrar\u00e1 la mesa redonda:\u00a0H\u00e1bitos y costumbres alimenticios canarios, con la participaci\u00f3n de Rub\u00e9n Barroso Mart\u00ednez, gastr\u00f3nomo e investigador\u00a0<span class=\"il\">del<\/span>\u00a0IPNA-CSIC, Silvia Santa Sosa, dietista-nutricionista, vocal de desarrollo profesional en CODINUISCAN y Carlos D\u00edaz Romero, catedr\u00e1tico\u00a0<span class=\"il\">del<\/span>\u00a0\u00e1rea de Nutrici\u00f3n y Bromatolog\u00eda de la ULL. Modera: N\u00e9stor Ben\u00edtez Brito, dietista-nutricionista, profesor\u00a0<span class=\"il\">del<\/span> \u00e1rea de Nutrici\u00f3n y Bromatolog\u00eda de la ULL.<\/p>\n<p dir=\"ltr\">Esa misma tarde, a las 17:00 tendr\u00e1 lugar el primero de los talleres organizados para celebrar el\u00a0<span class=\"il\">D\u00eda<\/span>\u00a0<span class=\"il\">del<\/span>\u00a0<span class=\"il\">Libro<\/span>. Se trata\u00a0<span class=\"il\">del<\/span>\u00a0Taller Cocina canaria de producto: una cocina de vanguardia\u00a0<span class=\"il\">del<\/span>\u00a0s. XXI,\u00a0impartido por Josu\u00e9 Mendoza, chef y asesor gastron\u00f3mico\u00a0<span class=\"il\">del<\/span>\u00a0Colectivo Cocina Canalla (<a href=\"https:\/\/forms.gle\/J7SgHGTJ3Hq1TSSk9\" target=\"_blank\" rel=\"noopener\" data-saferedirecturl=\"https:\/\/www.google.com\/url?q=https:\/\/forms.gle\/J7SgHGTJ3Hq1TSSk9&amp;source=gmail&amp;ust=1744368996983000&amp;usg=AOvVaw3OvRwsJg-VPT5c8qIcXYTV\" target=\"_blank\" rel=\"noopener\">es necesaria inscripci\u00f3n<\/a>).<\/p>\n<p dir=\"ltr\">La exposici\u00f3n estar\u00e1 abierta hasta el 20 de junio en horario de 8:30 a 20:30 de lunes a viernes.<\/p>\n<p dir=\"ltr\"><strong>La exposici\u00f3n<\/strong><\/p>\n<p dir=\"ltr\">La muestra bibliogr\u00e1fica consiste en una selecci\u00f3n de documentos pertenecientes a los Fondos Especiales de la Biblioteca, como son el Fondo Antiguo, el Fondo de Canarias, y a los\u00a0 Archivos Personales que conservamos. Todos ellos poseen un gran valor patrimonial para Canarias, se trata de testimonios \u00fanicos y trascendentales para entender c\u00f3mo este tema forma parte de la historia de las Islas. La exposici\u00f3n se completa con una recopilaci\u00f3n de bibliograf\u00eda moderna sobre la materia que se encuentra principalmente en el Fondo de Canarias, pero tambi\u00e9n en otras bibliotecas que componen el Servicio.<\/p>\n<p dir=\"ltr\">El objetivo es hacer un recorrido por la historia de la alimentaci\u00f3n, desde los abor\u00edgenes hasta nuestros d\u00edas: los principales alimentos que se consum\u00edan y se siguen consumiendo, su elaboraci\u00f3n y conservaci\u00f3n, los valores nutricionales de nuestros platos y los recetarios, entre otros aspectos.<\/p>\n<p dir=\"ltr\">Existe una extensa bibliograf\u00eda sobre la alimentaci\u00f3n de la poblaci\u00f3n aborigen en Canarias. Los guanches se nutr\u00edan a base de gofio y de los productos derivados\u00a0<span class=\"il\">del<\/span>\u00a0ganado, como cabras, ovejas, conejos y cerdos preferiblemente, de los que tomaban su carne, su leche y su manteca. Tambi\u00e9n consum\u00edan frutos como d\u00e1tiles e higos y algo de marisco.<\/p>\n<p dir=\"ltr\">Contamos con documentos que nos relatan la relaci\u00f3n entre Canarias y Am\u00e9rica. Con la conquista de las Islas en el siglo XV, estas se convierten en punto de partida y llegada de las Am\u00e9ricas, son escala obligatoria y lugar de avituallamiento de navegantes.<\/p>\n<p dir=\"ltr\">Desde Canarias salieron para las Indias las primeras ca\u00f1as de az\u00facar, trigo, lechugas, berenjenas y cientos de vegetales; tambi\u00e9n se mandaron cerdos, vacas, ovejas, caballos, etc.<\/p>\n<p dir=\"ltr\">Desde Am\u00e9rica llegaron a Canarias productos como papas -que se adaptaron especialmente bien al clima canario y de las que a\u00a0<span class=\"il\">d\u00eda<\/span>\u00a0de hoy a\u00fan se conserva una gran variedad-, millo, tomates, pimientos y chocolate, entre otros. Desde aqu\u00ed se distribuyeron hacia toda Europa.<\/p>\n<p dir=\"ltr\">En definitiva, las Islas se convirtieron en un lugar de tr\u00e1nsito y base de experimentaci\u00f3n de todo un mundo de sabores que condicion\u00f3 nuestra cocina y alimentaci\u00f3n.<\/p>\n<p dir=\"ltr\">La historia culinaria de Canarias en la \u00e9poca moderna y contempor\u00e1nea ha estado marcada por la sucesi\u00f3n de distintos cultivos de exportaci\u00f3n, en los que se ha ido basando la econom\u00eda de las Islas. Todas estas producciones han ido dejando su huella en la cocina isle\u00f1a. Es el caso\u00a0<span class=\"il\">del<\/span>\u00a0cultivo\u00a0<span class=\"il\">del<\/span>\u00a0az\u00facar de ca\u00f1a, de la vid o\u00a0<span class=\"il\">del<\/span>\u00a0pl\u00e1tano.<\/p>\n<p dir=\"ltr\">Las materias primas propias de las islas, como son la carne de cabra, el gofio, el pescado fresco y salado, el marisco de costa (lapas, burgados, etc.), las papas y la fruta, se han fusionado con las influencias for\u00e1neas, dando lugar a la gastronom\u00eda tradicional canaria. Todos estos productos condicionan la dieta nutricional de las Islas, sin olvidar c\u00f3mo esta se adapt\u00f3 en las \u00e9pocas de escasez y hambruna.<\/p>\n<p dir=\"ltr\">Tambi\u00e9n se incluye un apartado en el que se muestra la relaci\u00f3n entre la dieta y la salud de la poblaci\u00f3n canaria o el uso de los propios alimentos como remedios medicinales para distintas enfermedades.<\/p>\n<p dir=\"ltr\">A los recetarios familiares pertenecientes a nuestros fondos bibliogr\u00e1ficos se les dedica un importante espacio como fuente imprescindible para conocer qu\u00e9 se com\u00eda y c\u00f3mo.<\/p>\n<p dir=\"ltr\">Aunque la exposici\u00f3n se circunscribe a Canarias, tambi\u00e9n es una oportunidad para exhibir algunos tesoros que forman parte de nuestro patrimonio bibliogr\u00e1fico, como por ejemplo el\u00a0Arte cisoria\u00a0<span class=\"il\">del<\/span>\u00a0marqu\u00e9s Enrique de Villena, uno de los primeros tratados sobre el arte de trinchar, ejercicio que esconde un arte desarrollado durante siglos,\u00a0<span class=\"il\">del<\/span>\u00a0que tenemos la primera edici\u00f3n impresa en 1766; o\u00a0Cocina ideal sencilla y econ\u00f3mica:\u00a0arte de preparar sabrosos y exquisitos platos para diferentes gustos y ocasiones\u00a0de la se\u00f1ora Mart\u00edn (pseud\u00f3nimo de Luis Ru\u00edz Contreras (1863-1953), escritor de la generaci\u00f3n\u00a0<span class=\"il\">del<\/span>\u00a098, gran amigo de Baroja y de Azor\u00edn y autor de tres recetarios).<\/p>\n<p dir=\"ltr\"><strong>Actividades<\/strong><\/p>\n<p dir=\"ltr\">Paralelamente est\u00e1n programadas una serie de actividades, que se desarrollar\u00e1n en la Biblioteca General y de Humanidades:<\/p>\n<ul>\n<li>23 de abril, a las 17:00,\u00a0Taller Cocina canaria de producto: una cocina de vanguardia\u00a0del\u00a0s. XXI, por Josu\u00e9 Mendoza, chef y asesor gastron\u00f3mico\u00a0del\u00a0Colectivo Cocina Canalla (<a href=\"https:\/\/forms.gle\/J7SgHGTJ3Hq1TSSk9\" target=\"_blank\" rel=\"noopener\" data-saferedirecturl=\"https:\/\/www.google.com\/url?q=https:\/\/forms.gle\/J7SgHGTJ3Hq1TSSk9&amp;source=gmail&amp;ust=1744447140006000&amp;usg=AOvVaw2Aml52e_WTXI3REz93wJUw\" target=\"_blank\" rel=\"noopener\">es necesaria inscripci\u00f3n<\/a>)<\/li>\n<li>24 de abril, a las 17.00,\u00a0Miel sobre hojuelas. Gastroerotismo en el cine de Bigas Luna,\u00a0charla de Gonzalo M. Pav\u00e9s, profesor de Historia\u00a0del\u00a0Arte de la ULL<\/li>\n<li dir=\"ltr\">29 de abril,\u00a0a las 17.00,\u00a0Taller de cata de queso\u00a0por Mar\u00eda Fresno Baquero, coordinadora de Programas del ICIA, por Mar\u00eda Fresno Baquero, Coordinadora de Programas del ICIA (<a href=\"https:\/\/forms.gle\/mFrc6iRGqQVeVoFJ7\" target=\"_blank\" rel=\"noopener\" data-saferedirecturl=\"https:\/\/www.google.com\/url?q=https:\/\/forms.gle\/mFrc6iRGqQVeVoFJ7&amp;source=gmail&amp;ust=1744369895523000&amp;usg=AOvVaw2nN2avC1AjyGMRe_cDtPNS\" target=\"_blank\" rel=\"noopener\">es necesaria inscripci\u00f3n<\/a>)<\/li>\n<li dir=\"ltr\">5 de mayo, a las 17:00, Masterclass\u00a0Cocinando con soles y estrellas, una propuesta de altura,\u00a0por Babacar Fall, chef de Char fuego y brasas, 1 Sol Repsol (<a href=\"https:\/\/forms.gle\/PyaNQ9PUdwCtHXPE9\" target=\"_blank\" rel=\"noopener\" data-saferedirecturl=\"https:\/\/www.google.com\/url?q=https:\/\/forms.gle\/PyaNQ9PUdwCtHXPE9&amp;source=gmail&amp;ust=1744369895523000&amp;usg=AOvVaw279bR4HO1ko9v1tS-joS6J\" target=\"_blank\" rel=\"noopener\">es necesaria inscripci\u00f3n<\/a>)<\/li>\n<li dir=\"ltr\">7 de mayo, a las 18.00,\u00a0Taller de cata de miel,\u00a0por Zoa Hern\u00e1ndez Garc\u00eda, t\u00e9cnico especialista de la Casa de la Miel (<a href=\"https:\/\/forms.gle\/M5hxMEasCd95HDvz8\" target=\"_blank\" rel=\"noopener\" data-saferedirecturl=\"https:\/\/www.google.com\/url?q=https:\/\/forms.gle\/M5hxMEasCd95HDvz8&amp;source=gmail&amp;ust=1744369895523000&amp;usg=AOvVaw0N-lcCPYiMq-sPomw4fB-o\" target=\"_blank\" rel=\"noopener\">es necesaria inscripci\u00f3n<\/a>)<\/li>\n<li dir=\"ltr\">12 mayo, a las 17:00,\u00a0Experiencias y placeres: catas de leche, sal, y otros productos del recuerdo,\u00a0por Patricia Almeida, sumiller, y Ram\u00f3n Ramos Hern\u00e1ndez, cocinero (<a href=\"https:\/\/forms.gle\/PNNHnJVPzA4Bx9PbA\" target=\"_blank\" rel=\"noopener\" data-saferedirecturl=\"https:\/\/www.google.com\/url?q=https:\/\/forms.gle\/PNNHnJVPzA4Bx9PbA&amp;source=gmail&amp;ust=1744369895523000&amp;usg=AOvVaw2a3AsDfdolt6eUjNLf7Zix\" target=\"_blank\" rel=\"noopener\">es necesaria inscripci\u00f3n<\/a>)<\/li>\n<\/ul>\n","protected":false},"excerpt":{"rendered":"<p>El Servicio de Biblioteca de la Universidad de La Laguna dedica sus actividades\u00a0del\u00a0D\u00eda\u00a0del\u00a0Libro\u00a02025 a la historia de la alimentaci\u00f3n en&#8230;<\/p>\n","protected":false},"author":65,"featured_media":81406,"comment_status":"closed","ping_status":"closed","sticky":false,"template":"","format":"standard","meta":{"inline_featured_image":false,"footnotes":""},"categories":[4534],"tags":[],"acf":[],"yoast_head":"<!-- This site is optimized with the Yoast SEO plugin v21.3 - https:\/\/yoast.com\/wordpress\/plugins\/seo\/ -->\n<title>Exposici\u00f3n D\u00eda del Libro. &#039;De la cocina a los libros: alimentos que cuentan nuestra historia&#039; - ULL - Noticias<\/title>\n<meta name=\"robots\" content=\"index, follow, max-snippet:-1, max-image-preview:large, max-video-preview:-1\" \/>\n<link rel=\"canonical\" href=\"https:\/\/www.ull.es\/portal\/noticias\/2025\/exposicion-dia-del-libro-de-la-cocina-a-los-libros-alimentos-que-cuentan-nuestra-historia\/\" \/>\n<meta property=\"og:locale\" content=\"es_ES\" \/>\n<meta property=\"og:type\" content=\"article\" \/>\n<meta property=\"og:title\" content=\"Exposici\u00f3n D\u00eda del Libro. &#039;De la cocina a los libros: alimentos que cuentan nuestra historia&#039; - ULL - Noticias\" \/>\n<meta property=\"og:description\" content=\"El Servicio de Biblioteca de la Universidad de La Laguna dedica sus actividades\u00a0del\u00a0D\u00eda\u00a0del\u00a0Libro\u00a02025 a la historia de la alimentaci\u00f3n en...\" \/>\n<meta property=\"og:url\" content=\"https:\/\/www.ull.es\/portal\/noticias\/2025\/exposicion-dia-del-libro-de-la-cocina-a-los-libros-alimentos-que-cuentan-nuestra-historia\/\" \/>\n<meta property=\"og:site_name\" content=\"ULL - Noticias\" \/>\n<meta property=\"article:publisher\" content=\"https:\/\/www.facebook.com\/universidaddelalaguna\/\" \/>\n<meta property=\"article:published_time\" content=\"2025-04-10T10:59:23+00:00\" \/>\n<meta property=\"article:modified_time\" content=\"2025-04-23T08:36:21+00:00\" \/>\n<meta property=\"og:image\" content=\"https:\/\/www.ull.es\/portal\/noticias\/wp-content\/uploads\/sites\/13\/2025\/04\/DiadelLibro-1.jpg\" \/>\n\t<meta property=\"og:image:width\" content=\"1200\" \/>\n\t<meta property=\"og:image:height\" content=\"592\" \/>\n\t<meta property=\"og:image:type\" content=\"image\/jpeg\" \/>\n<meta name=\"author\" content=\"gcom4\" \/>\n<meta name=\"twitter:card\" content=\"summary_large_image\" \/>\n<meta name=\"twitter:creator\" content=\"@CanalULL\" \/>\n<meta name=\"twitter:site\" content=\"@CanalULL\" \/>\n<meta name=\"twitter:label1\" content=\"Escrito por\" \/>\n\t<meta name=\"twitter:data1\" content=\"gcom4\" \/>\n\t<meta name=\"twitter:label2\" content=\"Tiempo de lectura\" \/>\n\t<meta name=\"twitter:data2\" content=\"5 minutos\" \/>\n<script type=\"application\/ld+json\" class=\"yoast-schema-graph\">{\"@context\":\"https:\/\/schema.org\",\"@graph\":[{\"@type\":\"WebPage\",\"@id\":\"https:\/\/www.ull.es\/portal\/noticias\/2025\/exposicion-dia-del-libro-de-la-cocina-a-los-libros-alimentos-que-cuentan-nuestra-historia\/\",\"url\":\"https:\/\/www.ull.es\/portal\/noticias\/2025\/exposicion-dia-del-libro-de-la-cocina-a-los-libros-alimentos-que-cuentan-nuestra-historia\/\",\"name\":\"Exposici\u00f3n D\u00eda del Libro. 'De la cocina a los libros: alimentos que cuentan nuestra historia' - ULL - Noticias\",\"isPartOf\":{\"@id\":\"https:\/\/www.ull.es\/portal\/noticias\/#website\"},\"datePublished\":\"2025-04-10T10:59:23+00:00\",\"dateModified\":\"2025-04-23T08:36:21+00:00\",\"author\":{\"@id\":\"https:\/\/www.ull.es\/portal\/noticias\/#\/schema\/person\/9924518fb1ad37d4428e7b5d6f311773\"},\"breadcrumb\":{\"@id\":\"https:\/\/www.ull.es\/portal\/noticias\/2025\/exposicion-dia-del-libro-de-la-cocina-a-los-libros-alimentos-que-cuentan-nuestra-historia\/#breadcrumb\"},\"inLanguage\":\"es\",\"potentialAction\":[{\"@type\":\"ReadAction\",\"target\":[\"https:\/\/www.ull.es\/portal\/noticias\/2025\/exposicion-dia-del-libro-de-la-cocina-a-los-libros-alimentos-que-cuentan-nuestra-historia\/\"]}]},{\"@type\":\"BreadcrumbList\",\"@id\":\"https:\/\/www.ull.es\/portal\/noticias\/2025\/exposicion-dia-del-libro-de-la-cocina-a-los-libros-alimentos-que-cuentan-nuestra-historia\/#breadcrumb\",\"itemListElement\":[{\"@type\":\"ListItem\",\"position\":1,\"name\":\"Portada\",\"item\":\"https:\/\/www.ull.es\/portal\/noticias\/\"},{\"@type\":\"ListItem\",\"position\":2,\"name\":\"Exposici\u00f3n D\u00eda del Libro. &#8216;De la cocina a los libros: alimentos que cuentan nuestra historia&#8217;\"}]},{\"@type\":\"WebSite\",\"@id\":\"https:\/\/www.ull.es\/portal\/noticias\/#website\",\"url\":\"https:\/\/www.ull.es\/portal\/noticias\/\",\"name\":\"ULL - Noticias\",\"description\":\"\",\"potentialAction\":[{\"@type\":\"SearchAction\",\"target\":{\"@type\":\"EntryPoint\",\"urlTemplate\":\"https:\/\/www.ull.es\/portal\/noticias\/?s={search_term_string}\"},\"query-input\":\"required name=search_term_string\"}],\"inLanguage\":\"es\"},{\"@type\":\"Person\",\"@id\":\"https:\/\/www.ull.es\/portal\/noticias\/#\/schema\/person\/9924518fb1ad37d4428e7b5d6f311773\",\"name\":\"gcom4\",\"image\":{\"@type\":\"ImageObject\",\"inLanguage\":\"es\",\"@id\":\"https:\/\/www.ull.es\/portal\/noticias\/#\/schema\/person\/image\/\",\"url\":\"https:\/\/secure.gravatar.com\/avatar\/a5d1f5573f10617ccfcc209aaf6aa7fb?s=96&d=mm&r=g\",\"contentUrl\":\"https:\/\/secure.gravatar.com\/avatar\/a5d1f5573f10617ccfcc209aaf6aa7fb?s=96&d=mm&r=g\",\"caption\":\"gcom4\"},\"url\":\"https:\/\/www.ull.es\/portal\/noticias\/author\/gcom4\/\"}]}<\/script>\n<!-- \/ Yoast SEO plugin. -->","yoast_head_json":{"title":"Exposici\u00f3n D\u00eda del Libro. 'De la cocina a los libros: alimentos que cuentan nuestra historia' - ULL - Noticias","robots":{"index":"index","follow":"follow","max-snippet":"max-snippet:-1","max-image-preview":"max-image-preview:large","max-video-preview":"max-video-preview:-1"},"canonical":"https:\/\/www.ull.es\/portal\/noticias\/2025\/exposicion-dia-del-libro-de-la-cocina-a-los-libros-alimentos-que-cuentan-nuestra-historia\/","og_locale":"es_ES","og_type":"article","og_title":"Exposici\u00f3n D\u00eda del Libro. 'De la cocina a los libros: alimentos que cuentan nuestra historia' - ULL - Noticias","og_description":"El Servicio de Biblioteca de la Universidad de La Laguna dedica sus actividades\u00a0del\u00a0D\u00eda\u00a0del\u00a0Libro\u00a02025 a la historia de la alimentaci\u00f3n en...","og_url":"https:\/\/www.ull.es\/portal\/noticias\/2025\/exposicion-dia-del-libro-de-la-cocina-a-los-libros-alimentos-que-cuentan-nuestra-historia\/","og_site_name":"ULL - Noticias","article_publisher":"https:\/\/www.facebook.com\/universidaddelalaguna\/","article_published_time":"2025-04-10T10:59:23+00:00","article_modified_time":"2025-04-23T08:36:21+00:00","og_image":[{"width":1200,"height":592,"url":"https:\/\/www.ull.es\/portal\/noticias\/wp-content\/uploads\/sites\/13\/2025\/04\/DiadelLibro-1.jpg","type":"image\/jpeg"}],"author":"gcom4","twitter_card":"summary_large_image","twitter_creator":"@CanalULL","twitter_site":"@CanalULL","twitter_misc":{"Escrito por":"gcom4","Tiempo de lectura":"5 minutos"},"schema":{"@context":"https:\/\/schema.org","@graph":[{"@type":"WebPage","@id":"https:\/\/www.ull.es\/portal\/noticias\/2025\/exposicion-dia-del-libro-de-la-cocina-a-los-libros-alimentos-que-cuentan-nuestra-historia\/","url":"https:\/\/www.ull.es\/portal\/noticias\/2025\/exposicion-dia-del-libro-de-la-cocina-a-los-libros-alimentos-que-cuentan-nuestra-historia\/","name":"Exposici\u00f3n D\u00eda del Libro. 'De la cocina a los libros: alimentos que cuentan nuestra historia' - ULL - Noticias","isPartOf":{"@id":"https:\/\/www.ull.es\/portal\/noticias\/#website"},"datePublished":"2025-04-10T10:59:23+00:00","dateModified":"2025-04-23T08:36:21+00:00","author":{"@id":"https:\/\/www.ull.es\/portal\/noticias\/#\/schema\/person\/9924518fb1ad37d4428e7b5d6f311773"},"breadcrumb":{"@id":"https:\/\/www.ull.es\/portal\/noticias\/2025\/exposicion-dia-del-libro-de-la-cocina-a-los-libros-alimentos-que-cuentan-nuestra-historia\/#breadcrumb"},"inLanguage":"es","potentialAction":[{"@type":"ReadAction","target":["https:\/\/www.ull.es\/portal\/noticias\/2025\/exposicion-dia-del-libro-de-la-cocina-a-los-libros-alimentos-que-cuentan-nuestra-historia\/"]}]},{"@type":"BreadcrumbList","@id":"https:\/\/www.ull.es\/portal\/noticias\/2025\/exposicion-dia-del-libro-de-la-cocina-a-los-libros-alimentos-que-cuentan-nuestra-historia\/#breadcrumb","itemListElement":[{"@type":"ListItem","position":1,"name":"Portada","item":"https:\/\/www.ull.es\/portal\/noticias\/"},{"@type":"ListItem","position":2,"name":"Exposici\u00f3n D\u00eda del Libro. &#8216;De la cocina a los libros: alimentos que cuentan nuestra historia&#8217;"}]},{"@type":"WebSite","@id":"https:\/\/www.ull.es\/portal\/noticias\/#website","url":"https:\/\/www.ull.es\/portal\/noticias\/","name":"ULL - Noticias","description":"","potentialAction":[{"@type":"SearchAction","target":{"@type":"EntryPoint","urlTemplate":"https:\/\/www.ull.es\/portal\/noticias\/?s={search_term_string}"},"query-input":"required name=search_term_string"}],"inLanguage":"es"},{"@type":"Person","@id":"https:\/\/www.ull.es\/portal\/noticias\/#\/schema\/person\/9924518fb1ad37d4428e7b5d6f311773","name":"gcom4","image":{"@type":"ImageObject","inLanguage":"es","@id":"https:\/\/www.ull.es\/portal\/noticias\/#\/schema\/person\/image\/","url":"https:\/\/secure.gravatar.com\/avatar\/a5d1f5573f10617ccfcc209aaf6aa7fb?s=96&d=mm&r=g","contentUrl":"https:\/\/secure.gravatar.com\/avatar\/a5d1f5573f10617ccfcc209aaf6aa7fb?s=96&d=mm&r=g","caption":"gcom4"},"url":"https:\/\/www.ull.es\/portal\/noticias\/author\/gcom4\/"}]}},"primary_category":{"id":4534,"name":"Biblioteca Universitaria","slug":"biblioteca-universitaria","link":"https:\/\/www.ull.es\/portal\/noticias\/category\/servicios\/biblioteca-universitaria\/"},"featured_image_thumbnail_url":"https:\/\/www.ull.es\/portal\/noticias\/wp-content\/uploads\/sites\/13\/2025\/04\/DiadelLibro-1-300x148.jpg","_links":{"self":[{"href":"https:\/\/www.ull.es\/portal\/noticias\/wp-json\/wp\/v2\/posts\/81403"}],"collection":[{"href":"https:\/\/www.ull.es\/portal\/noticias\/wp-json\/wp\/v2\/posts"}],"about":[{"href":"https:\/\/www.ull.es\/portal\/noticias\/wp-json\/wp\/v2\/types\/post"}],"author":[{"embeddable":true,"href":"https:\/\/www.ull.es\/portal\/noticias\/wp-json\/wp\/v2\/users\/65"}],"replies":[{"embeddable":true,"href":"https:\/\/www.ull.es\/portal\/noticias\/wp-json\/wp\/v2\/comments?post=81403"}],"version-history":[{"count":4,"href":"https:\/\/www.ull.es\/portal\/noticias\/wp-json\/wp\/v2\/posts\/81403\/revisions"}],"predecessor-version":[{"id":81445,"href":"https:\/\/www.ull.es\/portal\/noticias\/wp-json\/wp\/v2\/posts\/81403\/revisions\/81445"}],"wp:featuredmedia":[{"embeddable":true,"href":"https:\/\/www.ull.es\/portal\/noticias\/wp-json\/wp\/v2\/media\/81406"}],"wp:attachment":[{"href":"https:\/\/www.ull.es\/portal\/noticias\/wp-json\/wp\/v2\/media?parent=81403"}],"wp:term":[{"taxonomy":"category","embeddable":true,"href":"https:\/\/www.ull.es\/portal\/noticias\/wp-json\/wp\/v2\/categories?post=81403"},{"taxonomy":"post_tag","embeddable":true,"href":"https:\/\/www.ull.es\/portal\/noticias\/wp-json\/wp\/v2\/tags?post=81403"}],"curies":[{"name":"wp","href":"https:\/\/api.w.org\/{rel}","templated":true}]}}