{"id":81516,"date":"2025-04-22T13:32:42","date_gmt":"2025-04-22T13:32:42","guid":{"rendered":"https:\/\/www.ull.es\/portal\/noticias\/?p=81516"},"modified":"2025-04-22T13:32:42","modified_gmt":"2025-04-22T13:32:42","slug":"i-jornadas-transdisciplinares-biodiversidad-medioambiente-300-inscripciones","status":"publish","type":"post","link":"https:\/\/www.ull.es\/portal\/noticias\/2025\/i-jornadas-transdisciplinares-biodiversidad-medioambiente-300-inscripciones\/","title":{"rendered":"Las I Jornadas Transdisciplinares por la Biodiversidad y el Medioambiente de la ULL registran 300 inscripciones"},"content":{"rendered":"<p>La Universidad de La Laguna celebra desde hoy, 22 de abril, hasta el pr\u00f3ximo viernes 25, las <a href=\"https:\/\/www.ull.es\/portal\/agenda\/evento\/i-jornadas-transdisciplinares-por-la-biodiversidad-y-el-medioambiente\/\" target=\"_blank\" rel=\"noopener\" target=\"_blank\" rel=\"noopener\">I Jornadas Transdisciplinares por la Biodiversidad y el Medioambiente<\/a> bajo el subt\u00edtulo \u201cHabitando la Tierra: Perspectivas para un cambio ecosocial\u201d. Pese a tratarse de su primera edici\u00f3n, el evento ha registrado una notable participaci\u00f3n, con cerca de 200 inscripciones presenciales y otro centenar online. Su objetivo es concienciar sobre la p\u00e9rdida de biodiversidad y la degradaci\u00f3n de los ecosistemas fruto de un modelo extractivista y antropoc\u00e9ntrico cuyas consecuencias afectan al equilibrio medioambiental y al bienestar de la sociedad, por lo que es necesario replantear los modos de habitar el mundo.<\/p>\n<p>Este encuentro es una iniciativa vinculada al proyecto Laboratorio de Narrativas Medioambientales (<a href=\"http:\/\/www.lualab.org\/\" target=\"_blank\" rel=\"noopener\" target=\"_blank\" rel=\"noopener\">LUAlab<\/a>), coordinada por el investigador <a href=\"https:\/\/portalciencia.ull.es\/investigadores\/152392\/detalle\" target=\"_blank\" rel=\"noopener\" target=\"_blank\" rel=\"noopener\">Eduardo Rodr\u00edguez Batista<\/a> y que cuenta con el aval de un grupo multidisciplinar de profesorado y del <a href=\"https:\/\/www.ull.es\/la-universidad\/facultades-centros-departamentos\/centro-estudios-ecosociales\/\" target=\"_blank\" rel=\"noopener\">Centro de Estudios Ecosociales<\/a> de la Universidad de La Laguna. El evento, enmarcado en la conmemoraci\u00f3n del D\u00eda Internacional de la Madre Tierra, abordar\u00e1 las ra\u00edces de la crisis ecol\u00f3gica desde una mirada cr\u00edtica, explorando el papel de las narrativas y discursos en la configuraci\u00f3n de la relaci\u00f3n humana con el entorno a trav\u00e9s de ponencias, mesas redondas, talleres, proyecciones y una salida de campo.<\/p>\n<p><strong>Ponentes<\/strong><\/p>\n<p>Las jornadas contar\u00e1n con la participaci\u00f3n de referentes en filosof\u00eda y \u00e9tica ecosocial como Jorge Riechmann y N\u00faria Almir\u00f3n, quienes abordar\u00e1n cuestiones como el desarrollo de una \u00e9tica basada en la simbiosis y la relaci\u00f3n entre especismo y crisis medioambiental. Tambi\u00e9n estar\u00e1n presentes figuras fundamentales del activismo comunitario y la divulgaci\u00f3n cient\u00edfica como Eva Vilaseca y Andreu Escriv\u00e0, quienes debatir\u00e1n sobre c\u00f3mo construir futuros basados en la justicia ecosocial y la convivencia o c\u00f3mo transformar la culpa clim\u00e1tica en acci\u00f3n.<\/p>\n<p>J\u00f3venes cient\u00edficos que investigan alternativas a los discursos dominantes aportar\u00e1n nuevas perspectivas sobre la transici\u00f3n hacia modelos ecosociales m\u00e1s resilientes, como es el caso de Marula Tsagkari y Eduardo Rodr\u00edguez. Adem\u00e1s, expertos en comunicaci\u00f3n ambiental, educaci\u00f3n, psicolog\u00eda, arte y activismo, como Palique Divulgativo, Fernando Sabat\u00e9, Beatriz Cimadevilla y Cristina Ruiz, compartir\u00e1n su visi\u00f3n sobre c\u00f3mo sensibilizar y movilizar a la ciudadan\u00eda para la regeneraci\u00f3n ecosocial.<\/p>\n<p>Asimismo, el evento cuenta con la participaci\u00f3n de investigadores, docentes y artistas como Mar\u00eda Jos\u00e9 Guerra Palmero, Juan Antonio Curbelo, Felisa Hodgson, Mar\u00eda Gabino, \u00c1lida Rodr\u00edguez, Mila Ruiz, Agust\u00edn F. Curbelo, Mar\u00eda Victoria Batista y Mar\u00eda Luisa Hodgson.<\/p>\n<p>El evento cuenta con el respaldo de la Consejer\u00eda de Universidades, Ciencia e Innovaci\u00f3n y Cultura del Gobierno de Canarias, a trav\u00e9s de la convocatoria del Vicerrectorado de Investigaci\u00f3n y Transferencia de la Universidad de La Laguna.<\/p>\n<p>La sesi\u00f3n inaugural, que tendr\u00e1 lugar hoy 22 de abril en el Paraninfo de la Universidad de La Laguna a las 20:30 horas, cuenta con el apoyo del Vicerrectorado de Cultura y Extensi\u00f3n Universitaria e incluye la pel\u00edcula \u201c<a href=\"https:\/\/www.ull.es\/portal\/noticias\/2025\/el-paraninfo-de-la-universidad-de-la-laguna-proyecta-hoy-la-premiada-mariposas-negras-de-david-baute\/\" target=\"_blank\" rel=\"noopener\" target=\"_blank\" rel=\"noopener\">Mariposas Negras<\/a>\u201d, en una sesi\u00f3n abierta al p\u00fablico general con entrada gratuita a trav\u00e9s de la p\u00e1gina web del Paraninfo y apoyo de la Concejal\u00eda de Cultura del Ayuntamiento de La Laguna. Asimismo, los talleres del 25 de abril cuentan con la colaboraci\u00f3n del Cabildo de Tenerife.<\/p>\n","protected":false},"excerpt":{"rendered":"<p>La Universidad de La Laguna celebra desde hoy, 22 de abril, hasta el pr\u00f3ximo viernes 25, las I Jornadas Transdisciplinares&#8230;<\/p>\n","protected":false},"author":21,"featured_media":81517,"comment_status":"closed","ping_status":"closed","sticky":false,"template":"","format":"standard","meta":{"inline_featured_image":false,"footnotes":""},"categories":[5232,345,348,2765],"tags":[6163,794,11572,11571,1606,11569,11570,1876,3672],"acf":[],"yoast_head":"<!-- This site is optimized with the Yoast SEO plugin v21.3 - https:\/\/yoast.com\/wordpress\/plugins\/seo\/ -->\n<title>Unas jornadas reivindican una nueva forma de habitar el planeta<\/title>\n<meta name=\"description\" content=\"Las I Jornadas Transdisciplinares por la Biodiversidad y el Medioambiente se celebran hasta el 25 de abril y registran 300 inscripciones.\" \/>\n<meta name=\"robots\" content=\"index, follow, max-snippet:-1, max-image-preview:large, max-video-preview:-1\" \/>\n<link rel=\"canonical\" href=\"https:\/\/www.ull.es\/portal\/noticias\/2025\/i-jornadas-transdisciplinares-biodiversidad-medioambiente-300-inscripciones\/\" \/>\n<meta property=\"og:locale\" content=\"es_ES\" \/>\n<meta property=\"og:type\" content=\"article\" \/>\n<meta property=\"og:title\" content=\"Unas jornadas reivindican una nueva forma de habitar el planeta\" \/>\n<meta property=\"og:description\" content=\"Las I Jornadas Transdisciplinares por la Biodiversidad y el Medioambiente se celebran hasta el 25 de abril y registran 300 inscripciones.\" \/>\n<meta property=\"og:url\" content=\"https:\/\/www.ull.es\/portal\/noticias\/2025\/i-jornadas-transdisciplinares-biodiversidad-medioambiente-300-inscripciones\/\" \/>\n<meta property=\"og:site_name\" content=\"ULL - Noticias\" \/>\n<meta property=\"article:publisher\" content=\"https:\/\/www.facebook.com\/universidaddelalaguna\/\" \/>\n<meta property=\"article:published_time\" content=\"2025-04-22T13:32:42+00:00\" \/>\n<meta property=\"og:image\" content=\"https:\/\/www.ull.es\/portal\/noticias\/wp-content\/uploads\/sites\/13\/2025\/04\/jornadas-transdisciplinares-biodiversidad.jpg\" \/>\n\t<meta property=\"og:image:width\" content=\"1200\" \/>\n\t<meta property=\"og:image:height\" content=\"675\" \/>\n\t<meta property=\"og:image:type\" content=\"image\/jpeg\" \/>\n<meta name=\"author\" content=\"prensa2\" \/>\n<meta name=\"twitter:card\" content=\"summary_large_image\" \/>\n<meta name=\"twitter:creator\" content=\"@CanalULL\" \/>\n<meta name=\"twitter:site\" content=\"@CanalULL\" \/>\n<meta name=\"twitter:label1\" content=\"Escrito por\" \/>\n\t<meta name=\"twitter:data1\" content=\"prensa2\" \/>\n\t<meta name=\"twitter:label2\" content=\"Tiempo de lectura\" \/>\n\t<meta name=\"twitter:data2\" content=\"3 minutos\" \/>\n<script type=\"application\/ld+json\" class=\"yoast-schema-graph\">{\"@context\":\"https:\/\/schema.org\",\"@graph\":[{\"@type\":\"WebPage\",\"@id\":\"https:\/\/www.ull.es\/portal\/noticias\/2025\/i-jornadas-transdisciplinares-biodiversidad-medioambiente-300-inscripciones\/\",\"url\":\"https:\/\/www.ull.es\/portal\/noticias\/2025\/i-jornadas-transdisciplinares-biodiversidad-medioambiente-300-inscripciones\/\",\"name\":\"Unas jornadas reivindican una nueva forma de habitar el planeta\",\"isPartOf\":{\"@id\":\"https:\/\/www.ull.es\/portal\/noticias\/#website\"},\"datePublished\":\"2025-04-22T13:32:42+00:00\",\"dateModified\":\"2025-04-22T13:32:42+00:00\",\"author\":{\"@id\":\"https:\/\/www.ull.es\/portal\/noticias\/#\/schema\/person\/c3b2aa857797592927a03740d6664376\"},\"description\":\"Las I Jornadas Transdisciplinares por la Biodiversidad y el Medioambiente se celebran hasta el 25 de abril y registran 300 inscripciones.\",\"breadcrumb\":{\"@id\":\"https:\/\/www.ull.es\/portal\/noticias\/2025\/i-jornadas-transdisciplinares-biodiversidad-medioambiente-300-inscripciones\/#breadcrumb\"},\"inLanguage\":\"es\",\"potentialAction\":[{\"@type\":\"ReadAction\",\"target\":[\"https:\/\/www.ull.es\/portal\/noticias\/2025\/i-jornadas-transdisciplinares-biodiversidad-medioambiente-300-inscripciones\/\"]}]},{\"@type\":\"BreadcrumbList\",\"@id\":\"https:\/\/www.ull.es\/portal\/noticias\/2025\/i-jornadas-transdisciplinares-biodiversidad-medioambiente-300-inscripciones\/#breadcrumb\",\"itemListElement\":[{\"@type\":\"ListItem\",\"position\":1,\"name\":\"Portada\",\"item\":\"https:\/\/www.ull.es\/portal\/noticias\/\"},{\"@type\":\"ListItem\",\"position\":2,\"name\":\"Las I Jornadas Transdisciplinares por la Biodiversidad y el Medioambiente de la ULL registran 300 inscripciones\"}]},{\"@type\":\"WebSite\",\"@id\":\"https:\/\/www.ull.es\/portal\/noticias\/#website\",\"url\":\"https:\/\/www.ull.es\/portal\/noticias\/\",\"name\":\"ULL - Noticias\",\"description\":\"\",\"potentialAction\":[{\"@type\":\"SearchAction\",\"target\":{\"@type\":\"EntryPoint\",\"urlTemplate\":\"https:\/\/www.ull.es\/portal\/noticias\/?s={search_term_string}\"},\"query-input\":\"required name=search_term_string\"}],\"inLanguage\":\"es\"},{\"@type\":\"Person\",\"@id\":\"https:\/\/www.ull.es\/portal\/noticias\/#\/schema\/person\/c3b2aa857797592927a03740d6664376\",\"name\":\"prensa2\",\"image\":{\"@type\":\"ImageObject\",\"inLanguage\":\"es\",\"@id\":\"https:\/\/www.ull.es\/portal\/noticias\/#\/schema\/person\/image\/\",\"url\":\"https:\/\/secure.gravatar.com\/avatar\/b58f310a5de5feb33d1e026d2493f23c?s=96&d=mm&r=g\",\"contentUrl\":\"https:\/\/secure.gravatar.com\/avatar\/b58f310a5de5feb33d1e026d2493f23c?s=96&d=mm&r=g\",\"caption\":\"prensa2\"},\"url\":\"https:\/\/www.ull.es\/portal\/noticias\/author\/prensa2\/\"}]}<\/script>\n<!-- \/ Yoast SEO plugin. -->","yoast_head_json":{"title":"Unas jornadas reivindican una nueva forma de habitar el planeta","description":"Las I Jornadas Transdisciplinares por la Biodiversidad y el Medioambiente se celebran hasta el 25 de abril y registran 300 inscripciones.","robots":{"index":"index","follow":"follow","max-snippet":"max-snippet:-1","max-image-preview":"max-image-preview:large","max-video-preview":"max-video-preview:-1"},"canonical":"https:\/\/www.ull.es\/portal\/noticias\/2025\/i-jornadas-transdisciplinares-biodiversidad-medioambiente-300-inscripciones\/","og_locale":"es_ES","og_type":"article","og_title":"Unas jornadas reivindican una nueva forma de habitar el planeta","og_description":"Las I Jornadas Transdisciplinares por la Biodiversidad y el Medioambiente se celebran hasta el 25 de abril y registran 300 inscripciones.","og_url":"https:\/\/www.ull.es\/portal\/noticias\/2025\/i-jornadas-transdisciplinares-biodiversidad-medioambiente-300-inscripciones\/","og_site_name":"ULL - Noticias","article_publisher":"https:\/\/www.facebook.com\/universidaddelalaguna\/","article_published_time":"2025-04-22T13:32:42+00:00","og_image":[{"width":1200,"height":675,"url":"https:\/\/www.ull.es\/portal\/noticias\/wp-content\/uploads\/sites\/13\/2025\/04\/jornadas-transdisciplinares-biodiversidad.jpg","type":"image\/jpeg"}],"author":"prensa2","twitter_card":"summary_large_image","twitter_creator":"@CanalULL","twitter_site":"@CanalULL","twitter_misc":{"Escrito por":"prensa2","Tiempo de lectura":"3 minutos"},"schema":{"@context":"https:\/\/schema.org","@graph":[{"@type":"WebPage","@id":"https:\/\/www.ull.es\/portal\/noticias\/2025\/i-jornadas-transdisciplinares-biodiversidad-medioambiente-300-inscripciones\/","url":"https:\/\/www.ull.es\/portal\/noticias\/2025\/i-jornadas-transdisciplinares-biodiversidad-medioambiente-300-inscripciones\/","name":"Unas jornadas reivindican una nueva forma de habitar el planeta","isPartOf":{"@id":"https:\/\/www.ull.es\/portal\/noticias\/#website"},"datePublished":"2025-04-22T13:32:42+00:00","dateModified":"2025-04-22T13:32:42+00:00","author":{"@id":"https:\/\/www.ull.es\/portal\/noticias\/#\/schema\/person\/c3b2aa857797592927a03740d6664376"},"description":"Las I Jornadas Transdisciplinares por la Biodiversidad y el Medioambiente se celebran hasta el 25 de abril y registran 300 inscripciones.","breadcrumb":{"@id":"https:\/\/www.ull.es\/portal\/noticias\/2025\/i-jornadas-transdisciplinares-biodiversidad-medioambiente-300-inscripciones\/#breadcrumb"},"inLanguage":"es","potentialAction":[{"@type":"ReadAction","target":["https:\/\/www.ull.es\/portal\/noticias\/2025\/i-jornadas-transdisciplinares-biodiversidad-medioambiente-300-inscripciones\/"]}]},{"@type":"BreadcrumbList","@id":"https:\/\/www.ull.es\/portal\/noticias\/2025\/i-jornadas-transdisciplinares-biodiversidad-medioambiente-300-inscripciones\/#breadcrumb","itemListElement":[{"@type":"ListItem","position":1,"name":"Portada","item":"https:\/\/www.ull.es\/portal\/noticias\/"},{"@type":"ListItem","position":2,"name":"Las I Jornadas Transdisciplinares por la Biodiversidad y el Medioambiente de la ULL registran 300 inscripciones"}]},{"@type":"WebSite","@id":"https:\/\/www.ull.es\/portal\/noticias\/#website","url":"https:\/\/www.ull.es\/portal\/noticias\/","name":"ULL - Noticias","description":"","potentialAction":[{"@type":"SearchAction","target":{"@type":"EntryPoint","urlTemplate":"https:\/\/www.ull.es\/portal\/noticias\/?s={search_term_string}"},"query-input":"required name=search_term_string"}],"inLanguage":"es"},{"@type":"Person","@id":"https:\/\/www.ull.es\/portal\/noticias\/#\/schema\/person\/c3b2aa857797592927a03740d6664376","name":"prensa2","image":{"@type":"ImageObject","inLanguage":"es","@id":"https:\/\/www.ull.es\/portal\/noticias\/#\/schema\/person\/image\/","url":"https:\/\/secure.gravatar.com\/avatar\/b58f310a5de5feb33d1e026d2493f23c?s=96&d=mm&r=g","contentUrl":"https:\/\/secure.gravatar.com\/avatar\/b58f310a5de5feb33d1e026d2493f23c?s=96&d=mm&r=g","caption":"prensa2"},"url":"https:\/\/www.ull.es\/portal\/noticias\/author\/prensa2\/"}]}},"primary_category":{"id":345,"name":"Destacado","slug":"destacado","link":"https:\/\/www.ull.es\/portal\/noticias\/category\/destacado\/"},"featured_image_thumbnail_url":"https:\/\/www.ull.es\/portal\/noticias\/wp-content\/uploads\/sites\/13\/2025\/04\/jornadas-transdisciplinares-biodiversidad-300x169.jpg","_links":{"self":[{"href":"https:\/\/www.ull.es\/portal\/noticias\/wp-json\/wp\/v2\/posts\/81516"}],"collection":[{"href":"https:\/\/www.ull.es\/portal\/noticias\/wp-json\/wp\/v2\/posts"}],"about":[{"href":"https:\/\/www.ull.es\/portal\/noticias\/wp-json\/wp\/v2\/types\/post"}],"author":[{"embeddable":true,"href":"https:\/\/www.ull.es\/portal\/noticias\/wp-json\/wp\/v2\/users\/21"}],"replies":[{"embeddable":true,"href":"https:\/\/www.ull.es\/portal\/noticias\/wp-json\/wp\/v2\/comments?post=81516"}],"version-history":[{"count":1,"href":"https:\/\/www.ull.es\/portal\/noticias\/wp-json\/wp\/v2\/posts\/81516\/revisions"}],"predecessor-version":[{"id":81518,"href":"https:\/\/www.ull.es\/portal\/noticias\/wp-json\/wp\/v2\/posts\/81516\/revisions\/81518"}],"wp:featuredmedia":[{"embeddable":true,"href":"https:\/\/www.ull.es\/portal\/noticias\/wp-json\/wp\/v2\/media\/81517"}],"wp:attachment":[{"href":"https:\/\/www.ull.es\/portal\/noticias\/wp-json\/wp\/v2\/media?parent=81516"}],"wp:term":[{"taxonomy":"category","embeddable":true,"href":"https:\/\/www.ull.es\/portal\/noticias\/wp-json\/wp\/v2\/categories?post=81516"},{"taxonomy":"post_tag","embeddable":true,"href":"https:\/\/www.ull.es\/portal\/noticias\/wp-json\/wp\/v2\/tags?post=81516"}],"curies":[{"name":"wp","href":"https:\/\/api.w.org\/{rel}","templated":true}]}}