{"id":81524,"date":"2025-04-23T10:09:26","date_gmt":"2025-04-23T10:09:26","guid":{"rendered":"https:\/\/www.ull.es\/portal\/noticias\/?p=81524"},"modified":"2025-04-23T10:15:15","modified_gmt":"2025-04-23T10:15:15","slug":"la-ull-acogera-el-segundo-encuentro-de-rectores-y-rectoras-de-universidades-espanolas-y-chilenas-en-2026","status":"publish","type":"post","link":"https:\/\/www.ull.es\/portal\/noticias\/2025\/la-ull-acogera-el-segundo-encuentro-de-rectores-y-rectoras-de-universidades-espanolas-y-chilenas-en-2026\/","title":{"rendered":"La ULL acoger\u00e1 el segundo encuentro de rectores y rectoras de universidades espa\u00f1olas y chilenas en 2026"},"content":{"rendered":"<p>La <a href=\"https:\/\/www.crue.org\/\" target=\"_blank\" rel=\"noopener\" target=\"_blank\" rel=\"noopener\">Conferencia de Rectores y Rectoras de las Universidades Espa\u00f1olas (CRUE)<\/a> y el <a href=\"https:\/\/consejoderectores.cl\/\" target=\"_blank\" rel=\"noopener\" target=\"_blank\" rel=\"noopener\">Consejo de Rectoras y Rectores de las Universidades Chilenas (CRUCH)<\/a> han mantenido un encuentro bilateral con el objetivo de reforzar los lazos acad\u00e9micos y la cooperaci\u00f3n internacional entre ambos pa\u00edses. En el marco de esta cumbre, que se celebra en la <a href=\"https:\/\/www.usach.cl\/\" target=\"_blank\" rel=\"noopener\" target=\"_blank\" rel=\"noopener\">Universidad de Santiago de Chile<\/a>, se ha firmado un convenio de colaboraci\u00f3n con el objetivo de tejer una cooperaci\u00f3n estrat\u00e9gica y duradera entre las universidades de los dos pa\u00edses.<\/p>\n<p>El encuentro entre rectores y rectoras de universidades espa\u00f1olas y chilenas ha sido inaugurado por Eva Alc\u00f3n, presidenta de CRUE y rectora de la Universitat Jaume I; junto al vicepresidente ejecutivo del CRUCH y rector de la Universidad de Tarapac\u00e1, Emilio Rodr\u00edguez; el Ministro de Educaci\u00f3n de Chile, Nicol\u00e1s Cataldo; el subsecretario del Ministerio de Ciencia, Tecnolog\u00eda, Conocimiento e Innovaci\u00f3n, Cristi\u00e1n Cuevas; y el rector de Universidad de Santiago de Chile, Rodrigo Vidal, instituci\u00f3n anfitriona del encuentro.<\/p>\n<p>Durante su intervenci\u00f3n, la presidenta de CRUE, Eva Alc\u00f3n, ha destacado que este encuentro representa un \u00abpaso decisivo para fortalecer las relaciones acad\u00e9micas entre Espa\u00f1a y Chile\u00bb, subrayando el compromiso de CRUE con la internacionalizaci\u00f3n de las universidades espa\u00f1olas. Asimismo, Alc\u00f3n ha apuntado que \u00abla relaci\u00f3n entre Chile y Espa\u00f1a en educaci\u00f3n superior es hist\u00f3rica, profunda y estrat\u00e9gica\u00bb, ya que, a lo largo de los a\u00f1os, \u00abhemos consolidado un modelo de colaboraci\u00f3n basado en la movilidad acad\u00e9mica, la cooperaci\u00f3n en investigaci\u00f3n y la internacionalizaci\u00f3n de nuestras universidades\u00bb. Este encuentro -ha a\u00f1adido- \u00abes la oportunidad perfecta para reforzar esos lazos y avanzar en los retos y oportunidades que enfrentamos en la educaci\u00f3n superior del siglo XXI\u00bb.<\/p>\n<p>Por su parte, el vicepresidente ejecutivo del CRUCH, Emilio Rodr\u00edguez, destac\u00f3 que el encuentro es una instancia propicia para \u00abfortalecer un compromiso en materia de cooperaci\u00f3n acad\u00e9mica con una mirada de largo plazo, de largo alcance, de sostenibilidad, sobre la base de principios y valores que tenemos en com\u00fan, tanto CRUE como CRUCH\u00bb.<\/p>\n<p><strong>La ULL, sede de la pr\u00f3xima reuni\u00f3n<\/strong><\/p>\n<p>Francisco Garc\u00eda, rector de la Universidad de La Laguna, que estuvo presente en este primer encuentro en Chile, se\u00f1al\u00f3 la importancia de esta reuni\u00f3n que ha servido para repasar temas como las microcredenciales, los programas de intercambio o incluso la inteligencia artificial. Adem\u00e1s, Garc\u00eda pudo adelantar que este centro acad\u00e9mico, en octubre de 2026, ser\u00e1 la sede que acoger\u00e1 el segundo encuentro de rectores y rectoras de universidades espa\u00f1olas y chilenas, haci\u00e9ndolo coincidir con la celebraci\u00f3n del Campus Am\u00e9rica.<\/p>\n<p>Durante los dos d\u00edas de sesiones, se han abordado temas clave para el futuro de la educaci\u00f3n superior en ambos pa\u00edses, con el objetivo de compartir propuestas y avanzar en los retos y desaf\u00edos que enfrenta la educaci\u00f3n superior. Entre los principales temas tratados, destacan la movilidad estudiantil y acad\u00e9mica, la colaboraci\u00f3n en investigaci\u00f3n, la ciencia abierta, la inteligencia artificial y la \u00e9tica, as\u00ed como la formaci\u00f3n continua a trav\u00e9s de microcredenciales.<\/p>\n<p><a href=\"https:\/\/www.ull.es\/portal\/noticias\/wp-content\/uploads\/sites\/13\/2025\/04\/2.jpg\" target=\"_blank\" rel=\"noopener\"><img decoding=\"async\" loading=\"lazy\" class=\"alignleft size-medium wp-image-81530\" src=\"https:\/\/www.ull.es\/portal\/noticias\/wp-content\/uploads\/sites\/13\/2025\/04\/2-300x200.jpg\" alt=\"\" width=\"300\" height=\"200\" srcset=\"https:\/\/www.ull.es\/portal\/noticias\/wp-content\/uploads\/sites\/13\/2025\/04\/2-300x200.jpg 300w, https:\/\/www.ull.es\/portal\/noticias\/wp-content\/uploads\/sites\/13\/2025\/04\/2-1024x683.jpg 1024w, https:\/\/www.ull.es\/portal\/noticias\/wp-content\/uploads\/sites\/13\/2025\/04\/2-768x512.jpg 768w, https:\/\/www.ull.es\/portal\/noticias\/wp-content\/uploads\/sites\/13\/2025\/04\/2-375x250.jpg 375w, https:\/\/www.ull.es\/portal\/noticias\/wp-content\/uploads\/sites\/13\/2025\/04\/2-750x500.jpg 750w, https:\/\/www.ull.es\/portal\/noticias\/wp-content\/uploads\/sites\/13\/2025\/04\/2-1140x760.jpg 1140w, https:\/\/www.ull.es\/portal\/noticias\/wp-content\/uploads\/sites\/13\/2025\/04\/2.jpg 1200w\" sizes=\"(max-width: 300px) 100vw, 300px\" \/><\/a>Adem\u00e1s, se han explorado diversas estrategias para fomentar el intercambio cultural y acad\u00e9mico entre las universidades de Espa\u00f1a y Chile, con el foco puesto en consolidar una agenda de cooperaci\u00f3n bilateral a largo plazo.<\/p>\n<p>En las sesiones de trabajo han participado, en representaci\u00f3n de las universidades espa\u00f1olas, los rectores y rectoras Francisco Garc\u00eda (Universidad de La Laguna), Jos\u00e9 Luj\u00e1n (Universidad de Murcia), Llu\u00eds Serra (Universidad de Las Palmas de Gran Canaria), Alfonso M\u00e9ndiz (Universitat Internacional de Catalunya), Juli\u00e1n Garde (Universidad de Castilla-La Mancha), Pedro Fern\u00e1ndez Salguero (Universidad de Extremadura), \u00c1ngel Ignacio Villaverde (Universidad de Oviedo), Jos\u00e9 Capilla (Universitat Polit\u00e8cnica de Val\u00e8ncia), Ram\u00f3n Gonzalo (Universidad P\u00fablica de Navarra), Mathieu Kessler (Universidad Polit\u00e9cnica de Cartagena), M\u00aa Rosario S\u00e1ez Yuguero (Universidad Cat\u00f3lica de \u00c1vila), Francisco Oliva (Universidad Pablo de Olavide), M\u00aa Antonia Pe\u00f1a (Universidad de Huelva) y Ricardo Cao (Universidade da Coru\u00f1a).<\/p>\n<p><strong>Firma del convenio y agenda futura<\/strong><\/p>\n<p>El encuentro tambi\u00e9n ha servido para sellar una alianza estrat\u00e9gica entre CRUE y CRUCH, que establece las bases para futuras iniciativas conjuntas entre las universidades espa\u00f1olas y chilenas. El acuerdo, ratificado por la presidenta de CRUE, Eva Alc\u00f3n, y el vicepresidente ejecutivo de CRUCH y rector de la Universidad de Tarapac\u00e1, Emilio Rodr\u00edguez, contempla, entre otros aspectos, el fortalecimiento de la movilidad acad\u00e9mica y estudiantil, la cooperaci\u00f3n en proyectos de investigaci\u00f3n y el intercambio de buenas pr\u00e1cticas universitarias.<\/p>\n<p>En este sentido, cabe destacar que durante el curso acad\u00e9mico 2022-2023, 4.875 estudiantes chilenos formaron parte del Sistema Universitario Espa\u00f1ol (SUE), distribuidos en 1.453 estudiantes en programas espec\u00edficos de movilidad internacional y 3.422 matriculados en programas ordinarios. Este acuerdo busca potenciar a\u00fan m\u00e1s estas cifras a trav\u00e9s de la promoci\u00f3n de programas conjuntos de doble titulaci\u00f3n, el incremento de la movilidad tanto de estudiantes como de personal acad\u00e9mico, y una mayor cooperaci\u00f3n en proyectos de transferencia de conocimiento con empresas.<\/p>\n<p>Asimismo, el acuerdo prev\u00e9 la organizaci\u00f3n peri\u00f3dica de encuentros entre rectores y rectoras de ambos pa\u00edses, fomentando el di\u00e1logo continuo sobre los desaf\u00edos y oportunidades del \u00e1mbito acad\u00e9mico internacional. El encuentro, al que asistieron veintitr\u00e9s rectores y rectoras de universidades espa\u00f1olas, sella un firme compromiso de avanzar hacia una red s\u00f3lida de cooperaci\u00f3n educativa que beneficie a las comunidades universitarias de Espa\u00f1a y Chile.<\/p>\n<p>(Nota y foto cedidas)<\/p>\n","protected":false},"excerpt":{"rendered":"<p>La Conferencia de Rectores y Rectoras de las Universidades Espa\u00f1olas (CRUE) y el Consejo de Rectoras y Rectores de las&#8230;<\/p>\n","protected":false},"author":67,"featured_media":81529,"comment_status":"closed","ping_status":"closed","sticky":false,"template":"","format":"standard","meta":{"inline_featured_image":false,"footnotes":""},"categories":[345,348,2765],"tags":[3386,11575,939,11573,11574],"acf":[],"yoast_head":"<!-- This site is optimized with the Yoast SEO plugin v21.3 - https:\/\/yoast.com\/wordpress\/plugins\/seo\/ -->\n<title>La ULL acoger\u00e1 el segundo encuentro de rectores y rectoras de universidades espa\u00f1olas y chilenas en 2026 - ULL - Noticias<\/title>\n<meta name=\"description\" content=\"La Conferencia de Rectores y Rectoras de las Universidades Espa\u00f1olas y el Consejo de Rectoras y Rectores de las Universidades Chilenas han mantenido un encuentro bilateral con el objetivo de reforzar los lazos acad\u00e9micos y la cooperaci\u00f3n internacional entre ambos pa\u00edses.\" \/>\n<meta name=\"robots\" content=\"index, follow, max-snippet:-1, max-image-preview:large, max-video-preview:-1\" \/>\n<link rel=\"canonical\" href=\"https:\/\/www.ull.es\/portal\/noticias\/2025\/la-ull-acogera-el-segundo-encuentro-de-rectores-y-rectoras-de-universidades-espanolas-y-chilenas-en-2026\/\" \/>\n<meta property=\"og:locale\" content=\"es_ES\" \/>\n<meta property=\"og:type\" content=\"article\" \/>\n<meta property=\"og:title\" content=\"La ULL acoger\u00e1 el segundo encuentro de rectores y rectoras de universidades espa\u00f1olas y chilenas en 2026 - ULL - Noticias\" \/>\n<meta property=\"og:description\" content=\"La Conferencia de Rectores y Rectoras de las Universidades Espa\u00f1olas y el Consejo de Rectoras y Rectores de las Universidades Chilenas han mantenido un encuentro bilateral con el objetivo de reforzar los lazos acad\u00e9micos y la cooperaci\u00f3n internacional entre ambos pa\u00edses.\" \/>\n<meta property=\"og:url\" content=\"https:\/\/www.ull.es\/portal\/noticias\/2025\/la-ull-acogera-el-segundo-encuentro-de-rectores-y-rectoras-de-universidades-espanolas-y-chilenas-en-2026\/\" \/>\n<meta property=\"og:site_name\" content=\"ULL - Noticias\" \/>\n<meta property=\"article:publisher\" content=\"https:\/\/www.facebook.com\/universidaddelalaguna\/\" \/>\n<meta property=\"article:published_time\" content=\"2025-04-23T10:09:26+00:00\" \/>\n<meta property=\"article:modified_time\" content=\"2025-04-23T10:15:15+00:00\" \/>\n<meta property=\"og:image\" content=\"https:\/\/www.ull.es\/portal\/noticias\/wp-content\/uploads\/sites\/13\/2025\/04\/WhatsApp-Image-2025-04-22-at-08.40.05.jpeg\" \/>\n\t<meta property=\"og:image:width\" content=\"1598\" \/>\n\t<meta property=\"og:image:height\" content=\"1065\" \/>\n\t<meta property=\"og:image:type\" content=\"image\/jpeg\" \/>\n<meta name=\"author\" content=\"gcom5\" \/>\n<meta name=\"twitter:card\" content=\"summary_large_image\" \/>\n<meta name=\"twitter:creator\" content=\"@CanalULL\" \/>\n<meta name=\"twitter:site\" content=\"@CanalULL\" \/>\n<meta name=\"twitter:label1\" content=\"Escrito por\" \/>\n\t<meta name=\"twitter:data1\" content=\"gcom5\" \/>\n\t<meta name=\"twitter:label2\" content=\"Tiempo de lectura\" \/>\n\t<meta name=\"twitter:data2\" content=\"5 minutos\" \/>\n<script type=\"application\/ld+json\" class=\"yoast-schema-graph\">{\"@context\":\"https:\/\/schema.org\",\"@graph\":[{\"@type\":\"WebPage\",\"@id\":\"https:\/\/www.ull.es\/portal\/noticias\/2025\/la-ull-acogera-el-segundo-encuentro-de-rectores-y-rectoras-de-universidades-espanolas-y-chilenas-en-2026\/\",\"url\":\"https:\/\/www.ull.es\/portal\/noticias\/2025\/la-ull-acogera-el-segundo-encuentro-de-rectores-y-rectoras-de-universidades-espanolas-y-chilenas-en-2026\/\",\"name\":\"La ULL acoger\u00e1 el segundo encuentro de rectores y rectoras de universidades espa\u00f1olas y chilenas en 2026 - ULL - Noticias\",\"isPartOf\":{\"@id\":\"https:\/\/www.ull.es\/portal\/noticias\/#website\"},\"datePublished\":\"2025-04-23T10:09:26+00:00\",\"dateModified\":\"2025-04-23T10:15:15+00:00\",\"author\":{\"@id\":\"https:\/\/www.ull.es\/portal\/noticias\/#\/schema\/person\/8027c6c4687adc2c90dc1532715d34df\"},\"description\":\"La Conferencia de Rectores y Rectoras de las Universidades Espa\u00f1olas y el Consejo de Rectoras y Rectores de las Universidades Chilenas han mantenido un encuentro bilateral con el objetivo de reforzar los lazos acad\u00e9micos y la cooperaci\u00f3n internacional entre ambos pa\u00edses.\",\"breadcrumb\":{\"@id\":\"https:\/\/www.ull.es\/portal\/noticias\/2025\/la-ull-acogera-el-segundo-encuentro-de-rectores-y-rectoras-de-universidades-espanolas-y-chilenas-en-2026\/#breadcrumb\"},\"inLanguage\":\"es\",\"potentialAction\":[{\"@type\":\"ReadAction\",\"target\":[\"https:\/\/www.ull.es\/portal\/noticias\/2025\/la-ull-acogera-el-segundo-encuentro-de-rectores-y-rectoras-de-universidades-espanolas-y-chilenas-en-2026\/\"]}]},{\"@type\":\"BreadcrumbList\",\"@id\":\"https:\/\/www.ull.es\/portal\/noticias\/2025\/la-ull-acogera-el-segundo-encuentro-de-rectores-y-rectoras-de-universidades-espanolas-y-chilenas-en-2026\/#breadcrumb\",\"itemListElement\":[{\"@type\":\"ListItem\",\"position\":1,\"name\":\"Portada\",\"item\":\"https:\/\/www.ull.es\/portal\/noticias\/\"},{\"@type\":\"ListItem\",\"position\":2,\"name\":\"La ULL acoger\u00e1 el segundo encuentro de rectores y rectoras de universidades espa\u00f1olas y chilenas en 2026\"}]},{\"@type\":\"WebSite\",\"@id\":\"https:\/\/www.ull.es\/portal\/noticias\/#website\",\"url\":\"https:\/\/www.ull.es\/portal\/noticias\/\",\"name\":\"ULL - Noticias\",\"description\":\"\",\"potentialAction\":[{\"@type\":\"SearchAction\",\"target\":{\"@type\":\"EntryPoint\",\"urlTemplate\":\"https:\/\/www.ull.es\/portal\/noticias\/?s={search_term_string}\"},\"query-input\":\"required name=search_term_string\"}],\"inLanguage\":\"es\"},{\"@type\":\"Person\",\"@id\":\"https:\/\/www.ull.es\/portal\/noticias\/#\/schema\/person\/8027c6c4687adc2c90dc1532715d34df\",\"name\":\"gcom5\",\"image\":{\"@type\":\"ImageObject\",\"inLanguage\":\"es\",\"@id\":\"https:\/\/www.ull.es\/portal\/noticias\/#\/schema\/person\/image\/\",\"url\":\"https:\/\/secure.gravatar.com\/avatar\/8b3777f8048001fa57b88338ce5605b9?s=96&d=mm&r=g\",\"contentUrl\":\"https:\/\/secure.gravatar.com\/avatar\/8b3777f8048001fa57b88338ce5605b9?s=96&d=mm&r=g\",\"caption\":\"gcom5\"},\"url\":\"https:\/\/www.ull.es\/portal\/noticias\/author\/gcom5\/\"}]}<\/script>\n<!-- \/ Yoast SEO plugin. -->","yoast_head_json":{"title":"La ULL acoger\u00e1 el segundo encuentro de rectores y rectoras de universidades espa\u00f1olas y chilenas en 2026 - ULL - Noticias","description":"La Conferencia de Rectores y Rectoras de las Universidades Espa\u00f1olas y el Consejo de Rectoras y Rectores de las Universidades Chilenas han mantenido un encuentro bilateral con el objetivo de reforzar los lazos acad\u00e9micos y la cooperaci\u00f3n internacional entre ambos pa\u00edses.","robots":{"index":"index","follow":"follow","max-snippet":"max-snippet:-1","max-image-preview":"max-image-preview:large","max-video-preview":"max-video-preview:-1"},"canonical":"https:\/\/www.ull.es\/portal\/noticias\/2025\/la-ull-acogera-el-segundo-encuentro-de-rectores-y-rectoras-de-universidades-espanolas-y-chilenas-en-2026\/","og_locale":"es_ES","og_type":"article","og_title":"La ULL acoger\u00e1 el segundo encuentro de rectores y rectoras de universidades espa\u00f1olas y chilenas en 2026 - ULL - Noticias","og_description":"La Conferencia de Rectores y Rectoras de las Universidades Espa\u00f1olas y el Consejo de Rectoras y Rectores de las Universidades Chilenas han mantenido un encuentro bilateral con el objetivo de reforzar los lazos acad\u00e9micos y la cooperaci\u00f3n internacional entre ambos pa\u00edses.","og_url":"https:\/\/www.ull.es\/portal\/noticias\/2025\/la-ull-acogera-el-segundo-encuentro-de-rectores-y-rectoras-de-universidades-espanolas-y-chilenas-en-2026\/","og_site_name":"ULL - Noticias","article_publisher":"https:\/\/www.facebook.com\/universidaddelalaguna\/","article_published_time":"2025-04-23T10:09:26+00:00","article_modified_time":"2025-04-23T10:15:15+00:00","og_image":[{"width":1598,"height":1065,"url":"https:\/\/www.ull.es\/portal\/noticias\/wp-content\/uploads\/sites\/13\/2025\/04\/WhatsApp-Image-2025-04-22-at-08.40.05.jpeg","type":"image\/jpeg"}],"author":"gcom5","twitter_card":"summary_large_image","twitter_creator":"@CanalULL","twitter_site":"@CanalULL","twitter_misc":{"Escrito por":"gcom5","Tiempo de lectura":"5 minutos"},"schema":{"@context":"https:\/\/schema.org","@graph":[{"@type":"WebPage","@id":"https:\/\/www.ull.es\/portal\/noticias\/2025\/la-ull-acogera-el-segundo-encuentro-de-rectores-y-rectoras-de-universidades-espanolas-y-chilenas-en-2026\/","url":"https:\/\/www.ull.es\/portal\/noticias\/2025\/la-ull-acogera-el-segundo-encuentro-de-rectores-y-rectoras-de-universidades-espanolas-y-chilenas-en-2026\/","name":"La ULL acoger\u00e1 el segundo encuentro de rectores y rectoras de universidades espa\u00f1olas y chilenas en 2026 - ULL - Noticias","isPartOf":{"@id":"https:\/\/www.ull.es\/portal\/noticias\/#website"},"datePublished":"2025-04-23T10:09:26+00:00","dateModified":"2025-04-23T10:15:15+00:00","author":{"@id":"https:\/\/www.ull.es\/portal\/noticias\/#\/schema\/person\/8027c6c4687adc2c90dc1532715d34df"},"description":"La Conferencia de Rectores y Rectoras de las Universidades Espa\u00f1olas y el Consejo de Rectoras y Rectores de las Universidades Chilenas han mantenido un encuentro bilateral con el objetivo de reforzar los lazos acad\u00e9micos y la cooperaci\u00f3n internacional entre ambos pa\u00edses.","breadcrumb":{"@id":"https:\/\/www.ull.es\/portal\/noticias\/2025\/la-ull-acogera-el-segundo-encuentro-de-rectores-y-rectoras-de-universidades-espanolas-y-chilenas-en-2026\/#breadcrumb"},"inLanguage":"es","potentialAction":[{"@type":"ReadAction","target":["https:\/\/www.ull.es\/portal\/noticias\/2025\/la-ull-acogera-el-segundo-encuentro-de-rectores-y-rectoras-de-universidades-espanolas-y-chilenas-en-2026\/"]}]},{"@type":"BreadcrumbList","@id":"https:\/\/www.ull.es\/portal\/noticias\/2025\/la-ull-acogera-el-segundo-encuentro-de-rectores-y-rectoras-de-universidades-espanolas-y-chilenas-en-2026\/#breadcrumb","itemListElement":[{"@type":"ListItem","position":1,"name":"Portada","item":"https:\/\/www.ull.es\/portal\/noticias\/"},{"@type":"ListItem","position":2,"name":"La ULL acoger\u00e1 el segundo encuentro de rectores y rectoras de universidades espa\u00f1olas y chilenas en 2026"}]},{"@type":"WebSite","@id":"https:\/\/www.ull.es\/portal\/noticias\/#website","url":"https:\/\/www.ull.es\/portal\/noticias\/","name":"ULL - Noticias","description":"","potentialAction":[{"@type":"SearchAction","target":{"@type":"EntryPoint","urlTemplate":"https:\/\/www.ull.es\/portal\/noticias\/?s={search_term_string}"},"query-input":"required name=search_term_string"}],"inLanguage":"es"},{"@type":"Person","@id":"https:\/\/www.ull.es\/portal\/noticias\/#\/schema\/person\/8027c6c4687adc2c90dc1532715d34df","name":"gcom5","image":{"@type":"ImageObject","inLanguage":"es","@id":"https:\/\/www.ull.es\/portal\/noticias\/#\/schema\/person\/image\/","url":"https:\/\/secure.gravatar.com\/avatar\/8b3777f8048001fa57b88338ce5605b9?s=96&d=mm&r=g","contentUrl":"https:\/\/secure.gravatar.com\/avatar\/8b3777f8048001fa57b88338ce5605b9?s=96&d=mm&r=g","caption":"gcom5"},"url":"https:\/\/www.ull.es\/portal\/noticias\/author\/gcom5\/"}]}},"primary_category":{"id":345,"name":"Destacado","slug":"destacado","link":"https:\/\/www.ull.es\/portal\/noticias\/category\/destacado\/"},"featured_image_thumbnail_url":"https:\/\/www.ull.es\/portal\/noticias\/wp-content\/uploads\/sites\/13\/2025\/04\/WhatsApp-Image-2025-04-22-at-08.40.05-300x200.jpeg","_links":{"self":[{"href":"https:\/\/www.ull.es\/portal\/noticias\/wp-json\/wp\/v2\/posts\/81524"}],"collection":[{"href":"https:\/\/www.ull.es\/portal\/noticias\/wp-json\/wp\/v2\/posts"}],"about":[{"href":"https:\/\/www.ull.es\/portal\/noticias\/wp-json\/wp\/v2\/types\/post"}],"author":[{"embeddable":true,"href":"https:\/\/www.ull.es\/portal\/noticias\/wp-json\/wp\/v2\/users\/67"}],"replies":[{"embeddable":true,"href":"https:\/\/www.ull.es\/portal\/noticias\/wp-json\/wp\/v2\/comments?post=81524"}],"version-history":[{"count":6,"href":"https:\/\/www.ull.es\/portal\/noticias\/wp-json\/wp\/v2\/posts\/81524\/revisions"}],"predecessor-version":[{"id":81538,"href":"https:\/\/www.ull.es\/portal\/noticias\/wp-json\/wp\/v2\/posts\/81524\/revisions\/81538"}],"wp:featuredmedia":[{"embeddable":true,"href":"https:\/\/www.ull.es\/portal\/noticias\/wp-json\/wp\/v2\/media\/81529"}],"wp:attachment":[{"href":"https:\/\/www.ull.es\/portal\/noticias\/wp-json\/wp\/v2\/media?parent=81524"}],"wp:term":[{"taxonomy":"category","embeddable":true,"href":"https:\/\/www.ull.es\/portal\/noticias\/wp-json\/wp\/v2\/categories?post=81524"},{"taxonomy":"post_tag","embeddable":true,"href":"https:\/\/www.ull.es\/portal\/noticias\/wp-json\/wp\/v2\/tags?post=81524"}],"curies":[{"name":"wp","href":"https:\/\/api.w.org\/{rel}","templated":true}]}}